{"id":8643,"date":"2019-08-17T21:47:16","date_gmt":"2019-08-17T21:47:16","guid":{"rendered":"https:\/\/correiodasemana.com\/site\/?p=8643"},"modified":"2019-08-17T21:47:16","modified_gmt":"2019-08-17T21:47:16","slug":"papa-francisco-a-mao-de-jesus-e-a-nossa-mao-sempre-estendida-para-ajudar-o-outro","status":"publish","type":"post","link":"https:\/\/correiodasemana.com\/site\/papa-francisco-a-mao-de-jesus-e-a-nossa-mao-sempre-estendida-para-ajudar-o-outro\/","title":{"rendered":"Papa Francisco: a m\u00e3o de Jesus \u00e9 a nossa m\u00e3o, sempre estendida para ajudar o outro"},"content":{"rendered":"<p>O Papa Francisco, na primeira Audi\u00eancia Geral depois da pausa de ver\u00e3o, retomou a s\u00e9rie de catequeses sobre os Atos dos Ap\u00f3stolos, comentando o milagre de Pedro da cura de um paral\u00edtico, em nome de Cristo. A nossa m\u00e3o que ajuda o pr\u00f3ximo a se levantar \u201c\u00e9 a m\u00e3o de Jesus\u201d.<br \/>\nAndressa Collet \u2013 Cidade do Vaticano<\/p>\n<p>O Papa Francisco retoma as tradicionais Audi\u00eancias Gerais das quartas-feiras. Neste dia 7 de agosto, na Sala Paulo VI e devido ao calor forte do ver\u00e3o italiano, os fi\u00e9is puderam acompanhar a catequese do Pont\u00edfice sobre os Atos dos Ap\u00f3stolos, em continuidade \u00e0 reflex\u00e3o do final de julho quando fez uma pausa de f\u00e9rias.<br \/>\n\u201cEm nome de Jesus Cristo Nazareno, levanta-te e anda\u201d (At 3,3-6): a cura de um paral\u00edtico de nascen\u00e7a que agora caminha, anda e louva a Deus. O Papa Francisco refletiu sobre a primeira narra\u00e7\u00e3o de cura do Livro dos Ap\u00f3stolos e enalteceu a a\u00e7\u00e3o concreta dos Ap\u00f3stolos Pedro e Jo\u00e3o que testemunharam a verdade do an\u00fancio do Evangelho, demonstrando como agem em nome de Cristo.<br \/>\nA \u201crela\u00e7\u00e3o\u201d com o outro que acontece no amor<br \/>\nFrancisco recordou que a lei da \u00e9poca impedia de oferecer sacrif\u00edcios a quem tinha algum tipo de defici\u00eancia f\u00edsica, em consequ\u00eancia de alguma culpa, e inclusive impedia o acesso ao Templo em Jerusal\u00e9m. Mas, como narra o Evangelho, o paral\u00edtico, \u201cparadigma de tantos exclusos e descartados da sociedade, estava ali para pedir a esmola de todos os dias\u201d, quando os Ap\u00f3stolos trocaram olhares com ele e Pedro disse: \u201cN\u00e3o tenho prata, nem ouro, mas o que tenho, isso te dou. Em nome de Jesus Cristo Nazareno, levanta-te e anda\u201d (At 3,3-6).<br \/>\nEssa foi a rela\u00e7\u00e3o estabelecida entre o paral\u00edtico e os Ap\u00f3stolos, o mesmo modo em que Deus ama se manifestar, ressaltou Francisco, \u201cna rela\u00e7\u00e3o\u201d, sempre no di\u00e1logo, com a inspira\u00e7\u00e3o do cora\u00e7\u00e3o, atrav\u00e9s de um encontro real entre as pessoas que pode acontecer s\u00f3 no amor.<\/p>\n<p>Igreja pobre para os pobres<br \/>\nAo tratar do Templo, onde na frente se encontrava o paral\u00edtico, o Papa explicou que, al\u00e9m de ser um centro religioso, era um lugar de trocas comerciais. E por essa dimens\u00e3o do espa\u00e7o, Jesus tinha se manifestado contr\u00e1rio v\u00e1rias vezes.<br \/>\n\u201c Mas quantas vezes eu penso a isso quando vejo alguma par\u00f3quia onde se pensa que \u00e9 mais importante o dinheiro que os sacramentos! Por favor! Igreja pobre: pe\u00e7amos ao Senhor isso. \u201d<br \/>\nA Igreja que n\u00e3o fecha os olhos, mas abre o olhar<br \/>\nAquele mendigo paral\u00edtico, encontrando os Ap\u00f3stolos, n\u00e3o encontrou aquele dinheiro, mas \u201co Nome que salva o homem: Jesus Cristo, o Nazareno\u201d. Pedro invocou o seu nome e ordenou o paral\u00edtico a se levantar e andar, tocou no doente e o ajudou a ficar em p\u00e9.<br \/>\n\u201c E aqui aparece o retrato da Igreja, que v\u00ea quem est\u00e1 em dificuldade, n\u00e3o fecha os olhos, sabe olhar a humanidade no rosto para criar rela\u00e7\u00f5es significativas, pontes de amizade e de solidariedade no lugar de barreiras. Aparece o rosto de \u2018uma Igreja sem fronteiras que se sente m\u00e3e de todos\u2019 (Evangelii gaudium, 210), que sabe pegar na m\u00e3o e acompanhar para se levantar \u2013 n\u00e3o para condenar. Jesus sempre pega a m\u00e3o, sempre procura levantar, fazendo com que as pessoas se curem, que sejam felizes, que encontrem Deus. \u201d<br \/>\nO Papa descreveu essa atitude como \u201ca arte do acompanhamento\u201d, que se caracteriza pela delicadeza com o pr\u00f3ximo, dando sinais de proximidade, como a troca respeitosa e cheia de compaix\u00e3o de olhares.<br \/>\n\u201cE isso fazem os dois Ap\u00f3stolos com o paral\u00edtico: olham ele, dizem \u2018olhem para n\u00f3s\u2019, seguram a sua m\u00e3o, o fazem se levantar e o curam. Assim faz Jesus com todos n\u00f3s. Pensemos nisso quando estivermos em momentos ruins, em momentos de pecado, em momentos de tristeza. A\u00ed est\u00e1 Jesus que diz: \u2018Olhe para mim: eu estou aqui!\u2019. Vamos pegar na m\u00e3o de Jesus e deixar que nos levante.\u201d<\/p>\n<p>Estender a m\u00e3o ao outro: sempre!<br \/>\nOs Ap\u00f3stolos Pedro e Jo\u00e3o nos ensinaram a confiar na \u201cverdadeira riqueza que \u00e9 a rela\u00e7\u00e3o com Jesus\u201d, afirmou o Papa. Uma tarefa que tamb\u00e9m cabe a n\u00f3s, acrescentou o Pont\u00edfice, ao finalizar a catequese de hoje:<br \/>\n\u201c E n\u00f3s, cada um de n\u00f3s, o que temos? Qual \u00e9 a nossa riqueza, o nosso tesouro? Com que coisa podemos tornar ricos os outros? Pe\u00e7amos ao Pai o dom de uma mem\u00f3ria agradecida ao recordar os benef\u00edcios do seu amor na nossa, para dar a todos o testemunho de louvor e reconhecimento. N\u00e3o esque\u00e7amos: sempre a m\u00e3o estendida para ajudar o outro a se erguer; \u00e9 a m\u00e3o de Jesus que, atrav\u00e9s da nossa m\u00e3o, ajuda os outros a se levantar. \u201d<\/p>\n<p>Veja o resumo da catequese de hoje:<br \/>\nO livro dos Atos dos Ap\u00f3stolos mostra como o an\u00fancio do Evangelho \u00e9 confirmado pelos milagres e sinais que o acompanham. O primeiro deles \u00e9 a cura dum paral\u00edtico de nascen\u00e7a que, todos os dias, era colocado \u00e0 porta do Templo de Jerusal\u00e9m para pedir esmola. Um dia, pelas tr\u00eas da tarde, Pedro e Jo\u00e3o sobem ao Templo e seus olhos cruzam-se com o olhar daquele mendicante que pede uma esmola. Os ap\u00f3stolos acolhem aquele olhar, aceitam um encontro real com aquele homem enfermo, ativam uma rela\u00e7\u00e3o: \u00abDinheiro, n\u00e3o temos! Mas damos-te o que temos: \u201cEm nome de Jesus Cristo Nazareno, levanta-te e anda!\u201d E ele de um salto, p\u00f4s-se de p\u00e9 e come\u00e7ou a andar\u00bb. Encontrando os Ap\u00f3stolos, o mendicante n\u00e3o encontra dinheiro, mas o Nome que salva: Jesus Cristo Nazareno. Pedro e Jo\u00e3o ensinam-nos a confiar, n\u00e3o nos meios materiais \u2013 sem d\u00favida, necess\u00e1rios \u2013, mas na verdadeira riqueza que \u00e9 a rela\u00e7\u00e3o com Jesus ressuscitado. De facto, como dir\u00e1 o ap\u00f3stolo Paulo, \u00absomos tidos (\u2026) por pobres, n\u00f3s que enriquecemos a muitos; por nada tendo e, no entanto, tudo possuindo\u00bb (2 Cor 6, 10). O nosso tudo \u00e9 o Evangelho, que manifesta o poder do nome de Jesus que realiza prod\u00edgios. Prova disto \u00e9 o paral\u00edtico curado: agora caminha, salta e louva a Deus. Pode viver celebrando o Amor de Deus que o criou para a vida e a alegria.<\/p>\n","protected":false},"excerpt":{"rendered":"<p>O Papa Francisco, na primeira Audi\u00eancia Geral depois da pausa de ver\u00e3o, retomou a s\u00e9rie&#8230;<\/p>\n","protected":false},"author":1,"featured_media":7913,"comment_status":"open","ping_status":"open","sticky":false,"template":"","format":"standard","meta":{"_jetpack_memberships_contains_paid_content":false,"footnotes":"","jetpack_publicize_message":"","jetpack_publicize_feature_enabled":true,"jetpack_social_post_already_shared":true,"jetpack_social_options":{"image_generator_settings":{"template":"highway","default_image_id":0,"font":"","enabled":false},"version":2}},"categories":[39],"tags":[],"class_list":["post-8643","post","type-post","status-publish","format-standard","has-post-thumbnail","hentry","category-igreja"],"jetpack_publicize_connections":[],"jetpack_featured_media_url":"https:\/\/correiodasemana.com\/site\/wp-content\/uploads\/2018\/02\/papa_francisco_20170405_pc.jpg","jetpack-related-posts":[{"id":10499,"url":"https:\/\/correiodasemana.com\/site\/francisco-embora-perseguida-e-acorrentada-a-igreja-nunca-se-cansa-de-acolher\/","url_meta":{"origin":8643,"position":0},"title":"Francisco: embora perseguida e acorrentada, a Igreja nunca se cansa de acolher","author":"","date":"Janeiro 22, 2020","format":false,"excerpt":"A audi\u00eancia, realizada na Sala Paulo VI, teve como tema Paulo recebia a todos os que o procuravam, pregando o Reino de Deus Vatican News. O Papa Francisco encerrou o ciclo de catequeses sobre o livro dos Atos dos Ap\u00f3stolos, na Audi\u00eancia Geral desta quarta-feira (15), com a \u00faltima etapa\u2026","rel":"","context":"In &quot;Atualidade&quot;","block_context":{"text":"Atualidade","link":"https:\/\/correiodasemana.com\/site\/category\/atualidade\/"},"img":{"alt_text":"","src":"https:\/\/i0.wp.com\/correiodasemana.com\/site\/wp-content\/uploads\/2018\/02\/papa_francisco_20170405_pc.jpg?resize=350%2C200&ssl=1","width":350,"height":200,"srcset":"https:\/\/i0.wp.com\/correiodasemana.com\/site\/wp-content\/uploads\/2018\/02\/papa_francisco_20170405_pc.jpg?resize=350%2C200&ssl=1 1x, https:\/\/i0.wp.com\/correiodasemana.com\/site\/wp-content\/uploads\/2018\/02\/papa_francisco_20170405_pc.jpg?resize=525%2C300&ssl=1 1.5x, https:\/\/i0.wp.com\/correiodasemana.com\/site\/wp-content\/uploads\/2018\/02\/papa_francisco_20170405_pc.jpg?resize=700%2C400&ssl=1 2x, https:\/\/i0.wp.com\/correiodasemana.com\/site\/wp-content\/uploads\/2018\/02\/papa_francisco_20170405_pc.jpg?resize=1050%2C600&ssl=1 3x"},"classes":[]},{"id":29474,"url":"https:\/\/correiodasemana.com\/site\/a-importancia-da-oracao-em-preparacao-ao-jubileu-da-esperanca\/","url_meta":{"origin":8643,"position":1},"title":"A IMPORT\u00c2NCIA DA ORA\u00c7\u00c3O EM PREPARA\u00c7\u00c3O AO JUBILEU DA ESPERAN\u00c7A","author":"adminredacao","date":"Junho 3, 2024","format":false,"excerpt":"Em prepara\u00e7\u00e3o ao Jubileu de 2025, com o tema \u201cPeregrinos da Esperan\u00e7a\u201d, este ano est\u00e1 sendo dedicado \u00e0 ora\u00e7\u00e3o. O Papa Francisco, em suas catequeses nas Audi\u00eancias Gerais de 2020-2021, oferece valiosos ensinamentos sobre a ora\u00e7\u00e3o que podem nos ajudar a celebrar o ano jubilar. Em sua catequese de 21\/04\/2021,\u2026","rel":"","context":"In &quot;A voz do Pastor&quot;","block_context":{"text":"A voz do Pastor","link":"https:\/\/correiodasemana.com\/site\/category\/a-voz-do-pastor\/"},"img":{"alt_text":"","src":"https:\/\/i0.wp.com\/correiodasemana.com\/site\/wp-content\/uploads\/2018\/02\/Dom-Vasconcelos-posses.jpg?resize=350%2C200&ssl=1","width":350,"height":200,"srcset":"https:\/\/i0.wp.com\/correiodasemana.com\/site\/wp-content\/uploads\/2018\/02\/Dom-Vasconcelos-posses.jpg?resize=350%2C200&ssl=1 1x, https:\/\/i0.wp.com\/correiodasemana.com\/site\/wp-content\/uploads\/2018\/02\/Dom-Vasconcelos-posses.jpg?resize=525%2C300&ssl=1 1.5x, https:\/\/i0.wp.com\/correiodasemana.com\/site\/wp-content\/uploads\/2018\/02\/Dom-Vasconcelos-posses.jpg?resize=700%2C400&ssl=1 2x"},"classes":[]},{"id":33990,"url":"https:\/\/correiodasemana.com\/site\/leao-xiv-na-audiencia-geral-a-palavra-de-deus-e-para-todos-mas-atua-diferente-em-cada-um\/","url_meta":{"origin":8643,"position":2},"title":"Le\u00e3o XIV na Audi\u00eancia Geral: a Palavra de Deus \u00e9 para todos, mas atua diferente em cada um","author":"adminredacao","date":"Junho 3, 2025","format":false,"excerpt":"Na sua primeira Audi\u00eancia Geral, o Papa retomou o ciclo de catequeses proposto por Francisco para refletir sobre as par\u00e1bolas. Le\u00e3o XIV escolheu aquela do semeador e afirmou que \u201cA Palavra de Jesus \u00e9 para todos, mas atua de uma forma diferente em cada pessoa\u201d, dependendo do solo encontrado, de\u2026","rel":"","context":"In &quot;Atualidade&quot;","block_context":{"text":"Atualidade","link":"https:\/\/correiodasemana.com\/site\/category\/atualidade\/"},"img":{"alt_text":"","src":"https:\/\/i0.wp.com\/correiodasemana.com\/site\/wp-content\/uploads\/2025\/06\/Papa-Leao-XIV-audiencia-comunicacao.jpeg?resize=350%2C200&ssl=1","width":350,"height":200,"srcset":"https:\/\/i0.wp.com\/correiodasemana.com\/site\/wp-content\/uploads\/2025\/06\/Papa-Leao-XIV-audiencia-comunicacao.jpeg?resize=350%2C200&ssl=1 1x, https:\/\/i0.wp.com\/correiodasemana.com\/site\/wp-content\/uploads\/2025\/06\/Papa-Leao-XIV-audiencia-comunicacao.jpeg?resize=525%2C300&ssl=1 1.5x, https:\/\/i0.wp.com\/correiodasemana.com\/site\/wp-content\/uploads\/2025\/06\/Papa-Leao-XIV-audiencia-comunicacao.jpeg?resize=700%2C400&ssl=1 2x"},"classes":[]},{"id":16144,"url":"https:\/\/correiodasemana.com\/site\/o-papa-neste-calvario-de-morte-jesus-sofre-nos-seus-discipulos\/","url_meta":{"origin":8643,"position":3},"title":"O Papa: neste Calv\u00e1rio de morte, Jesus sofre nos seus disc\u00edpulos","author":"","date":"Abril 5, 2021","format":false,"excerpt":"\u201cJ\u00e1 imersos na atmosfera espiritual da Semana Santa, estamos na vig\u00edlia do Tr\u00edduo pascal. De amanh\u00e3 at\u00e9 domingo, viveremos os dias centrais do Ano\u201d lit\u00fargico, celebrando o mist\u00e9rio da Paix\u00e3o, Morte e Ressurrei\u00e7\u00e3o do Senhor\u201d, disse Francisco no in\u00edcio de sua catequese na Audi\u00eancia Geral desta quarta-feira. \u201cJ\u00e1 imersos na\u2026","rel":"","context":"In &quot;A voz do Pastor&quot;","block_context":{"text":"A voz do Pastor","link":"https:\/\/correiodasemana.com\/site\/category\/a-voz-do-pastor\/"},"img":{"alt_text":"","src":"https:\/\/i0.wp.com\/correiodasemana.com\/site\/wp-content\/uploads\/2018\/02\/Dom-Vasconcelos-posses.jpg?resize=350%2C200&ssl=1","width":350,"height":200,"srcset":"https:\/\/i0.wp.com\/correiodasemana.com\/site\/wp-content\/uploads\/2018\/02\/Dom-Vasconcelos-posses.jpg?resize=350%2C200&ssl=1 1x, https:\/\/i0.wp.com\/correiodasemana.com\/site\/wp-content\/uploads\/2018\/02\/Dom-Vasconcelos-posses.jpg?resize=525%2C300&ssl=1 1.5x, https:\/\/i0.wp.com\/correiodasemana.com\/site\/wp-content\/uploads\/2018\/02\/Dom-Vasconcelos-posses.jpg?resize=700%2C400&ssl=1 2x"},"classes":[]},{"id":29780,"url":"https:\/\/correiodasemana.com\/site\/pedro-paulo-e-francisco-2\/","url_meta":{"origin":8643,"position":4},"title":"Pedro, Paulo e Francisco","author":"adminredacao","date":"Julho 1, 2024","format":false,"excerpt":"Neste dia 29, encerrando as festividades do m\u00eas junino, celebramos a festa de S\u00e3o Pedro. No calend\u00e1rio lit\u00fargico, desde o s\u00e9culo III, a Igreja une na mesma celebra\u00e7\u00e3o S\u00e3o Pedro e S\u00e3o Paulo. No caso do Brasil, esta solenidade \u00e9 transferida para o domingo seguinte. Portanto, no domingo (30), celebramos\u2026","rel":"","context":"In &quot;Artigos&quot;","block_context":{"text":"Artigos","link":"https:\/\/correiodasemana.com\/site\/category\/artigos\/"},"img":{"alt_text":"","src":"https:\/\/i0.wp.com\/correiodasemana.com\/site\/wp-content\/uploads\/2019\/07\/editorial-cs.jpg?resize=350%2C200&ssl=1","width":350,"height":200,"srcset":"https:\/\/i0.wp.com\/correiodasemana.com\/site\/wp-content\/uploads\/2019\/07\/editorial-cs.jpg?resize=350%2C200&ssl=1 1x, https:\/\/i0.wp.com\/correiodasemana.com\/site\/wp-content\/uploads\/2019\/07\/editorial-cs.jpg?resize=525%2C300&ssl=1 1.5x"},"classes":[]},{"id":25484,"url":"https:\/\/correiodasemana.com\/site\/pedro-paulo-e-francisco\/","url_meta":{"origin":8643,"position":5},"title":"Pedro, Paulo e Francisco","author":"adminredacao","date":"Julho 1, 2023","format":false,"excerpt":"No \u00faltimo dia 29, encerrando as festividades do m\u00eas junino, celebramos a festa de S\u00e3o Pedro. No calend\u00e1rio lit\u00fargico, desde o s\u00e9culo III, a Igreja une na mesma celebra\u00e7\u00e3o S\u00e3o Pedro e S\u00e3o Paulo. No caso do Brasil, esta solenidade \u00e9 transferida para o domingo seguinte. Portanto, neste domingo (02),\u2026","rel":"","context":"In &quot;Atualidade&quot;","block_context":{"text":"Atualidade","link":"https:\/\/correiodasemana.com\/site\/category\/atualidade\/"},"img":{"alt_text":"","src":"https:\/\/i0.wp.com\/correiodasemana.com\/site\/wp-content\/uploads\/2019\/07\/editorial-cs.jpg?resize=350%2C200&ssl=1","width":350,"height":200,"srcset":"https:\/\/i0.wp.com\/correiodasemana.com\/site\/wp-content\/uploads\/2019\/07\/editorial-cs.jpg?resize=350%2C200&ssl=1 1x, https:\/\/i0.wp.com\/correiodasemana.com\/site\/wp-content\/uploads\/2019\/07\/editorial-cs.jpg?resize=525%2C300&ssl=1 1.5x"},"classes":[]}],"jetpack_sharing_enabled":true,"_links":{"self":[{"href":"https:\/\/correiodasemana.com\/site\/wp-json\/wp\/v2\/posts\/8643","targetHints":{"allow":["GET"]}}],"collection":[{"href":"https:\/\/correiodasemana.com\/site\/wp-json\/wp\/v2\/posts"}],"about":[{"href":"https:\/\/correiodasemana.com\/site\/wp-json\/wp\/v2\/types\/post"}],"author":[{"embeddable":true,"href":"https:\/\/correiodasemana.com\/site\/wp-json\/wp\/v2\/users\/1"}],"replies":[{"embeddable":true,"href":"https:\/\/correiodasemana.com\/site\/wp-json\/wp\/v2\/comments?post=8643"}],"version-history":[{"count":1,"href":"https:\/\/correiodasemana.com\/site\/wp-json\/wp\/v2\/posts\/8643\/revisions"}],"predecessor-version":[{"id":8644,"href":"https:\/\/correiodasemana.com\/site\/wp-json\/wp\/v2\/posts\/8643\/revisions\/8644"}],"wp:featuredmedia":[{"embeddable":true,"href":"https:\/\/correiodasemana.com\/site\/wp-json\/wp\/v2\/media\/7913"}],"wp:attachment":[{"href":"https:\/\/correiodasemana.com\/site\/wp-json\/wp\/v2\/media?parent=8643"}],"wp:term":[{"taxonomy":"category","embeddable":true,"href":"https:\/\/correiodasemana.com\/site\/wp-json\/wp\/v2\/categories?post=8643"},{"taxonomy":"post_tag","embeddable":true,"href":"https:\/\/correiodasemana.com\/site\/wp-json\/wp\/v2\/tags?post=8643"}],"curies":[{"name":"wp","href":"https:\/\/api.w.org\/{rel}","templated":true}]}}