{"id":8645,"date":"2019-08-17T21:48:15","date_gmt":"2019-08-17T21:48:15","guid":{"rendered":"https:\/\/correiodasemana.com\/site\/?p=8645"},"modified":"2019-08-17T21:48:15","modified_gmt":"2019-08-17T21:48:15","slug":"servo-de-deus-5","status":"publish","type":"post","link":"https:\/\/correiodasemana.com\/site\/servo-de-deus-5\/","title":{"rendered":"Servo de Deus"},"content":{"rendered":"<p>Ir. Carminda Am\u00e9lia Carvalho Alves, mrcj<br \/>\nCelebrando o M\u00eas das Voca\u00e7\u00f5es e a din\u00e2mica do chamado, o Servo de Deus Joaquim Arn\u00f3bio de Andrade, com palavras simples, deixa seu recado e mostra como as pessoas vocacionadas devem ser na comunidade, na ora\u00e7\u00e3o e na inser\u00e7\u00e3o de servi\u00e7o aos irm\u00e3os. Ningu\u00e9m \u00e9 chamado para si mesmo, sempre \u00e9 impulsionado para uma miss\u00e3o: o desejo de sair de si e ir ao encontro do outro por amor a Jesus e ao Reino de Deus.<\/p>\n<p>VOCA\u00c7\u00c3O: PROMO\u00c7\u00c3O PARA O OUTRO<br \/>\nPe. Joaquim Arn\u00f3bio de Andrade<br \/>\nEm suas cartas S\u00e3o Paulo nos adverte: \u201cExorto-vos, pois, \u2013 prisioneiro que sou pela causa do Senhor \u2013, que leveis uma vida digna da voca\u00e7\u00e3o \u00e0 qual fostes chamados\u201d, Ef\u00e9sios 4, 1. Por isso se deve viver uma vida digna da voca\u00e7\u00e3o: 1. Espiritual, 2. Intelectual e 3. Psiquicamente.<br \/>\nChamados a viver em comunidade \u00e9 necess\u00e1rio aprender a viver em fam\u00edlia, em grupo. Aceitando o outro, referenciando o outro, respeitando o outro, acolher bem. De acordo com a mensagem paulina: \u201ccom toda a humildade e amabilidade, com grandeza de alma, suportando-vos mutuamente com caridade\u201d Ef 4,2.<br \/>\nCompreender melhor a outra pessoa n\u00e3o me compete julgar, corrigir o defeito, mas ajudar. A solidariedade consiste em referenciar, valorizar o irm\u00e3o, a irm\u00e3. Aprender a viver em comunidade. Um trabalho positivo: em qualquer parte que estiver tem-se que estar revestido de humildade, dignidade, amabilidade, grandeza de alma. Pois a vida em comunidade \u00e9 colocar em comum os meus sentimentos, sofrimentos e alegria, amor e confian\u00e7a, comunh\u00e3o e participa\u00e7\u00e3o. Tem que levar para a miss\u00e3o: \u201cSede um s\u00f3 corpo e um s\u00f3 esp\u00edrito, assim como fostes chamados pela vossa voca\u00e7\u00e3o a uma s\u00f3 esperan\u00e7a\u201d, Ef\u00e9sios 4,4.<br \/>\nPOR QUE CRISTO ME ESCOLHEU? Porque Ele me amou.<br \/>\nPorque v\u00f3s fostes capazes de dizer o SIM. O amor humano n\u00e3o resiste a todas as provas. O amor \u00e9 que d\u00e1 sentido \u00e0 vida. Devemos saber que Deus n\u00e3o tem princ\u00edpio nem fim. Esp\u00edrito vivificante. A vida eterna. Ver os valores est\u00e1veis e permanentes que nos atraem. A nossa voca\u00e7\u00e3o \u00e9 uma s\u00f3: olhar para Jesus manso e humilde de cora\u00e7\u00e3o e pedir para tocar o nosso cora\u00e7\u00e3o pelo Seu. \u00c9 um g\u00eanero de primeira necessidade.<br \/>\nSe o Consagrado n\u00e3o existisse precisaria ser inventado. Mas, que tipo de consagrado eu estou sendo? Estou vivendo rotineiramente minha consagra\u00e7\u00e3o? O que estou entregando parcialmente no sentido de consagrado? Minha consagra\u00e7\u00e3o tem mostrado aos outros a luz dos valores est\u00e1veis? Como tenho procedido em rela\u00e7\u00e3o aos valores inst\u00e1veis em minha vida?\u00b9<br \/>\nO homem historicamente possui uma voca\u00e7\u00e3o inata para contemplar Deus na vida contemplativa. Se n\u00e3o o conseguir ser\u00e1 um ser n\u00e3o realizado, frustrado. Assim, dificilmente poder\u00e1 descobrir Cristo nos outros irm\u00e3os. A resposta a essa voca\u00e7\u00e3o do homem \u00e9 a ora\u00e7\u00e3o, a reflex\u00e3o, o deserto. \u00c9 preciso criar um tempo para rezar, \u00e9 preciso disciplina de vida, \u00e9 indispens\u00e1vel que tenhamos um m\u00ednimo de autocontrole para sermos fi\u00e9is \u00e0 vida contemplativa. \u00b2<\/p>\n<p>Forma\u00e7\u00e3o para Novi\u00e7as, Noviciado Santa Terezinha, Fortaleza-CE, 1984.<br \/>\nLivro Mensagem \u00e0s MRCJ, Jubileu de Prata, Sobral-CE, 1982.<\/p>\n","protected":false},"excerpt":{"rendered":"<p>Ir. Carminda Am\u00e9lia Carvalho Alves, mrcj Celebrando o M\u00eas das Voca\u00e7\u00f5es e a din\u00e2mica do&#8230;<\/p>\n","protected":false},"author":1,"featured_media":8280,"comment_status":"open","ping_status":"open","sticky":false,"template":"","format":"standard","meta":{"_jetpack_memberships_contains_paid_content":false,"footnotes":"","jetpack_publicize_message":"","jetpack_publicize_feature_enabled":true,"jetpack_social_post_already_shared":true,"jetpack_social_options":{"image_generator_settings":{"template":"highway","default_image_id":0,"font":"","enabled":false},"version":2}},"categories":[11,67],"tags":[],"class_list":["post-8645","post","type-post","status-publish","format-standard","has-post-thumbnail","hentry","category-artigos","category-ir-carminda-amelia"],"jetpack_publicize_connections":[],"jetpack_featured_media_url":"https:\/\/correiodasemana.com\/site\/wp-content\/uploads\/2019\/07\/T-PA.jpg","jetpack-related-posts":[{"id":8936,"url":"https:\/\/correiodasemana.com\/site\/servo-de-deus-7\/","url_meta":{"origin":8645,"position":0},"title":"SERVO DE DEUS","author":"","date":"Setembro 8, 2019","format":false,"excerpt":"Ir. Carminda Am\u00e9lia Carvallho Alves, mrcj Celebrando ainda o m\u00eas vocacional e, sabendo que Deus continua chamando os jovens e as jovens em todo tempo e lugar para uma voca\u00e7\u00e3o santa, um sacerd\u00f3cio r\u00e9gio, coletamos mais um tesouro espiritual tecido \u00e0 m\u00e3o de nosso fundador o Servo de Deus Joaquim\u2026","rel":"","context":"In &quot;Ir. Carminda Am\u00e9lia&quot;","block_context":{"text":"Ir. Carminda Am\u00e9lia","link":"https:\/\/correiodasemana.com\/site\/category\/ir-carminda-amelia\/"},"img":{"alt_text":"","src":"https:\/\/i0.wp.com\/correiodasemana.com\/site\/wp-content\/uploads\/2019\/07\/T-PA.jpg?resize=350%2C200&ssl=1","width":350,"height":200,"srcset":"https:\/\/i0.wp.com\/correiodasemana.com\/site\/wp-content\/uploads\/2019\/07\/T-PA.jpg?resize=350%2C200&ssl=1 1x, https:\/\/i0.wp.com\/correiodasemana.com\/site\/wp-content\/uploads\/2019\/07\/T-PA.jpg?resize=525%2C300&ssl=1 1.5x, https:\/\/i0.wp.com\/correiodasemana.com\/site\/wp-content\/uploads\/2019\/07\/T-PA.jpg?resize=700%2C400&ssl=1 2x"},"classes":[]},{"id":8380,"url":"https:\/\/correiodasemana.com\/site\/servo-de-deus-2\/","url_meta":{"origin":8645,"position":1},"title":"SERVO DE DEUS","author":"","date":"Julho 22, 2019","format":false,"excerpt":"Ir. Carminda Am\u00e9lia Carvalho Alves, mrcj H\u00e1 poucos dias foi realizada a 25\u00aa Assembleia Geral Eletiva da CRB (Confer\u00eancia das Religiosas do Brasil), em Bras\u00edlia, \u201cmomento de retomada para a Vida Consagrada, para ser um sinal prof\u00e9tico, sinal de alegria, um testemunho forte\u201d, como disse a presidente reeleita Ir. Maria\u2026","rel":"","context":"In &quot;Artigos&quot;","block_context":{"text":"Artigos","link":"https:\/\/correiodasemana.com\/site\/category\/artigos\/"},"img":{"alt_text":"","src":"https:\/\/i0.wp.com\/correiodasemana.com\/site\/wp-content\/uploads\/2019\/07\/T-PA.jpg?resize=350%2C200&ssl=1","width":350,"height":200,"srcset":"https:\/\/i0.wp.com\/correiodasemana.com\/site\/wp-content\/uploads\/2019\/07\/T-PA.jpg?resize=350%2C200&ssl=1 1x, https:\/\/i0.wp.com\/correiodasemana.com\/site\/wp-content\/uploads\/2019\/07\/T-PA.jpg?resize=525%2C300&ssl=1 1.5x, https:\/\/i0.wp.com\/correiodasemana.com\/site\/wp-content\/uploads\/2019\/07\/T-PA.jpg?resize=700%2C400&ssl=1 2x"},"classes":[]},{"id":33626,"url":"https:\/\/correiodasemana.com\/site\/santidade-ontem-e-hoje-1o-encontro-dos-jovens-das-escolas-reparadoras\/","url_meta":{"origin":8645,"position":2},"title":"SANTIDADE ONTEM E HOJE 1\u00ba ENCONTRO DOS JOVENS DAS ESCOLAS REPARADORAS","author":"adminredacao","date":"Maio 5, 2025","format":false,"excerpt":"Aconteceu, no dia 26 de abril, no audit\u00f3rio do Col\u00e9gio Cora\u00e7\u00e3o de Jesus, em Sobral, o primeiro encontro dos Jovens das Escolas Reparadoras, dirigidas pelas Mission\u00e1rias Reparadoras do Cora\u00e7\u00e3o de Jesus, nas cidades de Sobral: Col\u00e9gio Cora\u00e7\u00e3o de Jesus e Centro de Educa\u00e7\u00e3o Santo Ant\u00f4nio; em Guaraciaba do Norte: Instituto\u2026","rel":"","context":"In &quot;Atualidade&quot;","block_context":{"text":"Atualidade","link":"https:\/\/correiodasemana.com\/site\/category\/atualidade\/"},"img":{"alt_text":"","src":"https:\/\/i0.wp.com\/correiodasemana.com\/site\/wp-content\/uploads\/2025\/05\/WhatsApp-Image-2025-04-29-at-08.25.13-scaled.jpeg?resize=350%2C200&ssl=1","width":350,"height":200,"srcset":"https:\/\/i0.wp.com\/correiodasemana.com\/site\/wp-content\/uploads\/2025\/05\/WhatsApp-Image-2025-04-29-at-08.25.13-scaled.jpeg?resize=350%2C200&ssl=1 1x, https:\/\/i0.wp.com\/correiodasemana.com\/site\/wp-content\/uploads\/2025\/05\/WhatsApp-Image-2025-04-29-at-08.25.13-scaled.jpeg?resize=525%2C300&ssl=1 1.5x, https:\/\/i0.wp.com\/correiodasemana.com\/site\/wp-content\/uploads\/2025\/05\/WhatsApp-Image-2025-04-29-at-08.25.13-scaled.jpeg?resize=700%2C400&ssl=1 2x, https:\/\/i0.wp.com\/correiodasemana.com\/site\/wp-content\/uploads\/2025\/05\/WhatsApp-Image-2025-04-29-at-08.25.13-scaled.jpeg?resize=1050%2C600&ssl=1 3x, https:\/\/i0.wp.com\/correiodasemana.com\/site\/wp-content\/uploads\/2025\/05\/WhatsApp-Image-2025-04-29-at-08.25.13-scaled.jpeg?resize=1400%2C800&ssl=1 4x"},"classes":[]},{"id":8558,"url":"https:\/\/correiodasemana.com\/site\/servo-de-deus-4\/","url_meta":{"origin":8645,"position":3},"title":"Servo de Deus","author":"","date":"Agosto 6, 2019","format":false,"excerpt":"Ir. Carminda Am\u00e9lia Carvalho Alves, mrcj Agosto, para a Igreja, \u00e9 o m\u00eas vocacional, no qual intensificamos nossas ora\u00e7\u00f5es e pedidos para que o Senhor da Messe e Pastor do rebanho envie oper\u00e1rios para a sua messe. O Servo de Deus Joaquim Arn\u00f3bio de Andrade chamava a aten\u00e7\u00e3o para a\u2026","rel":"","context":"In &quot;Artigos&quot;","block_context":{"text":"Artigos","link":"https:\/\/correiodasemana.com\/site\/category\/artigos\/"},"img":{"alt_text":"","src":"https:\/\/i0.wp.com\/correiodasemana.com\/site\/wp-content\/uploads\/2019\/07\/T-PA.jpg?resize=350%2C200&ssl=1","width":350,"height":200,"srcset":"https:\/\/i0.wp.com\/correiodasemana.com\/site\/wp-content\/uploads\/2019\/07\/T-PA.jpg?resize=350%2C200&ssl=1 1x, https:\/\/i0.wp.com\/correiodasemana.com\/site\/wp-content\/uploads\/2019\/07\/T-PA.jpg?resize=525%2C300&ssl=1 1.5x, https:\/\/i0.wp.com\/correiodasemana.com\/site\/wp-content\/uploads\/2019\/07\/T-PA.jpg?resize=700%2C400&ssl=1 2x"},"classes":[]},{"id":21018,"url":"https:\/\/correiodasemana.com\/site\/servo-de-deus-joaquim-arnobio-de-andrade\/","url_meta":{"origin":8645,"position":4},"title":"SERVO DE DEUS JOAQUIM ARN\u00d3BIO DE ANDRADE","author":"","date":"Setembro 18, 2022","format":false,"excerpt":"Faz tr\u00eas anos da abertura oficial da Causa de Beatifica\u00e7\u00e3o e Canoniza\u00e7\u00e3o do Servo de Deus Joaquim Arn\u00f3bio de Andrade, o Ap\u00f3stolo da Repara\u00e7\u00e3o. Desde o dia 14 de setembro de 2019, a urna com os restos mortais de Padre Arn\u00f3bio se encontra na Capela da Escola Santo Ant\u00f4nio, \u00e0\u2026","rel":"","context":"In &quot;Atualidade&quot;","block_context":{"text":"Atualidade","link":"https:\/\/correiodasemana.com\/site\/category\/atualidade\/"},"img":{"alt_text":"","src":"https:\/\/i0.wp.com\/correiodasemana.com\/site\/wp-content\/uploads\/2022\/09\/pe-arnobio.jpg?resize=350%2C200&ssl=1","width":350,"height":200,"srcset":"https:\/\/i0.wp.com\/correiodasemana.com\/site\/wp-content\/uploads\/2022\/09\/pe-arnobio.jpg?resize=350%2C200&ssl=1 1x, https:\/\/i0.wp.com\/correiodasemana.com\/site\/wp-content\/uploads\/2022\/09\/pe-arnobio.jpg?resize=525%2C300&ssl=1 1.5x, https:\/\/i0.wp.com\/correiodasemana.com\/site\/wp-content\/uploads\/2022\/09\/pe-arnobio.jpg?resize=700%2C400&ssl=1 2x"},"classes":[]},{"id":8745,"url":"https:\/\/correiodasemana.com\/site\/servo-de-deus-6\/","url_meta":{"origin":8645,"position":5},"title":"SERVO DE DEUS","author":"","date":"Agosto 17, 2019","format":false,"excerpt":"Ir. Carminda Am\u00e9lia Carvalho Alves, mrcj REPARADORAS: UMA CONGREGA\u00c7\u00c3O DIOCESANA \u201cMission\u00e1rias com amor reparai As ofensas ao seu Cora\u00e7\u00e3o, Desagravo perene ao Senhor De almas simples que pedem perd\u00e3o\u201d. DIA 15 DE AGOSTO: 62 ANOS DAS MISSION\u00c1RIAS REPARADORAS DO CORA\u00c7\u00c3O DE JESUS. A Congrega\u00e7\u00e3o das Mission\u00e1rias Reparadoras do Cora\u00e7\u00e3o de\u2026","rel":"","context":"In &quot;Artigos&quot;","block_context":{"text":"Artigos","link":"https:\/\/correiodasemana.com\/site\/category\/artigos\/"},"img":{"alt_text":"","src":"https:\/\/i0.wp.com\/correiodasemana.com\/site\/wp-content\/uploads\/2019\/08\/68935582_563270077542603_1992048798737629184_n.jpg?resize=350%2C200&ssl=1","width":350,"height":200,"srcset":"https:\/\/i0.wp.com\/correiodasemana.com\/site\/wp-content\/uploads\/2019\/08\/68935582_563270077542603_1992048798737629184_n.jpg?resize=350%2C200&ssl=1 1x, https:\/\/i0.wp.com\/correiodasemana.com\/site\/wp-content\/uploads\/2019\/08\/68935582_563270077542603_1992048798737629184_n.jpg?resize=525%2C300&ssl=1 1.5x, https:\/\/i0.wp.com\/correiodasemana.com\/site\/wp-content\/uploads\/2019\/08\/68935582_563270077542603_1992048798737629184_n.jpg?resize=700%2C400&ssl=1 2x"},"classes":[]}],"jetpack_sharing_enabled":true,"_links":{"self":[{"href":"https:\/\/correiodasemana.com\/site\/wp-json\/wp\/v2\/posts\/8645","targetHints":{"allow":["GET"]}}],"collection":[{"href":"https:\/\/correiodasemana.com\/site\/wp-json\/wp\/v2\/posts"}],"about":[{"href":"https:\/\/correiodasemana.com\/site\/wp-json\/wp\/v2\/types\/post"}],"author":[{"embeddable":true,"href":"https:\/\/correiodasemana.com\/site\/wp-json\/wp\/v2\/users\/1"}],"replies":[{"embeddable":true,"href":"https:\/\/correiodasemana.com\/site\/wp-json\/wp\/v2\/comments?post=8645"}],"version-history":[{"count":1,"href":"https:\/\/correiodasemana.com\/site\/wp-json\/wp\/v2\/posts\/8645\/revisions"}],"predecessor-version":[{"id":8646,"href":"https:\/\/correiodasemana.com\/site\/wp-json\/wp\/v2\/posts\/8645\/revisions\/8646"}],"wp:featuredmedia":[{"embeddable":true,"href":"https:\/\/correiodasemana.com\/site\/wp-json\/wp\/v2\/media\/8280"}],"wp:attachment":[{"href":"https:\/\/correiodasemana.com\/site\/wp-json\/wp\/v2\/media?parent=8645"}],"wp:term":[{"taxonomy":"category","embeddable":true,"href":"https:\/\/correiodasemana.com\/site\/wp-json\/wp\/v2\/categories?post=8645"},{"taxonomy":"post_tag","embeddable":true,"href":"https:\/\/correiodasemana.com\/site\/wp-json\/wp\/v2\/tags?post=8645"}],"curies":[{"name":"wp","href":"https:\/\/api.w.org\/{rel}","templated":true}]}}