{"id":8647,"date":"2019-08-17T21:50:07","date_gmt":"2019-08-17T21:50:07","guid":{"rendered":"https:\/\/correiodasemana.com\/site\/?p=8647"},"modified":"2019-08-17T21:54:19","modified_gmt":"2019-08-17T21:54:19","slug":"o-poder-do-livro-na-resistencia","status":"publish","type":"post","link":"https:\/\/correiodasemana.com\/site\/o-poder-do-livro-na-resistencia\/","title":{"rendered":"O PODER DO LIVRO NA RESIST\u00caNCIA"},"content":{"rendered":"<p>O grande dramaturgo alem\u00e3o Bertholt Brecht disse: \u201cPrimeiro a forragem, depois a moral.\u201d Vale perguntar? Por que a moral? Porque ap\u00f3s de se cuidar do corpo, o homem deve tratar de atender ao esp\u00edrito e buscar a moral no livro.<br \/>\nNesse campo,falamos dos fatos ocorridos sobre o livro no mundo, mas quem est\u00e1 com o poder \u00e9 o livro. E junto a ele, est\u00e1 o leitor, vencendo as grandes amea\u00e7as. Ou seja, vencendo as intoler\u00e2ncias do passado. E no presente, as ironias de que a internet \u00e9 uma nova Renascente. Talvez seja at\u00e9 certo ponto. Sim, porque estamos certo de uma com\u00e9dia realista,com seus c\u00edrculos apontando para a resist\u00eancia do livro.<br \/>\nComo se sabe, contra o livro, trabalha o fanatismo religioso. No passado, a inquisi\u00e7\u00e3o destruiu uma quantidade incalcul\u00e1vel de manuscritos, ritualmente em nome do auto-de-f\u00e9. Segundo os relatos cronistas coevos, a biblioteca de Alexandria foi maltratada, por diversas oportunidades. O \u00faltimo ato da sua exist\u00eancia ocorreu no ano de 646, quando um inc\u00eandio a destruiu por completo.<br \/>\nNo s\u00e9culo das luzes, floresce a literatura dos libertinos; mas a Revolu\u00e7\u00e3o Francesa n\u00e3o poupar\u00e1 as obras do mais perversos deles, o Marqu\u00eas de Sade: o Charles de Villers incita os compatriotas a lan\u00e7ar \u00e0 fogueira todos os exemplares de Justine, ou os infort\u00fanios da Virtude, no movimento geral de degola dos inimigos da revolu\u00e7\u00e3o.<br \/>\nNa Alemanha nazista reacendeu as fogueiras em 1933, queimando publicamente obras de autores judeus, num pren\u00fancio de Auschwitz, pois, como escreveu o poeta Heinrich Heine, \u201conde se come\u00e7a queimando livros, termina-se por queimar tamb\u00e9m homens\u201d.<br \/>\nNa Europa, ocupada, s\u00f3 a Inglaterra resistiu \u00e0 barb\u00e1rie; a simb\u00f3lica dessa resist\u00eancia \u00e9 a famosa foto dos frequentadores da Biblioteca de Holland Houser, em Londres. Ap\u00f3s os bombardeios.Os tr\u00eas amantes do livro, aparecem elegantemente trajados entre os entulhos, folheando os livros que foram poupados do inc\u00eandio. Ou seja,resistem em suas silenciosas miss\u00f5es de preservarem a mem\u00f3ria humana. Por fim, \u00e9 uma das mais belas imagens que se conhece sobre o poder do livro.<br \/>\nNos anos noventa, tamb\u00e9m, a Biblioteca Nacional de Sarajevo foi bombardeada pelos s\u00e9rvios, na selvagem tentativa de exterminar, uma cultura democr\u00e1tica herdade de seus manuscritos, gravados em hebraico, grego, latim, cir\u00edlico e \u00e1rabe. A\u00ed, a destrui\u00e7\u00e3o foi total, n\u00e3o restaram nenhum livro para testemunhar a sobreviv\u00eancia do esp\u00edrito humano, as p\u00e1ginas viraram cinzas e as estantes se evaporaram entre as paredes calcinadas.<br \/>\nPois bem, al\u00e9m, dessas grandes cat\u00e1strofes, ainda existem amea\u00e7as contra o livro, isto \u00e9, convive, tamb\u00e9m, com pequenas cat\u00e1strofes: os insetos, as tra\u00e7as e os cupins s\u00e3o amea\u00e7as permanentes, com suas digest\u00f5es invis\u00edveis e silenciosas, ao mesmo tempo tem os fungos como inimigos naturais do livro.<br \/>\nDiante desses inimigos iminentes, h\u00e1 tamb\u00e9m desastres caseiros, causados por pessoas que n\u00e3o gostam do livro, em gestos de intoler\u00e2ncias, ateiam fogo ou jogam no lixo, os livros, que encontram em seus caminhos.<br \/>\nHoje, vem a ironia de que a internet \u00e9 uma nova Renascen\u00e7a da leitura, que chega at\u00e9 o absurdo de propagar o fim do livro. Ora, isso tem sido um argumento de muitas contradi\u00e7\u00f5es, j\u00e1 que ter convic\u00e7\u00f5es sobre o prec\u00e1rio e provis\u00f3rio \u00e9 uma utopia, que t\u00e3o bem Thomas Morus tentou explicar na Utopia, que o levou \u00e0 guilhotina.<br \/>\nNa pr\u00e1tica, do que entendemos por livro. O livro \u00e9 o segundo corpo da alma humana, que se materializa em um objeto palp\u00e1vel. Segundo um dos maiores amantes do livro, o escritor Jorge Luiz Borges dizia, \u201cDos diversos instrumentos utilizados pelo homem, o mais espetacular \u00e9, sem d\u00favida, o livro.\u201d<br \/>\nComo,ent\u00e3o, se pode acender duas l\u00e2mpadas ao mesmo tempo? Usa-se o nome de livro na internet, mas o que se l\u00ea como norma \u00e9 o que o pr\u00f3prio livro relegou a um segundo plano.Da\u00ed o valor do poder do livro, porque toda mudan\u00e7a e todo ex\u00edlio, tamb\u00e9m se inclui o livro, que desmascara os amantes da era eletr\u00f4nica.<br \/>\nPortanto, nessa nova fase da civiliza\u00e7\u00e3o eletr\u00f4nica, em vez de se falar do fim do livro, \u00e9 prefer\u00edvel acertar o seu ex\u00edlio, na internet como um prolongamento cultural. Assim, n\u00e3o s\u00f3 vivemos um per\u00edodo democr\u00e1tico, como a pr\u00f3pria humanidade como um todo e, n\u00e3o apenas um grupo de intelectuais tem a consci\u00eancia da import\u00e2ncia do livro para seu desenvolvimento material e humano.<br \/>\nSabemos, no entanto, que o livro tem um poder, e est\u00e1 em entre n\u00f3s, como futuro da hist\u00f3ria da humanidade. Essa resist\u00eancia \u00e9 estimulada pela sua preserva\u00e7\u00e3o: os manuscritos e incun\u00e1bulos mais preciosos da cultura ocidental, encontra-se na Biblioteca Apost\u00f3lica do Vaticano e na Biblioteca do Mosteiro de Santa Catarina no Monte Sinal.<br \/>\nPortanto \u00e9 muita devo\u00e7\u00e3o ao livro, simplesmente porque seja na Mesopot\u00e2mia ou na Gr\u00e9cia, em Portugal ou no Chile, na Argentina ou no Brasil, em qualquer lugar, existiram e existem, lado a lado, leitores e n\u00e3o leitores. Mas, se um ser do passado, visitasse as cidades brasileiras de hoje, uma das coisas que surpreenderia esse antigo leitor seria por certo, a Biblioteca Nacional. Al\u00e9m,das pequenas bibliotecas ambulantes espalhadas pelo pa\u00eds.<br \/>\nAo contr\u00e1rio de um fan\u00e1tico do livro eletr\u00f4nico que, paradoxalmente, anda cunhando em sua utopia o sentido de que o livro est\u00e1 na internet.O livro de papel aparecenas feiras e das bienais espelhadas pelo mundo e no Brasil, como a XIII Bienal Internacional do Livro do Cear\u00e1, com o tema: \u201cAs cidades e os Livros\u201d, que tamb\u00e9m, homenageia tr\u00eas livros: Son\u00e2mbula, de Mia Couto; Lavoura Arcaica, de Raduan Nassar; A Casa, de Nat\u00e9rcia Campos. E associado a essa pol\u00edtica cultural cearense, tem-se a presen\u00e7a do escritor sobralense Davi Vasconcelos e participa\u00e7\u00e3o do poeta acarauense Dimas Carvalho. Assim, podemos aludir ao Poema Sujo de Ferreira Gullar, que o livro est\u00e1 na cidade como uma coisa est\u00e1 em outra e a cidade est\u00e1 no livro.<br \/>\nEnfim,o livroj\u00e1 se fez entre n\u00f3s, atrav\u00e9s dos tempos. Basta lembrar o que dizia em sua \u00e9poca, o grande escritor Goethe: \u201cAsCan\u00e7\u00f5es de Homero, um cl\u00e1ssico pouco lido em nossos dias, tem o poder de nos aliviar, ainda que por breves momentos, do fardo aterrador com que a tradi\u00e7\u00e3o nos vigou por milhares de anos\u201d. E digo,que o primeiro ouvir Ulisses chamar a si mesmo de \u201cNingu\u00e9m\u201d \u00e9 o anseio de todo leitor, concedido repetidamente, gera\u00e7\u00f5es a gera\u00e7\u00f5es, aos que abrem a Odisseia pela primeira vez. Esse modesto direito \u00e0 primeira leitura, j\u00e1 garante o poder do livro, que vai se tornando grande quanto a pr\u00f3pria humanidade.<\/p>\n<p>Jornalista, Historiador e Cr\u00edtico Liter\u00e1rio.<\/p>\n","protected":false},"excerpt":{"rendered":"<p>O grande dramaturgo alem\u00e3o Bertholt Brecht disse: \u201cPrimeiro a forragem, depois a moral.\u201d Vale perguntar?&#8230;<\/p>\n","protected":false},"author":1,"featured_media":8648,"comment_status":"open","ping_status":"open","sticky":false,"template":"","format":"standard","meta":{"_jetpack_memberships_contains_paid_content":false,"footnotes":"","jetpack_publicize_message":"","jetpack_publicize_feature_enabled":true,"jetpack_social_post_already_shared":true,"jetpack_social_options":{"image_generator_settings":{"template":"highway","default_image_id":0,"font":"","enabled":false},"version":2}},"categories":[11,16],"tags":[],"class_list":["post-8647","post","type-post","status-publish","format-standard","has-post-thumbnail","hentry","category-artigos","category-eudes-de-sousa"],"jetpack_publicize_connections":[],"jetpack_featured_media_url":"https:\/\/correiodasemana.com\/site\/wp-content\/uploads\/2019\/08\/LEITURA.jpg","jetpack-related-posts":[{"id":17218,"url":"https:\/\/correiodasemana.com\/site\/educacao-onde-comeca-a-formacao-de-uma-pessoa\/","url_meta":{"origin":8647,"position":0},"title":"Educa\u00e7\u00e3o: onde come\u00e7a a forma\u00e7\u00e3o de uma pessoa","author":"","date":"Agosto 15, 2021","format":false,"excerpt":"A educa\u00e7\u00e3o \u00e9 a principal chave para a moral e a \u00e9tica na vida de qualquer pessoa. Ao nascer, a crian\u00e7a muda totalmente do seu mundo interior, no \u00fatero da m\u00e3e, para o nosso mundo aqui na Terra. No \u00fatero, apesar de estar isolada fisicamente de n\u00f3s, ela j\u00e1 nos\u2026","rel":"","context":"In &quot;Artigos&quot;","block_context":{"text":"Artigos","link":"https:\/\/correiodasemana.com\/site\/category\/artigos\/"},"img":{"alt_text":"","src":"https:\/\/i0.wp.com\/correiodasemana.com\/site\/wp-content\/uploads\/2021\/08\/Salmito-Campos.jpg?resize=350%2C200&ssl=1","width":350,"height":200,"srcset":"https:\/\/i0.wp.com\/correiodasemana.com\/site\/wp-content\/uploads\/2021\/08\/Salmito-Campos.jpg?resize=350%2C200&ssl=1 1x, https:\/\/i0.wp.com\/correiodasemana.com\/site\/wp-content\/uploads\/2021\/08\/Salmito-Campos.jpg?resize=525%2C300&ssl=1 1.5x, https:\/\/i0.wp.com\/correiodasemana.com\/site\/wp-content\/uploads\/2021\/08\/Salmito-Campos.jpg?resize=700%2C400&ssl=1 2x, https:\/\/i0.wp.com\/correiodasemana.com\/site\/wp-content\/uploads\/2021\/08\/Salmito-Campos.jpg?resize=1050%2C600&ssl=1 3x, https:\/\/i0.wp.com\/correiodasemana.com\/site\/wp-content\/uploads\/2021\/08\/Salmito-Campos.jpg?resize=1400%2C800&ssl=1 4x"},"classes":[]},{"id":9857,"url":"https:\/\/correiodasemana.com\/site\/davi-helder-e-as-historias-de-levi\/","url_meta":{"origin":8647,"position":1},"title":"DAVI HELDER E AS HIST\u00d3RIAS DE LEVI","author":"","date":"Novembro 18, 2019","format":false,"excerpt":"Conheci Davi Helder. Foi na noite de aut\u00f3grafo do livro, de escritor Herculano Costa, na Academia Sobralense de Estudos e Letras. Eu na minha timidez ordin\u00e1ria, ele, acad\u00eamico, de que me servia para o interm\u00e9dio das apresenta\u00e7\u00f5es aos seus confrades. Nos meus passos no sal\u00e3o nobre da academia, por mais\u2026","rel":"","context":"In &quot;Atualidade&quot;","block_context":{"text":"Atualidade","link":"https:\/\/correiodasemana.com\/site\/category\/atualidade\/"},"img":{"alt_text":"","src":"https:\/\/i0.wp.com\/correiodasemana.com\/site\/wp-content\/uploads\/2019\/11\/historias-de-levi.jpg?resize=350%2C200&ssl=1","width":350,"height":200},"classes":[]},{"id":32576,"url":"https:\/\/correiodasemana.com\/site\/em-tempo-264\/","url_meta":{"origin":8647,"position":2},"title":"EM TEMPO \u2022","author":"adminredacao","date":"Fevereiro 18, 2025","format":false,"excerpt":"Oscar ser\u00e1 transmitido pela TV Globo Marcado para o dia 2 de mar\u00e7o, coincidentemente, no domingo de Carnaval, o Oscar 2025 ser\u00e1 transmitido ao vivo pela TV Globo. A premia\u00e7\u00e3o, considerada a maior de cinema do mundo, tem o filme brasileiro \u201cAinda Estou Aqui\u201d como concorrente em tr\u00eas categorias Com\u2026","rel":"","context":"In &quot;Artigos&quot;","block_context":{"text":"Artigos","link":"https:\/\/correiodasemana.com\/site\/category\/artigos\/"},"img":{"alt_text":"","src":"https:\/\/i0.wp.com\/correiodasemana.com\/site\/wp-content\/uploads\/2025\/02\/PREMIO-SESC-150x150.jpg?resize=350%2C200&ssl=1","width":350,"height":200,"srcset":"https:\/\/i0.wp.com\/correiodasemana.com\/site\/wp-content\/uploads\/2025\/02\/PREMIO-SESC-150x150.jpg?resize=350%2C200&ssl=1 1x, https:\/\/i0.wp.com\/correiodasemana.com\/site\/wp-content\/uploads\/2025\/02\/PREMIO-SESC-150x150.jpg?resize=525%2C300&ssl=1 1.5x, https:\/\/i0.wp.com\/correiodasemana.com\/site\/wp-content\/uploads\/2025\/02\/PREMIO-SESC-150x150.jpg?resize=700%2C400&ssl=1 2x"},"classes":[]},{"id":8893,"url":"https:\/\/correiodasemana.com\/site\/papa-francisco-clama-por-um-novo-humanismo\/","url_meta":{"origin":8647,"position":3},"title":"Papa Francisco clama por um novo humanismo","author":"","date":"Agosto 27, 2019","format":false,"excerpt":"Com um pref\u00e1cio de seu pr\u00f3prio punho, o Papa Francisco apresenta um livro que re\u00fane cinco anos de reflex\u00e3o sobre o trabalho de milhares de associa\u00e7\u00f5es que, atuando como \u201cuma alavanca de transforma\u00e7\u00e3o social\u201d, lutam por um estilo de desenvolvimento justo e inclusivo Cidade do Vaticano \u2013 Vatican News O\u2026","rel":"","context":"In &quot;Diocese&quot;","block_context":{"text":"Diocese","link":"https:\/\/correiodasemana.com\/site\/category\/diocese\/"},"img":{"alt_text":"","src":"https:\/\/i0.wp.com\/correiodasemana.com\/site\/wp-content\/uploads\/2019\/08\/cq5dam.thumbnail.cropped.750.422.jpeg?resize=350%2C200&ssl=1","width":350,"height":200,"srcset":"https:\/\/i0.wp.com\/correiodasemana.com\/site\/wp-content\/uploads\/2019\/08\/cq5dam.thumbnail.cropped.750.422.jpeg?resize=350%2C200&ssl=1 1x, https:\/\/i0.wp.com\/correiodasemana.com\/site\/wp-content\/uploads\/2019\/08\/cq5dam.thumbnail.cropped.750.422.jpeg?resize=525%2C300&ssl=1 1.5x, https:\/\/i0.wp.com\/correiodasemana.com\/site\/wp-content\/uploads\/2019\/08\/cq5dam.thumbnail.cropped.750.422.jpeg?resize=700%2C400&ssl=1 2x"},"classes":[]},{"id":11726,"url":"https:\/\/correiodasemana.com\/site\/voltando-novamente-a-mesma-questao-de-sempre-para-que-estudar-filosofia-principalmente-em-tempos-de-pandemia\/","url_meta":{"origin":8647,"position":4},"title":"Voltando, novamente, \u00e0 mesma quest\u00e3o de sempre: para que estudar Filosofia (principalmente em tempos de pandemia)?","author":"","date":"Julho 12, 2020","format":false,"excerpt":"Que o saber humano seja diversificado \u00e9 algo incontest\u00e1vel. Isso se explica de muitos lugares, desde m\u00e9todos ou objetos at\u00e9 \u00e0s aplica\u00e7\u00f5es que deles derivam para a realidade di\u00e1ria. Embora haja essa diversidade que, imagino, deva ser compreendida como algo de positivo para o mundo dos seres humanos, nem todo\u2026","rel":"","context":"In &quot;Artigos&quot;","block_context":{"text":"Artigos","link":"https:\/\/correiodasemana.com\/site\/category\/artigos\/"},"img":{"alt_text":"","src":"https:\/\/i0.wp.com\/correiodasemana.com\/site\/wp-content\/uploads\/2020\/07\/Edmar-Filho.jpg?resize=350%2C200&ssl=1","width":350,"height":200,"srcset":"https:\/\/i0.wp.com\/correiodasemana.com\/site\/wp-content\/uploads\/2020\/07\/Edmar-Filho.jpg?resize=350%2C200&ssl=1 1x, https:\/\/i0.wp.com\/correiodasemana.com\/site\/wp-content\/uploads\/2020\/07\/Edmar-Filho.jpg?resize=525%2C300&ssl=1 1.5x, https:\/\/i0.wp.com\/correiodasemana.com\/site\/wp-content\/uploads\/2020\/07\/Edmar-Filho.jpg?resize=700%2C400&ssl=1 2x"},"classes":[]},{"id":13272,"url":"https:\/\/correiodasemana.com\/site\/quero-a-luz\/","url_meta":{"origin":8647,"position":5},"title":"Quero a luz","author":"","date":"Agosto 31, 2020","format":false,"excerpt":"Desejar a luz faz lembrar o cora\u00e7\u00e3o inquieto de Agostinho de Hipona que, ao sentir-se confrontado pelo mal, perguntava-se: \u201cQuem desembara\u00e7ar\u00e1 este n\u00f3 t\u00e3o enredado e emaranhado?\u201d\u00a0 \u2013 \u201c\u00c9 asqueroso, n\u00e3o o quero fitar nem ver. Quero-vos a V\u00f3s \u00f3 justi\u00e7a e Inoc\u00eancia t\u00e3o bela e t\u00e3o formosa, com puros\u2026","rel":"","context":"In &quot;A voz do Pastor&quot;","block_context":{"text":"A voz do Pastor","link":"https:\/\/correiodasemana.com\/site\/category\/a-voz-do-pastor\/"},"img":{"alt_text":"","src":"https:\/\/i0.wp.com\/correiodasemana.com\/site\/wp-content\/uploads\/2019\/07\/Dom-Vasconcelos-posses.jpg?resize=350%2C200&ssl=1","width":350,"height":200,"srcset":"https:\/\/i0.wp.com\/correiodasemana.com\/site\/wp-content\/uploads\/2019\/07\/Dom-Vasconcelos-posses.jpg?resize=350%2C200&ssl=1 1x, https:\/\/i0.wp.com\/correiodasemana.com\/site\/wp-content\/uploads\/2019\/07\/Dom-Vasconcelos-posses.jpg?resize=525%2C300&ssl=1 1.5x, https:\/\/i0.wp.com\/correiodasemana.com\/site\/wp-content\/uploads\/2019\/07\/Dom-Vasconcelos-posses.jpg?resize=700%2C400&ssl=1 2x"},"classes":[]}],"jetpack_sharing_enabled":true,"_links":{"self":[{"href":"https:\/\/correiodasemana.com\/site\/wp-json\/wp\/v2\/posts\/8647","targetHints":{"allow":["GET"]}}],"collection":[{"href":"https:\/\/correiodasemana.com\/site\/wp-json\/wp\/v2\/posts"}],"about":[{"href":"https:\/\/correiodasemana.com\/site\/wp-json\/wp\/v2\/types\/post"}],"author":[{"embeddable":true,"href":"https:\/\/correiodasemana.com\/site\/wp-json\/wp\/v2\/users\/1"}],"replies":[{"embeddable":true,"href":"https:\/\/correiodasemana.com\/site\/wp-json\/wp\/v2\/comments?post=8647"}],"version-history":[{"count":1,"href":"https:\/\/correiodasemana.com\/site\/wp-json\/wp\/v2\/posts\/8647\/revisions"}],"predecessor-version":[{"id":8649,"href":"https:\/\/correiodasemana.com\/site\/wp-json\/wp\/v2\/posts\/8647\/revisions\/8649"}],"wp:featuredmedia":[{"embeddable":true,"href":"https:\/\/correiodasemana.com\/site\/wp-json\/wp\/v2\/media\/8648"}],"wp:attachment":[{"href":"https:\/\/correiodasemana.com\/site\/wp-json\/wp\/v2\/media?parent=8647"}],"wp:term":[{"taxonomy":"category","embeddable":true,"href":"https:\/\/correiodasemana.com\/site\/wp-json\/wp\/v2\/categories?post=8647"},{"taxonomy":"post_tag","embeddable":true,"href":"https:\/\/correiodasemana.com\/site\/wp-json\/wp\/v2\/tags?post=8647"}],"curies":[{"name":"wp","href":"https:\/\/api.w.org\/{rel}","templated":true}]}}