{"id":8683,"date":"2019-08-17T22:13:49","date_gmt":"2019-08-17T22:13:49","guid":{"rendered":"https:\/\/correiodasemana.com\/site\/?p=8683"},"modified":"2019-08-17T22:13:49","modified_gmt":"2019-08-17T22:13:49","slug":"becco-ponto-com-6","status":"publish","type":"post","link":"https:\/\/correiodasemana.com\/site\/becco-ponto-com-6\/","title":{"rendered":"Becco ponto Com"},"content":{"rendered":"<p>Livrai-nos, Vsenhor!<br \/>\nDa fal\u00eancia um dia do guaranynta, ufa! Das multas correndo na rua em bloco. Da crise chegou no Becco chora chin\u00eas. Do bab\u00e3o bolachinha virador de casaca. Da ira desumana contra o edil Rom\u00e1rio. Da burguesia falida pai pobre e av\u00f4 rico. Dos ataques de hackers via blog Sobral. Da ira do povo brasileiro a corrupto, ui! Dos forasteiros cantando de galo aqui. Da briga surda e muda pelo poder 2020. Dos prefeitos t\u00e3o imperfeitos, voltam j\u00e1! Da torcida que n\u00e3o elege um vereador.<\/p>\n<p>Noticiando<br \/>\nO centro cultural anunciando para o m\u00eas de setembro uma homenagem de distin\u00e7\u00e3o ao presidente do Rotary Clube de Sobral, Dr. Junior Andrade, por m\u00e9ritos. o caro colega advogado tem uma folha de servi\u00e7os longa prestada ao bem social, merece a honraria.<br \/>\nQuero agradecer a leitura din\u00e2mica desta coluna aos servidores do Visconde Hotel na pessoa do primo e zeloso recepcionista, Jo\u00e3o Bosco Linhares Ponte, que confidenciou tal mania em acompanhar nossos escritos todo final de semana pelo Correio da Semana que l\u00e1 fica exposto aos h\u00f3spedes e amigos.<br \/>\nA digna senhora honrada dama sobralense e diva, Ximenes Prado, (in memoriam) receber\u00e1 homenagem da fam\u00edlia e amigos pela digna inclus\u00e3o de seu nome em uma rua no bairro mais nobre da cidade, Carlos Belchior, e por m\u00e9ritos quando novembro vier. Aguardar \u00e9 preciso esta homenagem nobre a esta dama e mulher de fibra que fez hist\u00f3ria social.<br \/>\nO digno artista sobralense, Chico Mar\u00e7al, de renome nacional recebe, hoje, no Beco do Cotovelo e do centro cultural, o pr\u00eamio ary Sherlock de artes c\u00eanicas e por merecimento. ser\u00e1 na reuni\u00e3o do grupo o saco de poesias em momento festivo e cultural na cidade.<br \/>\nDizem por a\u00ed: ou a pol\u00edtica acaba com o Guarany ou o Guarany acabar\u00e1 de vez com os maus pol\u00edticos que teimam em tirarem proveito de sua torcida t\u00e3o apaixonada.<\/p>\n<p>Perfil: Ailton Marcos Fontenele Vieira<br \/>\nUm cidad\u00e3o com todas as letras, digno edil, lutador pelas causas sociais do munic\u00edpio e homem afeito buscar direitos da comunidade na sede e distritos com for\u00e7a e determina\u00e7\u00e3o cidad\u00e3. Falo de caro l\u00edder um novo pol\u00edtico, vereador Sargento Ailton, que por m\u00e9ritos figura como perfil da semana no Correio da Semana, o jornal de Sobral,<\/p>\n<p>Em cima: o trabalho obstinado do prefeito ivo gomes, por Sobral, sua terra-ber\u00e7o e t\u00e3o amada. \u00e9 s\u00f3 abrir a janela do tempo e ver as modifica\u00e7\u00f5es de modernidade que a cidade est\u00e1 experimentando. \u00c9 s\u00f3 ver para crer o desenvolvimento de nossa urbe, a princesa do norte, cantada em verso e prosa por seu povo bom e ordeiro. salve, Sobral, terra de Dom Jos\u00e9!<\/p>\n<p>Em baixo: os rumores de uma nova campanha com fogo amigo no caldeir\u00e3o das emo\u00e7\u00f5es t\u00e3o pol\u00edticas. a moeda de troca est\u00e1 nas ruas o \u201cGuarany Sporting Club\u201d, gerando fatos e boatos na cidade. ou se acaba com o time do guarany ou ele acabar\u00e1 com a teima pol\u00edtica em Sobral, com suas fofocas ora t\u00e3o severas e marcantes na vida social da cidade.<\/p>\n<p>Livre pensar: \u201cO medo \u00e9 o massacre constante de uma dor sempre presente\u201d. (Poeta Chico Prado) &#8211; Presidente do Centro Cultural Dom Jos\u00e9 de Sobral.<\/p>\n","protected":false},"excerpt":{"rendered":"<p>Livrai-nos, Vsenhor! Da fal\u00eancia um dia do guaranynta, ufa! Das multas correndo na rua em&#8230;<\/p>\n","protected":false},"author":1,"featured_media":8684,"comment_status":"open","ping_status":"open","sticky":false,"template":"","format":"standard","meta":{"_jetpack_memberships_contains_paid_content":false,"footnotes":"","jetpack_publicize_message":"","jetpack_publicize_feature_enabled":true,"jetpack_social_post_already_shared":true,"jetpack_social_options":{"image_generator_settings":{"template":"highway","default_image_id":0,"font":"","enabled":false},"version":2}},"categories":[11,27],"tags":[],"class_list":["post-8683","post","type-post","status-publish","format-standard","has-post-thumbnail","hentry","category-artigos","category-becco-ponto-com"],"jetpack_publicize_connections":[],"jetpack_featured_media_url":"https:\/\/correiodasemana.com\/site\/wp-content\/uploads\/2019\/08\/vereador-ailton.jpg","jetpack-related-posts":[{"id":38230,"url":"https:\/\/correiodasemana.com\/site\/becco-ponto-com-256\/","url_meta":{"origin":8683,"position":0},"title":"Becco ponto Com","author":"adminredacao","date":"Abril 19, 2026","format":false,"excerpt":"LIVRAI-NOS, SENHOR! Dos puxa-sacos de plant\u00e3o, ainda por amor, ufa! Da invas\u00e3o de ritmos pisadeiros no Nordeste, ui! Das C\u00e2maras t\u00e3o camaradas, dando seus botes. Do Caf\u00e9 Jaibaras, sair do Becco, um dia. Ai, Sobral! Das pesquisas fajutas pagas, por pol\u00edticos no Cear\u00e1. Da ida de \u201cCiro boca doce\u201d para\u2026","rel":"","context":"In &quot;Becco Ponto Com&quot;","block_context":{"text":"Becco Ponto Com","link":"https:\/\/correiodasemana.com\/site\/category\/becco-ponto-com\/"},"img":{"alt_text":"","src":"https:\/\/i0.wp.com\/correiodasemana.com\/site\/wp-content\/uploads\/2021\/09\/Dr-Chico-Prado-Trofeu-Dom-Jose-1-1.jpg?resize=350%2C200&ssl=1","width":350,"height":200,"srcset":"https:\/\/i0.wp.com\/correiodasemana.com\/site\/wp-content\/uploads\/2021\/09\/Dr-Chico-Prado-Trofeu-Dom-Jose-1-1.jpg?resize=350%2C200&ssl=1 1x, https:\/\/i0.wp.com\/correiodasemana.com\/site\/wp-content\/uploads\/2021\/09\/Dr-Chico-Prado-Trofeu-Dom-Jose-1-1.jpg?resize=525%2C300&ssl=1 1.5x, https:\/\/i0.wp.com\/correiodasemana.com\/site\/wp-content\/uploads\/2021\/09\/Dr-Chico-Prado-Trofeu-Dom-Jose-1-1.jpg?resize=700%2C400&ssl=1 2x"},"classes":[]},{"id":20319,"url":"https:\/\/correiodasemana.com\/site\/becco-ponto-com-91\/","url_meta":{"origin":8683,"position":1},"title":"Becco ponto Com","author":"","date":"Julho 3, 2022","format":false,"excerpt":"LIVRAI-NOS, SENHOR! 01. Das mamatas pol\u00cdticas na sa\u00fade. 02. Dos gastos com quadrilhas, ufa! 03. Da crise na pol\u00edtica brasileira fede. 04. S\u00f3 Ensino Superior t\u00e3o com\u00e9rcio. 05. Das multas covardes na cidade, ui! 06. Do futebol arte virando drogas. 07. Da Santa Casa virar urnas pol\u00edticas. 08. Do cartel\u2026","rel":"","context":"In &quot;Artigos&quot;","block_context":{"text":"Artigos","link":"https:\/\/correiodasemana.com\/site\/category\/artigos\/"},"img":{"alt_text":"","src":"https:\/\/i0.wp.com\/correiodasemana.com\/site\/wp-content\/uploads\/2021\/09\/Dr-Chico-Prado-Trofeu-Dom-Jose-1-1.jpg?resize=350%2C200&ssl=1","width":350,"height":200,"srcset":"https:\/\/i0.wp.com\/correiodasemana.com\/site\/wp-content\/uploads\/2021\/09\/Dr-Chico-Prado-Trofeu-Dom-Jose-1-1.jpg?resize=350%2C200&ssl=1 1x, https:\/\/i0.wp.com\/correiodasemana.com\/site\/wp-content\/uploads\/2021\/09\/Dr-Chico-Prado-Trofeu-Dom-Jose-1-1.jpg?resize=525%2C300&ssl=1 1.5x, https:\/\/i0.wp.com\/correiodasemana.com\/site\/wp-content\/uploads\/2021\/09\/Dr-Chico-Prado-Trofeu-Dom-Jose-1-1.jpg?resize=700%2C400&ssl=1 2x"},"classes":[]},{"id":9608,"url":"https:\/\/correiodasemana.com\/site\/becco-ponto-com-17\/","url_meta":{"origin":8683,"position":2},"title":"Becco ponto Com","author":"","date":"Outubro 28, 2019","format":false,"excerpt":"Livrai-nos, Senhor! Do ataque da LOURA do leite nas ruas, ui! Dos BOLS\u00d5ES do Bolsonaro visando votos. Das campanhas para PERFEITOS corruptos. Das faculdades formando ANALFAS brutos. Do Mi, Mi, Mi dos camaradas da oposi\u00e7\u00e3o. Da guarda apita MULTA nas ruas da cidade. Do modismo por aqui SANDUICHE musical. Da\u2026","rel":"","context":"In &quot;Artigos&quot;","block_context":{"text":"Artigos","link":"https:\/\/correiodasemana.com\/site\/category\/artigos\/"},"img":{"alt_text":"","src":"https:\/\/i0.wp.com\/correiodasemana.com\/site\/wp-content\/uploads\/2019\/10\/vereador-dr-estevao-ponte.jpg?resize=350%2C200&ssl=1","width":350,"height":200,"srcset":"https:\/\/i0.wp.com\/correiodasemana.com\/site\/wp-content\/uploads\/2019\/10\/vereador-dr-estevao-ponte.jpg?resize=350%2C200&ssl=1 1x, https:\/\/i0.wp.com\/correiodasemana.com\/site\/wp-content\/uploads\/2019\/10\/vereador-dr-estevao-ponte.jpg?resize=525%2C300&ssl=1 1.5x, https:\/\/i0.wp.com\/correiodasemana.com\/site\/wp-content\/uploads\/2019\/10\/vereador-dr-estevao-ponte.jpg?resize=700%2C400&ssl=1 2x, https:\/\/i0.wp.com\/correiodasemana.com\/site\/wp-content\/uploads\/2019\/10\/vereador-dr-estevao-ponte.jpg?resize=1050%2C600&ssl=1 3x, https:\/\/i0.wp.com\/correiodasemana.com\/site\/wp-content\/uploads\/2019\/10\/vereador-dr-estevao-ponte.jpg?resize=1400%2C800&ssl=1 4x"},"classes":[]},{"id":37617,"url":"https:\/\/correiodasemana.com\/site\/becco-ponto-com-251\/","url_meta":{"origin":8683,"position":3},"title":"BECCO PONTO.COM","author":"adminredacao","date":"Mar\u00e7o 3, 2026","format":false,"excerpt":"NOTICIANDO O programa Ivan Frota est\u00e1 preparando uma festa para celebrar os 40 anos do programa Izaias Nicolau na cidade brevemente. Ir\u00e1 ser um show \u00e0 parte no Becco, esta manifesta\u00e7\u00e3o de amizade e amor ao r\u00e1dio sobralense. O caro Izaias merece, sim, toda esta homenagem justa do Sindicato e\u2026","rel":"","context":"In &quot;Artigos&quot;","block_context":{"text":"Artigos","link":"https:\/\/correiodasemana.com\/site\/category\/artigos\/"},"img":{"alt_text":"","src":"https:\/\/i0.wp.com\/correiodasemana.com\/site\/wp-content\/uploads\/2021\/09\/Dr-Chico-Prado-Trofeu-Dom-Jose-1.jpg?resize=350%2C200&ssl=1","width":350,"height":200,"srcset":"https:\/\/i0.wp.com\/correiodasemana.com\/site\/wp-content\/uploads\/2021\/09\/Dr-Chico-Prado-Trofeu-Dom-Jose-1.jpg?resize=350%2C200&ssl=1 1x, https:\/\/i0.wp.com\/correiodasemana.com\/site\/wp-content\/uploads\/2021\/09\/Dr-Chico-Prado-Trofeu-Dom-Jose-1.jpg?resize=525%2C300&ssl=1 1.5x, https:\/\/i0.wp.com\/correiodasemana.com\/site\/wp-content\/uploads\/2021\/09\/Dr-Chico-Prado-Trofeu-Dom-Jose-1.jpg?resize=700%2C400&ssl=1 2x, https:\/\/i0.wp.com\/correiodasemana.com\/site\/wp-content\/uploads\/2021\/09\/Dr-Chico-Prado-Trofeu-Dom-Jose-1.jpg?resize=1050%2C600&ssl=1 3x, https:\/\/i0.wp.com\/correiodasemana.com\/site\/wp-content\/uploads\/2021\/09\/Dr-Chico-Prado-Trofeu-Dom-Jose-1.jpg?resize=1400%2C800&ssl=1 4x"},"classes":[]},{"id":26433,"url":"https:\/\/correiodasemana.com\/site\/becco-ponto-com-136\/","url_meta":{"origin":8683,"position":4},"title":"Becco Ponto Com","author":"adminredacao","date":"Setembro 4, 2023","format":false,"excerpt":"LIVRAI-NOS, SENHOR! Dos mexericos pelo \u201cr\u00e1dio fofoca\u201d t\u00e3o nosso. Das consultas m\u00e9dicas e modernas, via internet! Da trairagem do pdt, segundo Evandro Leit\u00e3o. Das lojas quebrando na regi\u00e3o e fazendo o tal do L! Da sa\u00fade quebrada e t\u00e3o cantada pelo poder. Da ruma de candidatos bolachinhas vira-vira! Da greve\u2026","rel":"","context":"In &quot;Artigos&quot;","block_context":{"text":"Artigos","link":"https:\/\/correiodasemana.com\/site\/category\/artigos\/"},"img":{"alt_text":"","src":"https:\/\/i0.wp.com\/correiodasemana.com\/site\/wp-content\/uploads\/2021\/09\/Dr-Chico-Prado-Trofeu-Dom-Jose-1.jpg?resize=350%2C200&ssl=1","width":350,"height":200,"srcset":"https:\/\/i0.wp.com\/correiodasemana.com\/site\/wp-content\/uploads\/2021\/09\/Dr-Chico-Prado-Trofeu-Dom-Jose-1.jpg?resize=350%2C200&ssl=1 1x, https:\/\/i0.wp.com\/correiodasemana.com\/site\/wp-content\/uploads\/2021\/09\/Dr-Chico-Prado-Trofeu-Dom-Jose-1.jpg?resize=525%2C300&ssl=1 1.5x, https:\/\/i0.wp.com\/correiodasemana.com\/site\/wp-content\/uploads\/2021\/09\/Dr-Chico-Prado-Trofeu-Dom-Jose-1.jpg?resize=700%2C400&ssl=1 2x, https:\/\/i0.wp.com\/correiodasemana.com\/site\/wp-content\/uploads\/2021\/09\/Dr-Chico-Prado-Trofeu-Dom-Jose-1.jpg?resize=1050%2C600&ssl=1 3x, https:\/\/i0.wp.com\/correiodasemana.com\/site\/wp-content\/uploads\/2021\/09\/Dr-Chico-Prado-Trofeu-Dom-Jose-1.jpg?resize=1400%2C800&ssl=1 4x"},"classes":[]},{"id":27560,"url":"https:\/\/correiodasemana.com\/site\/becco-ponto-com-149\/","url_meta":{"origin":8683,"position":5},"title":"Becco Ponto Com","author":"adminredacao","date":"Dezembro 11, 2023","format":false,"excerpt":"LIVRAI-NOS, SENHOR! Dos importantes sem import\u00e2ncia por aqui. Da basbaquice corrupta dos pol\u00edticos, ufa! Da ruma de formados analfabetos modernos. De votar em estranhos os tais forasteiros. Das ruas virando caixas de l\u00e1pis de cor, ui! Da ruma de radialistas feitos nas coxas, ufa! Do fim que deram no \u201cFinado\u2026","rel":"","context":"In &quot;Artigos&quot;","block_context":{"text":"Artigos","link":"https:\/\/correiodasemana.com\/site\/category\/artigos\/"},"img":{"alt_text":"","src":"https:\/\/i0.wp.com\/correiodasemana.com\/site\/wp-content\/uploads\/2021\/09\/Dr-Chico-Prado-Trofeu-Dom-Jose-1.jpg?resize=350%2C200&ssl=1","width":350,"height":200,"srcset":"https:\/\/i0.wp.com\/correiodasemana.com\/site\/wp-content\/uploads\/2021\/09\/Dr-Chico-Prado-Trofeu-Dom-Jose-1.jpg?resize=350%2C200&ssl=1 1x, https:\/\/i0.wp.com\/correiodasemana.com\/site\/wp-content\/uploads\/2021\/09\/Dr-Chico-Prado-Trofeu-Dom-Jose-1.jpg?resize=525%2C300&ssl=1 1.5x, https:\/\/i0.wp.com\/correiodasemana.com\/site\/wp-content\/uploads\/2021\/09\/Dr-Chico-Prado-Trofeu-Dom-Jose-1.jpg?resize=700%2C400&ssl=1 2x, https:\/\/i0.wp.com\/correiodasemana.com\/site\/wp-content\/uploads\/2021\/09\/Dr-Chico-Prado-Trofeu-Dom-Jose-1.jpg?resize=1050%2C600&ssl=1 3x, https:\/\/i0.wp.com\/correiodasemana.com\/site\/wp-content\/uploads\/2021\/09\/Dr-Chico-Prado-Trofeu-Dom-Jose-1.jpg?resize=1400%2C800&ssl=1 4x"},"classes":[]}],"jetpack_sharing_enabled":true,"_links":{"self":[{"href":"https:\/\/correiodasemana.com\/site\/wp-json\/wp\/v2\/posts\/8683","targetHints":{"allow":["GET"]}}],"collection":[{"href":"https:\/\/correiodasemana.com\/site\/wp-json\/wp\/v2\/posts"}],"about":[{"href":"https:\/\/correiodasemana.com\/site\/wp-json\/wp\/v2\/types\/post"}],"author":[{"embeddable":true,"href":"https:\/\/correiodasemana.com\/site\/wp-json\/wp\/v2\/users\/1"}],"replies":[{"embeddable":true,"href":"https:\/\/correiodasemana.com\/site\/wp-json\/wp\/v2\/comments?post=8683"}],"version-history":[{"count":1,"href":"https:\/\/correiodasemana.com\/site\/wp-json\/wp\/v2\/posts\/8683\/revisions"}],"predecessor-version":[{"id":8685,"href":"https:\/\/correiodasemana.com\/site\/wp-json\/wp\/v2\/posts\/8683\/revisions\/8685"}],"wp:featuredmedia":[{"embeddable":true,"href":"https:\/\/correiodasemana.com\/site\/wp-json\/wp\/v2\/media\/8684"}],"wp:attachment":[{"href":"https:\/\/correiodasemana.com\/site\/wp-json\/wp\/v2\/media?parent=8683"}],"wp:term":[{"taxonomy":"category","embeddable":true,"href":"https:\/\/correiodasemana.com\/site\/wp-json\/wp\/v2\/categories?post=8683"},{"taxonomy":"post_tag","embeddable":true,"href":"https:\/\/correiodasemana.com\/site\/wp-json\/wp\/v2\/tags?post=8683"}],"curies":[{"name":"wp","href":"https:\/\/api.w.org\/{rel}","templated":true}]}}