{"id":8696,"date":"2019-08-17T22:20:20","date_gmt":"2019-08-17T22:20:20","guid":{"rendered":"https:\/\/correiodasemana.com\/site\/?p=8696"},"modified":"2019-08-17T22:20:20","modified_gmt":"2019-08-17T22:20:20","slug":"diocese-de-sobral-celebra-romaria-do-benedito-tonho","status":"publish","type":"post","link":"https:\/\/correiodasemana.com\/site\/diocese-de-sobral-celebra-romaria-do-benedito-tonho\/","title":{"rendered":"Diocese de Sobral celebra Romaria do Benedito Tonho"},"content":{"rendered":"<p>Aconteceu no dia 04 de agosto de 2019 na Comunidade de Penanduba pertencente ao Munic\u00edpio de Frecheirinha a II ROMARIA DO BENEDITO TONHO. A Igreja de Sobral reuni\u00e3o in\u00fameros fi\u00e9is para rememorar a figura de um trabalhador rural m\u00e1rtir da Reforma Agr\u00e1ria que deu seu testemunho de f\u00e9 na defesa vida das pessoas que sofrem devido a falta de terra para produzir e tirar o sustento para si e seus familiares.<br \/>\nA Romaria foi um momento muito forte na historia e na vivencia da f\u00e9 e do compromisso com a vida, que nos deixou li\u00e7\u00f5es importantes como bem disse nosso Bispo Dom Vasconcelos que se fez presente nos debates perante o publico presente afirmando que a \u201cIgreja sempre teve e ter\u00e1 m\u00e1rtir, se deixar de existir m\u00e1rtir em nossa Igreja Ela deixar\u00e1 de ser a Igreja de Cristo\u201d. Foi um evento em que tivemos a caminhada do povo orante com m\u00fasicas sempre marcadas pela esperan\u00e7a e sonho de um mundo novo. Em Romaria o povo seguiu de forma ordeira ate a Capela de Santa Luzia onde tivemos um caf\u00e9 espetacular, a encena\u00e7\u00e3o da musica Funeral do Lavrador e depois fomos ouvir as historias da vida do Benedito Tonho que por meio de seus familiares, amigos, lideran\u00e7as comunit\u00e1rias e sindicais afirmaram o grande compromisso do Bendito Tonho em sempre dizer que a nossa f\u00e9 nos impulsiona para defendermos o Direito a uma vida digna marcada pela, Fraternidade, Justi\u00e7a e Paz.<br \/>\nO Cume da Romaria foi a missa solene presidida por Dom Vasconcelos, presidida por Dom Vasconcelos e concelebrada com P\u00e1roco de Frecheirinha nosso querido Padre Magalh\u00e3es que juntamente com sua equipe e a coordena\u00e7\u00e3o da Capela e diversos parceiros colaboraram para a realiza\u00e7\u00e3o deste momento forte de F\u00e9 Esperan\u00e7a, como sinal vis\u00edvel de uma Igreja que marcado pela Historia de Jesus Cristo, acredita na cruz como ressurei\u00e7\u00e3o e supera\u00e7\u00e3o da morte.<br \/>\nA Romaria do Benedito Tonho contou com a presen\u00e7a das Pastorais sociais como CEB\u2019s, CPT, Ter\u00e7o dos Homens, Associa\u00e7\u00f5es Comunit\u00e1rias, Sindicais, ong\u2019s, Poder P\u00fablico de Frecheirinha, Coordena\u00e7\u00e3o Diocesana de Pastoral e C\u00e1ritas Diocesana de Sobral, Funda\u00e7\u00e3o CIS que apoiaram na realizaram deste momento de f\u00e9 e espiritualidade e que sonha que esta Romaria no pr\u00f3ximo ano possa ser inserida no calend\u00e1rio de atividades da Regi\u00e3o Episcopal do Corea\u00fa e da Par\u00f3quia de Frecheirinha, como forma de manter viva a mem\u00f3ria de pessoas como Padre Mesquita, Padre Ibiapina, Dom Walfrido, Padre Albany que em vida se doaram pela causa do Evangelho.<br \/>\nJos\u00e9 Maria Gomes Vasconcelos &#8211; C\u00e1ritas Diocesana de Sobral<\/p>\n","protected":false},"excerpt":{"rendered":"<p>Aconteceu no dia 04 de agosto de 2019 na Comunidade de Penanduba pertencente ao Munic\u00edpio&#8230;<\/p>\n","protected":false},"author":1,"featured_media":8697,"comment_status":"open","ping_status":"open","sticky":false,"template":"","format":"standard","meta":{"_jetpack_newsletter_access":"","_jetpack_dont_email_post_to_subs":false,"_jetpack_newsletter_tier_id":0,"_jetpack_memberships_contains_paywalled_content":false,"_jetpack_feature_clip_id":0,"_jetpack_memberships_contains_paid_content":false,"footnotes":"","jetpack_publicize_message":"","jetpack_publicize_feature_enabled":true,"jetpack_social_post_already_shared":true,"jetpack_social_options":{"image_generator_settings":{"template":"highway","default_image_id":0,"font":"","enabled":false},"version":2},"jetpack_post_was_ever_published":false},"categories":[4,39],"tags":[],"class_list":["post-8696","post","type-post","status-publish","format-standard","has-post-thumbnail","hentry","category-diocese","category-igreja"],"jetpack_publicize_connections":[],"featured_image_urls":{"full":["https:\/\/correiodasemana.com\/site\/wp-content\/uploads\/2019\/08\/IMG_4871.jpg",640,480,false],"thumbnail":["https:\/\/correiodasemana.com\/site\/wp-content\/uploads\/2019\/08\/IMG_4871-150x150.jpg",150,150,true],"medium":["https:\/\/correiodasemana.com\/site\/wp-content\/uploads\/2019\/08\/IMG_4871-300x225.jpg",300,225,true],"medium_large":["https:\/\/correiodasemana.com\/site\/wp-content\/uploads\/2019\/08\/IMG_4871.jpg",640,480,false],"large":["https:\/\/correiodasemana.com\/site\/wp-content\/uploads\/2019\/08\/IMG_4871.jpg",640,480,false],"1536x1536":["https:\/\/correiodasemana.com\/site\/wp-content\/uploads\/2019\/08\/IMG_4871.jpg",640,480,false],"2048x2048":["https:\/\/correiodasemana.com\/site\/wp-content\/uploads\/2019\/08\/IMG_4871.jpg",640,480,false],"covernews-featured":["https:\/\/correiodasemana.com\/site\/wp-content\/uploads\/2019\/08\/IMG_4871.jpg",640,480,false],"covernews-medium":["https:\/\/correiodasemana.com\/site\/wp-content\/uploads\/2019\/08\/IMG_4871.jpg",453,340,false]},"author_info":{"info":[""]},"category_info":"<a href=\"https:\/\/correiodasemana.com\/site\/category\/diocese\/\" rel=\"category tag\">Diocese<\/a> <a href=\"https:\/\/correiodasemana.com\/site\/category\/igreja\/\" rel=\"category tag\">Igreja<\/a>","tag_info":"Igreja","comment_count":"0","jetpack-related-posts":[{"id":9595,"url":"https:\/\/correiodasemana.com\/site\/romaria-das-criancas-faz-homenagem-a-menina-benigna-no-ceara\/","url_meta":{"origin":8696,"position":0},"title":"Romaria das Crian\u00e7as faz homenagem \u00e0 Menina Benigna no Cear\u00e1","author":"","date":"Outubro 28, 2019","format":false,"excerpt":"Centenas de crian\u00e7as participaram da caminhada em prepara\u00e7\u00e3o \u00e0 tradicional Romaria em honra \u00e0 jovem m\u00e1rtir Benigna Cardoso, a pr\u00f3xima Beata brasileira, marcada para esta quinta-feira, dia 24 de outubro, dia do mart\u00edrio da Serva de Deus. Vatican News S\u00e3o 10 dias de prepara\u00e7\u00e3o \u00e0 16\u00aa Romaria da Menina Benigna\u2026","rel":"","context":"In &quot;Atualidade&quot;","block_context":{"text":"Atualidade","link":"https:\/\/correiodasemana.com\/site\/category\/atualidade\/"},"img":{"alt_text":"","src":"https:\/\/i0.wp.com\/correiodasemana.com\/site\/wp-content\/uploads\/2019\/10\/DSC_0823-1-750x375.jpg?resize=350%2C200&ssl=1","width":350,"height":200,"srcset":"https:\/\/i0.wp.com\/correiodasemana.com\/site\/wp-content\/uploads\/2019\/10\/DSC_0823-1-750x375.jpg?resize=350%2C200&ssl=1 1x, https:\/\/i0.wp.com\/correiodasemana.com\/site\/wp-content\/uploads\/2019\/10\/DSC_0823-1-750x375.jpg?resize=525%2C300&ssl=1 1.5x, https:\/\/i0.wp.com\/correiodasemana.com\/site\/wp-content\/uploads\/2019\/10\/DSC_0823-1-750x375.jpg?resize=700%2C400&ssl=1 2x"},"classes":[]},{"id":36313,"url":"https:\/\/correiodasemana.com\/site\/diocese-de-sobral-se-despede-de-monsenhor-joao-batista-frota-exemplo-de-caridade-e-amor-ao-proximo-2\/","url_meta":{"origin":8696,"position":1},"title":"Diocese de Sobral se despede de Monsenhor Jo\u00e3o Batista Frota, exemplo de caridade e amor ao pr\u00f3ximo","author":"adminredacao","date":"Novembro 12, 2025","format":false,"excerpt":"Morreu na \u00faltima sexta-feira (07\/11), aos 88 anos, em Fortaleza, o Monsenhor Jo\u00e3o Batista Frota, um dos filhos mais ilustres do clero da Diocese de Sobral. O presb\u00edtero nasceu em 12 de setembro de 1937, no munic\u00edpio de Santana do Acara\u00fa, e foi ordenado sacerdote em Roma, no ano de\u2026","rel":"","context":"In &quot;Atualidade&quot;","block_context":{"text":"Atualidade","link":"https:\/\/correiodasemana.com\/site\/category\/atualidade\/"},"img":{"alt_text":"","src":"https:\/\/i0.wp.com\/correiodasemana.com\/site\/wp-content\/uploads\/2025\/11\/WhatsApp-Image-2025-11-10-at-00.03.57-2.jpeg?resize=350%2C200&ssl=1","width":350,"height":200,"srcset":"https:\/\/i0.wp.com\/correiodasemana.com\/site\/wp-content\/uploads\/2025\/11\/WhatsApp-Image-2025-11-10-at-00.03.57-2.jpeg?resize=350%2C200&ssl=1 1x, https:\/\/i0.wp.com\/correiodasemana.com\/site\/wp-content\/uploads\/2025\/11\/WhatsApp-Image-2025-11-10-at-00.03.57-2.jpeg?resize=525%2C300&ssl=1 1.5x, https:\/\/i0.wp.com\/correiodasemana.com\/site\/wp-content\/uploads\/2025\/11\/WhatsApp-Image-2025-11-10-at-00.03.57-2.jpeg?resize=700%2C400&ssl=1 2x, https:\/\/i0.wp.com\/correiodasemana.com\/site\/wp-content\/uploads\/2025\/11\/WhatsApp-Image-2025-11-10-at-00.03.57-2.jpeg?resize=1050%2C600&ssl=1 3x"},"classes":[]},{"id":33498,"url":"https:\/\/correiodasemana.com\/site\/papa-francisco-morre-aos-88-anos-um-adeus-sereno-marcado-por-fe-servico-e-amor-aos-mais-humildes\/","url_meta":{"origin":8696,"position":2},"title":"Papa Francisco morre aos 88 anos: um adeus sereno marcado por f\u00e9, servi\u00e7o e amor aos mais humildes","author":"adminredacao","date":"Abril 23, 2025","format":false,"excerpt":"Na manh\u00e3 desta segunda-feira, 21, o Vaticano anunciou com pesar a morte do Papa Francisco, aos 88 anos. O comunicado oficial foi feito por Sua Emin\u00eancia, o cardeal Kevin Farrell, diretamente da Capela da Casa Santa Marta, onde o Santo Padre residia desde o in\u00edcio de seu pontificado. \u201cQueridos irm\u00e3os\u2026","rel":"","context":"In &quot;Atualidade&quot;","block_context":{"text":"Atualidade","link":"https:\/\/correiodasemana.com\/site\/category\/atualidade\/"},"img":{"alt_text":"","src":"https:\/\/i0.wp.com\/correiodasemana.com\/site\/wp-content\/uploads\/2025\/04\/WhatsApp-Image-2025-04-21-at-16.05.02.jpeg?resize=350%2C200&ssl=1","width":350,"height":200,"srcset":"https:\/\/i0.wp.com\/correiodasemana.com\/site\/wp-content\/uploads\/2025\/04\/WhatsApp-Image-2025-04-21-at-16.05.02.jpeg?resize=350%2C200&ssl=1 1x, https:\/\/i0.wp.com\/correiodasemana.com\/site\/wp-content\/uploads\/2025\/04\/WhatsApp-Image-2025-04-21-at-16.05.02.jpeg?resize=525%2C300&ssl=1 1.5x, https:\/\/i0.wp.com\/correiodasemana.com\/site\/wp-content\/uploads\/2025\/04\/WhatsApp-Image-2025-04-21-at-16.05.02.jpeg?resize=700%2C400&ssl=1 2x, https:\/\/i0.wp.com\/correiodasemana.com\/site\/wp-content\/uploads\/2025\/04\/WhatsApp-Image-2025-04-21-at-16.05.02.jpeg?resize=1050%2C600&ssl=1 3x"},"classes":[]},{"id":39643,"url":"https:\/\/correiodasemana.com\/site\/homilia-na-memoria-da-dedicacao-da-basilica-de-santa-maria-maior-por-ocasiao-dos-220-anos-do-nascimento-do-veneravel-pe-jose-antonio-maria-ibiabina-aos-5-de-agosto-de-2026-em-santa-fe-pb\/","url_meta":{"origin":8696,"position":3},"title":"Homilia na Mem\u00f3ria da Dedica\u00e7\u00e3o da Bas\u00edlica de Santa Maria Maior por ocasi\u00e3o dos 220 anos do nascimento do Vener\u00e1vel Pe. Jos\u00e9 Ant\u00f4nio Maria Ibiabina, aos 5 de agosto de 2026 em Santa F\u00e9 \u2013 PB.","author":"adminredacao","date":"Agosto 24, 2026","format":false,"excerpt":"Amados irm\u00e3os e irm\u00e3s em Cristo Jesus nosso Senhor, louvado seja nosso senhor Jesus Cristo! Permitam-me iniciar esta homilia em primeiro lugar saudando vosso Bispo Diocesano, meu estimado irm\u00e3o no Episcopado Dom Edilson Soares Nobre. Nos conhecemos em Roma, na Cidade Eterna, moramos juntos dois anos no Pontif\u00edcio Col\u00e9gio Pio\u2026","rel":"","context":"In &quot;Diocese&quot;","block_context":{"text":"Diocese","link":"https:\/\/correiodasemana.com\/site\/category\/diocese\/"},"img":{"alt_text":"","src":"https:\/\/i0.wp.com\/correiodasemana.com\/site\/wp-content\/uploads\/2026\/08\/WhatsApp-Image-2026-08-05-at-21.52.51.jpeg?resize=350%2C200&ssl=1","width":350,"height":200,"srcset":"https:\/\/i0.wp.com\/correiodasemana.com\/site\/wp-content\/uploads\/2026\/08\/WhatsApp-Image-2026-08-05-at-21.52.51.jpeg?resize=350%2C200&ssl=1 1x, https:\/\/i0.wp.com\/correiodasemana.com\/site\/wp-content\/uploads\/2026\/08\/WhatsApp-Image-2026-08-05-at-21.52.51.jpeg?resize=525%2C300&ssl=1 1.5x, https:\/\/i0.wp.com\/correiodasemana.com\/site\/wp-content\/uploads\/2026\/08\/WhatsApp-Image-2026-08-05-at-21.52.51.jpeg?resize=700%2C400&ssl=1 2x"},"classes":[]},{"id":18611,"url":"https:\/\/correiodasemana.com\/site\/o-martirio-de-ontem-e-de-hoje-2\/","url_meta":{"origin":8696,"position":4},"title":"O mart\u00edrio de ontem e de hoje","author":"","date":"Janeiro 16, 2022","format":false,"excerpt":"Nesta semana, a 2\u00aa do Tempo Comum, a Igreja celebrar\u00e1 a mem\u00f3ria de alguns m\u00e1rtires. Dentre estes, alguns s\u00e3o bem populares, como S\u00e3o Sebasti\u00e3o e Santa In\u00eas. Nesse sentido, cabe-nos fazer uma reflex\u00e3o sobre o tema do mart\u00edrio, ainda bastante atual e presente na vida da Igreja. O Papa Francisco\u2026","rel":"","context":"In &quot;Artigos&quot;","block_context":{"text":"Artigos","link":"https:\/\/correiodasemana.com\/site\/category\/artigos\/"},"img":{"alt_text":"","src":"https:\/\/i0.wp.com\/correiodasemana.com\/site\/wp-content\/uploads\/2018\/02\/editorial-cs.jpg?resize=350%2C200&ssl=1","width":350,"height":200,"srcset":"https:\/\/i0.wp.com\/correiodasemana.com\/site\/wp-content\/uploads\/2018\/02\/editorial-cs.jpg?resize=350%2C200&ssl=1 1x, https:\/\/i0.wp.com\/correiodasemana.com\/site\/wp-content\/uploads\/2018\/02\/editorial-cs.jpg?resize=525%2C300&ssl=1 1.5x"},"classes":[]},{"id":15521,"url":"https:\/\/correiodasemana.com\/site\/o-martirio-de-ontem-e-de-hoje\/","url_meta":{"origin":8696,"position":5},"title":"O mart\u00edrio de ontem e de hoje","author":"","date":"Janeiro 24, 2021","format":false,"excerpt":"Nessa semana, a 2\u00aa do Tempo Comum, a Igreja celebrou a mem\u00f3ria de alguns m\u00e1rtires. Dentre estes, alguns s\u00e3o bem populares, como S\u00e3o Sebasti\u00e3o e Santa In\u00eas. Nesse sentido, cabe-nos fazer uma reflex\u00e3o sobre o tema do mart\u00edrio, ainda bastante atual e presente na vida da Igreja. O Papa Francisco\u2026","rel":"","context":"In &quot;Atualidade&quot;","block_context":{"text":"Atualidade","link":"https:\/\/correiodasemana.com\/site\/category\/atualidade\/"},"img":{"alt_text":"","src":"https:\/\/i0.wp.com\/correiodasemana.com\/site\/wp-content\/uploads\/2018\/02\/editorial-cs.jpg?resize=350%2C200&ssl=1","width":350,"height":200,"srcset":"https:\/\/i0.wp.com\/correiodasemana.com\/site\/wp-content\/uploads\/2018\/02\/editorial-cs.jpg?resize=350%2C200&ssl=1 1x, https:\/\/i0.wp.com\/correiodasemana.com\/site\/wp-content\/uploads\/2018\/02\/editorial-cs.jpg?resize=525%2C300&ssl=1 1.5x"},"classes":[]}],"jetpack_sharing_enabled":true,"jetpack_featured_media_url":"https:\/\/correiodasemana.com\/site\/wp-content\/uploads\/2019\/08\/IMG_4871.jpg","_links":{"self":[{"href":"https:\/\/correiodasemana.com\/site\/wp-json\/wp\/v2\/posts\/8696","targetHints":{"allow":["GET"]}}],"collection":[{"href":"https:\/\/correiodasemana.com\/site\/wp-json\/wp\/v2\/posts"}],"about":[{"href":"https:\/\/correiodasemana.com\/site\/wp-json\/wp\/v2\/types\/post"}],"author":[{"embeddable":true,"href":"https:\/\/correiodasemana.com\/site\/wp-json\/wp\/v2\/users\/1"}],"replies":[{"embeddable":true,"href":"https:\/\/correiodasemana.com\/site\/wp-json\/wp\/v2\/comments?post=8696"}],"version-history":[{"count":1,"href":"https:\/\/correiodasemana.com\/site\/wp-json\/wp\/v2\/posts\/8696\/revisions"}],"predecessor-version":[{"id":8698,"href":"https:\/\/correiodasemana.com\/site\/wp-json\/wp\/v2\/posts\/8696\/revisions\/8698"}],"wp:featuredmedia":[{"embeddable":true,"href":"https:\/\/correiodasemana.com\/site\/wp-json\/wp\/v2\/media\/8697"}],"wp:attachment":[{"href":"https:\/\/correiodasemana.com\/site\/wp-json\/wp\/v2\/media?parent=8696"}],"wp:term":[{"taxonomy":"category","embeddable":true,"href":"https:\/\/correiodasemana.com\/site\/wp-json\/wp\/v2\/categories?post=8696"},{"taxonomy":"post_tag","embeddable":true,"href":"https:\/\/correiodasemana.com\/site\/wp-json\/wp\/v2\/tags?post=8696"}],"curies":[{"name":"wp","href":"https:\/\/api.w.org\/{rel}","templated":true}]}}