{"id":8727,"date":"2019-08-17T23:43:09","date_gmt":"2019-08-17T23:43:09","guid":{"rendered":"https:\/\/correiodasemana.com\/site\/?p=8727"},"modified":"2019-08-17T23:43:09","modified_gmt":"2019-08-17T23:43:09","slug":"regioes-episcopais-8","status":"publish","type":"post","link":"https:\/\/correiodasemana.com\/site\/regioes-episcopais-8\/","title":{"rendered":"Regi\u00f5es Episcopais"},"content":{"rendered":"<p><strong>Fazenda da Esperan\u00e7a S\u00e3o Bento<\/strong><br \/>\nA Fazenda da Esperan\u00e7a no dia 29 de agosto estar\u00e1 realizando mais um jantar beneficente em prol da Fazenda S\u00e3o Bento. O evento ser\u00e1 realizado no Buffet Dona Flor em Sobral \u00e0s 19h30min. Para contar hist\u00f3rias de supera\u00e7\u00e3o e de vidas restauradas na Fazenda da Esperan\u00e7a, o Jantar vai contar com interven\u00e7\u00f5es art\u00edsticas com a participa\u00e7\u00e3o dos acolhidos em recupera\u00e7\u00e3o, bate papo e testemunhos dos \u2018ES\u2019 al\u00e9m de um momento musical com a cantora Andrea T\u00e1vora, \u2018ES\u2019 que se recuperou na Fazenda Sagrada Fam\u00edlia, em Fortaleza-CE. Os exib\u00edveis custam R$30 reais e podem ser adquiridos no Buffet Dona Flor (Derby), no Escrit\u00f3rio da Fazenda da Esperan\u00e7a (C\u00faria Diocesana), na Cl\u00ednica Arte de Cuidar (Derby), na Loja Esquina da Esperan\u00e7a (pr\u00f3xima ao Teatro S\u00e3o Jo\u00e3o) ou pr\u00f3pria Fazenda S\u00e3o Bento (Patriarca).<br \/>\nMaiores informa\u00e7\u00f5es podem ser obtidas pelos fones (88) 3611-0054 ou 9 9671-1865 (Whatsapp).<\/p>\n<p><strong>Par\u00f3quia Nossa Senhora do Perp\u00e9tuo Socorro \u2013 Alc\u00e2ntaras-CE<\/strong><br \/>\n<strong>FESTEJOS DE S\u00c3O JOS\u00c9 (DISTRITO DE VENTURA)<\/strong><br \/>\nDe 11 a 18 de Agosto de 2019<br \/>\nTEMA: S\u00e3o Jos\u00e9, tornai as nossas fam\u00edlias aut\u00eanticas escolas do Evangelho e pequenas Igrejas dom\u00e9sticas.<br \/>\nLEMA: S\u00e3o Jos\u00e9, ajuda-nos a \u201cCultivar e guardar a cria\u00e7\u00e3o.\u201d (Gn 2,15)<\/p>\n<p><strong>SEXTA-FEIRA (16\/08)<\/strong><br \/>\nNoite dos Motoristas, Motoqueiros, Comerciantes, Chapeleiras, Artes\u00e3os e Comunidades de Santa B\u00e1rbara, Carmol\u00e2ndia e Lanchinha.<br \/>\nSUBTEMA: S\u00e3o Jos\u00e9, ajudai as nossas fam\u00edlias a viverem sua miss\u00e3o em favor da vida.<br \/>\n18h30min &#8211; Celebra\u00e7\u00e3o da 8\u00aa Novena<br \/>\n19h &#8211; Celebra\u00e7\u00e3o Eucar\u00edstica<br \/>\nPRESIDENTE DA CELEBRA\u00c7\u00c3O: Pe. Bosco Linhares<\/p>\n<p><strong>S\u00c1BADO (17\/08)<\/strong><br \/>\nNoite dos Visitantes, Conterr\u00e2neos, Autoridades e Comunidades do Alegre e Sede da Par\u00f3quia.<br \/>\nSUBTEMA: S\u00e3o Jos\u00e9, tornai as nossas fam\u00edlias lugares de comunh\u00e3o e cen\u00e1culos de ora\u00e7\u00e3o.<br \/>\n18h30min &#8211; Celebra\u00e7\u00e3o da 9\u00aa Novena<br \/>\n19h &#8211; Celebra\u00e7\u00e3o Eucar\u00edstica<br \/>\nPRESIDENTE DA CELEBRA\u00c7\u00c3O: Pe. Jo\u00e3o Paulo &#8211; Reitor do Semin\u00e1rio S\u00e3o Jo\u00e3o Paulo II (Sobral)<br \/>\n-DOMINGO (18\/08) &#8211; ENCERRAMENTO:<br \/>\n10h &#8211; Solene Celebra\u00e7\u00e3o Eucar\u00edstica e Arriamento da Bandeira<\/p>\n<p><strong>PRESIDENTE DA CELEBRA\u00c7\u00c3O: Pe. Jo\u00e3o Paulo &#8211; Reitor do Semin\u00e1rio S\u00e3o Jo\u00e3o Paulo II (Sobral)<\/strong><br \/>\n<strong>COMUNICADOS:<\/strong><br \/>\n&#8211; Haver\u00e1 curso para o Batismo no dia 10\/08 (S\u00e1bado) \u00e0s 19h;<br \/>\n&#8211; Haver\u00e1 batizados no dia 16\/08 (Sexta-feira);<br \/>\n&#8211; Haver\u00e1 Barraca e Promo\u00e7\u00e3o Social todos os dias ap\u00f3s as Celebra\u00e7\u00f5es;<br \/>\n&#8211; Haver\u00e1 P\u00e9 de Serra no dia 12\/08 (Segunda-feira) ap\u00f3s a Celebra\u00e7\u00e3o da Palavra;<br \/>\n&#8211; Haver\u00e1 Bingo e P\u00e9 de Serra no dia 13\/08 (Ter\u00e7a-feira) ap\u00f3s a Celebra\u00e7\u00e3o da Palavra;<br \/>\n&#8211; Haver\u00e1 Seresta no dia 14\/08 (Quarta-feira) ap\u00f3s a Celebra\u00e7\u00e3o da Palavra;<br \/>\n&#8211; Haver\u00e1 Seresta com F\u00e1bio Lima no dia 15\/08 (Quinta-feira) ap\u00f3s a Santa Missa;<br \/>\n&#8211; Haver\u00e1 o leil\u00e3o dos Festejos no dia 17\/08 (S\u00e1bado) ap\u00f3s a Santa Missa.<\/p>\n<p><strong>Par\u00f3quia Santa Luzia \u2013 Jijoca de Jericoacoara-CE<\/strong><br \/>\nNo dia 17 de agosto ser\u00e1 realizado em Jijoca o I congresso das fam\u00edlias. Ser\u00e3o momentos de louvor, ora\u00e7\u00e3o, forma\u00e7\u00e3o, adora\u00e7\u00e3o e partilha. O valo da inscri\u00e7\u00e3o para o congresso \u00e9 de apenas R$ 10,00 e \u00e9 realizada na secretaria paroquial, para maiores informa\u00e7\u00f5es entre em contato pelo telefone: (88)9.9713-5774.<\/p>\n<p><strong>Par\u00f3quia de S\u00e3o Paulo Ap\u00f3stolo \u2013 Sobral-CE<\/strong><br \/>\nTr\u00edduo de S\u00e3o Miguel Arcanjo ser\u00e1 realizado nos dias 4 a 7 de setembro. Toda renda arrecada durante o tr\u00edduo ser\u00e1 investida na sacristia da Capela de S\u00e3o Jo\u00e3o Evangelista(Igreja da B\u00edblia). O tema da festa \u00e9 \u201cIgreja em miss\u00e3o cumprindo a palavra de Cristo\u201d e o lema: \u201cD\u00edzimo e miss\u00e3o, essenciais para uma igreja em sa\u00edda\u201d. Barracas de comidas, barracas de brincadeiras e leil\u00e3o tamb\u00e9m aconteceram durante o tr\u00edduo.<\/p>\n","protected":false},"excerpt":{"rendered":"<p>Fazenda da Esperan\u00e7a S\u00e3o Bento A Fazenda da Esperan\u00e7a no dia 29 de agosto estar\u00e1&#8230;<\/p>\n","protected":false},"author":1,"featured_media":7752,"comment_status":"open","ping_status":"open","sticky":false,"template":"","format":"standard","meta":{"_jetpack_memberships_contains_paid_content":false,"footnotes":"","jetpack_publicize_message":"","jetpack_publicize_feature_enabled":true,"jetpack_social_post_already_shared":true,"jetpack_social_options":{"image_generator_settings":{"template":"highway","default_image_id":0,"font":"","enabled":false},"version":2}},"categories":[39],"tags":[],"class_list":["post-8727","post","type-post","status-publish","format-standard","has-post-thumbnail","hentry","category-igreja"],"jetpack_publicize_connections":[],"jetpack_featured_media_url":"https:\/\/correiodasemana.com\/site\/wp-content\/uploads\/2018\/02\/Igreja_Se\u0301.jpg","jetpack-related-posts":[{"id":8742,"url":"https:\/\/correiodasemana.com\/site\/fazenda-da-esperanca-promove-jantar-em-prol-da-recuperacao-de-dependentes-quimicos\/","url_meta":{"origin":8727,"position":0},"title":"Fazenda da Esperan\u00e7a promove jantar em prol da recupera\u00e7\u00e3o de dependentes qu\u00edmicos","author":"","date":"Agosto 17, 2019","format":false,"excerpt":"A Fazenda da Esperan\u00e7a S\u00e3o Bento realiza, no dia 29 de agosto, mais uma edi\u00e7\u00e3o do Jantar Beneficente que j\u00e1 acontece h\u00e1 mais de 10 anos, com o objetivo de arrecadar fundos para a manuten\u00e7\u00e3o da comunidade terap\u00eautica na sua miss\u00e3o de recuperar jovens das drogas. O tradicional jantar, este\u2026","rel":"","context":"In &quot;Atualidade&quot;","block_context":{"text":"Atualidade","link":"https:\/\/correiodasemana.com\/site\/category\/atualidade\/"},"img":{"alt_text":"","src":"https:\/\/i0.wp.com\/correiodasemana.com\/site\/wp-content\/uploads\/2019\/08\/fazenda-da-esperan%C3%A7a-2018.jpg?resize=350%2C200&ssl=1","width":350,"height":200,"srcset":"https:\/\/i0.wp.com\/correiodasemana.com\/site\/wp-content\/uploads\/2019\/08\/fazenda-da-esperan%C3%A7a-2018.jpg?resize=350%2C200&ssl=1 1x, https:\/\/i0.wp.com\/correiodasemana.com\/site\/wp-content\/uploads\/2019\/08\/fazenda-da-esperan%C3%A7a-2018.jpg?resize=525%2C300&ssl=1 1.5x, https:\/\/i0.wp.com\/correiodasemana.com\/site\/wp-content\/uploads\/2019\/08\/fazenda-da-esperan%C3%A7a-2018.jpg?resize=700%2C400&ssl=1 2x"},"classes":[]},{"id":16996,"url":"https:\/\/correiodasemana.com\/site\/capela-da-fazenda-da-esperanca-e-elevada-a-santuario-diocesano-de-sao-bento\/","url_meta":{"origin":8727,"position":1},"title":"Capela da Fazenda da Esperan\u00e7a \u00e9 elevada a Santu\u00e1rio Diocesano de S\u00e3o Bento","author":"","date":"Julho 19, 2021","format":false,"excerpt":"Eleva\u00e7\u00e3o aconteceu durante a Festa de S\u00e3o Bento, 11 de julho, data que marca os 6 anos de inaugura\u00e7\u00e3o da Capela Seis anos ap\u00f3s a sua inaugura\u00e7\u00e3o, a Capela localizada na Fazenda da Esperan\u00e7a S\u00e3o Bento, no Patriarca, foi elevada \u00e0 categoria de Santu\u00e1rio Diocesano de S\u00e3o Bento pelo bispo\u2026","rel":"","context":"In &quot;Atualidade&quot;","block_context":{"text":"Atualidade","link":"https:\/\/correiodasemana.com\/site\/category\/atualidade\/"},"img":{"alt_text":"","src":"https:\/\/i0.wp.com\/correiodasemana.com\/site\/wp-content\/uploads\/2021\/07\/capela-fazenda-da-esperanca-6.jpg?resize=350%2C200&ssl=1","width":350,"height":200,"srcset":"https:\/\/i0.wp.com\/correiodasemana.com\/site\/wp-content\/uploads\/2021\/07\/capela-fazenda-da-esperanca-6.jpg?resize=350%2C200&ssl=1 1x, https:\/\/i0.wp.com\/correiodasemana.com\/site\/wp-content\/uploads\/2021\/07\/capela-fazenda-da-esperanca-6.jpg?resize=525%2C300&ssl=1 1.5x, https:\/\/i0.wp.com\/correiodasemana.com\/site\/wp-content\/uploads\/2021\/07\/capela-fazenda-da-esperanca-6.jpg?resize=700%2C400&ssl=1 2x"},"classes":[]},{"id":33966,"url":"https:\/\/correiodasemana.com\/site\/grupo-esperanca-viva-de-sobral-comemora-15-anos\/","url_meta":{"origin":8727,"position":2},"title":"Grupo Esperan\u00e7a Viva de Sobral comemora 15 anos","author":"adminredacao","date":"Junho 3, 2025","format":false,"excerpt":"H\u00e1 15 anos em 2010 o Grupo Esperan\u00e7a Viva (GEV) de Sobral dava in\u00edcio a sua miss\u00e3o de acolher pessoas com problemas de depend\u00eancia qu\u00edmica junto com seus familiares. E a incumb\u00eancia do grupo at\u00e9 hoje \u00e9 fazer uma ponte para o ingresso do adicto na Fazenda da Esperan\u00e7a S\u00e3o\u2026","rel":"","context":"In &quot;Atualidade&quot;","block_context":{"text":"Atualidade","link":"https:\/\/correiodasemana.com\/site\/category\/atualidade\/"},"img":{"alt_text":"","src":"https:\/\/i0.wp.com\/correiodasemana.com\/site\/wp-content\/uploads\/2025\/06\/Fazenda-da-esperanca-3-2.jpeg?resize=350%2C200&ssl=1","width":350,"height":200,"srcset":"https:\/\/i0.wp.com\/correiodasemana.com\/site\/wp-content\/uploads\/2025\/06\/Fazenda-da-esperanca-3-2.jpeg?resize=350%2C200&ssl=1 1x, https:\/\/i0.wp.com\/correiodasemana.com\/site\/wp-content\/uploads\/2025\/06\/Fazenda-da-esperanca-3-2.jpeg?resize=525%2C300&ssl=1 1.5x, https:\/\/i0.wp.com\/correiodasemana.com\/site\/wp-content\/uploads\/2025\/06\/Fazenda-da-esperanca-3-2.jpeg?resize=700%2C400&ssl=1 2x, https:\/\/i0.wp.com\/correiodasemana.com\/site\/wp-content\/uploads\/2025\/06\/Fazenda-da-esperanca-3-2.jpeg?resize=1050%2C600&ssl=1 3x, https:\/\/i0.wp.com\/correiodasemana.com\/site\/wp-content\/uploads\/2025\/06\/Fazenda-da-esperanca-3-2.jpeg?resize=1400%2C800&ssl=1 4x"},"classes":[]},{"id":18370,"url":"https:\/\/correiodasemana.com\/site\/fazenda-da-esperanca-sao-bento-celebra-13-anos-na-diocese-de-sobral\/","url_meta":{"origin":8727,"position":3},"title":"Fazenda da Esperan\u00e7a S\u00e3o Bento celebra 13 anos na Diocese de Sobral","author":"","date":"Dezembro 20, 2021","format":false,"excerpt":"No \u00faltimo dia 14 de dezembro, a Fazenda da Esperan\u00e7a S\u00e3o Bento, celebrou seus 13 anos de funda\u00e7\u00e3o na Diocese de Sobral. A celebra\u00e7\u00e3o contou com a presen\u00e7a do Bispo Diocesano Dom Jos\u00e9 Lu\u00eds Gomes de Vasconcelos presidindo e Pe. Jos\u00e9 Chitumba concelebrando. Na ocasi\u00e3o da festa, tamb\u00e9m foi ministrado\u2026","rel":"","context":"In &quot;Atualidade&quot;","block_context":{"text":"Atualidade","link":"https:\/\/correiodasemana.com\/site\/category\/atualidade\/"},"img":{"alt_text":"","src":"https:\/\/i0.wp.com\/correiodasemana.com\/site\/wp-content\/uploads\/2021\/12\/Crismandos-Fazenda-scaled.jpg?resize=350%2C200&ssl=1","width":350,"height":200,"srcset":"https:\/\/i0.wp.com\/correiodasemana.com\/site\/wp-content\/uploads\/2021\/12\/Crismandos-Fazenda-scaled.jpg?resize=350%2C200&ssl=1 1x, https:\/\/i0.wp.com\/correiodasemana.com\/site\/wp-content\/uploads\/2021\/12\/Crismandos-Fazenda-scaled.jpg?resize=525%2C300&ssl=1 1.5x, https:\/\/i0.wp.com\/correiodasemana.com\/site\/wp-content\/uploads\/2021\/12\/Crismandos-Fazenda-scaled.jpg?resize=700%2C400&ssl=1 2x, https:\/\/i0.wp.com\/correiodasemana.com\/site\/wp-content\/uploads\/2021\/12\/Crismandos-Fazenda-scaled.jpg?resize=1050%2C600&ssl=1 3x, https:\/\/i0.wp.com\/correiodasemana.com\/site\/wp-content\/uploads\/2021\/12\/Crismandos-Fazenda-scaled.jpg?resize=1400%2C800&ssl=1 4x"},"classes":[]},{"id":31504,"url":"https:\/\/correiodasemana.com\/site\/fazenda-da-esperanca-sobral-ha-20-anos-recuperando-jovens\/","url_meta":{"origin":8727,"position":4},"title":"Fazenda da Esperan\u00e7a, Sobral: H\u00e1 20 anos recuperando jovens","author":"adminredacao","date":"Novembro 18, 2024","format":false,"excerpt":"S\u00e3o Bento \u00e9 considerado \u201co pai dos monges\u201d, fundador da Ordem dos Beneditinos, ao qual \u00e9 atribu\u00edda a organiza\u00e7\u00e3o das atividades da vida mon\u00e1stica, vivia no convento, longe do conv\u00edvio social por convic\u00e7\u00e3o religiosa. S\u00e3o Bento tem um legado muito grande com a intimidade da Palavra de Deus. Ele realmente\u2026","rel":"","context":"In &quot;Atualidade&quot;","block_context":{"text":"Atualidade","link":"https:\/\/correiodasemana.com\/site\/category\/atualidade\/"},"img":{"alt_text":"","src":"https:\/\/i0.wp.com\/correiodasemana.com\/site\/wp-content\/uploads\/2024\/11\/Sao-Bento-vida-de-oracao-e-meditacao.jpg?resize=350%2C200&ssl=1","width":350,"height":200,"srcset":"https:\/\/i0.wp.com\/correiodasemana.com\/site\/wp-content\/uploads\/2024\/11\/Sao-Bento-vida-de-oracao-e-meditacao.jpg?resize=350%2C200&ssl=1 1x, https:\/\/i0.wp.com\/correiodasemana.com\/site\/wp-content\/uploads\/2024\/11\/Sao-Bento-vida-de-oracao-e-meditacao.jpg?resize=525%2C300&ssl=1 1.5x, https:\/\/i0.wp.com\/correiodasemana.com\/site\/wp-content\/uploads\/2024\/11\/Sao-Bento-vida-de-oracao-e-meditacao.jpg?resize=700%2C400&ssl=1 2x, https:\/\/i0.wp.com\/correiodasemana.com\/site\/wp-content\/uploads\/2024\/11\/Sao-Bento-vida-de-oracao-e-meditacao.jpg?resize=1050%2C600&ssl=1 3x, https:\/\/i0.wp.com\/correiodasemana.com\/site\/wp-content\/uploads\/2024\/11\/Sao-Bento-vida-de-oracao-e-meditacao.jpg?resize=1400%2C800&ssl=1 4x"},"classes":[]},{"id":29984,"url":"https:\/\/correiodasemana.com\/site\/dom-vasconcelos-celebra-missa-de-crisma-dos-acolhidos-da-fazenda-da-esperanca-sao-bento\/","url_meta":{"origin":8727,"position":5},"title":"Dom Vasconcelos celebra missa de Crisma dos acolhidos da Fazenda da Esperan\u00e7a S\u00e3o Bento","author":"adminredacao","date":"Julho 16, 2024","format":false,"excerpt":"S\u00e3o Bento \u00e9 considerado \u201co pai dos monges\u201d, fundador da Ordem dos Beneditinos, ao qual \u00e9 atribu\u00edda a organiza\u00e7\u00e3o das atividades da vida mon\u00e1stica, vivia no convento, longe do conv\u00edvio social por convic\u00e7\u00e3o religiosa. S\u00e3o Bento tem um legado muito grande com a intimidade da Palavra de Deus. Ele realmente\u2026","rel":"","context":"In &quot;Atualidade&quot;","block_context":{"text":"Atualidade","link":"https:\/\/correiodasemana.com\/site\/category\/atualidade\/"},"img":{"alt_text":"","src":"https:\/\/i0.wp.com\/correiodasemana.com\/site\/wp-content\/uploads\/2024\/07\/WhatsApp-Image-2024-07-13-at-09.36.01-3.jpeg?resize=350%2C200&ssl=1","width":350,"height":200,"srcset":"https:\/\/i0.wp.com\/correiodasemana.com\/site\/wp-content\/uploads\/2024\/07\/WhatsApp-Image-2024-07-13-at-09.36.01-3.jpeg?resize=350%2C200&ssl=1 1x, https:\/\/i0.wp.com\/correiodasemana.com\/site\/wp-content\/uploads\/2024\/07\/WhatsApp-Image-2024-07-13-at-09.36.01-3.jpeg?resize=525%2C300&ssl=1 1.5x, https:\/\/i0.wp.com\/correiodasemana.com\/site\/wp-content\/uploads\/2024\/07\/WhatsApp-Image-2024-07-13-at-09.36.01-3.jpeg?resize=700%2C400&ssl=1 2x, https:\/\/i0.wp.com\/correiodasemana.com\/site\/wp-content\/uploads\/2024\/07\/WhatsApp-Image-2024-07-13-at-09.36.01-3.jpeg?resize=1050%2C600&ssl=1 3x"},"classes":[]}],"jetpack_sharing_enabled":true,"_links":{"self":[{"href":"https:\/\/correiodasemana.com\/site\/wp-json\/wp\/v2\/posts\/8727","targetHints":{"allow":["GET"]}}],"collection":[{"href":"https:\/\/correiodasemana.com\/site\/wp-json\/wp\/v2\/posts"}],"about":[{"href":"https:\/\/correiodasemana.com\/site\/wp-json\/wp\/v2\/types\/post"}],"author":[{"embeddable":true,"href":"https:\/\/correiodasemana.com\/site\/wp-json\/wp\/v2\/users\/1"}],"replies":[{"embeddable":true,"href":"https:\/\/correiodasemana.com\/site\/wp-json\/wp\/v2\/comments?post=8727"}],"version-history":[{"count":1,"href":"https:\/\/correiodasemana.com\/site\/wp-json\/wp\/v2\/posts\/8727\/revisions"}],"predecessor-version":[{"id":8728,"href":"https:\/\/correiodasemana.com\/site\/wp-json\/wp\/v2\/posts\/8727\/revisions\/8728"}],"wp:featuredmedia":[{"embeddable":true,"href":"https:\/\/correiodasemana.com\/site\/wp-json\/wp\/v2\/media\/7752"}],"wp:attachment":[{"href":"https:\/\/correiodasemana.com\/site\/wp-json\/wp\/v2\/media?parent=8727"}],"wp:term":[{"taxonomy":"category","embeddable":true,"href":"https:\/\/correiodasemana.com\/site\/wp-json\/wp\/v2\/categories?post=8727"},{"taxonomy":"post_tag","embeddable":true,"href":"https:\/\/correiodasemana.com\/site\/wp-json\/wp\/v2\/tags?post=8727"}],"curies":[{"name":"wp","href":"https:\/\/api.w.org\/{rel}","templated":true}]}}