{"id":8737,"date":"2019-08-17T23:46:58","date_gmt":"2019-08-17T23:46:58","guid":{"rendered":"https:\/\/correiodasemana.com\/site\/?p=8737"},"modified":"2019-08-17T23:46:58","modified_gmt":"2019-08-17T23:46:58","slug":"padres-erivaldo-e-gilson-participaram-de-curso-base-de-exorcismo-no-rio-de-janeiro","status":"publish","type":"post","link":"https:\/\/correiodasemana.com\/site\/padres-erivaldo-e-gilson-participaram-de-curso-base-de-exorcismo-no-rio-de-janeiro\/","title":{"rendered":"Padres Erivaldo e Gilson participaram de curso base de exorcismo no Rio de Janeiro"},"content":{"rendered":"<p><img fetchpriority=\"high\" decoding=\"async\" class=\"alignleft size-medium wp-image-8732\" src=\"https:\/\/correiodasemana.com\/site\/wp-content\/uploads\/2019\/08\/WhatsApp-Image-2019-08-15-at-20.44.27-300x200.png\" alt=\"\" width=\"300\" height=\"200\" srcset=\"https:\/\/correiodasemana.com\/site\/wp-content\/uploads\/2019\/08\/WhatsApp-Image-2019-08-15-at-20.44.27-300x200.png 300w, https:\/\/correiodasemana.com\/site\/wp-content\/uploads\/2019\/08\/WhatsApp-Image-2019-08-15-at-20.44.27-768x512.png 768w, https:\/\/correiodasemana.com\/site\/wp-content\/uploads\/2019\/08\/WhatsApp-Image-2019-08-15-at-20.44.27.png 1024w\" sizes=\"(max-width: 300px) 100vw, 300px\" \/> <img decoding=\"async\" class=\"alignleft size-medium wp-image-8733\" src=\"https:\/\/correiodasemana.com\/site\/wp-content\/uploads\/2019\/08\/Pe.-Erivaldo-e-Padre-Piermario-298x300.png\" alt=\"\" width=\"298\" height=\"300\" srcset=\"https:\/\/correiodasemana.com\/site\/wp-content\/uploads\/2019\/08\/Pe.-Erivaldo-e-Padre-Piermario-298x300.png 298w, https:\/\/correiodasemana.com\/site\/wp-content\/uploads\/2019\/08\/Pe.-Erivaldo-e-Padre-Piermario-150x150.png 150w, https:\/\/correiodasemana.com\/site\/wp-content\/uploads\/2019\/08\/Pe.-Erivaldo-e-Padre-Piermario-768x772.png 768w, https:\/\/correiodasemana.com\/site\/wp-content\/uploads\/2019\/08\/Pe.-Erivaldo-e-Padre-Piermario.png 774w\" sizes=\"(max-width: 298px) 100vw, 298px\" \/> <img decoding=\"async\" class=\"alignleft size-medium wp-image-8734\" src=\"https:\/\/correiodasemana.com\/site\/wp-content\/uploads\/2019\/08\/Monsenhor-Rubens-e-Pe.-Erivaldo-278x300.png\" alt=\"\" width=\"278\" height=\"300\" srcset=\"https:\/\/correiodasemana.com\/site\/wp-content\/uploads\/2019\/08\/Monsenhor-Rubens-e-Pe.-Erivaldo-278x300.png 278w, https:\/\/correiodasemana.com\/site\/wp-content\/uploads\/2019\/08\/Monsenhor-Rubens-e-Pe.-Erivaldo-768x829.png 768w, https:\/\/correiodasemana.com\/site\/wp-content\/uploads\/2019\/08\/Monsenhor-Rubens-e-Pe.-Erivaldo.png 774w\" sizes=\"(max-width: 278px) 100vw, 278px\" \/> <img loading=\"lazy\" decoding=\"async\" class=\"alignleft size-medium wp-image-8735\" src=\"https:\/\/correiodasemana.com\/site\/wp-content\/uploads\/2019\/08\/PE.-eRIVALDO-E-pe.-Gilson-300x169.jpeg\" alt=\"\" width=\"300\" height=\"169\" srcset=\"https:\/\/correiodasemana.com\/site\/wp-content\/uploads\/2019\/08\/PE.-eRIVALDO-E-pe.-Gilson-300x169.jpeg 300w, https:\/\/correiodasemana.com\/site\/wp-content\/uploads\/2019\/08\/PE.-eRIVALDO-E-pe.-Gilson-768x432.jpeg 768w, https:\/\/correiodasemana.com\/site\/wp-content\/uploads\/2019\/08\/PE.-eRIVALDO-E-pe.-Gilson-1024x576.jpeg 1024w, https:\/\/correiodasemana.com\/site\/wp-content\/uploads\/2019\/08\/PE.-eRIVALDO-E-pe.-Gilson.jpeg 1032w\" sizes=\"(max-width: 300px) 100vw, 300px\" \/><\/p>\n<p>Resumo da Revista \u201cExorcista\u201d n\u00ba72<br \/>\nRepresentando a diocese de Sobral, os padres Jos\u00e9 Erivaldo da Ponte Prado, vig\u00e1rio paroquial de Santa Quit\u00e9ria e Gilson Paiva, p\u00e1roco da par\u00f3quia S\u00e3o Francisco (Cai\u00e7ara), participaram entre 6 e10 de agosto, no Centro de Estudos Sumar\u00e9, localizado na Arquidiocese de S\u00e3o Sebasti\u00e3o do Rio de Janeiro, do curso base sobre exorcismo e ora\u00e7\u00e3o de liberta\u00e7\u00e3o ministrado pela Associa\u00e7\u00e3o Internacional dos Exorcistas (AIE).<br \/>\nOs palestrantes foram o Monsenhor Dr. Rubens Miraglia Zani, exorcista da Diocese de Bauru \u2013 SP e o Padre Piermario Burgo, exorcista e reitor do Santu\u00e1rio de Belvedere \u2013 It\u00e1lia, ambos membros do Conselho da AIE.<br \/>\nAmbos disseram que foi gratificante e eficaz o que viram durante o curso. \u201cO curso de exorcismo foi de fundamental import\u00e2ncia para o nosso minist\u00e9rio sacerdotal uma vez que nos ajuda a perceber que al\u00e9m da realidade natural existe a realidade preternatural que est\u00e1 al\u00e9m do natural. Da\u00ed entra a a\u00e7\u00e3o maligna existente desde a \u00e9poca apost\u00f3lica. Da\u00ed a import\u00e2ncia de aprofundar no assunto e conscientizar melhor os fi\u00e9is a respeito de tais realidades que afligem a pessoa humana em sua realidade existencial\u201d, salientou o Pe. Jos\u00e9 Erivaldo da Ponte Prado.<br \/>\nO curso iniciou-se com a santa missa presidida pelo Cardeal Arcebispo do Rio de Janeiro, Dom Orani Jo\u00e3o Tempesta. Saudando os 81 padres participantes, dentre eles 7 exorcistas oficiais, o bispo acolheu a todos e concedeu a sua ben\u00e7\u00e3o para o trabalho que a AIE t\u00eam feito no Brasil e no mundo a fim de formar novos exorcistas para a Igreja. O curso aconteceu em um momento importante para o Brasil porque frequentemente o assunto \u201cexorcismo\u201d est\u00e1 surgindo na Igreja. H\u00e1 muito poucos exorcistas no pa\u00eds e o avan\u00e7o das seitas e os pecados contra o primeiro mandamento, tem contribu\u00eddo para o aumento expressivo dos casos da a\u00e7\u00e3o extraordin\u00e1ria do dem\u00f4nio que precisam da interven\u00e7\u00e3o da Igreja.<br \/>\nSegundo o Padre Geovane Ferreira Silva, anfitri\u00e3o do curso, colunista do nosso site e exorcista oficial da Arquidiocese de S\u00e3o Sebasti\u00e3o do Rio de Janeiro,, \u201co curso da AIE no Brasil \u00e9 importante para que essa forma\u00e7\u00e3o t\u00e3o necess\u00e1ria, t\u00e3o importante, possa alcan\u00e7ar a tantos padres que as vezes n\u00e3o tem condi\u00e7\u00f5es de uma forma\u00e7\u00e3o ou de um encontro mais caro fora do Brasil e assim ajud\u00e1-los a compreender melhor o seu minist\u00e9rio, o seu trabalho, o seu chamado e o seu provisionamento dado pelo bispo e a tantos outros que, direta ou indiretamente, trabalham com ora\u00e7\u00f5es de liberta\u00e7\u00e3o e entre outros atendimentos que facilitam a compreens\u00e3o para a indica\u00e7\u00e3o daquela pessoa que est\u00e1 sendo atendida a um exorcista.\u201d<br \/>\nO curso trouxe a compreens\u00e3o da igreja sobre o assunto da possess\u00e3o demon\u00edaca e os aspectos que envolvem o discernimento da a\u00e7\u00e3o extraordin\u00e1ria do dem\u00f4nio, apresentando crit\u00e9rios de discernimento dos casos que possivelmente necessitam da interven\u00e7\u00e3o da Igreja com a ministra\u00e7\u00e3o do exorcismo maior.<br \/>\nO pr\u00f3ximo curso oficial da AIE no Brasil acontecer\u00e1 de 12 a 16 de novembro em S\u00e3o Paulo e as vagas j\u00e1 est\u00e3o esgotadas.<br \/>\nMais uma grande ben\u00e7\u00e3o para o Brasil!<\/p>\n","protected":false},"excerpt":{"rendered":"<p>Resumo da Revista \u201cExorcista\u201d n\u00ba72 Representando a diocese de Sobral, os padres Jos\u00e9 Erivaldo da&#8230;<\/p>\n","protected":false},"author":1,"featured_media":8732,"comment_status":"open","ping_status":"open","sticky":false,"template":"","format":"standard","meta":{"_jetpack_memberships_contains_paid_content":false,"footnotes":"","jetpack_publicize_message":"","jetpack_publicize_feature_enabled":true,"jetpack_social_post_already_shared":true,"jetpack_social_options":{"image_generator_settings":{"template":"highway","default_image_id":0,"font":"","enabled":false},"version":2}},"categories":[39],"tags":[],"class_list":["post-8737","post","type-post","status-publish","format-standard","has-post-thumbnail","hentry","category-igreja"],"jetpack_publicize_connections":[],"jetpack_featured_media_url":"https:\/\/correiodasemana.com\/site\/wp-content\/uploads\/2019\/08\/WhatsApp-Image-2019-08-15-at-20.44.27.png","jetpack-related-posts":[{"id":10656,"url":"https:\/\/correiodasemana.com\/site\/padres-se-aprofundam-em-curso-de-parapsicologia-em-sao-paulo\/","url_meta":{"origin":8737,"position":0},"title":"Padres se aprofundam em curso de parapsicologia, em S\u00e3o Paulo","author":"","date":"Fevereiro 3, 2020","format":false,"excerpt":"Nos dias 20 a 26 de janeiro de 2020, aconteceu em Guarulhos (SP) o curso de extens\u00e3o em Parapsicologia e Religi\u00e3o desenvolvido pelo Instituto de Parapsicologia Padre Quevedo (IPQ), contando com a participa\u00e7\u00e3o de 41 cursistas. De nossa Diocese de Sobral, participaram do curso os padres Erivaldo Prado, da Par\u00f3quia\u2026","rel":"","context":"In &quot;Atualidade&quot;","block_context":{"text":"Atualidade","link":"https:\/\/correiodasemana.com\/site\/category\/atualidade\/"},"img":{"alt_text":"","src":"https:\/\/i0.wp.com\/correiodasemana.com\/site\/wp-content\/uploads\/2020\/02\/padre-Erivaldo-curso-de-parapsicoologia-3.jpg?resize=350%2C200&ssl=1","width":350,"height":200,"srcset":"https:\/\/i0.wp.com\/correiodasemana.com\/site\/wp-content\/uploads\/2020\/02\/padre-Erivaldo-curso-de-parapsicoologia-3.jpg?resize=350%2C200&ssl=1 1x, https:\/\/i0.wp.com\/correiodasemana.com\/site\/wp-content\/uploads\/2020\/02\/padre-Erivaldo-curso-de-parapsicoologia-3.jpg?resize=525%2C300&ssl=1 1.5x"},"classes":[]},{"id":16704,"url":"https:\/\/correiodasemana.com\/site\/diocese-de-sobral-registra-transferencias-e-nomeacoes-de-sacerdotes\/","url_meta":{"origin":8737,"position":1},"title":"Diocese de Sobral registra transfer\u00eancias e nomea\u00e7\u00f5es de sacerdotes","author":"","date":"Junho 14, 2021","format":false,"excerpt":"Reda\u00e7\u00e3o Correio da Semana Na \u00faltima sexta-feira (04) a diocese de Sobral registrou\u00a0transfer\u00eancias, nomea\u00e7\u00f5es e um uso de ordem de alguns sacerdotes para par\u00f3quias da regi\u00e3o diante das necessidades pastorais. O documento que oficializa as mudan\u00e7as foi assinado pelo bispo da diocese, Dom Jos\u00e9 Luiz Gomes de Vasconcelos e se\u2026","rel":"","context":"In &quot;Atualidade&quot;","block_context":{"text":"Atualidade","link":"https:\/\/correiodasemana.com\/site\/category\/atualidade\/"},"img":{"alt_text":"","src":"https:\/\/i0.wp.com\/correiodasemana.com\/site\/wp-content\/uploads\/2021\/06\/WhatsApp-Image-2021-06-04-at-18.11.41.jpeg?resize=350%2C200&ssl=1","width":350,"height":200,"srcset":"https:\/\/i0.wp.com\/correiodasemana.com\/site\/wp-content\/uploads\/2021\/06\/WhatsApp-Image-2021-06-04-at-18.11.41.jpeg?resize=350%2C200&ssl=1 1x, https:\/\/i0.wp.com\/correiodasemana.com\/site\/wp-content\/uploads\/2021\/06\/WhatsApp-Image-2021-06-04-at-18.11.41.jpeg?resize=525%2C300&ssl=1 1.5x, https:\/\/i0.wp.com\/correiodasemana.com\/site\/wp-content\/uploads\/2021\/06\/WhatsApp-Image-2021-06-04-at-18.11.41.jpeg?resize=700%2C400&ssl=1 2x"},"classes":[]},{"id":37252,"url":"https:\/\/correiodasemana.com\/site\/padre-jose-erivaldo-maria-e-apresentado-como-novo-reitor-do-santuario-tabor-da-mae-rainha\/","url_meta":{"origin":8737,"position":2},"title":"Padre Jos\u00e9 Erivaldo Maria \u00e9 apresentado como novo reitor do Santu\u00e1rio Tabor da M\u00e3e Rainha","author":"adminredacao","date":"Fevereiro 7, 2026","format":false,"excerpt":"Na noite deste domingo (18\/01), a comunidade cat\u00f3lica de Sobral acolheu oficialmente o novo reitor do Santu\u00e1rio Tabor da M\u00e3e Rainha, padre Jos\u00e9 Erivaldo Maria, durante Celebra\u00e7\u00e3o Eucar\u00edstica presidida pelo vig\u00e1rio episcopal da Regi\u00e3o Sede, padre Denilson de Sousa. A celebra\u00e7\u00e3o reuniu grande n\u00famero de fi\u00e9is e contou com a\u2026","rel":"","context":"In &quot;Atualidade&quot;","block_context":{"text":"Atualidade","link":"https:\/\/correiodasemana.com\/site\/category\/atualidade\/"},"img":{"alt_text":"","src":"https:\/\/i0.wp.com\/correiodasemana.com\/site\/wp-content\/uploads\/2026\/02\/WhatsApp-Image-2026-01-23-at-17.21.14-1.jpeg?resize=350%2C200&ssl=1","width":350,"height":200,"srcset":"https:\/\/i0.wp.com\/correiodasemana.com\/site\/wp-content\/uploads\/2026\/02\/WhatsApp-Image-2026-01-23-at-17.21.14-1.jpeg?resize=350%2C200&ssl=1 1x, https:\/\/i0.wp.com\/correiodasemana.com\/site\/wp-content\/uploads\/2026\/02\/WhatsApp-Image-2026-01-23-at-17.21.14-1.jpeg?resize=525%2C300&ssl=1 1.5x, https:\/\/i0.wp.com\/correiodasemana.com\/site\/wp-content\/uploads\/2026\/02\/WhatsApp-Image-2026-01-23-at-17.21.14-1.jpeg?resize=700%2C400&ssl=1 2x, https:\/\/i0.wp.com\/correiodasemana.com\/site\/wp-content\/uploads\/2026\/02\/WhatsApp-Image-2026-01-23-at-17.21.14-1.jpeg?resize=1050%2C600&ssl=1 3x"},"classes":[]},{"id":29698,"url":"https:\/\/correiodasemana.com\/site\/padre-gilson-toma-posse-como-novo-paroco-da-paroquia-de-santo-antonio-em-aracatiacu\/","url_meta":{"origin":8737,"position":3},"title":"Padre Gilson toma posse como novo p\u00e1roco da Par\u00f3quia de Santo Ant\u00f4nio em Aracatia\u00e7u","author":"adminredacao","date":"Junho 18, 2024","format":false,"excerpt":"O Padre Manoel Gilson foi empossado canonicamente como novo p\u00e1roco da Par\u00f3quia de Santo Ant\u00f4nio em Aracatia\u00e7u, no dia 15 de junho, durante Missa com Rito de Posse, presidida por Dom Vasconcelos e concelebrada por Pe. Maur\u00edlio Xavier na igreja matriz. Ap\u00f3s a sauda\u00e7\u00e3o inicial, a provis\u00e3o e decreto de\u2026","rel":"","context":"In &quot;Atualidade&quot;","block_context":{"text":"Atualidade","link":"https:\/\/correiodasemana.com\/site\/category\/atualidade\/"},"img":{"alt_text":"","src":"https:\/\/i0.wp.com\/correiodasemana.com\/site\/wp-content\/uploads\/2024\/06\/WhatsApp-Image-2024-06-16-at-21.43.20.jpeg?resize=350%2C200&ssl=1","width":350,"height":200,"srcset":"https:\/\/i0.wp.com\/correiodasemana.com\/site\/wp-content\/uploads\/2024\/06\/WhatsApp-Image-2024-06-16-at-21.43.20.jpeg?resize=350%2C200&ssl=1 1x, https:\/\/i0.wp.com\/correiodasemana.com\/site\/wp-content\/uploads\/2024\/06\/WhatsApp-Image-2024-06-16-at-21.43.20.jpeg?resize=525%2C300&ssl=1 1.5x, https:\/\/i0.wp.com\/correiodasemana.com\/site\/wp-content\/uploads\/2024\/06\/WhatsApp-Image-2024-06-16-at-21.43.20.jpeg?resize=700%2C400&ssl=1 2x, https:\/\/i0.wp.com\/correiodasemana.com\/site\/wp-content\/uploads\/2024\/06\/WhatsApp-Image-2024-06-16-at-21.43.20.jpeg?resize=1050%2C600&ssl=1 3x, https:\/\/i0.wp.com\/correiodasemana.com\/site\/wp-content\/uploads\/2024\/06\/WhatsApp-Image-2024-06-16-at-21.43.20.jpeg?resize=1400%2C800&ssl=1 4x"},"classes":[]},{"id":33129,"url":"https:\/\/correiodasemana.com\/site\/segunda-edicao-do-retiro-quaresmal-da-quase-paroquia-da-divina-misericordia-reune-fieis-em-sobral\/","url_meta":{"origin":8737,"position":4},"title":"Segunda edi\u00e7\u00e3o do Retiro Quaresmal da Quase-Par\u00f3quia da Divina Miseric\u00f3rdia re\u00fane fi\u00e9is em Sobral","author":"adminredacao","date":"Mar\u00e7o 31, 2025","format":false,"excerpt":"A Quase-Par\u00f3quia da Divina Miseric\u00f3rdia realizou de 21 a 23 de mar\u00e7o, a segunda edi\u00e7\u00e3o do Retiro Quaresmal no audit\u00f3rio Oscar Spindola Rodrigues, no Centro Universit\u00e1rio INTA - UNINTA, em Sobral. Com o tema: \u201cEste \u00e9 o cora\u00e7\u00e3o que tanto amou\u201d, frase dita pelo Santo Padre, o Papa Francisco, o\u2026","rel":"","context":"In &quot;Atualidade&quot;","block_context":{"text":"Atualidade","link":"https:\/\/correiodasemana.com\/site\/category\/atualidade\/"},"img":{"alt_text":"","src":"https:\/\/i0.wp.com\/correiodasemana.com\/site\/wp-content\/uploads\/2025\/03\/Retiro-quaresmal-da-divina-misericordia-4.jpeg?resize=350%2C200&ssl=1","width":350,"height":200,"srcset":"https:\/\/i0.wp.com\/correiodasemana.com\/site\/wp-content\/uploads\/2025\/03\/Retiro-quaresmal-da-divina-misericordia-4.jpeg?resize=350%2C200&ssl=1 1x, https:\/\/i0.wp.com\/correiodasemana.com\/site\/wp-content\/uploads\/2025\/03\/Retiro-quaresmal-da-divina-misericordia-4.jpeg?resize=525%2C300&ssl=1 1.5x, https:\/\/i0.wp.com\/correiodasemana.com\/site\/wp-content\/uploads\/2025\/03\/Retiro-quaresmal-da-divina-misericordia-4.jpeg?resize=700%2C400&ssl=1 2x, https:\/\/i0.wp.com\/correiodasemana.com\/site\/wp-content\/uploads\/2025\/03\/Retiro-quaresmal-da-divina-misericordia-4.jpeg?resize=1050%2C600&ssl=1 3x, https:\/\/i0.wp.com\/correiodasemana.com\/site\/wp-content\/uploads\/2025\/03\/Retiro-quaresmal-da-divina-misericordia-4.jpeg?resize=1400%2C800&ssl=1 4x"},"classes":[]},{"id":19786,"url":"https:\/\/correiodasemana.com\/site\/pe-uli-endres-celebra-20-anos-de-ordenacao-sacerdotal-com-celebracao-especial\/","url_meta":{"origin":8737,"position":5},"title":"Pe. Uli Endres celebra 20 anos de Ordena\u00e7\u00e3o Sacerdotal com celebra\u00e7\u00e3o especial","author":"","date":"Maio 16, 2022","format":false,"excerpt":"(Thais Helena \u2013 Reda\u00e7\u00e3o Correio da Semana) O Vig\u00e1rio Paroquial da Par\u00f3quia Nossa Senhora da Concei\u00e7\u00e3o - S\u00c9 Catedral de Sobral, Pe. Uli Endres, celebrou na \u00faltima segunda-feira (09\/05), vinte anos de Ordena\u00e7\u00e3o Sacerdotal, com Santa Missa em A\u00e7\u00e3o de Gra\u00e7as e um jantar especial. Na Catedral, Pe. Uli presidiu\u2026","rel":"","context":"In &quot;Atualidade&quot;","block_context":{"text":"Atualidade","link":"https:\/\/correiodasemana.com\/site\/category\/atualidade\/"},"img":{"alt_text":"","src":"https:\/\/i0.wp.com\/correiodasemana.com\/site\/wp-content\/uploads\/2022\/05\/Pe.-Uli-Endres-celebra-20-anos-8.jpg?resize=350%2C200&ssl=1","width":350,"height":200,"srcset":"https:\/\/i0.wp.com\/correiodasemana.com\/site\/wp-content\/uploads\/2022\/05\/Pe.-Uli-Endres-celebra-20-anos-8.jpg?resize=350%2C200&ssl=1 1x, https:\/\/i0.wp.com\/correiodasemana.com\/site\/wp-content\/uploads\/2022\/05\/Pe.-Uli-Endres-celebra-20-anos-8.jpg?resize=525%2C300&ssl=1 1.5x, https:\/\/i0.wp.com\/correiodasemana.com\/site\/wp-content\/uploads\/2022\/05\/Pe.-Uli-Endres-celebra-20-anos-8.jpg?resize=700%2C400&ssl=1 2x"},"classes":[]}],"jetpack_sharing_enabled":true,"_links":{"self":[{"href":"https:\/\/correiodasemana.com\/site\/wp-json\/wp\/v2\/posts\/8737","targetHints":{"allow":["GET"]}}],"collection":[{"href":"https:\/\/correiodasemana.com\/site\/wp-json\/wp\/v2\/posts"}],"about":[{"href":"https:\/\/correiodasemana.com\/site\/wp-json\/wp\/v2\/types\/post"}],"author":[{"embeddable":true,"href":"https:\/\/correiodasemana.com\/site\/wp-json\/wp\/v2\/users\/1"}],"replies":[{"embeddable":true,"href":"https:\/\/correiodasemana.com\/site\/wp-json\/wp\/v2\/comments?post=8737"}],"version-history":[{"count":1,"href":"https:\/\/correiodasemana.com\/site\/wp-json\/wp\/v2\/posts\/8737\/revisions"}],"predecessor-version":[{"id":8738,"href":"https:\/\/correiodasemana.com\/site\/wp-json\/wp\/v2\/posts\/8737\/revisions\/8738"}],"wp:featuredmedia":[{"embeddable":true,"href":"https:\/\/correiodasemana.com\/site\/wp-json\/wp\/v2\/media\/8732"}],"wp:attachment":[{"href":"https:\/\/correiodasemana.com\/site\/wp-json\/wp\/v2\/media?parent=8737"}],"wp:term":[{"taxonomy":"category","embeddable":true,"href":"https:\/\/correiodasemana.com\/site\/wp-json\/wp\/v2\/categories?post=8737"},{"taxonomy":"post_tag","embeddable":true,"href":"https:\/\/correiodasemana.com\/site\/wp-json\/wp\/v2\/tags?post=8737"}],"curies":[{"name":"wp","href":"https:\/\/api.w.org\/{rel}","templated":true}]}}