{"id":8739,"date":"2019-08-17T23:47:58","date_gmt":"2019-08-17T23:47:58","guid":{"rendered":"https:\/\/correiodasemana.com\/site\/?p=8739"},"modified":"2019-08-17T23:47:58","modified_gmt":"2019-08-17T23:47:58","slug":"advogados-sao-homenageados-em-sessao-solene-na-camara-municipal-de-sobral","status":"publish","type":"post","link":"https:\/\/correiodasemana.com\/site\/advogados-sao-homenageados-em-sessao-solene-na-camara-municipal-de-sobral\/","title":{"rendered":"Advogados s\u00e3o homenageados em sess\u00e3o solene na C\u00e2mara Municipal de Sobral"},"content":{"rendered":"<p><strong>Homenagem ao Dia do Advogado &#8211; 11 de agosto &#8211; data em que foram institu\u00eddos, em 1827, os dois primeiros cursos de direito do Brasil, em S\u00e3o Paulo (SP) e Olinda (PE)<\/strong><\/p>\n<p>Simone Fernandes \u2013 DTI\/C\u00e2mara<br \/>\nA C\u00e2mara Municipal de Sobral realizou, na ter\u00e7a-feira (13), Sess\u00e3o Solene em homenagem ao Dia do Advogado &#8211; 11 de agosto, a data em que foram institu\u00eddos, em 1827, os dois primeiros cursos de direito do Brasil, em S\u00e3o Paulo (SP) e Olinda (PE). A solenidade teve como propositor o vereador Aleandro Henrique Lopes Linhares (PDT), atrav\u00e9s do requerimento 69\/2019, aprovado por unanimidade pelo plen\u00e1rio da Casa Legislativa. A sess\u00e3o foi presidida pelo presidente da Casa, vereador Carlos Evanilson Oliveira Vasconcelos (Carlos do Calisto \u2013 PDT).<br \/>\nA Mesa Solene contou com as presen\u00e7as das seguintes personalidades: Rafael Pereira Ponte \u2013 Subsec\u00e7\u00e3o Sobral; Jos\u00e9 In\u00e1cio Linhares \u2013 Presidente da Academia Sobralense de Letras Jur\u00eddicas e Rodrigo Mesquita Ara\u00fajo \u2013 representando o Prefeito de Sobral, Ivo Ferreira Gomes. E contou com os seguintes homenageados: Almir Lima dos Santos; Ant\u00f4nio Cavalcante Carneiro J\u00fanior; Antonio Mendes Carneiro J\u00fanior; Aur\u00e9lio Magalh\u00e3es Ponte; Charles Ant\u00f4nio Ximenes de Paiva; Charles Soares Alc\u00e2ntara; Djalma Rodrigues Ferreira Filho; Elionai Ponte Frota; Evangelisa Maria Sousa Barreto; Ezio Guimar\u00e3es Azevedo; Isaac de Paulo Andrade; Jos\u00e9 Domingues Ferreira da Ponte Neto; Jos\u00e9 Luis Ara\u00fajo Lira; Jose Wellington Parente Silva; Luiz Joviniano Gomes Neto; Lintor Jos\u00e9 Linhares Torquato; Mayara Leit\u00e3o Ximenes; Natchely Nara Ferreira Parente; Os\u00e9as de Souza Rodrigues Filho; Paulo Maria Ribeiro Linhares Filho; Rafael Pereira Ponte e Sebasti\u00e3o Martins da Frota Neto.<br \/>\nOportunamente, a convite do presidente, o vereador Aleandro Lopes Linhares falou em nome da C\u00e2mara Municipal, \u201cQuero desejar parab\u00e9ns a todos os advogados pelo nosso dia e dizer que fico preocupado com os jovens advogados, eles precisam de um est\u00edmulo, uma for\u00e7a a mais que poderia vir do Congresso Nacional, atrav\u00e9s de um programa para estagi\u00e1rios, e para os advogados veteranos estamos aqui na C\u00e2mara Municipal para representa-los, estreitando os la\u00e7os para dar uma melhor contribui\u00e7\u00e3o do legislativo em prol da nossa categoria\u201d, frisou o vereador.<\/p>\n","protected":false},"excerpt":{"rendered":"<p>Homenagem ao Dia do Advogado &#8211; 11 de agosto &#8211; data em que foram institu\u00eddos,&#8230;<\/p>\n","protected":false},"author":1,"featured_media":8740,"comment_status":"open","ping_status":"open","sticky":false,"template":"","format":"standard","meta":{"_jetpack_memberships_contains_paid_content":false,"footnotes":"","jetpack_publicize_message":"","jetpack_publicize_feature_enabled":true,"jetpack_social_post_already_shared":true,"jetpack_social_options":{"image_generator_settings":{"template":"highway","default_image_id":0,"font":"","enabled":false},"version":2}},"categories":[1],"tags":[],"class_list":["post-8739","post","type-post","status-publish","format-standard","has-post-thumbnail","hentry","category-atualidade"],"jetpack_publicize_connections":[],"jetpack_featured_media_url":"https:\/\/correiodasemana.com\/site\/wp-content\/uploads\/2019\/08\/Advogados-homenageados-na-c\u00e2mara-municipal-de-Sobral.jpg","jetpack-related-posts":[{"id":26189,"url":"https:\/\/correiodasemana.com\/site\/camara-homenageia-dia-do-advogado-em-sessao-especial\/","url_meta":{"origin":8739,"position":0},"title":"C\u00e2mara homenageia &#8220;Dia do Advogado&#8221; em Sess\u00e3o Especial","author":"adminredacao","date":"Agosto 21, 2023","format":false,"excerpt":"Na noite da \u00faltima ter\u00e7a-feira (08\/08), a C\u00e2mara Municipal de Sobral, presidida pela vereadora Maria Socorro Brasileiro Magalh\u00e3es (PDT), reuniu-se em uma Sess\u00e3o Especial emocionante para celebrar o Dia do Advogado, comemorado no 11 de agosto, e prestar homenagem aos profissionais que desempenham um papel fundamental na busca pela justi\u00e7a\u2026","rel":"","context":"In &quot;Atualidade&quot;","block_context":{"text":"Atualidade","link":"https:\/\/correiodasemana.com\/site\/category\/atualidade\/"},"img":{"alt_text":"","src":"https:\/\/i0.wp.com\/correiodasemana.com\/site\/wp-content\/uploads\/2023\/08\/noticia_2c8460e0f4045af.jpeg?resize=350%2C200&ssl=1","width":350,"height":200,"srcset":"https:\/\/i0.wp.com\/correiodasemana.com\/site\/wp-content\/uploads\/2023\/08\/noticia_2c8460e0f4045af.jpeg?resize=350%2C200&ssl=1 1x, https:\/\/i0.wp.com\/correiodasemana.com\/site\/wp-content\/uploads\/2023\/08\/noticia_2c8460e0f4045af.jpeg?resize=525%2C300&ssl=1 1.5x"},"classes":[]},{"id":30343,"url":"https:\/\/correiodasemana.com\/site\/poucas-e-boas-42\/","url_meta":{"origin":8739,"position":1},"title":"POUCAS E BOAS","author":"adminredacao","date":"Agosto 12, 2024","format":false,"excerpt":"N\u00e3o \u00e9 nova a ideia de comemorar o dia dedicado aos Pais, pois nasceu na antiga Babil\u00f4nia h\u00e1 mais de quatro mil anos. Um jovem chamado Elmesu moldou e esculpiu em argila o primeiro cart\u00e3o. Com isso, ele desejava sorte, sa\u00fade e longa vida a seu pai. Nos Estados Unidos,\u2026","rel":"","context":"In &quot;Artigos&quot;","block_context":{"text":"Artigos","link":"https:\/\/correiodasemana.com\/site\/category\/artigos\/"},"img":{"alt_text":"","src":"https:\/\/i0.wp.com\/correiodasemana.com\/site\/wp-content\/uploads\/2023\/05\/artemisio-da-costa-2.jpg?resize=350%2C200&ssl=1","width":350,"height":200},"classes":[]},{"id":9447,"url":"https:\/\/correiodasemana.com\/site\/panorama-politico-15\/","url_meta":{"origin":8739,"position":2},"title":"Panorama Pol\u00edtico","author":"","date":"Outubro 14, 2019","format":false,"excerpt":"Prefeito Ivo Gomes entrega nova pra\u00e7a em Ponta da Serra Atendendo a uma solicita\u00e7\u00e3o do vereador Itamar Ribeiro(PDT), o prefeito Ivo Gomes, inaugurou na noite de quarta-feira, dia 09, a Pra\u00e7a Benjamim Pessoa de Azevedo na localidade Ponta da Serra - distrito de Pedra de Fogo. A solenidade contou com\u2026","rel":"","context":"In &quot;Artigos&quot;","block_context":{"text":"Artigos","link":"https:\/\/correiodasemana.com\/site\/category\/artigos\/"},"img":{"alt_text":"","src":"https:\/\/i0.wp.com\/correiodasemana.com\/site\/wp-content\/uploads\/2019\/07\/dscf8825.jpg?resize=350%2C200&ssl=1","width":350,"height":200,"srcset":"https:\/\/i0.wp.com\/correiodasemana.com\/site\/wp-content\/uploads\/2019\/07\/dscf8825.jpg?resize=350%2C200&ssl=1 1x, https:\/\/i0.wp.com\/correiodasemana.com\/site\/wp-content\/uploads\/2019\/07\/dscf8825.jpg?resize=525%2C300&ssl=1 1.5x, https:\/\/i0.wp.com\/correiodasemana.com\/site\/wp-content\/uploads\/2019\/07\/dscf8825.jpg?resize=700%2C400&ssl=1 2x, https:\/\/i0.wp.com\/correiodasemana.com\/site\/wp-content\/uploads\/2019\/07\/dscf8825.jpg?resize=1050%2C600&ssl=1 3x, https:\/\/i0.wp.com\/correiodasemana.com\/site\/wp-content\/uploads\/2019\/07\/dscf8825.jpg?resize=1400%2C800&ssl=1 4x"},"classes":[]},{"id":27464,"url":"https:\/\/correiodasemana.com\/site\/camara-municipal-de-sobral-presta-homenagem-aos-engenheiros-civis-e-arquitetos-em-sessao-especial\/","url_meta":{"origin":8739,"position":3},"title":"C\u00e2mara Municipal de Sobral Presta Homenagem aos Engenheiros Civis e Arquitetos em Sess\u00e3o Especial","author":"adminredacao","date":"Dezembro 4, 2023","format":false,"excerpt":"Na noite do dia 28 de novembro de 2023, a C\u00e2mara Municipal de Sobral sediou uma sess\u00e3o especial em homenagem ao Dia do Engenheiro Civil e ao Dia do Arquiteto. A iniciativa, respaldada pelos requerimentos n\u00b0 199\/23 do vereador Raimundo Carneiro Portela (PT) e n\u00b0 171\/23 do 1\u00b0 Secret\u00e1rio da\u2026","rel":"","context":"In &quot;Atualidade&quot;","block_context":{"text":"Atualidade","link":"https:\/\/correiodasemana.com\/site\/category\/atualidade\/"},"img":{"alt_text":"","src":"https:\/\/i0.wp.com\/correiodasemana.com\/site\/wp-content\/uploads\/2023\/12\/DSC4333-scaled.jpg?resize=350%2C200&ssl=1","width":350,"height":200,"srcset":"https:\/\/i0.wp.com\/correiodasemana.com\/site\/wp-content\/uploads\/2023\/12\/DSC4333-scaled.jpg?resize=350%2C200&ssl=1 1x, https:\/\/i0.wp.com\/correiodasemana.com\/site\/wp-content\/uploads\/2023\/12\/DSC4333-scaled.jpg?resize=525%2C300&ssl=1 1.5x, https:\/\/i0.wp.com\/correiodasemana.com\/site\/wp-content\/uploads\/2023\/12\/DSC4333-scaled.jpg?resize=700%2C400&ssl=1 2x, https:\/\/i0.wp.com\/correiodasemana.com\/site\/wp-content\/uploads\/2023\/12\/DSC4333-scaled.jpg?resize=1050%2C600&ssl=1 3x, https:\/\/i0.wp.com\/correiodasemana.com\/site\/wp-content\/uploads\/2023\/12\/DSC4333-scaled.jpg?resize=1400%2C800&ssl=1 4x"},"classes":[]},{"id":35044,"url":"https:\/\/correiodasemana.com\/site\/vida-de-droga-droga-de-vida\/","url_meta":{"origin":8739,"position":4},"title":"VIDA DE DROGA &#8211; DROGA DE VIDA!!!","author":"adminredacao","date":"Agosto 17, 2025","format":false,"excerpt":"Foi o triste desabafo que ouvi de um amigo de inf\u00e2ncia, hoje amargurado pai, cujo filho agora leva uma vida de droga, acarretando sofrimento para toda a fam\u00edlia. Desde seu nascimento o garoto teve direito a quase tudo: quarto pessoal, som, videogame, computador, celular, moto, carro, dinheiro... Pai e m\u00e3e\u2026","rel":"","context":"In &quot;Artigos&quot;","block_context":{"text":"Artigos","link":"https:\/\/correiodasemana.com\/site\/category\/artigos\/"},"img":{"alt_text":"","src":"https:\/\/i0.wp.com\/correiodasemana.com\/site\/wp-content\/uploads\/2023\/05\/artemisio-da-costa-2.jpg?resize=350%2C200&ssl=1","width":350,"height":200},"classes":[]},{"id":34655,"url":"https:\/\/correiodasemana.com\/site\/oab-de-sobral-no-ceara-cria-comissao-especial-de-direito-canonico\/","url_meta":{"origin":8739,"position":5},"title":"OAB de Sobral, no Cear\u00e1, cria Comiss\u00e3o Especial de Direito Can\u00f4nico","author":"adminredacao","date":"Julho 15, 2025","format":false,"excerpt":"Fonte: Vatican News Durante 3\u00aa Reuni\u00e3o Ordin\u00e1ria do Conselho Pleno da Subsec\u00e7\u00e3o de Sobral da Ordem dos Advogados do Brasil \u2013 Se\u00e7\u00e3o do Cear\u00e1, realizada de forma h\u00edbrida, na sede da OAB Sobral, no Cear\u00e1, na tarde desta quinta-feira, 10 de julho de 2025, presidida pelo advogado Rafael Ponte, presidente\u2026","rel":"","context":"In &quot;Atualidade&quot;","block_context":{"text":"Atualidade","link":"https:\/\/correiodasemana.com\/site\/category\/atualidade\/"},"img":{"alt_text":"","src":"https:\/\/i0.wp.com\/correiodasemana.com\/site\/wp-content\/uploads\/2025\/07\/Jornal-Correio-da-Semana-No-1080-1.jpg?resize=350%2C200&ssl=1","width":350,"height":200,"srcset":"https:\/\/i0.wp.com\/correiodasemana.com\/site\/wp-content\/uploads\/2025\/07\/Jornal-Correio-da-Semana-No-1080-1.jpg?resize=350%2C200&ssl=1 1x, https:\/\/i0.wp.com\/correiodasemana.com\/site\/wp-content\/uploads\/2025\/07\/Jornal-Correio-da-Semana-No-1080-1.jpg?resize=525%2C300&ssl=1 1.5x"},"classes":[]}],"jetpack_sharing_enabled":true,"_links":{"self":[{"href":"https:\/\/correiodasemana.com\/site\/wp-json\/wp\/v2\/posts\/8739","targetHints":{"allow":["GET"]}}],"collection":[{"href":"https:\/\/correiodasemana.com\/site\/wp-json\/wp\/v2\/posts"}],"about":[{"href":"https:\/\/correiodasemana.com\/site\/wp-json\/wp\/v2\/types\/post"}],"author":[{"embeddable":true,"href":"https:\/\/correiodasemana.com\/site\/wp-json\/wp\/v2\/users\/1"}],"replies":[{"embeddable":true,"href":"https:\/\/correiodasemana.com\/site\/wp-json\/wp\/v2\/comments?post=8739"}],"version-history":[{"count":1,"href":"https:\/\/correiodasemana.com\/site\/wp-json\/wp\/v2\/posts\/8739\/revisions"}],"predecessor-version":[{"id":8741,"href":"https:\/\/correiodasemana.com\/site\/wp-json\/wp\/v2\/posts\/8739\/revisions\/8741"}],"wp:featuredmedia":[{"embeddable":true,"href":"https:\/\/correiodasemana.com\/site\/wp-json\/wp\/v2\/media\/8740"}],"wp:attachment":[{"href":"https:\/\/correiodasemana.com\/site\/wp-json\/wp\/v2\/media?parent=8739"}],"wp:term":[{"taxonomy":"category","embeddable":true,"href":"https:\/\/correiodasemana.com\/site\/wp-json\/wp\/v2\/categories?post=8739"},{"taxonomy":"post_tag","embeddable":true,"href":"https:\/\/correiodasemana.com\/site\/wp-json\/wp\/v2\/tags?post=8739"}],"curies":[{"name":"wp","href":"https:\/\/api.w.org\/{rel}","templated":true}]}}