{"id":8742,"date":"2019-08-17T23:48:37","date_gmt":"2019-08-17T23:48:37","guid":{"rendered":"https:\/\/correiodasemana.com\/site\/?p=8742"},"modified":"2019-08-17T23:48:37","modified_gmt":"2019-08-17T23:48:37","slug":"fazenda-da-esperanca-promove-jantar-em-prol-da-recuperacao-de-dependentes-quimicos","status":"publish","type":"post","link":"https:\/\/correiodasemana.com\/site\/fazenda-da-esperanca-promove-jantar-em-prol-da-recuperacao-de-dependentes-quimicos\/","title":{"rendered":"Fazenda da Esperan\u00e7a promove jantar em prol da recupera\u00e7\u00e3o de dependentes qu\u00edmicos"},"content":{"rendered":"<p>A Fazenda da Esperan\u00e7a S\u00e3o Bento realiza, no dia 29 de agosto, mais uma edi\u00e7\u00e3o do Jantar Beneficente que j\u00e1 acontece h\u00e1 mais de 10 anos, com o objetivo de arrecadar fundos para a manuten\u00e7\u00e3o da comunidade terap\u00eautica na sua miss\u00e3o de recuperar jovens das drogas. O tradicional jantar, este ano com o tema \u2018Espalhando Esperan\u00e7a\u2019, acontece no Buffet Dona Flor, iniciando \u00e0s 19h30.<br \/>\nDe acordo com a volunt\u00e1ria da Fazenda da Esperan\u00e7a S\u00e3o Bento e uma das organizadoras do Jantar Beneficente, Liciana Nunes Fillizola, o tema do evento faz men\u00e7\u00e3o aos \u2018ES\u2019, como costumam ser chamados aqueles que concluem seu tempo de recupera\u00e7\u00e3o na Fazenda e passam a ser \u2018embaixadores da Esperan\u00e7a\u2019 pelo mundo.<br \/>\n\u201cA ideia \u00e9 mostrar para a sociedade o quanto \u00e9 poss\u00edvel refazer vidas e formar homens novos atrav\u00e9s do Evangelho e do amor. A Fazenda tem contribu\u00eddo para a restaura\u00e7\u00e3o de muitas fam\u00edlias, que acabam tamb\u00e9m sendo recuperadas junto com cada jovem que passa pela comunidade terap\u00eautica, e s\u00e3o essas hist\u00f3rias que precisamos dividir com as pessoas\u201d, explica Liciana.<br \/>\nA volunt\u00e1ria tamb\u00e9m destaca que o Jantar objetiva mostrar para a sociedade os desafios enfrentados na recupera\u00e7\u00e3o dos dependentes qu\u00edmicos e enfatiza a import\u00e2ncia da participa\u00e7\u00e3o da sociedade na miss\u00e3o da Fazenda da Esperan\u00e7a. \u201cA Fazenda agradece a participa\u00e7\u00e3o da sociedade civil nos nossos projetos e a credibilidade que t\u00eam dado ao nosso trabalho. Acreditamos nessa parceria e o Jantar tamb\u00e9m \u00e9 uma forma de celebrar essa unidade\u201d, pontua.<br \/>\nOs recursos arrecadados no evento ser\u00e3o utilizados para realizar melhorias nas casas onde residem os acolhidos durante seu tempo de recupera\u00e7\u00e3o na comunidade terap\u00eautica.<\/p>\n<p>Atra\u00e7\u00f5es<br \/>\nPara contar hist\u00f3rias de supera\u00e7\u00e3o e de vidas restauradas na Fazenda da Esperan\u00e7a, o Jantar vai contar com interven\u00e7\u00f5es art\u00edsticas com a participa\u00e7\u00e3o dos acolhidos em recupera\u00e7\u00e3o, bate papo e testemunhos dos \u2018ES\u2019 al\u00e9m de um momento musical com a cantora Andrea T\u00e1vora, \u2018ES\u2019 que se recuperou na Fazenda Sagrada Fam\u00edlia, em Fortaleza-CE.<br \/>\nOs exib\u00edveis custam R$30 reais e podem ser adquiridos no Buffet Dona Flor (Derby), no Escrit\u00f3rio da Fazenda da Esperan\u00e7a (C\u00faria Diocesana), na Cl\u00ednica Arte de Cuidar (Derby), na Loja Esquina da Esperan\u00e7a (pr\u00f3xima ao Teatro S\u00e3o Jo\u00e3o) ou pr\u00f3pria Fazenda S\u00e3o Bento (Patriarca).<br \/>\nMaiores informa\u00e7\u00f5es podem ser obtidas pelos fones (88) 3611-0054 ou 9 9671-1865 (Whatsapp).<\/p>\n<p>SERVI\u00c7O<br \/>\nJantar Beneficente \u2018Espalhando Esperan\u00e7a\u2019<br \/>\nAtra\u00e7\u00f5es:\u00a0Andrea T\u00e1vora (Fortaleza-CE), \u2018ES\u2019 que se recuperaram na Fazenda da Esperan\u00e7a e apresenta\u00e7\u00f5es art\u00edsticas com homens em recupera\u00e7\u00e3o<br \/>\nQuando:\u00a029 de agosto, \u00e0s 19h30<br \/>\nOnde:\u00a0Buffet Dona Flor (R. Iolanda P. C. Barreto, 295 \u2013 Derby Clube)<\/p>\n<p>Convites:\u00a0R$ 30 \u2013 podem ser adquiridos no Buffet Dona Flor, Escrit\u00f3rio da Fazenda da Esperan\u00e7a (C\u00faria Diocesana), Cl\u00ednica Arte de Cuidar (Derby), Loja Esquina da Esperan\u00e7a (pr\u00f3xima ao Teatro S\u00e3o Jo\u00e3o) ou na pr\u00f3pria Fazenda S\u00e3o Bento (Patriarca).<br \/>\nFazenda da Esperan\u00e7a S\u00e3o Bento &#8211; Sobral\/CE<br \/>\nFone: +55 (88)\u00a03611-0054<br \/>\nSkype:\u00a0fazenda.sobral<\/p>\n","protected":false},"excerpt":{"rendered":"<p>A Fazenda da Esperan\u00e7a S\u00e3o Bento realiza, no dia 29 de agosto, mais uma edi\u00e7\u00e3o&#8230;<\/p>\n","protected":false},"author":1,"featured_media":8743,"comment_status":"open","ping_status":"open","sticky":false,"template":"","format":"standard","meta":{"_jetpack_memberships_contains_paid_content":false,"footnotes":"","jetpack_publicize_message":"","jetpack_publicize_feature_enabled":true,"jetpack_social_post_already_shared":true,"jetpack_social_options":{"image_generator_settings":{"template":"highway","default_image_id":0,"font":"","enabled":false},"version":2}},"categories":[1],"tags":[],"class_list":["post-8742","post","type-post","status-publish","format-standard","has-post-thumbnail","hentry","category-atualidade"],"jetpack_publicize_connections":[],"jetpack_featured_media_url":"https:\/\/correiodasemana.com\/site\/wp-content\/uploads\/2019\/08\/fazenda-da-esperan\u00e7a-2018.jpg","jetpack-related-posts":[{"id":27801,"url":"https:\/\/correiodasemana.com\/site\/fazenda-da-esperanca-celebra-15-anos-de-fundacao-com-celebracoes-e-evento-beneficente\/","url_meta":{"origin":8742,"position":0},"title":"Fazenda da Esperan\u00e7a celebra 15 anos de funda\u00e7\u00e3o com celebra\u00e7\u00f5es e evento beneficente","author":"adminredacao","date":"Dezembro 19, 2023","format":false,"excerpt":"Programa\u00e7\u00e3o A unidade terap\u00eautica da Fazenda da Esperan\u00e7a S\u00e3o Bento localizada no distrito de Patriarca em Sobral iniciou no dia 10 de dezembro as celebra\u00e7\u00f5es em comemora\u00e7\u00e3o aos 15 anos da unidade terap\u00eautica. Durante toda a semana, os fundadores, colaboradores, benfeitores, acolhidos e ex acolhidos participaram de uma programa\u00e7\u00e3o intensa.\u2026","rel":"","context":"In &quot;Atualidade&quot;","block_context":{"text":"Atualidade","link":"https:\/\/correiodasemana.com\/site\/category\/atualidade\/"},"img":{"alt_text":"","src":"https:\/\/i0.wp.com\/correiodasemana.com\/site\/wp-content\/uploads\/2023\/12\/MISSA-DA-FAZENDA-DA-ESPERANCA-1-1-scaled.jpg?resize=350%2C200&ssl=1","width":350,"height":200,"srcset":"https:\/\/i0.wp.com\/correiodasemana.com\/site\/wp-content\/uploads\/2023\/12\/MISSA-DA-FAZENDA-DA-ESPERANCA-1-1-scaled.jpg?resize=350%2C200&ssl=1 1x, https:\/\/i0.wp.com\/correiodasemana.com\/site\/wp-content\/uploads\/2023\/12\/MISSA-DA-FAZENDA-DA-ESPERANCA-1-1-scaled.jpg?resize=525%2C300&ssl=1 1.5x, https:\/\/i0.wp.com\/correiodasemana.com\/site\/wp-content\/uploads\/2023\/12\/MISSA-DA-FAZENDA-DA-ESPERANCA-1-1-scaled.jpg?resize=700%2C400&ssl=1 2x, https:\/\/i0.wp.com\/correiodasemana.com\/site\/wp-content\/uploads\/2023\/12\/MISSA-DA-FAZENDA-DA-ESPERANCA-1-1-scaled.jpg?resize=1050%2C600&ssl=1 3x, https:\/\/i0.wp.com\/correiodasemana.com\/site\/wp-content\/uploads\/2023\/12\/MISSA-DA-FAZENDA-DA-ESPERANCA-1-1-scaled.jpg?resize=1400%2C800&ssl=1 4x"},"classes":[]},{"id":8727,"url":"https:\/\/correiodasemana.com\/site\/regioes-episcopais-8\/","url_meta":{"origin":8742,"position":1},"title":"Regi\u00f5es Episcopais","author":"","date":"Agosto 17, 2019","format":false,"excerpt":"Fazenda da Esperan\u00e7a S\u00e3o Bento A Fazenda da Esperan\u00e7a no dia 29 de agosto estar\u00e1 realizando mais um jantar beneficente em prol da Fazenda S\u00e3o Bento. O evento ser\u00e1 realizado no Buffet Dona Flor em Sobral \u00e0s 19h30min. Para contar hist\u00f3rias de supera\u00e7\u00e3o e de vidas restauradas na Fazenda da\u2026","rel":"","context":"In &quot;Igreja&quot;","block_context":{"text":"Igreja","link":"https:\/\/correiodasemana.com\/site\/category\/igreja\/"},"img":{"alt_text":"","src":"https:\/\/i0.wp.com\/correiodasemana.com\/site\/wp-content\/uploads\/2018\/02\/Igreja_Se%CC%81.jpg?resize=350%2C200&ssl=1","width":350,"height":200,"srcset":"https:\/\/i0.wp.com\/correiodasemana.com\/site\/wp-content\/uploads\/2018\/02\/Igreja_Se%CC%81.jpg?resize=350%2C200&ssl=1 1x, https:\/\/i0.wp.com\/correiodasemana.com\/site\/wp-content\/uploads\/2018\/02\/Igreja_Se%CC%81.jpg?resize=525%2C300&ssl=1 1.5x, https:\/\/i0.wp.com\/correiodasemana.com\/site\/wp-content\/uploads\/2018\/02\/Igreja_Se%CC%81.jpg?resize=700%2C400&ssl=1 2x, https:\/\/i0.wp.com\/correiodasemana.com\/site\/wp-content\/uploads\/2018\/02\/Igreja_Se%CC%81.jpg?resize=1050%2C600&ssl=1 3x, https:\/\/i0.wp.com\/correiodasemana.com\/site\/wp-content\/uploads\/2018\/02\/Igreja_Se%CC%81.jpg?resize=1400%2C800&ssl=1 4x"},"classes":[]},{"id":15727,"url":"https:\/\/correiodasemana.com\/site\/fazenda-da-esperanca-na-serra-da-meruoca-tem-inauguracao-prevista-para-abril-de-2021\/","url_meta":{"origin":8742,"position":2},"title":"Fazenda da Esperan\u00e7a na Serra da Meruoca tem inaugura\u00e7\u00e3o prevista para abril de 2021","author":"","date":"Fevereiro 16, 2021","format":false,"excerpt":"Primeira unidade feminina da Fazenda na regi\u00e3o ter\u00e1 capacidade para acolher 15 mulheres em recupera\u00e7\u00e3o das drogas J\u00e1 se encontra em fase de finaliza\u00e7\u00e3o a primeira unidade feminina da Fazenda da Esperan\u00e7a na regi\u00e3o Norte do Cear\u00e1, destinada \u00e0 recupera\u00e7\u00e3o de mulheres contra o v\u00edcio das drogas. O projeto, que\u2026","rel":"","context":"In &quot;Atualidade&quot;","block_context":{"text":"Atualidade","link":"https:\/\/correiodasemana.com\/site\/category\/atualidade\/"},"img":{"alt_text":"","src":"https:\/\/i0.wp.com\/correiodasemana.com\/site\/wp-content\/uploads\/2021\/02\/WhatsApp-Image-2021-02-11-at-18.07.09.jpeg?resize=350%2C200&ssl=1","width":350,"height":200,"srcset":"https:\/\/i0.wp.com\/correiodasemana.com\/site\/wp-content\/uploads\/2021\/02\/WhatsApp-Image-2021-02-11-at-18.07.09.jpeg?resize=350%2C200&ssl=1 1x, https:\/\/i0.wp.com\/correiodasemana.com\/site\/wp-content\/uploads\/2021\/02\/WhatsApp-Image-2021-02-11-at-18.07.09.jpeg?resize=525%2C300&ssl=1 1.5x, https:\/\/i0.wp.com\/correiodasemana.com\/site\/wp-content\/uploads\/2021\/02\/WhatsApp-Image-2021-02-11-at-18.07.09.jpeg?resize=700%2C400&ssl=1 2x, https:\/\/i0.wp.com\/correiodasemana.com\/site\/wp-content\/uploads\/2021\/02\/WhatsApp-Image-2021-02-11-at-18.07.09.jpeg?resize=1050%2C600&ssl=1 3x"},"classes":[]},{"id":31922,"url":"https:\/\/correiodasemana.com\/site\/fazenda-da-esperanca-sao-bento-celebra-16-anos-com-triduo-e-reforca-o-compromisso-com-o-amor-ao-proximo\/","url_meta":{"origin":8742,"position":3},"title":"Fazenda da Esperan\u00e7a S\u00e3o Bento celebra 16 anos com Tr\u00edduo e refor\u00e7a o compromisso com o amor ao pr\u00f3ximo","author":"adminredacao","date":"Dezembro 24, 2024","format":false,"excerpt":"A Fazenda da Esperan\u00e7a S\u00e3o Bento, situada na comunidade de Lagoa Queimada, a um pouco mais de 20km de dist\u00e2ncia de Sobral, realizou de 13 a 15 de dezembro o Tr\u00edduo em comemora\u00e7\u00e3o aos 16 anos de cria\u00e7\u00e3o da obra social, com o tema: \u201cPeregrinos da Esperan\u00e7a\u201d e o lema:\u2026","rel":"","context":"In &quot;Atualidade&quot;","block_context":{"text":"Atualidade","link":"https:\/\/correiodasemana.com\/site\/category\/atualidade\/"},"img":{"alt_text":"","src":"https:\/\/i0.wp.com\/correiodasemana.com\/site\/wp-content\/uploads\/2024\/12\/fazenda-da-esperanca-6.jpg?resize=350%2C200&ssl=1","width":350,"height":200,"srcset":"https:\/\/i0.wp.com\/correiodasemana.com\/site\/wp-content\/uploads\/2024\/12\/fazenda-da-esperanca-6.jpg?resize=350%2C200&ssl=1 1x, https:\/\/i0.wp.com\/correiodasemana.com\/site\/wp-content\/uploads\/2024\/12\/fazenda-da-esperanca-6.jpg?resize=525%2C300&ssl=1 1.5x, https:\/\/i0.wp.com\/correiodasemana.com\/site\/wp-content\/uploads\/2024\/12\/fazenda-da-esperanca-6.jpg?resize=700%2C400&ssl=1 2x, https:\/\/i0.wp.com\/correiodasemana.com\/site\/wp-content\/uploads\/2024\/12\/fazenda-da-esperanca-6.jpg?resize=1050%2C600&ssl=1 3x, https:\/\/i0.wp.com\/correiodasemana.com\/site\/wp-content\/uploads\/2024\/12\/fazenda-da-esperanca-6.jpg?resize=1400%2C800&ssl=1 4x"},"classes":[]},{"id":16847,"url":"https:\/\/correiodasemana.com\/site\/inaugurada-unidade-feminina-da-fazenda-da-esperanca-na-meruoca\/","url_meta":{"origin":8742,"position":4},"title":"Inaugurada unidade feminina da Fazenda da Esperan\u00e7a na Meruoca","author":"","date":"Junho 27, 2021","format":false,"excerpt":"Fazenda Santa Clara \u00e9 a segunda unidade de acolhimento para mulheres do Estado A Fazenda da Esperan\u00e7a \u00e9 uma comunidade terap\u00eautica que atua desde 1983 no processo de recupera\u00e7\u00e3o de pessoas que buscam a liberta\u00e7\u00e3o de seus v\u00edcios, principalmente do \u00e1lcool e da droga. No Brasil s\u00e3o mais de 105\u2026","rel":"","context":"In &quot;Atualidade&quot;","block_context":{"text":"Atualidade","link":"https:\/\/correiodasemana.com\/site\/category\/atualidade\/"},"img":{"alt_text":"","src":"https:\/\/i0.wp.com\/correiodasemana.com\/site\/wp-content\/uploads\/2021\/06\/fazenda-da-esperanca-santa-clara-5.jpg?resize=350%2C200&ssl=1","width":350,"height":200,"srcset":"https:\/\/i0.wp.com\/correiodasemana.com\/site\/wp-content\/uploads\/2021\/06\/fazenda-da-esperanca-santa-clara-5.jpg?resize=350%2C200&ssl=1 1x, https:\/\/i0.wp.com\/correiodasemana.com\/site\/wp-content\/uploads\/2021\/06\/fazenda-da-esperanca-santa-clara-5.jpg?resize=525%2C300&ssl=1 1.5x, https:\/\/i0.wp.com\/correiodasemana.com\/site\/wp-content\/uploads\/2021\/06\/fazenda-da-esperanca-santa-clara-5.jpg?resize=700%2C400&ssl=1 2x"},"classes":[]},{"id":8886,"url":"https:\/\/correiodasemana.com\/site\/em-tempo-8\/","url_meta":{"origin":8742,"position":5},"title":"Em Tempo","author":"","date":"Agosto 27, 2019","format":false,"excerpt":"Aplicativo sobre clima e tempo Mestrado Profissional em Climatologia e Aplica\u00e7\u00f5es nos Pa\u00edses da CPLP e \u00c1frica, da Universidade Estadual do Cear\u00e1 (Uece), desenvolveu o aplicativo ClimaCE, que tem como principal objetivo facilitar o ensino e a aprendizagem de conceitos da climatologia. Dispon\u00edvel para Androide, o software \u00e9 resultado de\u2026","rel":"","context":"In &quot;Artigos&quot;","block_context":{"text":"Artigos","link":"https:\/\/correiodasemana.com\/site\/category\/artigos\/"},"img":{"alt_text":"","src":"https:\/\/i0.wp.com\/correiodasemana.com\/site\/wp-content\/uploads\/2019\/08\/69356523_2380207448727951_1601226441456877568_n.jpg?resize=350%2C200&ssl=1","width":350,"height":200,"srcset":"https:\/\/i0.wp.com\/correiodasemana.com\/site\/wp-content\/uploads\/2019\/08\/69356523_2380207448727951_1601226441456877568_n.jpg?resize=350%2C200&ssl=1 1x, https:\/\/i0.wp.com\/correiodasemana.com\/site\/wp-content\/uploads\/2019\/08\/69356523_2380207448727951_1601226441456877568_n.jpg?resize=525%2C300&ssl=1 1.5x, https:\/\/i0.wp.com\/correiodasemana.com\/site\/wp-content\/uploads\/2019\/08\/69356523_2380207448727951_1601226441456877568_n.jpg?resize=700%2C400&ssl=1 2x"},"classes":[]}],"jetpack_sharing_enabled":true,"_links":{"self":[{"href":"https:\/\/correiodasemana.com\/site\/wp-json\/wp\/v2\/posts\/8742","targetHints":{"allow":["GET"]}}],"collection":[{"href":"https:\/\/correiodasemana.com\/site\/wp-json\/wp\/v2\/posts"}],"about":[{"href":"https:\/\/correiodasemana.com\/site\/wp-json\/wp\/v2\/types\/post"}],"author":[{"embeddable":true,"href":"https:\/\/correiodasemana.com\/site\/wp-json\/wp\/v2\/users\/1"}],"replies":[{"embeddable":true,"href":"https:\/\/correiodasemana.com\/site\/wp-json\/wp\/v2\/comments?post=8742"}],"version-history":[{"count":1,"href":"https:\/\/correiodasemana.com\/site\/wp-json\/wp\/v2\/posts\/8742\/revisions"}],"predecessor-version":[{"id":8744,"href":"https:\/\/correiodasemana.com\/site\/wp-json\/wp\/v2\/posts\/8742\/revisions\/8744"}],"wp:featuredmedia":[{"embeddable":true,"href":"https:\/\/correiodasemana.com\/site\/wp-json\/wp\/v2\/media\/8743"}],"wp:attachment":[{"href":"https:\/\/correiodasemana.com\/site\/wp-json\/wp\/v2\/media?parent=8742"}],"wp:term":[{"taxonomy":"category","embeddable":true,"href":"https:\/\/correiodasemana.com\/site\/wp-json\/wp\/v2\/categories?post=8742"},{"taxonomy":"post_tag","embeddable":true,"href":"https:\/\/correiodasemana.com\/site\/wp-json\/wp\/v2\/tags?post=8742"}],"curies":[{"name":"wp","href":"https:\/\/api.w.org\/{rel}","templated":true}]}}