{"id":8745,"date":"2019-08-17T23:49:44","date_gmt":"2019-08-17T23:49:44","guid":{"rendered":"https:\/\/correiodasemana.com\/site\/?p=8745"},"modified":"2019-08-17T23:49:44","modified_gmt":"2019-08-17T23:49:44","slug":"servo-de-deus-6","status":"publish","type":"post","link":"https:\/\/correiodasemana.com\/site\/servo-de-deus-6\/","title":{"rendered":"SERVO DE DEUS"},"content":{"rendered":"<p><strong>Ir. Carminda Am\u00e9lia Carvalho Alves, mrcj<\/strong><\/p>\n<p><strong>REPARADORAS: UMA CONGREGA\u00c7\u00c3O DIOCESANA<\/strong><\/p>\n<p><strong>\u201cMission\u00e1rias com amor reparai<\/strong><br \/>\n<strong>As ofensas ao seu Cora\u00e7\u00e3o,<\/strong><br \/>\n<strong>Desagravo perene ao Senhor<\/strong><br \/>\n<strong>De almas simples que pedem perd\u00e3o\u201d.<\/strong><\/p>\n<p>DIA 15 DE AGOSTO: 62 ANOS DAS MISSION\u00c1RIAS REPARADORAS DO CORA\u00c7\u00c3O DE JESUS. A Congrega\u00e7\u00e3o das Mission\u00e1rias Reparadoras do Cora\u00e7\u00e3o de Jesus, de Direito Diocesano, foi fundada pelo Servo de Deus Joaquim Arn\u00f3bio de Andrade, em 15 de agosto de 1957, capela de Santo Antonio, em Sobral-CE. Eram quatro jovens id\u00f4neas: Ir. Luiza, Ir. Ros\u00e1lia, Ir. Ara\u00fajo e Ir. Viana que, com coragem e confian\u00e7a acreditaram no sonho do fundador, no seu desejo de repara\u00e7\u00e3o. o Esp\u00edrito Santo plasma em sua alma, mente e cora\u00e7\u00e3o o Carisma REPARADOR atrav\u00e9s da ora\u00e7\u00e3o do Salmista: \u201cSe me tivesse ofendido um inimigo, eu o teria suportado, por certo, mas eras tu, meu companheiro, meu amigo, \u00edntimo e meu familiar\u201d (Sl 54, 13-14).<br \/>\nFoi esta a inspira\u00e7\u00e3o divina que impulsionou Pe. Arn\u00f3bio a fundar a Congrega\u00e7\u00e3o com este Carisma, cuja miss\u00e3o \u00e9 Evangelizar difundindo o AMOR, REPARA\u00c7\u00c3O, EVANGELIZA\u00c7\u00c3O. Eis porque se necessita muito de uma luz acesa da F\u00c9 que mostre o caminho a ser percorrido&#8230; Revelando-se Deus quer que seu pequeno servo Arn\u00f3bio compreenda a Sua vontade, pois a revela\u00e7\u00e3o estava inundada de luz que iluminou a vida do Servo de Deus Joaquim Arn\u00f3bio na descoberta do Cora\u00e7\u00e3o de Jesus.<\/p>\n<p><strong>PASTORAL VOCACIONAL: o chamado continua&#8230; \u201cVinde e vede\u201d<\/strong><br \/>\nAtentas ao apelo do Cora\u00e7\u00e3o do Mestre, cada Mission\u00e1ria Reparadora sente-se ENVIADA para proclamar a Boa Nova do Amor de Deus e ser, pelo testemunho de vida \u201csinal da miseric\u00f3rdia de seu cora\u00e7\u00e3o\u201d para as pessoas, sobretudo para os doentes, pobres, idosos e exclu\u00eddos.<br \/>\nO Servo de Deus e a Pastoral Vocacional \u2013 Padre Joaquim Arn\u00f3bio, com a criatividade e seu amor a Deus, a Jesus Reparador e excessivo zelo mission\u00e1rio, sabia conquistar jovens para responder ao chamado de Deus, na Vida Religiosa e na Vida Sacerdotal, encaminhado-os para qualquer Congrega\u00e7\u00e3o Religiosa ou para o Semin\u00e1rio Diocesano. Por este motivo ele vive ainda hoje, nos cora\u00e7\u00f5es de muitas Religiosas e Sacerdotes espalhados por este Brasil e at\u00e9 no exterior. Segue um amor igual e de admira\u00e7\u00e3o tamb\u00e9m nas Irm\u00e3s Egressas e nos Leigos Reparadores. Um desejo de amar e reparar continua a fruir no seio da Igreja;<br \/>\nNa Congrega\u00e7\u00e3o das Mission\u00e1rias Reparadoras do Cora\u00e7\u00e3o de Jesus, por ele fundada, as recorda\u00e7\u00f5es s\u00e3o imensas e continuam sua presen\u00e7a e ensinamentos, tamb\u00e9m na atividade Pastoral e Vida Comunit\u00e1ria.<br \/>\nLogo nos primeiros contatos com as jovens, deixava transparecer o amor que brota do Cora\u00e7\u00e3o de Cristo. Usava palavras iluminadoras, gestos carinhosos, um testemunho que convencia mesmo aquelas que estavam duvidosas. Acreditava na transforma\u00e7\u00e3o e convers\u00e3o das candidatas e n\u00e3o hesitava em receb\u00ea-las sem grandes questionamentos. Desejar servir a Deus e aos irm\u00e3os, era suficiente.N\u00e3o media sacrif\u00edcios para atender a todas, na dire\u00e7\u00e3o espiritual, especialmente, \u00e0s desanimadas, a quem dedicava um paternal cuidado.Constitu\u00eda Equipe de Pastoral Vocacional. Visitava as Par\u00f3quias, \u00e0s vezes acompanhado por uma Irm\u00e3 e realizava encontros com jovens. O tema era sempre atual: \u201cVEM E SEGUE-ME\u201d.<br \/>\nExpunha: Jesus necessita de voc\u00eas, do entusiasmo, da generosidade, das energias jovens. Tenham coragem de deixar suas coisas casas, terra e seguir Jesus na Vida Consagrada.<br \/>\n\u00c0s irm\u00e3s que j\u00e1 responderam afirmativamente, o chamado de Deus, procuram fortalecer o patrim\u00f4nio de valores, florescido no cora\u00e7\u00e3o do Fundador e Pai Espiritual, como gostava de ser reconhecido pelas filhas que muito amava. Alimentava da vitalidade da Igreja e primava pela santidade dos membros da Congrega\u00e7\u00e3o. \u00abASSIM SEJA\u00bb, respondemos n\u00f3s, Mission\u00e1rias Reparadoras do Cora\u00e7\u00e3o de Jesus, procurando revelar o impulso do Carisma de amor a Deus, querendo mostrar a nossa identidade reparadora, tornando-nos assim, filhas espirituais, legitimas, do Servo de Deus Joaquim Arn\u00f3bio de Andrade. Mission\u00e1rias do Amor de Deus. Mission\u00e1rias da Repara\u00e7\u00e3o do Cora\u00e7\u00e3o de Jesus.<br \/>\nMission\u00e1rias na vida Paroquial fortalecendo o ardor sacerdotal dos p\u00e1rocos. Mission\u00e1rias com e como os pobres. Hoje, cada crist\u00e3o cat\u00f3lico, cada mission\u00e1ria reparadora, cada leigo reparador \u00e9 chamado a ser um promotor vocacional!!! O que voc\u00ea est\u00e1 fazendo pela obra das voca\u00e7\u00f5es?<br \/>\nCelebrar 62 anos de funda\u00e7\u00e3o da Congrega\u00e7\u00e3o das Mission\u00e1rias Reparadoras do Cora\u00e7\u00e3o de Jesus \u00e9 buscar entrar em sintonia com o Servo de Deus e ter a coragem de ser Religiosa Reparadora no amor, na repara\u00e7\u00e3o e na evangeliza\u00e7\u00e3o e poder dizer a cada dia como ele nos ensinou: \u201cO importante n\u00e3o \u00e9 s\u00f3 come\u00e7ar bem, mas terminar bem\u201d.<\/p>\n","protected":false},"excerpt":{"rendered":"<p>Ir. Carminda Am\u00e9lia Carvalho Alves, mrcj REPARADORAS: UMA CONGREGA\u00c7\u00c3O DIOCESANA \u201cMission\u00e1rias com amor reparai As&#8230;<\/p>\n","protected":false},"author":1,"featured_media":8746,"comment_status":"open","ping_status":"open","sticky":false,"template":"","format":"standard","meta":{"_jetpack_memberships_contains_paid_content":false,"footnotes":"","jetpack_publicize_message":"","jetpack_publicize_feature_enabled":true,"jetpack_social_post_already_shared":true,"jetpack_social_options":{"image_generator_settings":{"template":"highway","default_image_id":0,"font":"","enabled":false},"version":2}},"categories":[11,67],"tags":[],"class_list":["post-8745","post","type-post","status-publish","format-standard","has-post-thumbnail","hentry","category-artigos","category-ir-carminda-amelia"],"jetpack_publicize_connections":[],"jetpack_featured_media_url":"https:\/\/correiodasemana.com\/site\/wp-content\/uploads\/2019\/08\/68935582_563270077542603_1992048798737629184_n.jpg","jetpack-related-posts":[{"id":9098,"url":"https:\/\/correiodasemana.com\/site\/servo-de-deus-9\/","url_meta":{"origin":8745,"position":0},"title":"SERVO DE DEUS","author":"","date":"Setembro 15, 2019","format":false,"excerpt":"Estamos vivendo um tempo de gra\u00e7a na Diocese de Sobral: a abertura da Causa de Beatifica\u00e7\u00e3o do Servo de Deus Joaquim Arn\u00f3bio de Andrade. \u00c9 um acontecimento eclesial, n\u00e3o somente para a Igreja de Sobral, a Congrega\u00e7\u00e3o das Mission\u00e1rias Reparadoras do Cora\u00e7\u00e3o de Jesus, mas para toda a urbe crist\u00e3,\u2026","rel":"","context":"In &quot;Artigos&quot;","block_context":{"text":"Artigos","link":"https:\/\/correiodasemana.com\/site\/category\/artigos\/"},"img":{"alt_text":"","src":"https:\/\/i0.wp.com\/correiodasemana.com\/site\/wp-content\/uploads\/2019\/07\/T-PA.jpg?resize=350%2C200&ssl=1","width":350,"height":200,"srcset":"https:\/\/i0.wp.com\/correiodasemana.com\/site\/wp-content\/uploads\/2019\/07\/T-PA.jpg?resize=350%2C200&ssl=1 1x, https:\/\/i0.wp.com\/correiodasemana.com\/site\/wp-content\/uploads\/2019\/07\/T-PA.jpg?resize=525%2C300&ssl=1 1.5x, https:\/\/i0.wp.com\/correiodasemana.com\/site\/wp-content\/uploads\/2019\/07\/T-PA.jpg?resize=700%2C400&ssl=1 2x"},"classes":[]},{"id":8834,"url":"https:\/\/correiodasemana.com\/site\/congregacao-em-festa\/","url_meta":{"origin":8745,"position":1},"title":"CONGREGA\u00c7\u00c3O EM FESTA","author":"","date":"Agosto 27, 2019","format":false,"excerpt":"Celebra\u00e7\u00e3o Eucar\u00edstica: 62 anos da Funda\u00e7\u00e3o da Congrega\u00e7\u00e3o das MRCJ, com a presid\u00eancia de Dom Vasconcelos e co-celebrada por Pe. Lucione, as Mission\u00e1rias Reparadoras do Cora\u00e7\u00e3o de Jesus rendem gra\u00e7as a Deus pelos 62 anos de funda\u00e7\u00e3o da Congrega\u00e7\u00e3o, realizada no \u00faltimo dia 15 de agosto, pr\u00f3ximo passado. Na ocasi\u00e3o\u2026","rel":"","context":"In &quot;Diocese&quot;","block_context":{"text":"Diocese","link":"https:\/\/correiodasemana.com\/site\/category\/diocese\/"},"img":{"alt_text":"","src":"https:\/\/i0.wp.com\/correiodasemana.com\/site\/wp-content\/uploads\/2019\/08\/68337769_496117397627764_5191361515097161728_n.jpg?resize=350%2C200&ssl=1","width":350,"height":200,"srcset":"https:\/\/i0.wp.com\/correiodasemana.com\/site\/wp-content\/uploads\/2019\/08\/68337769_496117397627764_5191361515097161728_n.jpg?resize=350%2C200&ssl=1 1x, https:\/\/i0.wp.com\/correiodasemana.com\/site\/wp-content\/uploads\/2019\/08\/68337769_496117397627764_5191361515097161728_n.jpg?resize=525%2C300&ssl=1 1.5x, https:\/\/i0.wp.com\/correiodasemana.com\/site\/wp-content\/uploads\/2019\/08\/68337769_496117397627764_5191361515097161728_n.jpg?resize=700%2C400&ssl=1 2x"},"classes":[]},{"id":37334,"url":"https:\/\/correiodasemana.com\/site\/novo-tempo-peregrinas-de-esperanca-na-mistica-reparadora\/","url_meta":{"origin":8745,"position":2},"title":"NOVO TEMPO: PEREGRINAS DE ESPERAN\u00c7A NA M\u00cdSTICA REPARADORA","author":"adminredacao","date":"Fevereiro 11, 2026","format":false,"excerpt":"A Congrega\u00e7\u00e3o das Mission\u00e1rias Reparadoras do Cora\u00e7\u00e3o de Jesus esteve reunida no seu Retiro Anual (24-28\/01) e Cap\u00edtulo Geral Eletivo (28-30\/01), no Centro de Forma\u00e7\u00e3o e Espiritualidade Irm\u00e3 Abgarina, no S\u00edtio S\u00e3o Francisco, Meruoca\/CE. Teve na assessoria, no primeiro momento, Padre Magalh\u00e3es, delegado diocesano para a Vida Religiosa e, no\u2026","rel":"","context":"In &quot;Atualidade&quot;","block_context":{"text":"Atualidade","link":"https:\/\/correiodasemana.com\/site\/category\/atualidade\/"},"img":{"alt_text":"","src":"https:\/\/i0.wp.com\/correiodasemana.com\/site\/wp-content\/uploads\/2026\/02\/segundo-3.jpeg?resize=350%2C200&ssl=1","width":350,"height":200,"srcset":"https:\/\/i0.wp.com\/correiodasemana.com\/site\/wp-content\/uploads\/2026\/02\/segundo-3.jpeg?resize=350%2C200&ssl=1 1x, https:\/\/i0.wp.com\/correiodasemana.com\/site\/wp-content\/uploads\/2026\/02\/segundo-3.jpeg?resize=525%2C300&ssl=1 1.5x, https:\/\/i0.wp.com\/correiodasemana.com\/site\/wp-content\/uploads\/2026\/02\/segundo-3.jpeg?resize=700%2C400&ssl=1 2x, https:\/\/i0.wp.com\/correiodasemana.com\/site\/wp-content\/uploads\/2026\/02\/segundo-3.jpeg?resize=1050%2C600&ssl=1 3x"},"classes":[]},{"id":20728,"url":"https:\/\/correiodasemana.com\/site\/65-anos-de-missao-evangelizadora-1957-2022\/","url_meta":{"origin":8745,"position":3},"title":"65 ANOS DE MISS\u00c3O EVANGELIZADORA &#8211; 1957 -2022","author":"","date":"Agosto 21, 2022","format":false,"excerpt":"Por Ir. Carminda Am\u00e9lia Carvalho Alves, MRCJ - Colaboradora A melhor coisa que eu fiz foi fundar esta Congrega\u00e7\u00e3o, assim disse Padre Arnobio pr\u00f3ximo do seu encontro com o Cora\u00e7\u00e3o de Jesus. Essas palavras pronunciadas com toda a convic\u00e7\u00e3o de que deixava para a Diocese de Sobral e toda a\u2026","rel":"","context":"In &quot;Atualidade&quot;","block_context":{"text":"Atualidade","link":"https:\/\/correiodasemana.com\/site\/category\/atualidade\/"},"img":{"alt_text":"","src":"https:\/\/i0.wp.com\/correiodasemana.com\/site\/wp-content\/uploads\/2022\/08\/PAG-11.jpg?resize=350%2C200&ssl=1","width":350,"height":200,"srcset":"https:\/\/i0.wp.com\/correiodasemana.com\/site\/wp-content\/uploads\/2022\/08\/PAG-11.jpg?resize=350%2C200&ssl=1 1x, https:\/\/i0.wp.com\/correiodasemana.com\/site\/wp-content\/uploads\/2022\/08\/PAG-11.jpg?resize=525%2C300&ssl=1 1.5x, https:\/\/i0.wp.com\/correiodasemana.com\/site\/wp-content\/uploads\/2022\/08\/PAG-11.jpg?resize=700%2C400&ssl=1 2x, https:\/\/i0.wp.com\/correiodasemana.com\/site\/wp-content\/uploads\/2022\/08\/PAG-11.jpg?resize=1050%2C600&ssl=1 3x, https:\/\/i0.wp.com\/correiodasemana.com\/site\/wp-content\/uploads\/2022\/08\/PAG-11.jpg?resize=1400%2C800&ssl=1 4x"},"classes":[]},{"id":33626,"url":"https:\/\/correiodasemana.com\/site\/santidade-ontem-e-hoje-1o-encontro-dos-jovens-das-escolas-reparadoras\/","url_meta":{"origin":8745,"position":4},"title":"SANTIDADE ONTEM E HOJE 1\u00ba ENCONTRO DOS JOVENS DAS ESCOLAS REPARADORAS","author":"adminredacao","date":"Maio 5, 2025","format":false,"excerpt":"Aconteceu, no dia 26 de abril, no audit\u00f3rio do Col\u00e9gio Cora\u00e7\u00e3o de Jesus, em Sobral, o primeiro encontro dos Jovens das Escolas Reparadoras, dirigidas pelas Mission\u00e1rias Reparadoras do Cora\u00e7\u00e3o de Jesus, nas cidades de Sobral: Col\u00e9gio Cora\u00e7\u00e3o de Jesus e Centro de Educa\u00e7\u00e3o Santo Ant\u00f4nio; em Guaraciaba do Norte: Instituto\u2026","rel":"","context":"In &quot;Atualidade&quot;","block_context":{"text":"Atualidade","link":"https:\/\/correiodasemana.com\/site\/category\/atualidade\/"},"img":{"alt_text":"","src":"https:\/\/i0.wp.com\/correiodasemana.com\/site\/wp-content\/uploads\/2025\/05\/WhatsApp-Image-2025-04-29-at-08.25.13-scaled.jpeg?resize=350%2C200&ssl=1","width":350,"height":200,"srcset":"https:\/\/i0.wp.com\/correiodasemana.com\/site\/wp-content\/uploads\/2025\/05\/WhatsApp-Image-2025-04-29-at-08.25.13-scaled.jpeg?resize=350%2C200&ssl=1 1x, https:\/\/i0.wp.com\/correiodasemana.com\/site\/wp-content\/uploads\/2025\/05\/WhatsApp-Image-2025-04-29-at-08.25.13-scaled.jpeg?resize=525%2C300&ssl=1 1.5x, https:\/\/i0.wp.com\/correiodasemana.com\/site\/wp-content\/uploads\/2025\/05\/WhatsApp-Image-2025-04-29-at-08.25.13-scaled.jpeg?resize=700%2C400&ssl=1 2x, https:\/\/i0.wp.com\/correiodasemana.com\/site\/wp-content\/uploads\/2025\/05\/WhatsApp-Image-2025-04-29-at-08.25.13-scaled.jpeg?resize=1050%2C600&ssl=1 3x, https:\/\/i0.wp.com\/correiodasemana.com\/site\/wp-content\/uploads\/2025\/05\/WhatsApp-Image-2025-04-29-at-08.25.13-scaled.jpeg?resize=1400%2C800&ssl=1 4x"},"classes":[]},{"id":17590,"url":"https:\/\/correiodasemana.com\/site\/a-mae-do-socorro-celebra-seu-filho-servo-de-deus\/","url_meta":{"origin":8745,"position":5},"title":"A m\u00e3e do Socorro celebra seu filho Servo de Deus","author":"","date":"Setembro 26, 2021","format":false,"excerpt":"Por Ir. Carminda Am\u00e9lia Carvalho Alves, mrcj Abrir as portas da Igreja Matriz Nossa Senhora do Perp\u00e9tuo Socorro, em Massap\u00ea (CE) para acolher um n\u00famero significativo de fi\u00e9is da sede da par\u00f3quia, das comunidades e de outras cidades, numa Celebra\u00e7\u00e3o Eucar\u00edstica, dia 20 de setembro, que contou com a presen\u00e7a\u2026","rel":"","context":"In &quot;Atualidade&quot;","block_context":{"text":"Atualidade","link":"https:\/\/correiodasemana.com\/site\/category\/atualidade\/"},"img":{"alt_text":"","src":"https:\/\/i0.wp.com\/correiodasemana.com\/site\/wp-content\/uploads\/2021\/09\/DSC_3967.jpg?resize=350%2C200&ssl=1","width":350,"height":200,"srcset":"https:\/\/i0.wp.com\/correiodasemana.com\/site\/wp-content\/uploads\/2021\/09\/DSC_3967.jpg?resize=350%2C200&ssl=1 1x, https:\/\/i0.wp.com\/correiodasemana.com\/site\/wp-content\/uploads\/2021\/09\/DSC_3967.jpg?resize=525%2C300&ssl=1 1.5x, https:\/\/i0.wp.com\/correiodasemana.com\/site\/wp-content\/uploads\/2021\/09\/DSC_3967.jpg?resize=700%2C400&ssl=1 2x"},"classes":[]}],"jetpack_sharing_enabled":true,"_links":{"self":[{"href":"https:\/\/correiodasemana.com\/site\/wp-json\/wp\/v2\/posts\/8745","targetHints":{"allow":["GET"]}}],"collection":[{"href":"https:\/\/correiodasemana.com\/site\/wp-json\/wp\/v2\/posts"}],"about":[{"href":"https:\/\/correiodasemana.com\/site\/wp-json\/wp\/v2\/types\/post"}],"author":[{"embeddable":true,"href":"https:\/\/correiodasemana.com\/site\/wp-json\/wp\/v2\/users\/1"}],"replies":[{"embeddable":true,"href":"https:\/\/correiodasemana.com\/site\/wp-json\/wp\/v2\/comments?post=8745"}],"version-history":[{"count":1,"href":"https:\/\/correiodasemana.com\/site\/wp-json\/wp\/v2\/posts\/8745\/revisions"}],"predecessor-version":[{"id":8747,"href":"https:\/\/correiodasemana.com\/site\/wp-json\/wp\/v2\/posts\/8745\/revisions\/8747"}],"wp:featuredmedia":[{"embeddable":true,"href":"https:\/\/correiodasemana.com\/site\/wp-json\/wp\/v2\/media\/8746"}],"wp:attachment":[{"href":"https:\/\/correiodasemana.com\/site\/wp-json\/wp\/v2\/media?parent=8745"}],"wp:term":[{"taxonomy":"category","embeddable":true,"href":"https:\/\/correiodasemana.com\/site\/wp-json\/wp\/v2\/categories?post=8745"},{"taxonomy":"post_tag","embeddable":true,"href":"https:\/\/correiodasemana.com\/site\/wp-json\/wp\/v2\/tags?post=8745"}],"curies":[{"name":"wp","href":"https:\/\/api.w.org\/{rel}","templated":true}]}}