{"id":8760,"date":"2019-08-17T23:57:46","date_gmt":"2019-08-17T23:57:46","guid":{"rendered":"https:\/\/correiodasemana.com\/site\/?p=8760"},"modified":"2019-08-17T23:57:46","modified_gmt":"2019-08-17T23:57:46","slug":"becco-ponto-com-7","status":"publish","type":"post","link":"https:\/\/correiodasemana.com\/site\/becco-ponto-com-7\/","title":{"rendered":"Becco ponto Com"},"content":{"rendered":"<p><strong>Livrai-nos, Senhor!<\/strong><br \/>\nda oposi\u00e7\u00e3o rude t\u00e3o barulhenta. do choror\u00f4 do com\u00e9rcio em crise. do bab\u00e3o vip de plant\u00e3o em a\u00e7\u00e3o. dos novos ricos com cara de pobre. da lava jato chegar ao cear\u00e1. ufa! do esc\u00e1rnio contra o edil Rom\u00e1rio. da ruma de analfas visando poder dos contras o guarany. de fofocas mil. da invas\u00e3o de comidas nas cal\u00e7adas, ui! do \u201cvar\u201d se lascar nos campos do brasil. da volta do imposto federal ao pov\u00e3o. do surto de m\u00fasicas lixos descart\u00e1veis. da a\u00e7\u00e3o dos puxa-sacos de plant\u00e3o, j\u00e1!<\/p>\n<p><strong>NOTICIANDO<\/strong><br \/>\nO centro cultural dom jos\u00e9 far\u00e1 uma homenagem especial a oab, quando setembro vier ao caro ex-presidente fundador da sede dr. jeferson arag\u00e3o.<br \/>\nQue na luta pela classe t\u00e3o valorosa h\u00e1 anos hoje procurador do munic\u00edpio desenvolve seu trabalho de not\u00e1vel reconhecimento como um profissional \u00e9tico, probo em toda regi\u00e3o, lembrado por m\u00e9ritos para esta comenda \u201ctrof\u00e9u dom jos\u00e9 Tupinamb\u00e1 da frota\u201d.<br \/>\nParabenizar \u00e9 preciso a vitoria dos pais do caro dr. expedito filho que dia 08\/08\/19, colou grau em direito pela boa faculdade luciano feij\u00e3o e por m\u00e9ritos. a cara fam\u00edlia e ao bom formando votos de alegria pela conquista almejada com f\u00e9, trabalho e determina\u00e7\u00e3o. viva este caro novo advogado no mercado, brevemente atuando com \u00e9tica e cidadania.<br \/>\nO digno advogado dr. iza\u00edas nicolau ir\u00e1 ser homenageado, por m\u00e9ritos na cidade, com o T\u00edtulo de Cidadania, proposto e aceito por unanimidade pela casa do povo. o autor do pedido foi o edil dr. estev\u00e3o Ponte, que em a\u00e7\u00e3o de lucidez reconheceu o tal cidad\u00e3o. o digno homenageado nasceu na cidade de itapipoca. uma justa homenagem a quem faz e ama nossa cidade princesa.<br \/>\nFoi uma perda irrepar\u00e1vel a partida do caro amigo \u201cnando da Pintura\u201d na semana passada. Era um homem afeito a amizade e ao trabalho, foi corneteiro comigo no Col\u00e9gio Estadual nos desfiles hom\u00e9ricos de 7 de Setembro na cidade. A cara fam\u00edlia enlutada as nossas condol\u00eancias.<br \/>\nDizem por a\u00ed: ou o brasil acaba com seus maus pol\u00edticos, ou eles acabar\u00e3o com a nossa na\u00e7\u00e3o verde e amarela tingida de uma corrup\u00e7\u00e3o negra e sem freio. Viva os homens de boa vontade do Brasil.<\/p>\n<p><strong>PERFIL: Aleandro Henrique Lopes Linhares<\/strong><br \/>\nUm cidad\u00e3o com todas as letras, digno edil lutador pelas causas sociais do distrito do Jord\u00e3o. Um l\u00edder afeito em buscar os direitos de sua comunidade, agindo com for\u00e7a, f\u00e9 e determina\u00e7\u00e3o. Falo do novo l\u00edder pol\u00edtico, Dr. Aleandro Linhares, que por m\u00e9ritos figura como perfil da semana.<br \/>\nEm cima: a a\u00e7\u00e3o da C\u00e2mara Municipal na pessoa do Presidente, Carlos do Calisto, em homenagear a classe dos advogados em comemora\u00e7\u00e3o ao seu Dia na casa do povo, festivamente na nossa cidade Princesa. Foi muito bonita esta homenagem.<br \/>\nEm baixo: o tratamento que est\u00e3o dando contra o edil Rom\u00e1rio, vivo e sepultado na casa do povo em forma de acusado e fora dos princ\u00edpios de dignidade humana.<br \/>\nLivre pensar: \u201cA f\u00e9 como o sil\u00eancio move o destino no tempo.\u201d (Poeta Chico Prado &#8211; Presidente do Centro Cultural Dom Jos\u00e9 de Sobral).<\/p>\n","protected":false},"excerpt":{"rendered":"<p>Livrai-nos, Senhor! da oposi\u00e7\u00e3o rude t\u00e3o barulhenta. do choror\u00f4 do com\u00e9rcio em crise. do bab\u00e3o&#8230;<\/p>\n","protected":false},"author":1,"featured_media":8761,"comment_status":"open","ping_status":"open","sticky":false,"template":"","format":"standard","meta":{"_jetpack_memberships_contains_paid_content":false,"footnotes":"","jetpack_publicize_message":"","jetpack_publicize_feature_enabled":true,"jetpack_social_post_already_shared":true,"jetpack_social_options":{"image_generator_settings":{"template":"highway","default_image_id":0,"font":"","enabled":false},"version":2}},"categories":[11,27],"tags":[],"class_list":["post-8760","post","type-post","status-publish","format-standard","has-post-thumbnail","hentry","category-artigos","category-becco-ponto-com"],"jetpack_publicize_connections":[],"jetpack_featured_media_url":"https:\/\/correiodasemana.com\/site\/wp-content\/uploads\/2019\/08\/Vereador-Aleandro.jpg","jetpack-related-posts":[{"id":30236,"url":"https:\/\/correiodasemana.com\/site\/becco-ponto-com-178\/","url_meta":{"origin":8760,"position":0},"title":"Becco Ponto Com","author":"adminredacao","date":"Agosto 3, 2024","format":false,"excerpt":"LIVRAI-NOS, SENHOR! Dos puxa sacos de plant\u00e3o: \u201celes, os bab\u00f5es!\u201d Do ass\u00e9dio aos votos pelos pol\u00edticos. Da taxa do lixo virando voto pol\u00edtico. Da ruma de paus mandados na C\u00e2mara. Dos novos ricos virando empres\u00e1rios. Dos doutores modernos t\u00e3o imaturos. Do carnadiabo que vem por a\u00ed. Viva, Viva! Na nossa\u2026","rel":"","context":"In &quot;Artigos&quot;","block_context":{"text":"Artigos","link":"https:\/\/correiodasemana.com\/site\/category\/artigos\/"},"img":{"alt_text":"","src":"https:\/\/i0.wp.com\/correiodasemana.com\/site\/wp-content\/uploads\/2021\/09\/Dr-Chico-Prado-Trofeu-Dom-Jose-1.jpg?resize=350%2C200&ssl=1","width":350,"height":200,"srcset":"https:\/\/i0.wp.com\/correiodasemana.com\/site\/wp-content\/uploads\/2021\/09\/Dr-Chico-Prado-Trofeu-Dom-Jose-1.jpg?resize=350%2C200&ssl=1 1x, https:\/\/i0.wp.com\/correiodasemana.com\/site\/wp-content\/uploads\/2021\/09\/Dr-Chico-Prado-Trofeu-Dom-Jose-1.jpg?resize=525%2C300&ssl=1 1.5x, https:\/\/i0.wp.com\/correiodasemana.com\/site\/wp-content\/uploads\/2021\/09\/Dr-Chico-Prado-Trofeu-Dom-Jose-1.jpg?resize=700%2C400&ssl=1 2x, https:\/\/i0.wp.com\/correiodasemana.com\/site\/wp-content\/uploads\/2021\/09\/Dr-Chico-Prado-Trofeu-Dom-Jose-1.jpg?resize=1050%2C600&ssl=1 3x, https:\/\/i0.wp.com\/correiodasemana.com\/site\/wp-content\/uploads\/2021\/09\/Dr-Chico-Prado-Trofeu-Dom-Jose-1.jpg?resize=1400%2C800&ssl=1 4x"},"classes":[]},{"id":9780,"url":"https:\/\/correiodasemana.com\/site\/becco-ponto-com-18\/","url_meta":{"origin":8760,"position":1},"title":"Becco ponto Com","author":"","date":"Novembro 11, 2019","format":false,"excerpt":"LIVRAI-NOS, SENHOR! Do Besteirol das CANETAS nas Redes. Do camel\u00f3dromo que virou SOBRAL, ui! Da privatiza\u00e7\u00e3o da UVA VIA GOVERNO. Do LULISMO virando guerra no Brasil. Do VAR roubando contra N\u00f3s Destinos. Do MI MI MI contra o ensino de Sobral. Da novela global S\u00d3 OLEO nas PRAIAS. Das PRIVATIZA\u00c7\u00d5ES\u2026","rel":"","context":"In &quot;Artigos&quot;","block_context":{"text":"Artigos","link":"https:\/\/correiodasemana.com\/site\/category\/artigos\/"},"img":{"alt_text":"","src":"https:\/\/i0.wp.com\/correiodasemana.com\/site\/wp-content\/uploads\/2019\/11\/Viana-Farias-radialista.png?resize=350%2C200&ssl=1","width":350,"height":200,"srcset":"https:\/\/i0.wp.com\/correiodasemana.com\/site\/wp-content\/uploads\/2019\/11\/Viana-Farias-radialista.png?resize=350%2C200&ssl=1 1x, https:\/\/i0.wp.com\/correiodasemana.com\/site\/wp-content\/uploads\/2019\/11\/Viana-Farias-radialista.png?resize=525%2C300&ssl=1 1.5x"},"classes":[]},{"id":19593,"url":"https:\/\/correiodasemana.com\/site\/becco-ponto-com-82\/","url_meta":{"origin":8760,"position":2},"title":"Becco ponto Com","author":"","date":"Abril 24, 2022","format":false,"excerpt":"COLUNA BECCO PONTO COM Livrai-nos, Senhor! Da pol\u00edtica da pandemia no final. Dos analfabetos virtuais por aqui. Do lixo musical global pisadinhas. Das mortes nas filas dos SURTOS. Do cartel impiedoso da gasolina. Dos puxas-sacos de plant\u00e3o, bab\u00e3o. Do laranjal do voto via rachadas. Das multas covardes nas ruas, ui!\u2026","rel":"","context":"In &quot;Artigos&quot;","block_context":{"text":"Artigos","link":"https:\/\/correiodasemana.com\/site\/category\/artigos\/"},"img":{"alt_text":"","src":"https:\/\/i0.wp.com\/correiodasemana.com\/site\/wp-content\/uploads\/2021\/09\/Dr-Chico-Prado-Trofeu-Dom-Jose-1-1.jpg?resize=350%2C200&ssl=1","width":350,"height":200,"srcset":"https:\/\/i0.wp.com\/correiodasemana.com\/site\/wp-content\/uploads\/2021\/09\/Dr-Chico-Prado-Trofeu-Dom-Jose-1-1.jpg?resize=350%2C200&ssl=1 1x, https:\/\/i0.wp.com\/correiodasemana.com\/site\/wp-content\/uploads\/2021\/09\/Dr-Chico-Prado-Trofeu-Dom-Jose-1-1.jpg?resize=525%2C300&ssl=1 1.5x, https:\/\/i0.wp.com\/correiodasemana.com\/site\/wp-content\/uploads\/2021\/09\/Dr-Chico-Prado-Trofeu-Dom-Jose-1-1.jpg?resize=700%2C400&ssl=1 2x"},"classes":[]},{"id":17244,"url":"https:\/\/correiodasemana.com\/site\/becco-ponto-com-49\/","url_meta":{"origin":8760,"position":3},"title":"Becco ponto Com","author":"","date":"Agosto 15, 2021","format":false,"excerpt":"LIVRAI-NOS, SENHOR! 01. Dos abusos a santa democracia em Bras\u00edlia via votos. 02. Da corrida dos corruptos via votos ao poder via 2022. 03. Das escolas bodegas negociando diplomas ano a ano. 04. Da santa correria \u00e0s religi\u00f5es via milagres inventados. 05. Dos puxas-sacos e n\u00e3o carro\u00e7as nos munic\u00edpios nossos.\u2026","rel":"","context":"In &quot;Artigos&quot;","block_context":{"text":"Artigos","link":"https:\/\/correiodasemana.com\/site\/category\/artigos\/"},"img":{"alt_text":"","src":"https:\/\/i0.wp.com\/correiodasemana.com\/site\/wp-content\/uploads\/2021\/04\/Chico-Prado-22.jpg?resize=350%2C200&ssl=1","width":350,"height":200,"srcset":"https:\/\/i0.wp.com\/correiodasemana.com\/site\/wp-content\/uploads\/2021\/04\/Chico-Prado-22.jpg?resize=350%2C200&ssl=1 1x, https:\/\/i0.wp.com\/correiodasemana.com\/site\/wp-content\/uploads\/2021\/04\/Chico-Prado-22.jpg?resize=525%2C300&ssl=1 1.5x, https:\/\/i0.wp.com\/correiodasemana.com\/site\/wp-content\/uploads\/2021\/04\/Chico-Prado-22.jpg?resize=700%2C400&ssl=1 2x"},"classes":[]},{"id":38230,"url":"https:\/\/correiodasemana.com\/site\/becco-ponto-com-256\/","url_meta":{"origin":8760,"position":4},"title":"Becco ponto Com","author":"adminredacao","date":"Abril 19, 2026","format":false,"excerpt":"LIVRAI-NOS, SENHOR! Dos puxa-sacos de plant\u00e3o, ainda por amor, ufa! Da invas\u00e3o de ritmos pisadeiros no Nordeste, ui! Das C\u00e2maras t\u00e3o camaradas, dando seus botes. Do Caf\u00e9 Jaibaras, sair do Becco, um dia. Ai, Sobral! Das pesquisas fajutas pagas, por pol\u00edticos no Cear\u00e1. Da ida de \u201cCiro boca doce\u201d para\u2026","rel":"","context":"In &quot;Becco Ponto Com&quot;","block_context":{"text":"Becco Ponto Com","link":"https:\/\/correiodasemana.com\/site\/category\/becco-ponto-com\/"},"img":{"alt_text":"","src":"https:\/\/i0.wp.com\/correiodasemana.com\/site\/wp-content\/uploads\/2021\/09\/Dr-Chico-Prado-Trofeu-Dom-Jose-1-1.jpg?resize=350%2C200&ssl=1","width":350,"height":200,"srcset":"https:\/\/i0.wp.com\/correiodasemana.com\/site\/wp-content\/uploads\/2021\/09\/Dr-Chico-Prado-Trofeu-Dom-Jose-1-1.jpg?resize=350%2C200&ssl=1 1x, https:\/\/i0.wp.com\/correiodasemana.com\/site\/wp-content\/uploads\/2021\/09\/Dr-Chico-Prado-Trofeu-Dom-Jose-1-1.jpg?resize=525%2C300&ssl=1 1.5x, https:\/\/i0.wp.com\/correiodasemana.com\/site\/wp-content\/uploads\/2021\/09\/Dr-Chico-Prado-Trofeu-Dom-Jose-1-1.jpg?resize=700%2C400&ssl=1 2x"},"classes":[]},{"id":27876,"url":"https:\/\/correiodasemana.com\/site\/becco-ponto-com-151\/","url_meta":{"origin":8760,"position":5},"title":"Becco ponto Com","author":"adminredacao","date":"Dezembro 26, 2023","format":false,"excerpt":"LIVRAI-NOS, SENHOR! Do puxe encolhe do pdt de cid gomes. Dos importados no poder do caro Ivo. Da gana por impostos \u201cgoverno do pt\u201d. Da medicina moderna empresariada, ui! Dos importantes de faixadas: \u201cOs lisos\u201d. Das faculdades modernas: \u201cpague e leve\u201d. Dos pol\u00edticos de plant\u00e3o: \u201cOs tapiocas\u201d. Da ruma de\u2026","rel":"","context":"In &quot;Becco Ponto Com&quot;","block_context":{"text":"Becco Ponto Com","link":"https:\/\/correiodasemana.com\/site\/category\/becco-ponto-com\/"},"img":{"alt_text":"","src":"https:\/\/i0.wp.com\/correiodasemana.com\/site\/wp-content\/uploads\/2021\/09\/Dr-Chico-Prado-Trofeu-Dom-Jose-1-1.jpg?resize=350%2C200&ssl=1","width":350,"height":200,"srcset":"https:\/\/i0.wp.com\/correiodasemana.com\/site\/wp-content\/uploads\/2021\/09\/Dr-Chico-Prado-Trofeu-Dom-Jose-1-1.jpg?resize=350%2C200&ssl=1 1x, https:\/\/i0.wp.com\/correiodasemana.com\/site\/wp-content\/uploads\/2021\/09\/Dr-Chico-Prado-Trofeu-Dom-Jose-1-1.jpg?resize=525%2C300&ssl=1 1.5x, https:\/\/i0.wp.com\/correiodasemana.com\/site\/wp-content\/uploads\/2021\/09\/Dr-Chico-Prado-Trofeu-Dom-Jose-1-1.jpg?resize=700%2C400&ssl=1 2x"},"classes":[]}],"jetpack_sharing_enabled":true,"_links":{"self":[{"href":"https:\/\/correiodasemana.com\/site\/wp-json\/wp\/v2\/posts\/8760","targetHints":{"allow":["GET"]}}],"collection":[{"href":"https:\/\/correiodasemana.com\/site\/wp-json\/wp\/v2\/posts"}],"about":[{"href":"https:\/\/correiodasemana.com\/site\/wp-json\/wp\/v2\/types\/post"}],"author":[{"embeddable":true,"href":"https:\/\/correiodasemana.com\/site\/wp-json\/wp\/v2\/users\/1"}],"replies":[{"embeddable":true,"href":"https:\/\/correiodasemana.com\/site\/wp-json\/wp\/v2\/comments?post=8760"}],"version-history":[{"count":1,"href":"https:\/\/correiodasemana.com\/site\/wp-json\/wp\/v2\/posts\/8760\/revisions"}],"predecessor-version":[{"id":8762,"href":"https:\/\/correiodasemana.com\/site\/wp-json\/wp\/v2\/posts\/8760\/revisions\/8762"}],"wp:featuredmedia":[{"embeddable":true,"href":"https:\/\/correiodasemana.com\/site\/wp-json\/wp\/v2\/media\/8761"}],"wp:attachment":[{"href":"https:\/\/correiodasemana.com\/site\/wp-json\/wp\/v2\/media?parent=8760"}],"wp:term":[{"taxonomy":"category","embeddable":true,"href":"https:\/\/correiodasemana.com\/site\/wp-json\/wp\/v2\/categories?post=8760"},{"taxonomy":"post_tag","embeddable":true,"href":"https:\/\/correiodasemana.com\/site\/wp-json\/wp\/v2\/tags?post=8760"}],"curies":[{"name":"wp","href":"https:\/\/api.w.org\/{rel}","templated":true}]}}