{"id":8809,"date":"2019-08-27T02:41:47","date_gmt":"2019-08-27T02:41:47","guid":{"rendered":"https:\/\/correiodasemana.com\/site\/?p=8809"},"modified":"2019-08-27T02:41:47","modified_gmt":"2019-08-27T02:41:47","slug":"santa-casa-de-sobral-investe-em-novos-equipamentos-no-setor-de-emergencia","status":"publish","type":"post","link":"https:\/\/correiodasemana.com\/site\/santa-casa-de-sobral-investe-em-novos-equipamentos-no-setor-de-emergencia\/","title":{"rendered":"Santa Casa de Sobral investe em novos equipamentos no setor de Emerg\u00eancia"},"content":{"rendered":"<p><img fetchpriority=\"high\" decoding=\"async\" class=\"alignleft size-medium wp-image-8810\" src=\"https:\/\/correiodasemana.com\/site\/wp-content\/uploads\/2019\/08\/Foto01-300x189.jpg\" alt=\"\" width=\"300\" height=\"189\" srcset=\"https:\/\/correiodasemana.com\/site\/wp-content\/uploads\/2019\/08\/Foto01-300x189.jpg 300w, https:\/\/correiodasemana.com\/site\/wp-content\/uploads\/2019\/08\/Foto01-768x483.jpg 768w, https:\/\/correiodasemana.com\/site\/wp-content\/uploads\/2019\/08\/Foto01-1024x644.jpg 1024w, https:\/\/correiodasemana.com\/site\/wp-content\/uploads\/2019\/08\/Foto01.jpg 1600w\" sizes=\"(max-width: 300px) 100vw, 300px\" \/> <img decoding=\"async\" class=\"alignleft size-medium wp-image-8811\" src=\"https:\/\/correiodasemana.com\/site\/wp-content\/uploads\/2019\/08\/Foto03-300x224.jpg\" alt=\"\" width=\"300\" height=\"224\" srcset=\"https:\/\/correiodasemana.com\/site\/wp-content\/uploads\/2019\/08\/Foto03-300x224.jpg 300w, https:\/\/correiodasemana.com\/site\/wp-content\/uploads\/2019\/08\/Foto03-768x573.jpg 768w, https:\/\/correiodasemana.com\/site\/wp-content\/uploads\/2019\/08\/Foto03-1024x764.jpg 1024w, https:\/\/correiodasemana.com\/site\/wp-content\/uploads\/2019\/08\/Foto03.jpg 1309w\" sizes=\"(max-width: 300px) 100vw, 300px\" \/> <img decoding=\"async\" class=\"alignleft size-medium wp-image-8812\" src=\"https:\/\/correiodasemana.com\/site\/wp-content\/uploads\/2019\/08\/Foto02-271x300.jpg\" alt=\"\" width=\"271\" height=\"300\" srcset=\"https:\/\/correiodasemana.com\/site\/wp-content\/uploads\/2019\/08\/Foto02-271x300.jpg 271w, https:\/\/correiodasemana.com\/site\/wp-content\/uploads\/2019\/08\/Foto02-768x850.jpg 768w, https:\/\/correiodasemana.com\/site\/wp-content\/uploads\/2019\/08\/Foto02-925x1024.jpg 925w, https:\/\/correiodasemana.com\/site\/wp-content\/uploads\/2019\/08\/Foto02.jpg 998w\" sizes=\"(max-width: 271px) 100vw, 271px\" \/><\/p>\n<p><strong>Setor de Emerg\u00eancia da Santa Casa tamb\u00e9m receber\u00e1 reformas em sua estrutura f\u00edsica<\/strong><\/p>\n<p>Assessoria de Comunica\u00e7\u00e3o da Santa Casa de Miseric\u00f3rdia de Sobral<br \/>\nVisando dar melhores condi\u00e7\u00f5es aos pacientes atendidos e modernizar os aparelhos m\u00e9dicos, o Hospital Santa Casa de Miseric\u00f3rdia de Sobral recebeu neste m\u00eas, novos equipamentos para o setor de Emerg\u00eancia.<br \/>\nForam adquiridos tr\u00eas ventiladores mec\u00e2nicos, cinco bombas de infus\u00e3o e seis novos monitores, que ser\u00e3o utilizados no atendimento de urg\u00eancia e tamb\u00e9m na ala da Unidade de Terapia Intensiva (UTI). Os novos equipamentos foram adquiridos por meio de uma emenda parlamentar do deputado federal Le\u00f4nidas Cristino, no valor de R$ 300 mil reais. A Santa Casa tamb\u00e9m comprou com recursos pr\u00f3prios um capn\u00f3grafo, dois carros de emerg\u00eancia e um novo aparelho de ultrassom.<br \/>\nAl\u00e9m da aquisi\u00e7\u00e3o dos equipamentos, durante toda a semana o setor realizou uma capacita\u00e7\u00e3o para m\u00e9dicos, fisioterapeutas, enfermeiros e t\u00e9cnicos em enfermagem.<br \/>\nPara o coordenador geral do setor de Emerg\u00eancia, Mauro Rios, esses investimentos garantem melhor atendimento \u00e0 popula\u00e7\u00e3o. \u201cA emerg\u00eancia, por ser um setor de import\u00e2ncia para o Hospital, precisa funcionar da melhor forma poss\u00edvel. A assist\u00eancia deve ser exemplar para nossos pacientes, por isso ainda ser\u00e3o direcionadas v\u00e1rias reformas e mudan\u00e7as\u201d, explicou.<br \/>\nO setor de Emerg\u00eancia da Santa Casa tamb\u00e9m receber\u00e1 reformas em sua estrutura f\u00edsica, os protocolos ser\u00e3o revalidados e ainda haver\u00e1 um treinamento capacita\u00e7\u00e3o continuada do corpo cl\u00ednico.<\/p>\n","protected":false},"excerpt":{"rendered":"<p>Setor de Emerg\u00eancia da Santa Casa tamb\u00e9m receber\u00e1 reformas em sua estrutura f\u00edsica Assessoria de&#8230;<\/p>\n","protected":false},"author":1,"featured_media":8810,"comment_status":"open","ping_status":"open","sticky":false,"template":"","format":"standard","meta":{"_jetpack_memberships_contains_paid_content":false,"footnotes":"","jetpack_publicize_message":"","jetpack_publicize_feature_enabled":true,"jetpack_social_post_already_shared":true,"jetpack_social_options":{"image_generator_settings":{"template":"highway","default_image_id":0,"font":"","enabled":false},"version":2}},"categories":[3,52],"tags":[],"class_list":["post-8809","post","type-post","status-publish","format-standard","has-post-thumbnail","hentry","category-santa-casa","category-saude"],"jetpack_publicize_connections":[],"jetpack_featured_media_url":"https:\/\/correiodasemana.com\/site\/wp-content\/uploads\/2019\/08\/Foto01.jpg","jetpack-related-posts":[{"id":11144,"url":"https:\/\/correiodasemana.com\/site\/servico-de-emergencia-da-santa-casa-de-misericordia-de-sobral-e-beneficiado-com-novos-equipamentos\/","url_meta":{"origin":8809,"position":0},"title":"Servi\u00e7o de Emerg\u00eancia da Santa Casa de Miseric\u00f3rdia de Sobral \u00e9 beneficiado com novos equipamentos","author":"","date":"Mar\u00e7o 9, 2020","format":false,"excerpt":"O Hospital \u00e9 refer\u00eancia em traumato-ortopedia na Regi\u00e3o Norte. Para ofertar melhores condi\u00e7\u00f5es de atendimento aos pacientes, o servi\u00e7o de Emerg\u00eancia da Santa Casa de Miseric\u00f3rdia de Sobral foi beneficiado com novos equipamentos adquiridos com recursos pr\u00f3prios e com apoio financeiro de projetos de pesquisas do Departamento de Ensino, Pesquisa\u2026","rel":"","context":"In &quot;Santa Casa&quot;","block_context":{"text":"Santa Casa","link":"https:\/\/correiodasemana.com\/site\/category\/santa-casa\/"},"img":{"alt_text":"","src":"https:\/\/i0.wp.com\/correiodasemana.com\/site\/wp-content\/uploads\/2020\/03\/batch_Novos-equipamentos-scaled.jpg?resize=350%2C200&ssl=1","width":350,"height":200,"srcset":"https:\/\/i0.wp.com\/correiodasemana.com\/site\/wp-content\/uploads\/2020\/03\/batch_Novos-equipamentos-scaled.jpg?resize=350%2C200&ssl=1 1x, https:\/\/i0.wp.com\/correiodasemana.com\/site\/wp-content\/uploads\/2020\/03\/batch_Novos-equipamentos-scaled.jpg?resize=525%2C300&ssl=1 1.5x, https:\/\/i0.wp.com\/correiodasemana.com\/site\/wp-content\/uploads\/2020\/03\/batch_Novos-equipamentos-scaled.jpg?resize=700%2C400&ssl=1 2x, https:\/\/i0.wp.com\/correiodasemana.com\/site\/wp-content\/uploads\/2020\/03\/batch_Novos-equipamentos-scaled.jpg?resize=1050%2C600&ssl=1 3x, https:\/\/i0.wp.com\/correiodasemana.com\/site\/wp-content\/uploads\/2020\/03\/batch_Novos-equipamentos-scaled.jpg?resize=1400%2C800&ssl=1 4x"},"classes":[]},{"id":13881,"url":"https:\/\/correiodasemana.com\/site\/emergencia-da-santa-casa-de-misericordia-de-sobral-atende-com-agilidade-vitimas-de-acidente-de-transito\/","url_meta":{"origin":8809,"position":1},"title":"Emerg\u00eancia da Santa Casa de Miseric\u00f3rdia de Sobral atende com agilidade v\u00edtimas de acidente de tr\u00e2nsito","author":"","date":"Outubro 4, 2020","format":false,"excerpt":"Acidente registrado na ter\u00e7a-feira (29\/09), envolvendo tr\u00eas ve\u00edculos na CE-179, entre os munic\u00edpios de Sobral e Groa\u00edras deixou 11 v\u00edtimas, que foram encaminhadas para o hospital. ASCOM COMPLEXO SCMS Em apenas 15 minutos o servi\u00e7o de Emerg\u00eancia da Santa Casa de Miseric\u00f3rdia de Sobral conseguiu atender com seguran\u00e7a e agilidade\u2026","rel":"","context":"In &quot;Atualidade&quot;","block_context":{"text":"Atualidade","link":"https:\/\/correiodasemana.com\/site\/category\/atualidade\/"},"img":{"alt_text":"","src":"https:\/\/i0.wp.com\/correiodasemana.com\/site\/wp-content\/uploads\/2020\/10\/Emergencia.jpg?resize=350%2C200&ssl=1","width":350,"height":200,"srcset":"https:\/\/i0.wp.com\/correiodasemana.com\/site\/wp-content\/uploads\/2020\/10\/Emergencia.jpg?resize=350%2C200&ssl=1 1x, https:\/\/i0.wp.com\/correiodasemana.com\/site\/wp-content\/uploads\/2020\/10\/Emergencia.jpg?resize=525%2C300&ssl=1 1.5x"},"classes":[]},{"id":19711,"url":"https:\/\/correiodasemana.com\/site\/inscricoes-abertas-para-o-i-congresso-de-medicina-de-emergencia-da-santa-casa-de-misericordia-de-sobral\/","url_meta":{"origin":8809,"position":2},"title":"Inscri\u00e7\u00f5es abertas para o I Congresso de Medicina de Emerg\u00eancia da Santa Casa de Miseric\u00f3rdia de Sobral","author":"","date":"Maio 8, 2022","format":false,"excerpt":"A Santa Casa de Miseric\u00f3rdia de Sobral em parceria com o Centro Universit\u00e1rio INTA (UNINTA) promove, de 1 a 3 de junho, o I Congresso de Medicina de Emerg\u00eancia da Regi\u00e3o Norte do estado do Cear\u00e1. Com o tema\u00a0\u201cA import\u00e2ncia e inova\u00e7\u00f5es da Medicina de Emerg\u00eancia no \u00c2mbito Local e\u2026","rel":"","context":"In &quot;Atualidade&quot;","block_context":{"text":"Atualidade","link":"https:\/\/correiodasemana.com\/site\/category\/atualidade\/"},"img":{"alt_text":"","src":"https:\/\/i0.wp.com\/correiodasemana.com\/site\/wp-content\/uploads\/2022\/05\/congreco_QRCode.png?resize=350%2C200&ssl=1","width":350,"height":200,"srcset":"https:\/\/i0.wp.com\/correiodasemana.com\/site\/wp-content\/uploads\/2022\/05\/congreco_QRCode.png?resize=350%2C200&ssl=1 1x, https:\/\/i0.wp.com\/correiodasemana.com\/site\/wp-content\/uploads\/2022\/05\/congreco_QRCode.png?resize=525%2C300&ssl=1 1.5x, https:\/\/i0.wp.com\/correiodasemana.com\/site\/wp-content\/uploads\/2022\/05\/congreco_QRCode.png?resize=700%2C400&ssl=1 2x, https:\/\/i0.wp.com\/correiodasemana.com\/site\/wp-content\/uploads\/2022\/05\/congreco_QRCode.png?resize=1050%2C600&ssl=1 3x"},"classes":[]},{"id":19974,"url":"https:\/\/correiodasemana.com\/site\/santa-casa-de-sobral-realiza-i-congresso-de-medicina-de-emergencia-da-regiao-norte-do-ceara\/","url_meta":{"origin":8809,"position":3},"title":"Santa Casa de Sobral realiza I Congresso de Medicina de Emerg\u00eancia da Regi\u00e3o Norte do Cear\u00e1","author":"","date":"Junho 6, 2022","format":false,"excerpt":"O evento aconteceu nas depend\u00eancias do UNINTA, e contou com mesas redondas, palestras e programa\u00e7\u00e3o cient\u00edfica. Ascom Complexo SCMS A Santa Casa de Miseric\u00f3rdia de Sobral (SCMS) em parceria com o Centro Universit\u00e1rio INTA (UNINTA) promoveu de 1 a 3 de junho, o I Congresso de Medicina de Emerg\u00eancia da\u2026","rel":"","context":"In &quot;Atualidade&quot;","block_context":{"text":"Atualidade","link":"https:\/\/correiodasemana.com\/site\/category\/atualidade\/"},"img":{"alt_text":"","src":"https:\/\/i0.wp.com\/correiodasemana.com\/site\/wp-content\/uploads\/2022\/06\/congresso-sta-casa-1.jpg?resize=350%2C200&ssl=1","width":350,"height":200,"srcset":"https:\/\/i0.wp.com\/correiodasemana.com\/site\/wp-content\/uploads\/2022\/06\/congresso-sta-casa-1.jpg?resize=350%2C200&ssl=1 1x, https:\/\/i0.wp.com\/correiodasemana.com\/site\/wp-content\/uploads\/2022\/06\/congresso-sta-casa-1.jpg?resize=525%2C300&ssl=1 1.5x, https:\/\/i0.wp.com\/correiodasemana.com\/site\/wp-content\/uploads\/2022\/06\/congresso-sta-casa-1.jpg?resize=700%2C400&ssl=1 2x"},"classes":[]},{"id":16012,"url":"https:\/\/correiodasemana.com\/site\/complexo-santa-casa-de-misericordia-de-sobral-implanta-novo-sistema-de-gestao-hospitalar\/","url_meta":{"origin":8809,"position":4},"title":"Complexo Santa Casa de Miseric\u00f3rdia de Sobral implanta novo sistema de gest\u00e3o hospitalar","author":"","date":"Mar\u00e7o 22, 2021","format":false,"excerpt":"O novo sistema permite a integra\u00e7\u00e3o de processos intersetoriais e facilita a transmiss\u00e3o de informa\u00e7\u00f5es.\u00a0\u00a0 O Complexo Santa Casa de Miseric\u00f3rdia de Sobral implantou um novo sistema de gest\u00e3o hospitalar - o SOUL MV. A ferramenta re\u00fane um conjunto de solu\u00e7\u00f5es que otimizam o fluxo de dados entre os setores\u2026","rel":"","context":"In &quot;Atualidade&quot;","block_context":{"text":"Atualidade","link":"https:\/\/correiodasemana.com\/site\/category\/atualidade\/"},"img":{"alt_text":"","src":"https:\/\/i0.wp.com\/correiodasemana.com\/site\/wp-content\/uploads\/2021\/03\/foto-1-ti.jpg?resize=350%2C200&ssl=1","width":350,"height":200,"srcset":"https:\/\/i0.wp.com\/correiodasemana.com\/site\/wp-content\/uploads\/2021\/03\/foto-1-ti.jpg?resize=350%2C200&ssl=1 1x, https:\/\/i0.wp.com\/correiodasemana.com\/site\/wp-content\/uploads\/2021\/03\/foto-1-ti.jpg?resize=525%2C300&ssl=1 1.5x, https:\/\/i0.wp.com\/correiodasemana.com\/site\/wp-content\/uploads\/2021\/03\/foto-1-ti.jpg?resize=700%2C400&ssl=1 2x"},"classes":[]},{"id":9089,"url":"https:\/\/correiodasemana.com\/site\/santa-casa-de-sobral-promove-curso-de-suporte-avancado-de-vida-em-cardiologia\/","url_meta":{"origin":8809,"position":5},"title":"Santa Casa de Sobral promove curso de Suporte Avan\u00e7ado de Vida em Cardiologia","author":"","date":"Setembro 15, 2019","format":false,"excerpt":"Forma\u00e7\u00e3o reuniu socorristas m\u00e9dicos, enfermeiros e residentes do setor de Emerg\u00eancia do Hospital Assessoria de Comunica\u00e7\u00e3o da Santa Casa de Miseric\u00f3rdia de Sobral A Santa Casa de Miseric\u00f3rdia de Sobral (SCMS), por meio do Departamento de Ensino, Pesquisa e Extens\u00e3o (DEPE) promoveu, nos dias 7 e 8 de setembro, o\u2026","rel":"","context":"In &quot;Santa Casa&quot;","block_context":{"text":"Santa Casa","link":"https:\/\/correiodasemana.com\/site\/category\/santa-casa\/"},"img":{"alt_text":"","src":"https:\/\/i0.wp.com\/correiodasemana.com\/site\/wp-content\/uploads\/2019\/09\/Foto-2-1.jpg?resize=350%2C200&ssl=1","width":350,"height":200,"srcset":"https:\/\/i0.wp.com\/correiodasemana.com\/site\/wp-content\/uploads\/2019\/09\/Foto-2-1.jpg?resize=350%2C200&ssl=1 1x, https:\/\/i0.wp.com\/correiodasemana.com\/site\/wp-content\/uploads\/2019\/09\/Foto-2-1.jpg?resize=525%2C300&ssl=1 1.5x, https:\/\/i0.wp.com\/correiodasemana.com\/site\/wp-content\/uploads\/2019\/09\/Foto-2-1.jpg?resize=700%2C400&ssl=1 2x, https:\/\/i0.wp.com\/correiodasemana.com\/site\/wp-content\/uploads\/2019\/09\/Foto-2-1.jpg?resize=1050%2C600&ssl=1 3x"},"classes":[]}],"jetpack_sharing_enabled":true,"_links":{"self":[{"href":"https:\/\/correiodasemana.com\/site\/wp-json\/wp\/v2\/posts\/8809","targetHints":{"allow":["GET"]}}],"collection":[{"href":"https:\/\/correiodasemana.com\/site\/wp-json\/wp\/v2\/posts"}],"about":[{"href":"https:\/\/correiodasemana.com\/site\/wp-json\/wp\/v2\/types\/post"}],"author":[{"embeddable":true,"href":"https:\/\/correiodasemana.com\/site\/wp-json\/wp\/v2\/users\/1"}],"replies":[{"embeddable":true,"href":"https:\/\/correiodasemana.com\/site\/wp-json\/wp\/v2\/comments?post=8809"}],"version-history":[{"count":1,"href":"https:\/\/correiodasemana.com\/site\/wp-json\/wp\/v2\/posts\/8809\/revisions"}],"predecessor-version":[{"id":8813,"href":"https:\/\/correiodasemana.com\/site\/wp-json\/wp\/v2\/posts\/8809\/revisions\/8813"}],"wp:featuredmedia":[{"embeddable":true,"href":"https:\/\/correiodasemana.com\/site\/wp-json\/wp\/v2\/media\/8810"}],"wp:attachment":[{"href":"https:\/\/correiodasemana.com\/site\/wp-json\/wp\/v2\/media?parent=8809"}],"wp:term":[{"taxonomy":"category","embeddable":true,"href":"https:\/\/correiodasemana.com\/site\/wp-json\/wp\/v2\/categories?post=8809"},{"taxonomy":"post_tag","embeddable":true,"href":"https:\/\/correiodasemana.com\/site\/wp-json\/wp\/v2\/tags?post=8809"}],"curies":[{"name":"wp","href":"https:\/\/api.w.org\/{rel}","templated":true}]}}