{"id":8814,"date":"2019-08-27T02:42:30","date_gmt":"2019-08-27T02:42:30","guid":{"rendered":"https:\/\/correiodasemana.com\/site\/?p=8814"},"modified":"2019-08-27T02:42:30","modified_gmt":"2019-08-27T02:42:30","slug":"atendimento-e-agilidade-da-emergencia-e-neurologia-da-santa-casa-de-sobral-sao-reconhecidos-por-familiares-de-pacientes","status":"publish","type":"post","link":"https:\/\/correiodasemana.com\/site\/atendimento-e-agilidade-da-emergencia-e-neurologia-da-santa-casa-de-sobral-sao-reconhecidos-por-familiares-de-pacientes\/","title":{"rendered":"Atendimento e agilidade da emerg\u00eancia e neurologia da Santa Casa de Sobral s\u00e3o reconhecidos por familiares de pacientes"},"content":{"rendered":"<p>Maria Katiane da Silva veio direto do Rio de Janeiro quando soube do acidente do irm\u00e3o em Ipueiras. Ao voltar de uma festa, alcoolizado e sem capacete, Jos\u00e9 Arnaldo da Silva, perdeu o controle de sua motocicleta. As consequ\u00eancias foram hemorragia e traumatismo craniano. Direcionado \u00e0 Santa Casa de Miseric\u00f3rdia de Sobral, a rapidez e aten\u00e7\u00e3o humanizada no atendimento, e a agilidade e cuidado da equipe de t\u00e9cnicos de enfermagem, enfermeiros e neurocirurgi\u00f5es salvaram suas vidas e garantiram uma recupera\u00e7\u00e3o r\u00e1pida.<\/p>\n<p>Assessoria de Comunica\u00e7\u00e3o da Santa Casa de Miseric\u00f3rdia de Sobral<br \/>\nAcompanhe o relato da irm\u00e3 emocionada, que testemunhou o irm\u00e3o ganhar uma nova chance de viver com a colabora\u00e7\u00e3o dos funcion\u00e1rios do Hospital que atende mais de 55 munic\u00edpios da regi\u00e3o:<br \/>\n\u201cNo final do m\u00eas de junho meu irm\u00e3o estava voltando de uma festa, tinha ingerido bastante bebida alco\u00f3lica, estava sem capacete e voltando para a casa, capotou, bateu a cabe\u00e7a, teve traumatismo craniano. Como na minha cidade n\u00e3o tem recurso de neurologia, a equipe de sa\u00fade acompanhou com rapidez de l\u00e1 at\u00e9 aqui em Sobral. Quando chegou \u00e0 Santa Casa, rapidamente fizeram a tomografia. No dia seguinte j\u00e1 estava no CTI (Centro de Tratamento ou Terapia Intensiva), e j\u00e1 tinham feito a cirurgia. Como cheguei do Rio de Janeiro tr\u00eas dias depois, n\u00e3o conheci os m\u00e9dicos, nem os plantonistas. Ele estava com hemorragia. O que contou muito para meu irm\u00e3o n\u00e3o ter sequelas foi a rapidez e o acompanhamento de todos os profissionais. Todos os dias que acompanhei ele, escutava palavras de for\u00e7a, meu irm\u00e3o sempre estava limpinho. Naquela hora que eu estava ali, observava o cuidado deles. A aten\u00e7\u00e3o e o carinho deles fizeram a diferen\u00e7a. \u201cEstou cuidando do seu irm\u00e3o da melhor forma poss\u00edvel\u201d, eles falavam, e deu certo. No terceiro dia, ele estava totalmente desacordado. Conversei com ele mesmo em coma. No dia seguinte estava mexendo os pezinhos. Foi uma coisa muito linda, eu tenho muito que agradecer: primeiro a Deus e depois ao atendimento. N\u00e3o poderia deixar de ir embora sem falar isso, todos merecerem meus agradecimentos. Depois de 25 dias ele recebeu alta, e daqui alguns dias volta para o retorno. No caso dele, \u00e9 um milagre muito grande; milagre e agilidade do atendimento e dos m\u00e9dicos. 22 dias aqui para levar minha vit\u00f3ria para casa. Muito obrigada a todos os envolvidos!\u201d<\/p>\n","protected":false},"excerpt":{"rendered":"<p>Maria Katiane da Silva veio direto do Rio de Janeiro quando soube do acidente do&#8230;<\/p>\n","protected":false},"author":1,"featured_media":8815,"comment_status":"open","ping_status":"open","sticky":false,"template":"","format":"standard","meta":{"_jetpack_memberships_contains_paid_content":false,"footnotes":"","jetpack_publicize_message":"","jetpack_publicize_feature_enabled":true,"jetpack_social_post_already_shared":true,"jetpack_social_options":{"image_generator_settings":{"template":"highway","default_image_id":0,"font":"","enabled":false},"version":2}},"categories":[3,52],"tags":[],"class_list":["post-8814","post","type-post","status-publish","format-standard","has-post-thumbnail","hentry","category-santa-casa","category-saude"],"jetpack_publicize_connections":[],"jetpack_featured_media_url":"https:\/\/correiodasemana.com\/site\/wp-content\/uploads\/2019\/08\/Katiane-e-o-irm\u00e3o.jpg","jetpack-related-posts":[{"id":13881,"url":"https:\/\/correiodasemana.com\/site\/emergencia-da-santa-casa-de-misericordia-de-sobral-atende-com-agilidade-vitimas-de-acidente-de-transito\/","url_meta":{"origin":8814,"position":0},"title":"Emerg\u00eancia da Santa Casa de Miseric\u00f3rdia de Sobral atende com agilidade v\u00edtimas de acidente de tr\u00e2nsito","author":"","date":"Outubro 4, 2020","format":false,"excerpt":"Acidente registrado na ter\u00e7a-feira (29\/09), envolvendo tr\u00eas ve\u00edculos na CE-179, entre os munic\u00edpios de Sobral e Groa\u00edras deixou 11 v\u00edtimas, que foram encaminhadas para o hospital. ASCOM COMPLEXO SCMS Em apenas 15 minutos o servi\u00e7o de Emerg\u00eancia da Santa Casa de Miseric\u00f3rdia de Sobral conseguiu atender com seguran\u00e7a e agilidade\u2026","rel":"","context":"In &quot;Atualidade&quot;","block_context":{"text":"Atualidade","link":"https:\/\/correiodasemana.com\/site\/category\/atualidade\/"},"img":{"alt_text":"","src":"https:\/\/i0.wp.com\/correiodasemana.com\/site\/wp-content\/uploads\/2020\/10\/Emergencia.jpg?resize=350%2C200&ssl=1","width":350,"height":200,"srcset":"https:\/\/i0.wp.com\/correiodasemana.com\/site\/wp-content\/uploads\/2020\/10\/Emergencia.jpg?resize=350%2C200&ssl=1 1x, https:\/\/i0.wp.com\/correiodasemana.com\/site\/wp-content\/uploads\/2020\/10\/Emergencia.jpg?resize=525%2C300&ssl=1 1.5x"},"classes":[]},{"id":9159,"url":"https:\/\/correiodasemana.com\/site\/santa-casa-de-misericordia-de-sobral-oferece-assistencia-especializada-no-tratamento-de-pacientes-com-cancer\/","url_meta":{"origin":8814,"position":1},"title":"Santa Casa de Miseric\u00f3rdia de Sobral oferece assist\u00eancia especializada no tratamento de pacientes com c\u00e2ncer","author":"","date":"Setembro 23, 2019","format":false,"excerpt":"O hospital \u00e9 credenciado como Centro de Assist\u00eancia de Alta Complexidade em Oncologia (CACON) e todos os servi\u00e7os prestados pelo setor de Oncologia da SCMS s\u00e3o pagos pelo SUS.\u00a0 Assessoria de Comunica\u00e7\u00e3o da Santa Casa de Miseric\u00f3rdia de Sobral A Santa Casa de Miseric\u00f3rdia de Sobral (SCMS) atende pacientes de\u2026","rel":"","context":"In &quot;Santa Casa&quot;","block_context":{"text":"Santa Casa","link":"https:\/\/correiodasemana.com\/site\/category\/santa-casa\/"},"img":{"alt_text":"","src":"https:\/\/i0.wp.com\/correiodasemana.com\/site\/wp-content\/uploads\/2019\/09\/Foto-1-1-1.jpg?resize=350%2C200&ssl=1","width":350,"height":200,"srcset":"https:\/\/i0.wp.com\/correiodasemana.com\/site\/wp-content\/uploads\/2019\/09\/Foto-1-1-1.jpg?resize=350%2C200&ssl=1 1x, https:\/\/i0.wp.com\/correiodasemana.com\/site\/wp-content\/uploads\/2019\/09\/Foto-1-1-1.jpg?resize=525%2C300&ssl=1 1.5x, https:\/\/i0.wp.com\/correiodasemana.com\/site\/wp-content\/uploads\/2019\/09\/Foto-1-1-1.jpg?resize=700%2C400&ssl=1 2x, https:\/\/i0.wp.com\/correiodasemana.com\/site\/wp-content\/uploads\/2019\/09\/Foto-1-1-1.jpg?resize=1050%2C600&ssl=1 3x, https:\/\/i0.wp.com\/correiodasemana.com\/site\/wp-content\/uploads\/2019\/09\/Foto-1-1-1.jpg?resize=1400%2C800&ssl=1 4x"},"classes":[]},{"id":35763,"url":"https:\/\/correiodasemana.com\/site\/santa-casa-de-sobral-implanta-central-de-transporte-interno-de-paciente\/","url_meta":{"origin":8814,"position":2},"title":"Santa Casa de Sobral implanta Central de Transporte Interno de Paciente","author":"adminredacao","date":"Setembro 29, 2025","format":false,"excerpt":"Com o objetivo de aumentar a efici\u00eancia operacional e otimizar o deslocamento dos pacientes dentro da unidade, a Santa Casa de Miseric\u00f3rdia de Sobral implantou a Central de Transporte Intra-hospitalar. O novo servi\u00e7o visa padronizar os processos de transfer\u00eancias e translados internos, garantindo mais seguran\u00e7a, agilidade e qualidade no atendimento\u2026","rel":"","context":"In &quot;Atualidade&quot;","block_context":{"text":"Atualidade","link":"https:\/\/correiodasemana.com\/site\/category\/atualidade\/"},"img":{"alt_text":"","src":"https:\/\/i0.wp.com\/correiodasemana.com\/site\/wp-content\/uploads\/2025\/09\/Central-de-Transportes-1-scaled.jpg?resize=350%2C200&ssl=1","width":350,"height":200,"srcset":"https:\/\/i0.wp.com\/correiodasemana.com\/site\/wp-content\/uploads\/2025\/09\/Central-de-Transportes-1-scaled.jpg?resize=350%2C200&ssl=1 1x, https:\/\/i0.wp.com\/correiodasemana.com\/site\/wp-content\/uploads\/2025\/09\/Central-de-Transportes-1-scaled.jpg?resize=525%2C300&ssl=1 1.5x, https:\/\/i0.wp.com\/correiodasemana.com\/site\/wp-content\/uploads\/2025\/09\/Central-de-Transportes-1-scaled.jpg?resize=700%2C400&ssl=1 2x, https:\/\/i0.wp.com\/correiodasemana.com\/site\/wp-content\/uploads\/2025\/09\/Central-de-Transportes-1-scaled.jpg?resize=1050%2C600&ssl=1 3x, https:\/\/i0.wp.com\/correiodasemana.com\/site\/wp-content\/uploads\/2025\/09\/Central-de-Transportes-1-scaled.jpg?resize=1400%2C800&ssl=1 4x"},"classes":[]},{"id":35279,"url":"https:\/\/correiodasemana.com\/site\/santa-casa-de-sobral-inaugura-hospital-dia-para-atendimentos-de-curta-duracao\/","url_meta":{"origin":8814,"position":3},"title":"Santa Casa de Sobral inaugura Hospital Dia para atendimentos de curta dura\u00e7\u00e3o","author":"adminredacao","date":"Agosto 25, 2025","format":false,"excerpt":"Com o objetivo de ampliar e agilizar a oferta de cuidados em sa\u00fade, a Santa Casa de Miseric\u00f3rdia de Sobral inaugurou, na sexta-feira (15\/08), o Hospital Dia, uma unidade especializada em atendimentos que demandam interna\u00e7\u00e3o por at\u00e9 12 horas. A nova estrutura conta com 11 leitos credenciados no Sistema \u00danico\u2026","rel":"","context":"In &quot;Atualidade&quot;","block_context":{"text":"Atualidade","link":"https:\/\/correiodasemana.com\/site\/category\/atualidade\/"},"img":{"alt_text":"","src":"https:\/\/i0.wp.com\/correiodasemana.com\/site\/wp-content\/uploads\/2025\/08\/Hospital-Dia-1-scaled.jpeg?resize=350%2C200&ssl=1","width":350,"height":200,"srcset":"https:\/\/i0.wp.com\/correiodasemana.com\/site\/wp-content\/uploads\/2025\/08\/Hospital-Dia-1-scaled.jpeg?resize=350%2C200&ssl=1 1x, https:\/\/i0.wp.com\/correiodasemana.com\/site\/wp-content\/uploads\/2025\/08\/Hospital-Dia-1-scaled.jpeg?resize=525%2C300&ssl=1 1.5x, https:\/\/i0.wp.com\/correiodasemana.com\/site\/wp-content\/uploads\/2025\/08\/Hospital-Dia-1-scaled.jpeg?resize=700%2C400&ssl=1 2x, https:\/\/i0.wp.com\/correiodasemana.com\/site\/wp-content\/uploads\/2025\/08\/Hospital-Dia-1-scaled.jpeg?resize=1050%2C600&ssl=1 3x, https:\/\/i0.wp.com\/correiodasemana.com\/site\/wp-content\/uploads\/2025\/08\/Hospital-Dia-1-scaled.jpeg?resize=1400%2C800&ssl=1 4x"},"classes":[]},{"id":16012,"url":"https:\/\/correiodasemana.com\/site\/complexo-santa-casa-de-misericordia-de-sobral-implanta-novo-sistema-de-gestao-hospitalar\/","url_meta":{"origin":8814,"position":4},"title":"Complexo Santa Casa de Miseric\u00f3rdia de Sobral implanta novo sistema de gest\u00e3o hospitalar","author":"","date":"Mar\u00e7o 22, 2021","format":false,"excerpt":"O novo sistema permite a integra\u00e7\u00e3o de processos intersetoriais e facilita a transmiss\u00e3o de informa\u00e7\u00f5es.\u00a0\u00a0 O Complexo Santa Casa de Miseric\u00f3rdia de Sobral implantou um novo sistema de gest\u00e3o hospitalar - o SOUL MV. A ferramenta re\u00fane um conjunto de solu\u00e7\u00f5es que otimizam o fluxo de dados entre os setores\u2026","rel":"","context":"In &quot;Atualidade&quot;","block_context":{"text":"Atualidade","link":"https:\/\/correiodasemana.com\/site\/category\/atualidade\/"},"img":{"alt_text":"","src":"https:\/\/i0.wp.com\/correiodasemana.com\/site\/wp-content\/uploads\/2021\/03\/foto-1-ti.jpg?resize=350%2C200&ssl=1","width":350,"height":200,"srcset":"https:\/\/i0.wp.com\/correiodasemana.com\/site\/wp-content\/uploads\/2021\/03\/foto-1-ti.jpg?resize=350%2C200&ssl=1 1x, https:\/\/i0.wp.com\/correiodasemana.com\/site\/wp-content\/uploads\/2021\/03\/foto-1-ti.jpg?resize=525%2C300&ssl=1 1.5x, https:\/\/i0.wp.com\/correiodasemana.com\/site\/wp-content\/uploads\/2021\/03\/foto-1-ti.jpg?resize=700%2C400&ssl=1 2x"},"classes":[]},{"id":11050,"url":"https:\/\/correiodasemana.com\/site\/emergencia-da-santa-casa-de-misericordia-de-sobral-realiza-mais-de-500-atendimentos-durante-o-carnaval\/","url_meta":{"origin":8814,"position":5},"title":"Emerg\u00eancia da Santa Casa de Miseric\u00f3rdia de Sobral realiza mais de 500 atendimentos durante o Carnaval","author":"","date":"Mar\u00e7o 2, 2020","format":false,"excerpt":"Durante cinco dias o plant\u00e3o de emerg\u00eancia do Carnaval atendeu uma m\u00e9dia de 100 pessoas por dia. Assessoria de Comunica\u00e7\u00e3o do Complexo SCMS A Santa Casa de Miseric\u00f3rdia de Sobral (SCMS) realizou, de 22 a 26 de fevereiro, 502 atendimentos de emerg\u00eancia. Acidentes de carro e moto, queda e agress\u00e3o\u2026","rel":"","context":"In &quot;Santa Casa&quot;","block_context":{"text":"Santa Casa","link":"https:\/\/correiodasemana.com\/site\/category\/santa-casa\/"},"img":{"alt_text":"","src":"https:\/\/i0.wp.com\/correiodasemana.com\/site\/wp-content\/uploads\/2019\/08\/santa-casa-foto.jpg?resize=350%2C200&ssl=1","width":350,"height":200,"srcset":"https:\/\/i0.wp.com\/correiodasemana.com\/site\/wp-content\/uploads\/2019\/08\/santa-casa-foto.jpg?resize=350%2C200&ssl=1 1x, https:\/\/i0.wp.com\/correiodasemana.com\/site\/wp-content\/uploads\/2019\/08\/santa-casa-foto.jpg?resize=525%2C300&ssl=1 1.5x, https:\/\/i0.wp.com\/correiodasemana.com\/site\/wp-content\/uploads\/2019\/08\/santa-casa-foto.jpg?resize=700%2C400&ssl=1 2x"},"classes":[]}],"jetpack_sharing_enabled":true,"_links":{"self":[{"href":"https:\/\/correiodasemana.com\/site\/wp-json\/wp\/v2\/posts\/8814","targetHints":{"allow":["GET"]}}],"collection":[{"href":"https:\/\/correiodasemana.com\/site\/wp-json\/wp\/v2\/posts"}],"about":[{"href":"https:\/\/correiodasemana.com\/site\/wp-json\/wp\/v2\/types\/post"}],"author":[{"embeddable":true,"href":"https:\/\/correiodasemana.com\/site\/wp-json\/wp\/v2\/users\/1"}],"replies":[{"embeddable":true,"href":"https:\/\/correiodasemana.com\/site\/wp-json\/wp\/v2\/comments?post=8814"}],"version-history":[{"count":1,"href":"https:\/\/correiodasemana.com\/site\/wp-json\/wp\/v2\/posts\/8814\/revisions"}],"predecessor-version":[{"id":8816,"href":"https:\/\/correiodasemana.com\/site\/wp-json\/wp\/v2\/posts\/8814\/revisions\/8816"}],"wp:featuredmedia":[{"embeddable":true,"href":"https:\/\/correiodasemana.com\/site\/wp-json\/wp\/v2\/media\/8815"}],"wp:attachment":[{"href":"https:\/\/correiodasemana.com\/site\/wp-json\/wp\/v2\/media?parent=8814"}],"wp:term":[{"taxonomy":"category","embeddable":true,"href":"https:\/\/correiodasemana.com\/site\/wp-json\/wp\/v2\/categories?post=8814"},{"taxonomy":"post_tag","embeddable":true,"href":"https:\/\/correiodasemana.com\/site\/wp-json\/wp\/v2\/tags?post=8814"}],"curies":[{"name":"wp","href":"https:\/\/api.w.org\/{rel}","templated":true}]}}