{"id":8878,"date":"2019-08-27T03:12:36","date_gmt":"2019-08-27T03:12:36","guid":{"rendered":"https:\/\/correiodasemana.com\/site\/?p=8878"},"modified":"2019-08-27T03:12:36","modified_gmt":"2019-08-27T03:12:36","slug":"politica-em-evidencia-7","status":"publish","type":"post","link":"https:\/\/correiodasemana.com\/site\/politica-em-evidencia-7\/","title":{"rendered":"Pol\u00edtica em Evid\u00eancia"},"content":{"rendered":"<p>O \u00faltimo Levantamento R\u00e1pido do \u00cdndice de Infesta\u00e7\u00e3o pelo Aedes aegypti (LIRAa) 2019 realizado em Sobral aponta que o munic\u00edpio mant\u00e9m os focos do mosquito sob controle. O resultado do LIRAa de 0,49% de infesta\u00e7\u00e3o predial confirma que a Prefeitura est\u00e1 fazendo bem a sua parte na preven\u00e7\u00e3o das doen\u00e7as.<br \/>\nSegundo o Programa Nacional de Controle da Dengue, cidades que apresentam \u00edndices inferiores a 1% est\u00e3o em condi\u00e7\u00f5es satisfat\u00f3rias.<\/p>\n<p>O vereador e vice-presidente do legislativo de Meruoca, Maur\u00edcio Sanford, agradeceu a presen\u00e7a do deputado federal Le\u00f4nidas Cristino, que sempre est\u00e1 presente nos eventos importantes do munic\u00edpio, como a assinatura do conv\u00eanio com o SISAR e CAGECE, para libera\u00e7\u00e3o de \u00e1gua e tratamento de esgotos na Zona Rural de Meruoca. Maur\u00edcio confirmou que no dia 29 de agosto, a partir das 9:00h da manh\u00e3 em Meruoca, acontecer\u00e1 a inaugura\u00e7\u00e3o do sistema de abastecimento de \u00e1gua do S\u00edtio Recife, marcado pela secretaria de Desenvolvimento Agr\u00e1rio do Governo do Estado.<\/p>\n<p>A Prefeitura de Massap\u00ea atrav\u00e9s das secretarias de sa\u00fade, educa\u00e7\u00e3o, assist\u00eancia social e Comiss\u00e3o Pr\u00f3-Selo UNICEF esteve realizando no per\u00edodo de 16 a 23 de Agosto a semana do beb\u00ea 2019. A abertura da Semana do Beb\u00ea aconteceu dia 16, na Pra\u00e7a da Matriz, com a presen\u00e7a do prefeito Jacques Albuquerque, quando aconteceu caminhada em dire\u00e7\u00e3o \u00e0 escola Gov. Adauto Bezerra. Finalizando a Semana do Beb\u00ea, entre 19 a 23 de agosto, aconteceram visitas as gestantes na maternidade Ana Paulina Aguiar, e visitas as creches da sede e Zona Rural.<\/p>\n<p>A maioria dos vereadores do legislativo de Sobral, resolveram votar pela perman\u00eancia do edil preso e afastado de suas fun\u00e7\u00f5es no parlamento municipal, Rom\u00e1rio Ara\u00fajo. O advogado L\u00edntor Torquato havia protocolado no legislativo uma Representa\u00e7\u00e3o contra Rom\u00e1rio, por quebra de decoro parlamentar e fosse formada uma Comiss\u00e3o de \u00c8tica para analisar o caso. Na vota\u00e7\u00e3o em plen\u00e1rio para aceitar ou n\u00e3o a Representa\u00e7\u00e3o de L\u00edntor, a maioria dos edis preferiram votar para que Rom\u00e1rio permane\u00e7a como edil, embora preso e sem remunera\u00e7\u00e3o.<br \/>\nPara que n\u00e3o aceitasse o pedido do advogado L\u00ednton, foram 11 vereadores e 8 foram favor\u00e1veis. Como precisa de maioria para iniciar a abertura de cassa\u00e7\u00e3o do Rom\u00e1rio, a solicita\u00e7\u00e3o do advogado L\u00edntor n\u00e3o vingou e o legislativo sobralense vai permanecer com 20 vereadores na casa do povo.<\/p>\n<p>A prefeita de Camocim, M\u00f4nica Aguiar (PDT) esteve recebendo em seu gabinete, o presidente da C\u00e2mara C\u00e9sar Veras, o vereador l\u00edder de seu governo no legislativo, Kleber Tr\u00e9via. M\u00f4nica ainda conversou com os secret\u00e1rios municipais, Ricardo Vasconcelos do turismo, Ben\u00e9 do esporte, e Jeov\u00e1 da seguran\u00e7a. Usando as redes sociais, M\u00f4nica registrou: \u201cO sucesso de uma gest\u00e3o tamb\u00e9m est\u00e1 relacionado a um trabalho em equipe eficiente, uma parceria constante em busca dos melhores resultados\u201d. Juntos somos mais fortes\u201d.<\/p>\n<p>O prefeito de Meruoca, Ant\u00f4nio Fonteles e o secret\u00e1rio de Meio Ambiente, Recursos H\u00eddricos e Agropecu\u00e1ria, Paulo Maia, convidando a comunidade do distrito de anil, para a inaugura\u00e7\u00e3o da adutora que vai acontecer na pra\u00e7a central, e distribuir \u00e1gua para a popula\u00e7\u00e3o, dia 24 de agosto, a partir das 17:00h.<\/p>\n<p>O prefeito de Alc\u00e2ntaras, Joaquim do Quinca, vai marcar presen\u00e7a no Encontro de Bandas Municipais. De acordo com Joaquim, esse Encontro de Bandas atrav\u00e9s da secretaria de Educa\u00e7\u00e3o, vai acontecer dia 24 de agosto, na Pra\u00e7a da Igreja Matriz. Esse ser\u00e1 o 2\u00ba Encontro de Bandas Municipais, a partir das 18h30.<\/p>\n<p>O deputado estadual Mois\u00e9s Braz (PT) participou na manh\u00e3 do domingo, 18\/8, da solenidade de posse da nova dire\u00e7\u00e3o do Sindicato dos Trabalhadores Rurais Agricultores e Agricultoras Familiares (Straaf) de Forquilha para o quadri\u00eanio 2019\/2023. Com 92,56% dos votos v\u00e1lidos, a chapa \u00fanica, encabe\u00e7ada por Meirilane Maria Sousa de Lima, foi eleita para estar \u00e0 frente do sindicato.<\/p>\n<p>A Prefeitura de Sobral, por meio da Secretaria do Or\u00e7amento e Finan\u00e7as (Sefin), lan\u00e7ou consulta p\u00fablica sobre o Or\u00e7amento 2020. O objetivo \u00e9 envolver a popula\u00e7\u00e3o, por meio de suas opini\u00f5es, no processo de elabora\u00e7\u00e3o do or\u00e7amento municipal. A consulta estar\u00e1 dispon\u00edvel no site da Prefeitura de Sobral at\u00e9 dia 5 de setembro. Qualquer pessoa pode participar e sugerir o que considera priorit\u00e1rio para a melhoria da qualidade de vida da popula\u00e7\u00e3o.<\/p>\n<p>Dica do Marcelo Marques: leia mais not\u00edcias no www.politicaemevidencia.com.br<\/p>\n","protected":false},"excerpt":{"rendered":"<p>O \u00faltimo Levantamento R\u00e1pido do \u00cdndice de Infesta\u00e7\u00e3o pelo Aedes aegypti (LIRAa) 2019 realizado em&#8230;<\/p>\n","protected":false},"author":1,"featured_media":8239,"comment_status":"open","ping_status":"open","sticky":false,"template":"","format":"standard","meta":{"_jetpack_memberships_contains_paid_content":false,"footnotes":"","jetpack_publicize_message":"","jetpack_publicize_feature_enabled":true,"jetpack_social_post_already_shared":true,"jetpack_social_options":{"image_generator_settings":{"template":"highway","default_image_id":0,"font":"","enabled":false},"version":2}},"categories":[11,48],"tags":[],"class_list":["post-8878","post","type-post","status-publish","format-standard","has-post-thumbnail","hentry","category-artigos","category-politica-em-evidencia"],"jetpack_publicize_connections":[],"jetpack_featured_media_url":"https:\/\/correiodasemana.com\/site\/wp-content\/uploads\/2019\/07\/23600_2_EL.jpg","jetpack-related-posts":[{"id":8785,"url":"https:\/\/correiodasemana.com\/site\/politica-em-evidencia-6\/","url_meta":{"origin":8878,"position":0},"title":"Pol\u00edtica em Evid\u00eancia","author":"","date":"Agosto 18, 2019","format":false,"excerpt":"Em discurso na C\u00e2mara Federal, o deputado Le\u00f4nidas Cristino citou a import\u00e2ncia da Companhia de G\u00e1s do Cear\u00e1 (CEG\u00c1S) e destacou que\u00a0\u201ctrata-se de uma empresa enxuta, com relevante participa\u00e7\u00e3o privada, que cresceu 14,5% em volume n\u00e3o-t\u00e9rmico no per\u00edodo 2017-2018, enquanto a m\u00e9dia de crescimento no Brasil foi de 2,8% no\u2026","rel":"","context":"In &quot;Artigos&quot;","block_context":{"text":"Artigos","link":"https:\/\/correiodasemana.com\/site\/category\/artigos\/"},"img":{"alt_text":"","src":"https:\/\/i0.wp.com\/correiodasemana.com\/site\/wp-content\/uploads\/2019\/08\/urna_lecr-e1447217261594.jpg?resize=350%2C200&ssl=1","width":350,"height":200,"srcset":"https:\/\/i0.wp.com\/correiodasemana.com\/site\/wp-content\/uploads\/2019\/08\/urna_lecr-e1447217261594.jpg?resize=350%2C200&ssl=1 1x, https:\/\/i0.wp.com\/correiodasemana.com\/site\/wp-content\/uploads\/2019\/08\/urna_lecr-e1447217261594.jpg?resize=525%2C300&ssl=1 1.5x, https:\/\/i0.wp.com\/correiodasemana.com\/site\/wp-content\/uploads\/2019\/08\/urna_lecr-e1447217261594.jpg?resize=700%2C400&ssl=1 2x, https:\/\/i0.wp.com\/correiodasemana.com\/site\/wp-content\/uploads\/2019\/08\/urna_lecr-e1447217261594.jpg?resize=1050%2C600&ssl=1 3x, https:\/\/i0.wp.com\/correiodasemana.com\/site\/wp-content\/uploads\/2019\/08\/urna_lecr-e1447217261594.jpg?resize=1400%2C800&ssl=1 4x"},"classes":[]},{"id":10524,"url":"https:\/\/correiodasemana.com\/site\/politica-em-evidencia-19\/","url_meta":{"origin":8878,"position":1},"title":"Pol\u00edtica em Evid\u00eancia","author":"","date":"Janeiro 22, 2020","format":false,"excerpt":"O prefeito Ivo Gomes esteve inaugurando na \u00faltima ter\u00e7a-feira (14), o saneamento e Areninha Esportivano Bairro da Areinha em Aracatia\u00e7u, depois de passar por grande reforma, e melhorando a vida dos moradores. Durante muito tempo aquela comunidade vivia no meio da lama, e sem a m\u00ednima condi\u00e7\u00e3o de higiene. Prefeito\u2026","rel":"","context":"In &quot;Artigos&quot;","block_context":{"text":"Artigos","link":"https:\/\/correiodasemana.com\/site\/category\/artigos\/"},"img":{"alt_text":"","src":"https:\/\/i0.wp.com\/correiodasemana.com\/site\/wp-content\/uploads\/2019\/08\/urna_lecr-e1447217261594.jpg?resize=350%2C200&ssl=1","width":350,"height":200,"srcset":"https:\/\/i0.wp.com\/correiodasemana.com\/site\/wp-content\/uploads\/2019\/08\/urna_lecr-e1447217261594.jpg?resize=350%2C200&ssl=1 1x, https:\/\/i0.wp.com\/correiodasemana.com\/site\/wp-content\/uploads\/2019\/08\/urna_lecr-e1447217261594.jpg?resize=525%2C300&ssl=1 1.5x, https:\/\/i0.wp.com\/correiodasemana.com\/site\/wp-content\/uploads\/2019\/08\/urna_lecr-e1447217261594.jpg?resize=700%2C400&ssl=1 2x, https:\/\/i0.wp.com\/correiodasemana.com\/site\/wp-content\/uploads\/2019\/08\/urna_lecr-e1447217261594.jpg?resize=1050%2C600&ssl=1 3x, https:\/\/i0.wp.com\/correiodasemana.com\/site\/wp-content\/uploads\/2019\/08\/urna_lecr-e1447217261594.jpg?resize=1400%2C800&ssl=1 4x"},"classes":[]},{"id":14949,"url":"https:\/\/correiodasemana.com\/site\/politica-em-evidencia-47\/","url_meta":{"origin":8878,"position":2},"title":"Pol\u00edtica em Evid\u00eancia","author":"","date":"Dezembro 7, 2020","format":false,"excerpt":"Secret\u00e1rio dos Servi\u00e7os P\u00fablicos (Sesep) da Prefeitura de Sobral, Paulo Vasconcelos, informando\u00a0que iniciou os servi\u00e7os de montagem da tradicional decora\u00e7\u00e3o natalina. O Rio Acara\u00fa conta novamente com tr\u00eas \u00e1rvores de natal. Montadas em cima de balsas, as \u00e1rvores ter\u00e3o sete metros de altura. Toda a ilumina\u00e7\u00e3o contar\u00e1 com l\u00e2mpadas de\u2026","rel":"","context":"In &quot;Artigos&quot;","block_context":{"text":"Artigos","link":"https:\/\/correiodasemana.com\/site\/category\/artigos\/"},"img":{"alt_text":"","src":"","width":0,"height":0},"classes":[]},{"id":13081,"url":"https:\/\/correiodasemana.com\/site\/politica-em-evidencia-34\/","url_meta":{"origin":8878,"position":3},"title":"Pol\u00edtica em Evid\u00eancia","author":"","date":"Agosto 24, 2020","format":false,"excerpt":"Quem esteve aniversariando na \u00faltima segunda-feira (17\/8), foi o nosso querido Papa Seu Moacir Marques, que no domingo comemorou seu anivers\u00e1rio ao lado de sua esposa Dona Iracema, na resid\u00eancia de Lucimeire e dos outros filhos, noras e netos, na Praia do Macei\u00f3 em Camocim, em ritmo de churrasco, vinho\u2026","rel":"","context":"In &quot;Artigos&quot;","block_context":{"text":"Artigos","link":"https:\/\/correiodasemana.com\/site\/category\/artigos\/"},"img":{"alt_text":"","src":"","width":0,"height":0},"classes":[]},{"id":14245,"url":"https:\/\/correiodasemana.com\/site\/politica-em-evidencia-42\/","url_meta":{"origin":8878,"position":4},"title":"Pol\u00edtica em Evid\u00eancia","author":"","date":"Outubro 25, 2020","format":false,"excerpt":"Os vereadores da C\u00e2mara de Sobral promoveram Audi\u00eancia P\u00fablica no \u00faltimo dia 22 de outubro, no plen\u00e1rio 5 de Julho, que tratou do Projeto de Lei Complementar - 89, que trata dos Crit\u00e9rios de Licen\u00e7a para Instala\u00e7\u00e3o e Opera\u00e7\u00e3o de posto de combust\u00edveis automotivo no munic\u00edpio de Sobral. Vereador de\u2026","rel":"","context":"In &quot;Artigos&quot;","block_context":{"text":"Artigos","link":"https:\/\/correiodasemana.com\/site\/category\/artigos\/"},"img":{"alt_text":"","src":"","width":0,"height":0},"classes":[]},{"id":12412,"url":"https:\/\/correiodasemana.com\/site\/politica-em-evidencia-31\/","url_meta":{"origin":8878,"position":5},"title":"Pol\u00edtica em Evid\u00eancia","author":"","date":"Agosto 2, 2020","format":false,"excerpt":"O deputado federal, Le\u00f4nidas Cristino (PDT) est\u00e1 concorrendo em tr\u00eas categorias:\u00a0Melhor Parlamentar; Clima e Sustentabilidade e Defesa da Educa\u00e7\u00e3o.\u00a0Todos podem dar seu voto na escolha de Le\u00f4nidas, para o Pr\u00eamio Congresso em Foco 2020. Basta acessar este link rebrand.ly\/VoteLeonidasCristino. O Presidente da C\u00e2mara de Sobral, Carlos do Calisto, ouvindo a\u2026","rel":"","context":"In &quot;Artigos&quot;","block_context":{"text":"Artigos","link":"https:\/\/correiodasemana.com\/site\/category\/artigos\/"},"img":{"alt_text":"","src":"","width":0,"height":0},"classes":[]}],"jetpack_sharing_enabled":true,"_links":{"self":[{"href":"https:\/\/correiodasemana.com\/site\/wp-json\/wp\/v2\/posts\/8878","targetHints":{"allow":["GET"]}}],"collection":[{"href":"https:\/\/correiodasemana.com\/site\/wp-json\/wp\/v2\/posts"}],"about":[{"href":"https:\/\/correiodasemana.com\/site\/wp-json\/wp\/v2\/types\/post"}],"author":[{"embeddable":true,"href":"https:\/\/correiodasemana.com\/site\/wp-json\/wp\/v2\/users\/1"}],"replies":[{"embeddable":true,"href":"https:\/\/correiodasemana.com\/site\/wp-json\/wp\/v2\/comments?post=8878"}],"version-history":[{"count":1,"href":"https:\/\/correiodasemana.com\/site\/wp-json\/wp\/v2\/posts\/8878\/revisions"}],"predecessor-version":[{"id":8879,"href":"https:\/\/correiodasemana.com\/site\/wp-json\/wp\/v2\/posts\/8878\/revisions\/8879"}],"wp:featuredmedia":[{"embeddable":true,"href":"https:\/\/correiodasemana.com\/site\/wp-json\/wp\/v2\/media\/8239"}],"wp:attachment":[{"href":"https:\/\/correiodasemana.com\/site\/wp-json\/wp\/v2\/media?parent=8878"}],"wp:term":[{"taxonomy":"category","embeddable":true,"href":"https:\/\/correiodasemana.com\/site\/wp-json\/wp\/v2\/categories?post=8878"},{"taxonomy":"post_tag","embeddable":true,"href":"https:\/\/correiodasemana.com\/site\/wp-json\/wp\/v2\/tags?post=8878"}],"curies":[{"name":"wp","href":"https:\/\/api.w.org\/{rel}","templated":true}]}}