{"id":8880,"date":"2019-08-27T03:13:25","date_gmt":"2019-08-27T03:13:25","guid":{"rendered":"https:\/\/correiodasemana.com\/site\/?p=8880"},"modified":"2019-08-27T03:13:25","modified_gmt":"2019-08-27T03:13:25","slug":"nordestao-de-presbiteros-reune-padres-de-toda-regiao-em-joao-pessoa","status":"publish","type":"post","link":"https:\/\/correiodasemana.com\/site\/nordestao-de-presbiteros-reune-padres-de-toda-regiao-em-joao-pessoa\/","title":{"rendered":"Nordest\u00e3o de Presb\u00edteros re\u00fane padres de toda regi\u00e3o em Jo\u00e3o Pessoa"},"content":{"rendered":"<p>Os 9 Estados do Nordeste est\u00e3o representados no 15\u00ba Nordest\u00e3o de Presb\u00edteros, que acontece em Jo\u00e3o Pessoa. O evento teve in\u00edcio nesta segunda, dia 19, e aborda o tema \u201cPresb\u00edteros do Nordeste vivendo a comunh\u00e3o na miss\u00e3o\u201d. O assessor do encontro \u00e9 o Pe. Maur\u00edcio Jardim, Diretor Nacional das Pontif\u00edcias Obras Mission\u00e1rias (POM). O Nordest\u00e3o segue at\u00e9 a pr\u00f3xima sexta, dia 23.<br \/>\nA Missa de abertura foi presidida por Dom Paulo Jakson, Bispo de Garanhus e Presidente do Regional Nordeste 2 da CNBB. \u201cFiz quest\u00e3o de vir pessoalmente acolher nossos irm\u00e3os presb\u00edteros aqui no nosso regional, que estes dias v\u00e3o viver momentos de uni\u00e3o e fraternidade sacerdotal com os olhos voltados para a miss\u00e3o\u201d.<br \/>\nO Pe. Maur\u00edcio Jardim explica que a missionariedade \u00e9 a identidade de todo crist\u00e3o batizado, mas que os sacerdotes precisam ter um olhar mais atento a este envio. \u201cO sacerdote tem essa identidade mission\u00e1ria, porque a natureza da Igreja \u00e9 mission\u00e1ria. O Papa Francisco nos convoca a sermos uma Igreja em sa\u00edda e refor\u00e7a este convite com a chamada para um m\u00eas extraordin\u00e1rio da miss\u00e3o (outubro de 2019) e o pr\u00f3prio S\u00ednodo da Amaz\u00f4nia. Portanto, um encontro como este nos ajuda na reflex\u00e3o e na aten\u00e7\u00e3o que devemos dar ao nosso chamado vocacional, assumido na ordena\u00e7\u00e3o\u201d.<br \/>\nO Nordest\u00e3o de Presb\u00edteros \u00e9 organizado pelas Comiss\u00f5es de Presb\u00edteros dos 5 Regionais do Nordeste e \u00e9 uma prepara\u00e7\u00e3o para o encontro Nacional, que acontece em 2020 no Santu\u00e1rio Nacional de Aparecida.<br \/>\nAssessoria de Imprensa e Comunica\u00e7\u00e3o da Arquidiocese da Para\u00edba<\/p>\n","protected":false},"excerpt":{"rendered":"<p>Os 9 Estados do Nordeste est\u00e3o representados no 15\u00ba Nordest\u00e3o de Presb\u00edteros, que acontece em&#8230;<\/p>\n","protected":false},"author":1,"featured_media":8881,"comment_status":"open","ping_status":"open","sticky":false,"template":"","format":"standard","meta":{"_jetpack_newsletter_access":"","_jetpack_dont_email_post_to_subs":false,"_jetpack_newsletter_tier_id":0,"_jetpack_memberships_contains_paywalled_content":false,"_jetpack_feature_clip_id":0,"_jetpack_memberships_contains_paid_content":false,"footnotes":"","jetpack_publicize_message":"","jetpack_publicize_feature_enabled":true,"jetpack_social_post_already_shared":true,"jetpack_social_options":{"image_generator_settings":{"template":"highway","default_image_id":0,"font":"","enabled":false},"version":2},"jetpack_post_was_ever_published":false},"categories":[4,39],"tags":[],"class_list":["post-8880","post","type-post","status-publish","format-standard","has-post-thumbnail","hentry","category-diocese","category-igreja"],"jetpack_publicize_connections":[],"featured_image_urls":{"full":["https:\/\/correiodasemana.com\/site\/wp-content\/uploads\/2019\/08\/FOTO-DO-NORDEST\u00c3O.jpg",1080,637,false],"thumbnail":["https:\/\/correiodasemana.com\/site\/wp-content\/uploads\/2019\/08\/FOTO-DO-NORDEST\u00c3O-150x150.jpg",150,150,true],"medium":["https:\/\/correiodasemana.com\/site\/wp-content\/uploads\/2019\/08\/FOTO-DO-NORDEST\u00c3O-300x177.jpg",300,177,true],"medium_large":["https:\/\/correiodasemana.com\/site\/wp-content\/uploads\/2019\/08\/FOTO-DO-NORDEST\u00c3O-768x453.jpg",640,378,true],"large":["https:\/\/correiodasemana.com\/site\/wp-content\/uploads\/2019\/08\/FOTO-DO-NORDEST\u00c3O-1024x604.jpg",640,378,true],"1536x1536":["https:\/\/correiodasemana.com\/site\/wp-content\/uploads\/2019\/08\/FOTO-DO-NORDEST\u00c3O.jpg",1080,637,false],"2048x2048":["https:\/\/correiodasemana.com\/site\/wp-content\/uploads\/2019\/08\/FOTO-DO-NORDEST\u00c3O.jpg",1080,637,false],"covernews-featured":["https:\/\/correiodasemana.com\/site\/wp-content\/uploads\/2019\/08\/FOTO-DO-NORDEST\u00c3O.jpg",1024,604,false],"covernews-medium":["https:\/\/correiodasemana.com\/site\/wp-content\/uploads\/2019\/08\/FOTO-DO-NORDEST\u00c3O.jpg",540,319,false]},"author_info":{"info":[""]},"category_info":"<a href=\"https:\/\/correiodasemana.com\/site\/category\/diocese\/\" rel=\"category tag\">Diocese<\/a> <a href=\"https:\/\/correiodasemana.com\/site\/category\/igreja\/\" rel=\"category tag\">Igreja<\/a>","tag_info":"Igreja","comment_count":"0","jetpack-related-posts":[{"id":31821,"url":"https:\/\/correiodasemana.com\/site\/comissao-regional-de-presbiteros-se-reune-em-fortaleza-para-planejar-o-17o-nordestao-de-presbiteros-2025\/","url_meta":{"origin":8880,"position":0},"title":"Comiss\u00e3o Regional de Presb\u00edteros se re\u00fane em Fortaleza para planejar o 17\u00ba Nordest\u00e3o de Presb\u00edteros 2025","author":"adminredacao","date":"Dezembro 24, 2024","format":false,"excerpt":"Nos dias 11 e 12 de dezembro, a Comiss\u00e3o Regional de Presb\u00edteros, se reuniu com os presidentes dos demais regionais que comp\u00f5em o Nordeste na sede da CNBB em Fortaleza\/CE, para organizar a programa\u00e7\u00e3o e estrutura do 17\u00ba Nordest\u00e3o de Presb\u00edteros, que acontecer\u00e1 em 2025. Este encontro \u00e9 um evento\u2026","rel":"","context":"In &quot;Atualidade&quot;","block_context":{"text":"Atualidade","link":"https:\/\/correiodasemana.com\/site\/category\/atualidade\/"},"img":{"alt_text":"","src":"https:\/\/i0.wp.com\/correiodasemana.com\/site\/wp-content\/uploads\/2024\/12\/CNBB-NE-1-1.jpeg?resize=350%2C200&ssl=1","width":350,"height":200,"srcset":"https:\/\/i0.wp.com\/correiodasemana.com\/site\/wp-content\/uploads\/2024\/12\/CNBB-NE-1-1.jpeg?resize=350%2C200&ssl=1 1x, https:\/\/i0.wp.com\/correiodasemana.com\/site\/wp-content\/uploads\/2024\/12\/CNBB-NE-1-1.jpeg?resize=525%2C300&ssl=1 1.5x, https:\/\/i0.wp.com\/correiodasemana.com\/site\/wp-content\/uploads\/2024\/12\/CNBB-NE-1-1.jpeg?resize=700%2C400&ssl=1 2x, https:\/\/i0.wp.com\/correiodasemana.com\/site\/wp-content\/uploads\/2024\/12\/CNBB-NE-1-1.jpeg?resize=1050%2C600&ssl=1 3x, https:\/\/i0.wp.com\/correiodasemana.com\/site\/wp-content\/uploads\/2024\/12\/CNBB-NE-1-1.jpeg?resize=1400%2C800&ssl=1 4x"},"classes":[]},{"id":26302,"url":"https:\/\/correiodasemana.com\/site\/sacerdotes-do-regional-ne-1-participam-do-nordestao-dos-presbiteros\/","url_meta":{"origin":8880,"position":1},"title":"Sacerdotes do Regional NE 1 participam do Nordest\u00e3o dos Presb\u00edteros","author":"adminredacao","date":"Agosto 27, 2023","format":false,"excerpt":"De 21 a 25 de agosto aconteceu em Salvador o XVI Nordest\u00e3o de Presb\u00edteros cujo tema \u00e9: \u201cMem\u00f3rias e alegrias da vida e voca\u00e7\u00e3o\u201d. Sintonizados com o 3\u00b0 Ano Vocacional do Brasil: \u201cCora\u00e7\u00f5es ardentes e p\u00e9s a caminho\u201d. A assessoria do encontro ficou por conta do Frei Alu\u00edsio Fragoso, OFM.\u2026","rel":"","context":"In &quot;Atualidade&quot;","block_context":{"text":"Atualidade","link":"https:\/\/correiodasemana.com\/site\/category\/atualidade\/"},"img":{"alt_text":"","src":"https:\/\/i0.wp.com\/correiodasemana.com\/site\/wp-content\/uploads\/2023\/08\/WhatsApp-Image-2023-08-25-at-15.52.59.jpeg?resize=350%2C200&ssl=1","width":350,"height":200,"srcset":"https:\/\/i0.wp.com\/correiodasemana.com\/site\/wp-content\/uploads\/2023\/08\/WhatsApp-Image-2023-08-25-at-15.52.59.jpeg?resize=350%2C200&ssl=1 1x, https:\/\/i0.wp.com\/correiodasemana.com\/site\/wp-content\/uploads\/2023\/08\/WhatsApp-Image-2023-08-25-at-15.52.59.jpeg?resize=525%2C300&ssl=1 1.5x, https:\/\/i0.wp.com\/correiodasemana.com\/site\/wp-content\/uploads\/2023\/08\/WhatsApp-Image-2023-08-25-at-15.52.59.jpeg?resize=700%2C400&ssl=1 2x, https:\/\/i0.wp.com\/correiodasemana.com\/site\/wp-content\/uploads\/2023\/08\/WhatsApp-Image-2023-08-25-at-15.52.59.jpeg?resize=1050%2C600&ssl=1 3x"},"classes":[]},{"id":39419,"url":"https:\/\/correiodasemana.com\/site\/8o-nordestao-das-comunidades-eclesiais-de-base-reune-dioceses-em-iguatu\/","url_meta":{"origin":8880,"position":2},"title":"8\u00ba Nordest\u00e3o das Comunidades Eclesiais de Base re\u00fane dioceses em Iguatu","author":"adminredacao","date":"Julho 29, 2026","format":false,"excerpt":"De 9 a 12 de julho, aconteceu em Iguatu o 8\u00ba Nordest\u00e3o das Comunidades Eclesiais de Base (CEBs), sob o tema: \u201cCEBs do Nordeste: caminhando com as juventudes, na alegria do Evangelho, a servi\u00e7o do Reino\u201d. O encontro teve como objetivos vivenciar a alegria do Evangelho na acolhida e escuta\u2026","rel":"","context":"In &quot;Diocese&quot;","block_context":{"text":"Diocese","link":"https:\/\/correiodasemana.com\/site\/category\/diocese\/"},"img":{"alt_text":"","src":"https:\/\/i0.wp.com\/correiodasemana.com\/site\/wp-content\/uploads\/2026\/07\/NORDESTAO-4.jpeg?resize=350%2C200&ssl=1","width":350,"height":200,"srcset":"https:\/\/i0.wp.com\/correiodasemana.com\/site\/wp-content\/uploads\/2026\/07\/NORDESTAO-4.jpeg?resize=350%2C200&ssl=1 1x, https:\/\/i0.wp.com\/correiodasemana.com\/site\/wp-content\/uploads\/2026\/07\/NORDESTAO-4.jpeg?resize=525%2C300&ssl=1 1.5x, https:\/\/i0.wp.com\/correiodasemana.com\/site\/wp-content\/uploads\/2026\/07\/NORDESTAO-4.jpeg?resize=700%2C400&ssl=1 2x, https:\/\/i0.wp.com\/correiodasemana.com\/site\/wp-content\/uploads\/2026\/07\/NORDESTAO-4.jpeg?resize=1050%2C600&ssl=1 3x, https:\/\/i0.wp.com\/correiodasemana.com\/site\/wp-content\/uploads\/2026\/07\/NORDESTAO-4.jpeg?resize=1400%2C800&ssl=1 4x"},"classes":[]},{"id":25893,"url":"https:\/\/correiodasemana.com\/site\/catequistas-da-coordenacao-diocesana-participam-do-4o-nordestao-de-catequese\/","url_meta":{"origin":8880,"position":3},"title":"Catequistas da Coordena\u00e7\u00e3o Diocesana participam do 4\u00ba Nordest\u00e3o de Catequese","author":"adminredacao","date":"Julho 31, 2023","format":false,"excerpt":"O Encontro denominado Nordest\u00e3o de catequese \u00e9 um evento que re\u00fane os catequistas dos cinco regionais do nordeste brasileiro que busca celebrar a caminhada da catequese e partilhar os frutos da experi\u00eancia de cada regi\u00e3o em um \u00fanico lugar. O encontro \u00e9 marcado pela conviv\u00eancia, participa\u00e7\u00e3o, estudos, confraterniza\u00e7\u00e3o, celebra\u00e7\u00e3o da\u2026","rel":"","context":"In &quot;Atualidade&quot;","block_context":{"text":"Atualidade","link":"https:\/\/correiodasemana.com\/site\/category\/atualidade\/"},"img":{"alt_text":"","src":"https:\/\/i0.wp.com\/correiodasemana.com\/site\/wp-content\/uploads\/2023\/07\/WhatsApp-Image-2023-07-26-at-21.05.00-1.jpeg?resize=350%2C200&ssl=1","width":350,"height":200,"srcset":"https:\/\/i0.wp.com\/correiodasemana.com\/site\/wp-content\/uploads\/2023\/07\/WhatsApp-Image-2023-07-26-at-21.05.00-1.jpeg?resize=350%2C200&ssl=1 1x, https:\/\/i0.wp.com\/correiodasemana.com\/site\/wp-content\/uploads\/2023\/07\/WhatsApp-Image-2023-07-26-at-21.05.00-1.jpeg?resize=525%2C300&ssl=1 1.5x, https:\/\/i0.wp.com\/correiodasemana.com\/site\/wp-content\/uploads\/2023\/07\/WhatsApp-Image-2023-07-26-at-21.05.00-1.jpeg?resize=700%2C400&ssl=1 2x, https:\/\/i0.wp.com\/correiodasemana.com\/site\/wp-content\/uploads\/2023\/07\/WhatsApp-Image-2023-07-26-at-21.05.00-1.jpeg?resize=1050%2C600&ssl=1 3x"},"classes":[]},{"id":11836,"url":"https:\/\/correiodasemana.com\/site\/sem-a-fonte-nova-cbf-divulga-tabela-detalhada-da-copa-do-nordeste-veja-datas\/","url_meta":{"origin":8880,"position":4},"title":"Sem a Fonte Nova, CBF divulga tabela detalhada da Copa do Nordeste; veja datas","author":"","date":"Julho 14, 2020","format":false,"excerpt":"Fortaleza x Am\u00e9rica-RN abre retomada da competi\u00e7\u00e3o no dia 21, no Barrad\u00e3o, e jogos restantes da \u00faltima rodada da fase de grupo ser\u00e3o realizados no dia 22 Ap\u00f3s a defini\u00e7\u00e3o de volta da Copa do Nordeste, a CBF divulgou nesta sexta-feira (10)\u00a0as datas e locais dos jogos de retorno da\u2026","rel":"","context":"In &quot;Atualidade&quot;","block_context":{"text":"Atualidade","link":"https:\/\/correiodasemana.com\/site\/category\/atualidade\/"},"img":{"alt_text":"","src":"https:\/\/i0.wp.com\/correiodasemana.com\/site\/wp-content\/uploads\/2020\/07\/copanordeste-2020.jpg?resize=350%2C200&ssl=1","width":350,"height":200,"srcset":"https:\/\/i0.wp.com\/correiodasemana.com\/site\/wp-content\/uploads\/2020\/07\/copanordeste-2020.jpg?resize=350%2C200&ssl=1 1x, https:\/\/i0.wp.com\/correiodasemana.com\/site\/wp-content\/uploads\/2020\/07\/copanordeste-2020.jpg?resize=525%2C300&ssl=1 1.5x"},"classes":[]},{"id":30171,"url":"https:\/\/correiodasemana.com\/site\/presbiteros-e-leigos-participam-de-ix-encontro-regional-de-liturgia\/","url_meta":{"origin":8880,"position":5},"title":"Presb\u00edteros e Leigos participam de IX Encontro Regional de Liturgia","author":"adminredacao","date":"Julho 29, 2024","format":false,"excerpt":"O Regional Nordeste 1 da CNBB realizou de 19 a 21 de julho, o IX Encontro Regional de Liturgia, no Semin\u00e1rio Arquidiocesano S\u00e3o Jos\u00e9 em Fortaleza\/CE. Neste ano foi discutido a tem\u00e1tica sobre o Minist\u00e9rio da Palavra. Tendo em vista a grande necessidade de promover a forma\u00e7\u00e3o de leigos e\u2026","rel":"","context":"In &quot;Atualidade&quot;","block_context":{"text":"Atualidade","link":"https:\/\/correiodasemana.com\/site\/category\/atualidade\/"},"img":{"alt_text":"","src":"https:\/\/i0.wp.com\/correiodasemana.com\/site\/wp-content\/uploads\/2024\/07\/WhatsApp-Image-2024-07-27-at-15.50.35.jpeg?resize=350%2C200&ssl=1","width":350,"height":200,"srcset":"https:\/\/i0.wp.com\/correiodasemana.com\/site\/wp-content\/uploads\/2024\/07\/WhatsApp-Image-2024-07-27-at-15.50.35.jpeg?resize=350%2C200&ssl=1 1x, https:\/\/i0.wp.com\/correiodasemana.com\/site\/wp-content\/uploads\/2024\/07\/WhatsApp-Image-2024-07-27-at-15.50.35.jpeg?resize=525%2C300&ssl=1 1.5x, https:\/\/i0.wp.com\/correiodasemana.com\/site\/wp-content\/uploads\/2024\/07\/WhatsApp-Image-2024-07-27-at-15.50.35.jpeg?resize=700%2C400&ssl=1 2x, https:\/\/i0.wp.com\/correiodasemana.com\/site\/wp-content\/uploads\/2024\/07\/WhatsApp-Image-2024-07-27-at-15.50.35.jpeg?resize=1050%2C600&ssl=1 3x, https:\/\/i0.wp.com\/correiodasemana.com\/site\/wp-content\/uploads\/2024\/07\/WhatsApp-Image-2024-07-27-at-15.50.35.jpeg?resize=1400%2C800&ssl=1 4x"},"classes":[]}],"jetpack_sharing_enabled":true,"jetpack_featured_media_url":"https:\/\/correiodasemana.com\/site\/wp-content\/uploads\/2019\/08\/FOTO-DO-NORDEST\u00c3O.jpg","_links":{"self":[{"href":"https:\/\/correiodasemana.com\/site\/wp-json\/wp\/v2\/posts\/8880","targetHints":{"allow":["GET"]}}],"collection":[{"href":"https:\/\/correiodasemana.com\/site\/wp-json\/wp\/v2\/posts"}],"about":[{"href":"https:\/\/correiodasemana.com\/site\/wp-json\/wp\/v2\/types\/post"}],"author":[{"embeddable":true,"href":"https:\/\/correiodasemana.com\/site\/wp-json\/wp\/v2\/users\/1"}],"replies":[{"embeddable":true,"href":"https:\/\/correiodasemana.com\/site\/wp-json\/wp\/v2\/comments?post=8880"}],"version-history":[{"count":1,"href":"https:\/\/correiodasemana.com\/site\/wp-json\/wp\/v2\/posts\/8880\/revisions"}],"predecessor-version":[{"id":8882,"href":"https:\/\/correiodasemana.com\/site\/wp-json\/wp\/v2\/posts\/8880\/revisions\/8882"}],"wp:featuredmedia":[{"embeddable":true,"href":"https:\/\/correiodasemana.com\/site\/wp-json\/wp\/v2\/media\/8881"}],"wp:attachment":[{"href":"https:\/\/correiodasemana.com\/site\/wp-json\/wp\/v2\/media?parent=8880"}],"wp:term":[{"taxonomy":"category","embeddable":true,"href":"https:\/\/correiodasemana.com\/site\/wp-json\/wp\/v2\/categories?post=8880"},{"taxonomy":"post_tag","embeddable":true,"href":"https:\/\/correiodasemana.com\/site\/wp-json\/wp\/v2\/tags?post=8880"}],"curies":[{"name":"wp","href":"https:\/\/api.w.org\/{rel}","templated":true}]}}