{"id":8883,"date":"2019-08-27T03:14:32","date_gmt":"2019-08-27T03:14:32","guid":{"rendered":"https:\/\/correiodasemana.com\/site\/?p=8883"},"modified":"2019-08-27T03:14:32","modified_gmt":"2019-08-27T03:14:32","slug":"sarampo-vacinacao-preventiva-comecou-na-quinta-feira-22","status":"publish","type":"post","link":"https:\/\/correiodasemana.com\/site\/sarampo-vacinacao-preventiva-comecou-na-quinta-feira-22\/","title":{"rendered":"Sarampo: vacina\u00e7\u00e3o preventiva come\u00e7ou na quinta-feira (22)"},"content":{"rendered":"<p>Por\u00a0Ag\u00eancia Brasil<br \/>\nCome\u00e7ou na quinta-feira (22): as crian\u00e7as de seis meses a menores de 1 ano devem ser vacinadas contra o sarampo em todo o pa\u00eds. Segundo o Minist\u00e9rio da Sa\u00fade, a vacina\u00e7\u00e3o \u00e9 preventiva e deve alcan\u00e7ar 1,4 milh\u00e3o de crian\u00e7as, que n\u00e3o receberam a dose extra, chamada de dose zero, al\u00e9m das previstas no Calend\u00e1rio Nacional de Vacina\u00e7\u00e3o, aos 12 e 15 meses.<br \/>\n\u201cAssim, al\u00e9m dessa dose que est\u00e1 sendo aplicada agora, os pais e respons\u00e1veis devem levar os filhos para tomar a vacina tr\u00edplice viral (D1) aos 12 meses de idade (1\u00aa dose); e aos 15 meses (2\u00aadose) para tomar a vacina tetra viral ou a tr\u00edplice viral mais varicela, respeitando-se o intervalo de 30 dias entre as doses\u201d, esclarece o minist\u00e9rio.<br \/>\nA pasta enviar\u00e1 1,6 milh\u00e3o de doses a mais para os estados. O objetivo \u00e9 intensificar a vacina\u00e7\u00e3o desse p\u00fablico-alvo, que \u00e9 mais suscet\u00edvel a casos graves e \u00f3bitos. A medida \u00e9 uma resposta imediata do minist\u00e9rio devido ao aumento de casos da doen\u00e7a.<br \/>\n\u201cN\u00f3s estamos preocupados com essa faixa et\u00e1ria porque em surtos anteriores foram as crian\u00e7as menores de um ano que evolu\u00edram para casos mais graves e \u00f3bitos. Por isso, \u00e9 preciso que todas as crian\u00e7as na faixa priorit\u00e1ria sejam imunizadas contra o v\u00edrus do sarampo, considerando a possibilidade de tr\u00e2nsito de pessoas doentes para regi\u00f5es afetadas e n\u00e3o afetadas\u201d, disse o secret\u00e1rio de Vigil\u00e2ncia em Sa\u00fade, Wanderson Oliveira.<br \/>\nDe acordo com o minist\u00e9rio, o pa\u00eds registrou nos \u00faltimos 90 dias, entre 19 de maio a 10 de agosto deste ano, 1.680 casos confirmados de sarampo, em 11 estados: S\u00e3o Paulo (1.662), Rio de Janeiro (6), Pernambuco (4), Bahia (1), Paran\u00e1 (1), Goi\u00e1s (1), Maranh\u00e3o (1), Rio Grande do Norte (1), Esp\u00edrito Santo (1), Sergipe (1) e Piau\u00ed (1). O coeficiente de incid\u00eancia da doen\u00e7a foi de 0,80 por 100.000 habitantes.<br \/>\nAl\u00e9m de vacinar as crian\u00e7as na faixa et\u00e1ria priorit\u00e1ria, o minist\u00e9rio, por meio da Secretaria de Vigil\u00e2ncia em Sa\u00fade, tamb\u00e9m orienta estados e munic\u00edpios a realizarem o bloqueio vacinal. Ou seja, em situa\u00e7\u00e3o de surto ativo do sarampo, quando identificado um caso da doen\u00e7a em alguma localidade, \u00e9 preciso vacinar todas as pessoas que tiveram ou tem contato com aquele caso suspeito em at\u00e9 72 horas.<\/p>\n","protected":false},"excerpt":{"rendered":"<p>Por\u00a0Ag\u00eancia Brasil Come\u00e7ou na quinta-feira (22): as crian\u00e7as de seis meses a menores de 1&#8230;<\/p>\n","protected":false},"author":1,"featured_media":8884,"comment_status":"open","ping_status":"open","sticky":false,"template":"","format":"standard","meta":{"_jetpack_memberships_contains_paid_content":false,"footnotes":"","jetpack_publicize_message":"","jetpack_publicize_feature_enabled":true,"jetpack_social_post_already_shared":true,"jetpack_social_options":{"image_generator_settings":{"template":"highway","default_image_id":0,"font":"","enabled":false},"version":2}},"categories":[1],"tags":[],"class_list":["post-8883","post","type-post","status-publish","format-standard","has-post-thumbnail","hentry","category-atualidade"],"jetpack_publicize_connections":[],"jetpack_featured_media_url":"https:\/\/correiodasemana.com\/site\/wp-content\/uploads\/2019\/08\/105839715_sarampion1.jpg","jetpack-related-posts":[{"id":8793,"url":"https:\/\/correiodasemana.com\/site\/ministerio-distribui-mais-de-16-milhoes-de-doses-da-triplice-viral\/","url_meta":{"origin":8883,"position":0},"title":"Minist\u00e9rio distribui mais de 16 milh\u00f5es de doses da tr\u00edplice viral","author":"","date":"Agosto 18, 2019","format":false,"excerpt":"Por\u00a0Camila Maciel \u2013 Rep\u00f3rter da Ag\u00eancia Brasil Mais de 16 milh\u00f5es de doses da vacina tr\u00edplice viral, que protege contra sarampo, caxumba e rub\u00e9ola, foram enviadas pelo Minist\u00e9rio da Sa\u00fade para todo o pa\u00eds. Desse total, 6,5 milh\u00f5es foram destinadas aos munic\u00edpios paulistas, pois o estado concentra quase 100% dos\u2026","rel":"","context":"In &quot;Atualidade&quot;","block_context":{"text":"Atualidade","link":"https:\/\/correiodasemana.com\/site\/category\/atualidade\/"},"img":{"alt_text":"","src":"https:\/\/i0.wp.com\/correiodasemana.com\/site\/wp-content\/uploads\/2019\/08\/edit_mcmgo_abr20180818_1359.jpg?resize=350%2C200&ssl=1","width":350,"height":200,"srcset":"https:\/\/i0.wp.com\/correiodasemana.com\/site\/wp-content\/uploads\/2019\/08\/edit_mcmgo_abr20180818_1359.jpg?resize=350%2C200&ssl=1 1x, https:\/\/i0.wp.com\/correiodasemana.com\/site\/wp-content\/uploads\/2019\/08\/edit_mcmgo_abr20180818_1359.jpg?resize=525%2C300&ssl=1 1.5x, https:\/\/i0.wp.com\/correiodasemana.com\/site\/wp-content\/uploads\/2019\/08\/edit_mcmgo_abr20180818_1359.jpg?resize=700%2C400&ssl=1 2x, https:\/\/i0.wp.com\/correiodasemana.com\/site\/wp-content\/uploads\/2019\/08\/edit_mcmgo_abr20180818_1359.jpg?resize=1050%2C600&ssl=1 3x"},"classes":[]},{"id":19587,"url":"https:\/\/correiodasemana.com\/site\/vacinacao-contra-gripe-e-sarampo-e-antecipada-para-a-proxima-semana\/","url_meta":{"origin":8883,"position":1},"title":"Vacina\u00e7\u00e3o contra gripe e sarampo \u00e9 antecipada para a pr\u00f3xima semana","author":"","date":"Abril 24, 2022","format":false,"excerpt":"Fonte: Secretaria da Sa\u00fade Faixa de seis meses a quatro anos iria come\u00e7ar a receber doses em maio, mas o in\u00edcio foi adiantado para segunda (25) por causa da demanda em atendimentos de urg\u00eancia pedi\u00e1trica A Secretaria da Sa\u00fade do Rio Grande do Sul vai antecipar a vacina\u00e7\u00e3o contra a\u2026","rel":"","context":"In &quot;Atualidade&quot;","block_context":{"text":"Atualidade","link":"https:\/\/correiodasemana.com\/site\/category\/atualidade\/"},"img":{"alt_text":"","src":"https:\/\/i0.wp.com\/correiodasemana.com\/site\/wp-content\/uploads\/2022\/04\/vacinacao-infantil.jpg?resize=350%2C200&ssl=1","width":350,"height":200,"srcset":"https:\/\/i0.wp.com\/correiodasemana.com\/site\/wp-content\/uploads\/2022\/04\/vacinacao-infantil.jpg?resize=350%2C200&ssl=1 1x, https:\/\/i0.wp.com\/correiodasemana.com\/site\/wp-content\/uploads\/2022\/04\/vacinacao-infantil.jpg?resize=525%2C300&ssl=1 1.5x, https:\/\/i0.wp.com\/correiodasemana.com\/site\/wp-content\/uploads\/2022\/04\/vacinacao-infantil.jpg?resize=700%2C400&ssl=1 2x, https:\/\/i0.wp.com\/correiodasemana.com\/site\/wp-content\/uploads\/2022\/04\/vacinacao-infantil.jpg?resize=1050%2C600&ssl=1 3x"},"classes":[]},{"id":21021,"url":"https:\/\/correiodasemana.com\/site\/prorrogada-a-vacinacao-contra-a-paralisia-infantil-e-multivacinacao\/","url_meta":{"origin":8883,"position":2},"title":"Prorrogada a Vacina\u00e7\u00e3o Contra a Paralisia Infantil e Multivacina\u00e7\u00e3o","author":"","date":"Setembro 18, 2022","format":false,"excerpt":"Foi prorrogada a campanha nacional de vacina\u00e7\u00e3o contra a poliomielite ou paralisia infantil e multivacina\u00e7\u00e3o de 2022 at\u00e9 o dia 30 de setembro. A amplia\u00e7\u00e3o do prazo, divulgada na ter\u00e7a-feira (06\/09), tem o objetivo de aumentar as coberturas vacinais e a ades\u00e3o da popula\u00e7\u00e3o \u00e0 vacina\u00e7\u00e3o. At\u00e9 o momento, 35%\u2026","rel":"","context":"In &quot;Artigos&quot;","block_context":{"text":"Artigos","link":"https:\/\/correiodasemana.com\/site\/category\/artigos\/"},"img":{"alt_text":"","src":"https:\/\/i0.wp.com\/correiodasemana.com\/site\/wp-content\/uploads\/2021\/08\/Salmito-Campos.jpg?resize=350%2C200&ssl=1","width":350,"height":200,"srcset":"https:\/\/i0.wp.com\/correiodasemana.com\/site\/wp-content\/uploads\/2021\/08\/Salmito-Campos.jpg?resize=350%2C200&ssl=1 1x, https:\/\/i0.wp.com\/correiodasemana.com\/site\/wp-content\/uploads\/2021\/08\/Salmito-Campos.jpg?resize=525%2C300&ssl=1 1.5x, https:\/\/i0.wp.com\/correiodasemana.com\/site\/wp-content\/uploads\/2021\/08\/Salmito-Campos.jpg?resize=700%2C400&ssl=1 2x, https:\/\/i0.wp.com\/correiodasemana.com\/site\/wp-content\/uploads\/2021\/08\/Salmito-Campos.jpg?resize=1050%2C600&ssl=1 3x, https:\/\/i0.wp.com\/correiodasemana.com\/site\/wp-content\/uploads\/2021\/08\/Salmito-Campos.jpg?resize=1400%2C800&ssl=1 4x"},"classes":[]},{"id":9959,"url":"https:\/\/correiodasemana.com\/site\/comeca-a-segunda-etapa-de-vacinacao-contra-o-sarampo\/","url_meta":{"origin":8883,"position":3},"title":"Come\u00e7a a segunda etapa de vacina\u00e7\u00e3o contra o sarampo","author":"","date":"Novembro 27, 2019","format":false,"excerpt":"Deu in\u00edcio na segunda-feira (18), a segunda etapa da campanha de vacina\u00e7\u00e3o contra o sarampo. No m\u00eas de outubro, aconteceu a primeira fase voltada para as crian\u00e7as com idade entre seis meses e cinco anos. Agora, a segunda etapa da campanha tem como objetivo imunizar os jovens de 20 a\u2026","rel":"","context":"In &quot;Atualidade&quot;","block_context":{"text":"Atualidade","link":"https:\/\/correiodasemana.com\/site\/category\/atualidade\/"},"img":{"alt_text":"","src":"https:\/\/i0.wp.com\/correiodasemana.com\/site\/wp-content\/uploads\/2019\/11\/DSC_5748.jpg?resize=350%2C200&ssl=1","width":350,"height":200,"srcset":"https:\/\/i0.wp.com\/correiodasemana.com\/site\/wp-content\/uploads\/2019\/11\/DSC_5748.jpg?resize=350%2C200&ssl=1 1x, https:\/\/i0.wp.com\/correiodasemana.com\/site\/wp-content\/uploads\/2019\/11\/DSC_5748.jpg?resize=525%2C300&ssl=1 1.5x, https:\/\/i0.wp.com\/correiodasemana.com\/site\/wp-content\/uploads\/2019\/11\/DSC_5748.jpg?resize=700%2C400&ssl=1 2x, https:\/\/i0.wp.com\/correiodasemana.com\/site\/wp-content\/uploads\/2019\/11\/DSC_5748.jpg?resize=1050%2C600&ssl=1 3x, https:\/\/i0.wp.com\/correiodasemana.com\/site\/wp-content\/uploads\/2019\/11\/DSC_5748.jpg?resize=1400%2C800&ssl=1 4x"},"classes":[]},{"id":21442,"url":"https:\/\/correiodasemana.com\/site\/ministerio-da-saude-recebe-1-milhao-de-doses-de-vacina-contra-covid-19\/","url_meta":{"origin":8883,"position":4},"title":"Minist\u00e9rio da Sa\u00fade recebe 1 milh\u00e3o de doses de vacina contra covid-19","author":"","date":"Novembro 4, 2022","format":false,"excerpt":"O Minist\u00e9rio da Sa\u00fade informou hoje (3) que recebeu, na \u00faltima semana, 1 milh\u00e3o de doses da vacina contra a covid-19 destinadas para crian\u00e7as de seis meses a menores de 3 anos de idade com comorbidades. Segundo a pasta, o in\u00edcio do processo de distribui\u00e7\u00e3o aos estados est\u00e1 previsto para\u2026","rel":"","context":"In &quot;Atualidade&quot;","block_context":{"text":"Atualidade","link":"https:\/\/correiodasemana.com\/site\/category\/atualidade\/"},"img":{"alt_text":"","src":"https:\/\/i0.wp.com\/correiodasemana.com\/site\/wp-content\/uploads\/2022\/11\/0303.jpg?resize=350%2C200&ssl=1","width":350,"height":200,"srcset":"https:\/\/i0.wp.com\/correiodasemana.com\/site\/wp-content\/uploads\/2022\/11\/0303.jpg?resize=350%2C200&ssl=1 1x, https:\/\/i0.wp.com\/correiodasemana.com\/site\/wp-content\/uploads\/2022\/11\/0303.jpg?resize=525%2C300&ssl=1 1.5x, https:\/\/i0.wp.com\/correiodasemana.com\/site\/wp-content\/uploads\/2022\/11\/0303.jpg?resize=700%2C400&ssl=1 2x, https:\/\/i0.wp.com\/correiodasemana.com\/site\/wp-content\/uploads\/2022\/11\/0303.jpg?resize=1050%2C600&ssl=1 3x"},"classes":[]},{"id":17599,"url":"https:\/\/correiodasemana.com\/site\/municipios-cearenses-ja-podem-aplicar-terceira-dose-da-vacina-em-pessoas-imunossuprimidas\/","url_meta":{"origin":8883,"position":5},"title":"Munic\u00edpios cearenses j\u00e1 podem aplicar terceira dose da vacina em pessoas imunossuprimidas","author":"","date":"Setembro 26, 2021","format":false,"excerpt":"Por Samuel Carvalho - Reda\u00e7\u00e3o Correio da Semana A Secretaria da Sa\u00fade (Sesa) anunciou ontem, quinta-feira (23) o inicio da vacina\u00e7\u00e3o em pessoas idosas de at\u00e9 70 anos e pacientes com grau elevado de imunossupress\u00e3o com a terceira dose (D3). Os imunizantes j\u00e1 est\u00e3o sendo enviados aos munic\u00edpios. Atrav\u00e9s de\u2026","rel":"","context":"In &quot;Atualidade&quot;","block_context":{"text":"Atualidade","link":"https:\/\/correiodasemana.com\/site\/category\/atualidade\/"},"img":{"alt_text":"","src":"https:\/\/i0.wp.com\/correiodasemana.com\/site\/wp-content\/uploads\/2020\/12\/2020-11-04t192156z_1_lynxmpega31lb_rtroptp_4_health-coronavirus-britain-vaccine.jpg?resize=350%2C200&ssl=1","width":350,"height":200,"srcset":"https:\/\/i0.wp.com\/correiodasemana.com\/site\/wp-content\/uploads\/2020\/12\/2020-11-04t192156z_1_lynxmpega31lb_rtroptp_4_health-coronavirus-britain-vaccine.jpg?resize=350%2C200&ssl=1 1x, https:\/\/i0.wp.com\/correiodasemana.com\/site\/wp-content\/uploads\/2020\/12\/2020-11-04t192156z_1_lynxmpega31lb_rtroptp_4_health-coronavirus-britain-vaccine.jpg?resize=525%2C300&ssl=1 1.5x, https:\/\/i0.wp.com\/correiodasemana.com\/site\/wp-content\/uploads\/2020\/12\/2020-11-04t192156z_1_lynxmpega31lb_rtroptp_4_health-coronavirus-britain-vaccine.jpg?resize=700%2C400&ssl=1 2x, https:\/\/i0.wp.com\/correiodasemana.com\/site\/wp-content\/uploads\/2020\/12\/2020-11-04t192156z_1_lynxmpega31lb_rtroptp_4_health-coronavirus-britain-vaccine.jpg?resize=1050%2C600&ssl=1 3x"},"classes":[]}],"jetpack_sharing_enabled":true,"_links":{"self":[{"href":"https:\/\/correiodasemana.com\/site\/wp-json\/wp\/v2\/posts\/8883","targetHints":{"allow":["GET"]}}],"collection":[{"href":"https:\/\/correiodasemana.com\/site\/wp-json\/wp\/v2\/posts"}],"about":[{"href":"https:\/\/correiodasemana.com\/site\/wp-json\/wp\/v2\/types\/post"}],"author":[{"embeddable":true,"href":"https:\/\/correiodasemana.com\/site\/wp-json\/wp\/v2\/users\/1"}],"replies":[{"embeddable":true,"href":"https:\/\/correiodasemana.com\/site\/wp-json\/wp\/v2\/comments?post=8883"}],"version-history":[{"count":1,"href":"https:\/\/correiodasemana.com\/site\/wp-json\/wp\/v2\/posts\/8883\/revisions"}],"predecessor-version":[{"id":8885,"href":"https:\/\/correiodasemana.com\/site\/wp-json\/wp\/v2\/posts\/8883\/revisions\/8885"}],"wp:featuredmedia":[{"embeddable":true,"href":"https:\/\/correiodasemana.com\/site\/wp-json\/wp\/v2\/media\/8884"}],"wp:attachment":[{"href":"https:\/\/correiodasemana.com\/site\/wp-json\/wp\/v2\/media?parent=8883"}],"wp:term":[{"taxonomy":"category","embeddable":true,"href":"https:\/\/correiodasemana.com\/site\/wp-json\/wp\/v2\/categories?post=8883"},{"taxonomy":"post_tag","embeddable":true,"href":"https:\/\/correiodasemana.com\/site\/wp-json\/wp\/v2\/tags?post=8883"}],"curies":[{"name":"wp","href":"https:\/\/api.w.org\/{rel}","templated":true}]}}