{"id":8886,"date":"2019-08-27T03:16:21","date_gmt":"2019-08-27T03:16:21","guid":{"rendered":"https:\/\/correiodasemana.com\/site\/?p=8886"},"modified":"2019-08-27T03:16:21","modified_gmt":"2019-08-27T03:16:21","slug":"em-tempo-8","status":"publish","type":"post","link":"https:\/\/correiodasemana.com\/site\/em-tempo-8\/","title":{"rendered":"Em Tempo"},"content":{"rendered":"<p><strong>Aplicativo sobre clima e tempo<\/strong><br \/>\nMestrado Profissional em Climatologia e Aplica\u00e7\u00f5es nos Pa\u00edses da CPLP e \u00c1frica, da Universidade Estadual do Cear\u00e1 (Uece), desenvolveu o aplicativo ClimaCE, que tem como principal objetivo facilitar o ensino e a aprendizagem de conceitos da climatologia.<br \/>\nDispon\u00edvel para Androide, o software \u00e9 resultado de pesquisa de disserta\u00e7\u00e3o do mestrando Jos\u00e9 Bruno Marques Fernandes. O trabalho tem como tema \u201cO Uso de um Aplicativo como Ferramenta para o Ensino de Conceitos de Climatologia em Escola P\u00fablica do Cear\u00e1\u201d.<\/p>\n<p><strong>Jantar Beneficente em Sobral<\/strong><br \/>\nFazenda da Esperan\u00e7a S\u00e3o Bento realiza, no dia 29 de agosto, mais uma edi\u00e7\u00e3o do Jantar Beneficente que j\u00e1 acontece h\u00e1 mais de 10 anos, com o objetivo de arrecadar fundos para a manuten\u00e7\u00e3o da comunidade terap\u00eautica na sua miss\u00e3o de recuperar jovens das drogas.<br \/>\nO jantar acontece no Buffet Dona Flor. Os recursos arrecadados ser\u00e3o utilizados para melhorias nas casas onde residem os acolhidos. Os exib\u00edveis custam R$30,00. Outras informa\u00e7\u00f5es podem ser obtidas pelos fones (88) 3611-0054 ou 9 9671-1865 (Whatsapp).<\/p>\n<p><strong>Nomeado novo reitor da UFC<\/strong><br \/>\n<strong>Foto-Divulga\u00e7\u00e3o<\/strong><\/p>\n<p>Jos\u00e9 C\u00e2ndido Lustosa Bittencourt de Albuquerque \u00e9 professor da UFC desde 1991<br \/>\nPublicada, no\u00a0Di\u00e1rio Oficial da Uni\u00e3o de 19 de agosto, a nomea\u00e7\u00e3o do professor\u00a0Jos\u00e9 C\u00e2ndido Lustosa Bittencourt de Albuquerque\u00a0como reitor da Universidade Federal do Cear\u00e1 (UFC), para mandato de quatro anos. Ele sucede o professor Henry de Holanda Campos.<br \/>\nA nomea\u00e7\u00e3o \u00e9 assinada pelo presidente da Rep\u00fablica, Jair Bolsonaro, e pelo ministro da Educa\u00e7\u00e3o, Abraham Weintraub. O novo reitor \u00e9 docente da UFC desde 1991, da disciplina Direito Penal na gradua\u00e7\u00e3o e na p\u00f3s-gradua\u00e7\u00e3o. Tem como vice o professor\u00a0Glauco Lobo Filho.<\/p>\n<p><strong>Projeto tem musica nas escolas<\/strong><br \/>\nProjeto M\u00fasica na Escola retornou atividades no dia 23 de agosto, com apresenta\u00e7\u00f5es do Grupo de Cordas Friccionadas e do Grupo de Choro na Escola em Tempo Integral Francisco das Chagas, no Rafael Arruda, pela manh\u00e3; e na Escola Jos\u00e9 Le\u00f4ncio, \u00e0 tarde, no Baracho.<br \/>\nNo segundo semestre ser\u00e3o realizadas 16 apresenta\u00e7\u00f5es de grupos musicais em escolas municipais. O projeto \u00e9 desenvolvido por estudantes e professores do curso de Licenciatura em M\u00fasica da Universidade Federal do Cear\u00e1, com o apoio da Secretaria da Educa\u00e7\u00e3o de Sobra.<\/p>\n<p><strong>Bienal Internacional do Livro<\/strong><br \/>\nTra\u00e7os da cultura ind\u00edgena foram somados ao tema \u201cAs Cidades e os Livros\u201d para discutir a diversidade cultural e social das diferentes tribos. Assim aconteceu na noite de 16 de agosto, a abertura oficial da XIII Bienal Internacional do Livro do Cear\u00e1, no Centro de Eventos. A programa\u00e7\u00e3o. inteiramente gratuita, teve espet\u00e1culo com a cantora e pesquisadora Marlui Miranda, Orquestra de Barro Uirapuru e grupo Luthieria Catavento e coral Tapera Encantada, da ONG Tapera das Artes. A Bienal prossegue at\u00e9 domingo, dia 25.<\/p>\n<p>Dica da Coluna<br \/>\nLeia o Blog do Edilson (www.blogdoedilson.com.br). Cultura, educa\u00e7\u00e3o, pol\u00edtica e utilidade p\u00fablica.<\/p>\n","protected":false},"excerpt":{"rendered":"<p>Aplicativo sobre clima e tempo Mestrado Profissional em Climatologia e Aplica\u00e7\u00f5es nos Pa\u00edses da CPLP&#8230;<\/p>\n","protected":false},"author":1,"featured_media":8887,"comment_status":"open","ping_status":"open","sticky":false,"template":"","format":"standard","meta":{"_jetpack_memberships_contains_paid_content":false,"footnotes":"","jetpack_publicize_message":"","jetpack_publicize_feature_enabled":true,"jetpack_social_post_already_shared":true,"jetpack_social_options":{"image_generator_settings":{"template":"highway","default_image_id":0,"font":"","enabled":false},"version":2}},"categories":[11,36],"tags":[],"class_list":["post-8886","post","type-post","status-publish","format-standard","has-post-thumbnail","hentry","category-artigos","category-em-tempo"],"jetpack_publicize_connections":[],"jetpack_featured_media_url":"https:\/\/correiodasemana.com\/site\/wp-content\/uploads\/2019\/08\/69356523_2380207448727951_1601226441456877568_n.jpg","jetpack-related-posts":[{"id":8742,"url":"https:\/\/correiodasemana.com\/site\/fazenda-da-esperanca-promove-jantar-em-prol-da-recuperacao-de-dependentes-quimicos\/","url_meta":{"origin":8886,"position":0},"title":"Fazenda da Esperan\u00e7a promove jantar em prol da recupera\u00e7\u00e3o de dependentes qu\u00edmicos","author":"","date":"Agosto 17, 2019","format":false,"excerpt":"A Fazenda da Esperan\u00e7a S\u00e3o Bento realiza, no dia 29 de agosto, mais uma edi\u00e7\u00e3o do Jantar Beneficente que j\u00e1 acontece h\u00e1 mais de 10 anos, com o objetivo de arrecadar fundos para a manuten\u00e7\u00e3o da comunidade terap\u00eautica na sua miss\u00e3o de recuperar jovens das drogas. O tradicional jantar, este\u2026","rel":"","context":"In &quot;Atualidade&quot;","block_context":{"text":"Atualidade","link":"https:\/\/correiodasemana.com\/site\/category\/atualidade\/"},"img":{"alt_text":"","src":"https:\/\/i0.wp.com\/correiodasemana.com\/site\/wp-content\/uploads\/2019\/08\/fazenda-da-esperan%C3%A7a-2018.jpg?resize=350%2C200&ssl=1","width":350,"height":200,"srcset":"https:\/\/i0.wp.com\/correiodasemana.com\/site\/wp-content\/uploads\/2019\/08\/fazenda-da-esperan%C3%A7a-2018.jpg?resize=350%2C200&ssl=1 1x, https:\/\/i0.wp.com\/correiodasemana.com\/site\/wp-content\/uploads\/2019\/08\/fazenda-da-esperan%C3%A7a-2018.jpg?resize=525%2C300&ssl=1 1.5x, https:\/\/i0.wp.com\/correiodasemana.com\/site\/wp-content\/uploads\/2019\/08\/fazenda-da-esperan%C3%A7a-2018.jpg?resize=700%2C400&ssl=1 2x"},"classes":[]},{"id":31554,"url":"https:\/\/correiodasemana.com\/site\/seminario-propedeutico-sao-jose-promove-jantar-beneficente\/","url_meta":{"origin":8886,"position":1},"title":"Semin\u00e1rio Proped\u00eautico S\u00e3o Jos\u00e9 promove Jantar Beneficente","author":"adminredacao","date":"Novembro 24, 2024","format":false,"excerpt":"No \u00faltimo dia 9 de novembro, o Semin\u00e1rio Proped\u00eautico S\u00e3o Jos\u00e9 promoveu um Jantar Beneficente no Palmeiras Country Club, em Sobral. A realiza\u00e7\u00e3o do evento teve como objetivo angariar recursos para contribuir com a forma\u00e7\u00e3o dos futuros presb\u00edteros e despesas em geral da casa de forma\u00e7\u00e3o situada em Sobral. O\u2026","rel":"","context":"In &quot;Atualidade&quot;","block_context":{"text":"Atualidade","link":"https:\/\/correiodasemana.com\/site\/category\/atualidade\/"},"img":{"alt_text":"","src":"https:\/\/i0.wp.com\/correiodasemana.com\/site\/wp-content\/uploads\/2024\/11\/seminario-sao-jose-3.jpeg?resize=350%2C200&ssl=1","width":350,"height":200,"srcset":"https:\/\/i0.wp.com\/correiodasemana.com\/site\/wp-content\/uploads\/2024\/11\/seminario-sao-jose-3.jpeg?resize=350%2C200&ssl=1 1x, https:\/\/i0.wp.com\/correiodasemana.com\/site\/wp-content\/uploads\/2024\/11\/seminario-sao-jose-3.jpeg?resize=525%2C300&ssl=1 1.5x, https:\/\/i0.wp.com\/correiodasemana.com\/site\/wp-content\/uploads\/2024\/11\/seminario-sao-jose-3.jpeg?resize=700%2C400&ssl=1 2x, https:\/\/i0.wp.com\/correiodasemana.com\/site\/wp-content\/uploads\/2024\/11\/seminario-sao-jose-3.jpeg?resize=1050%2C600&ssl=1 3x, https:\/\/i0.wp.com\/correiodasemana.com\/site\/wp-content\/uploads\/2024\/11\/seminario-sao-jose-3.jpeg?resize=1400%2C800&ssl=1 4x"},"classes":[]},{"id":9442,"url":"https:\/\/correiodasemana.com\/site\/comunidade-shalom-em-sobral-realizara-jantar-beneficente-em-prol-de-abrigo-de-criancas\/","url_meta":{"origin":8886,"position":2},"title":"Comunidade Shalom em Sobral realizar\u00e1 Jantar Beneficente em prol de abrigo de crian\u00e7as","author":"","date":"Outubro 14, 2019","format":false,"excerpt":"Evento acontecer\u00e1 no dia 29 de outubro e objetiva arrecadar fundos para a manuten\u00e7\u00e3o da Casa S\u00e3o Francisco Assessoria de Comunica\u00e7\u00e3o da Comunidade Cat\u00f3lica Shalom A Casa S\u00e3o Francisco \u00e9 uma institui\u00e7\u00e3o que atua h\u00e1 17 anos em Sobral acolhendo crian\u00e7as de 0 a 6 anos em situa\u00e7\u00e3o de risco\u2026","rel":"","context":"In &quot;Atualidade&quot;","block_context":{"text":"Atualidade","link":"https:\/\/correiodasemana.com\/site\/category\/atualidade\/"},"img":{"alt_text":"","src":"https:\/\/i0.wp.com\/correiodasemana.com\/site\/wp-content\/uploads\/2019\/09\/rvrsa_abr_22081921127.jpg?resize=350%2C200&ssl=1","width":350,"height":200,"srcset":"https:\/\/i0.wp.com\/correiodasemana.com\/site\/wp-content\/uploads\/2019\/09\/rvrsa_abr_22081921127.jpg?resize=350%2C200&ssl=1 1x, https:\/\/i0.wp.com\/correiodasemana.com\/site\/wp-content\/uploads\/2019\/09\/rvrsa_abr_22081921127.jpg?resize=525%2C300&ssl=1 1.5x, https:\/\/i0.wp.com\/correiodasemana.com\/site\/wp-content\/uploads\/2019\/09\/rvrsa_abr_22081921127.jpg?resize=700%2C400&ssl=1 2x, https:\/\/i0.wp.com\/correiodasemana.com\/site\/wp-content\/uploads\/2019\/09\/rvrsa_abr_22081921127.jpg?resize=1050%2C600&ssl=1 3x"},"classes":[]},{"id":17555,"url":"https:\/\/correiodasemana.com\/site\/comunidade-catolica-shalom-de-sobral-promove-10a-edicao-do-jantar-sua-mao-e-abrigo-em-formato-hibrido\/","url_meta":{"origin":8886,"position":3},"title":"Comunidade Cat\u00f3lica Shalom de Sobral promove 10\u00aa edi\u00e7\u00e3o do jantar Sua M\u00e3o \u00e9 Abrigo em formato h\u00edbrido","author":"","date":"Setembro 19, 2021","format":false,"excerpt":"Por Samuel Carvalho - Reda\u00e7\u00e3o Correio da Semana A Comunidade Cat\u00f3lica Shalom em Sobral ir\u00e1 realizar a 10\u00b0 edi\u00e7\u00e3o do Sua M\u00e3o \u00e9 Abrigo, jantar beneficente para arrecada\u00e7\u00e3o de fundos para a Casa S\u00e3o Francisco que ir\u00e1 acontecer dia 19 de outubro no Buffet Dona Flor. Esse ano o evento\u2026","rel":"","context":"In &quot;Atualidade&quot;","block_context":{"text":"Atualidade","link":"https:\/\/correiodasemana.com\/site\/category\/atualidade\/"},"img":{"alt_text":"","src":"https:\/\/i0.wp.com\/correiodasemana.com\/site\/wp-content\/uploads\/2021\/09\/IMG_7611-scaled.jpg?resize=350%2C200&ssl=1","width":350,"height":200,"srcset":"https:\/\/i0.wp.com\/correiodasemana.com\/site\/wp-content\/uploads\/2021\/09\/IMG_7611-scaled.jpg?resize=350%2C200&ssl=1 1x, https:\/\/i0.wp.com\/correiodasemana.com\/site\/wp-content\/uploads\/2021\/09\/IMG_7611-scaled.jpg?resize=525%2C300&ssl=1 1.5x, https:\/\/i0.wp.com\/correiodasemana.com\/site\/wp-content\/uploads\/2021\/09\/IMG_7611-scaled.jpg?resize=700%2C400&ssl=1 2x, https:\/\/i0.wp.com\/correiodasemana.com\/site\/wp-content\/uploads\/2021\/09\/IMG_7611-scaled.jpg?resize=1050%2C600&ssl=1 3x, https:\/\/i0.wp.com\/correiodasemana.com\/site\/wp-content\/uploads\/2021\/09\/IMG_7611-scaled.jpg?resize=1400%2C800&ssl=1 4x"},"classes":[]},{"id":21218,"url":"https:\/\/correiodasemana.com\/site\/comunidade-catolica-rainha-da-paz-promove-jantar-show-beneficente-em-prol-da-creche-tia-selma\/","url_meta":{"origin":8886,"position":4},"title":"Comunidade Cat\u00f3lica Rainha da Paz promove jantar show beneficente em prol da Creche Tia Selma","author":"","date":"Outubro 10, 2022","format":false,"excerpt":"A Comunidade Cat\u00f3lica Rainha da Paz realizou na \u00faltima quinta feira, dia 06 do corrente m\u00eas um jantar show beneficente em prol da Creche Tia Selma. Dona Maria Selma Vasconcelos Carneiro, in memorian, foi a idealizadora da creche. Coordenava um grupo de ora\u00e7\u00e3o na Rua da Lagoa, Bairro da Santa\u2026","rel":"","context":"In &quot;Atualidade&quot;","block_context":{"text":"Atualidade","link":"https:\/\/correiodasemana.com\/site\/category\/atualidade\/"},"img":{"alt_text":"","src":"https:\/\/i0.wp.com\/correiodasemana.com\/site\/wp-content\/uploads\/2022\/10\/jantar-beneficiente-7.png?resize=350%2C200&ssl=1","width":350,"height":200,"srcset":"https:\/\/i0.wp.com\/correiodasemana.com\/site\/wp-content\/uploads\/2022\/10\/jantar-beneficiente-7.png?resize=350%2C200&ssl=1 1x, https:\/\/i0.wp.com\/correiodasemana.com\/site\/wp-content\/uploads\/2022\/10\/jantar-beneficiente-7.png?resize=525%2C300&ssl=1 1.5x, https:\/\/i0.wp.com\/correiodasemana.com\/site\/wp-content\/uploads\/2022\/10\/jantar-beneficiente-7.png?resize=700%2C400&ssl=1 2x, https:\/\/i0.wp.com\/correiodasemana.com\/site\/wp-content\/uploads\/2022\/10\/jantar-beneficiente-7.png?resize=1050%2C600&ssl=1 3x, https:\/\/i0.wp.com\/correiodasemana.com\/site\/wp-content\/uploads\/2022\/10\/jantar-beneficiente-7.png?resize=1400%2C800&ssl=1 4x"},"classes":[]},{"id":26461,"url":"https:\/\/correiodasemana.com\/site\/comunidade-catolica-rainha-da-paz-realiza-jantar-beneficente-em-prol-da-creche-tia-selma\/","url_meta":{"origin":8886,"position":5},"title":"COMUNIDADE CAT\u00d3LICA RAINHA DA PAZ REALIZA JANTAR BENEFICENTE EM PROL DA CRECHE TIA SELMA","author":"adminredacao","date":"Setembro 11, 2023","format":false,"excerpt":"A Comunidade Cat\u00f3lica Rainha da Paz, como sempre, em ritmo de festa. E dessa vez, realizar\u00e1 um Jantar Beneficente em prol da Creche Tia Selma. Como j\u00e1 \u00e9 do conhecimento de muitos, at\u00e9 porque j\u00e1 mencionamos em mat\u00e9rias passadas e ao logo desses trinta e quatro anos de funda\u00e7\u00e3o da\u2026","rel":"","context":"In &quot;Atualidade&quot;","block_context":{"text":"Atualidade","link":"https:\/\/correiodasemana.com\/site\/category\/atualidade\/"},"img":{"alt_text":"","src":"https:\/\/i0.wp.com\/correiodasemana.com\/site\/wp-content\/uploads\/2023\/09\/WhatsApp-Image-2023-09-07-at-13.07.21.jpeg?resize=350%2C200&ssl=1","width":350,"height":200,"srcset":"https:\/\/i0.wp.com\/correiodasemana.com\/site\/wp-content\/uploads\/2023\/09\/WhatsApp-Image-2023-09-07-at-13.07.21.jpeg?resize=350%2C200&ssl=1 1x, https:\/\/i0.wp.com\/correiodasemana.com\/site\/wp-content\/uploads\/2023\/09\/WhatsApp-Image-2023-09-07-at-13.07.21.jpeg?resize=525%2C300&ssl=1 1.5x, https:\/\/i0.wp.com\/correiodasemana.com\/site\/wp-content\/uploads\/2023\/09\/WhatsApp-Image-2023-09-07-at-13.07.21.jpeg?resize=700%2C400&ssl=1 2x, https:\/\/i0.wp.com\/correiodasemana.com\/site\/wp-content\/uploads\/2023\/09\/WhatsApp-Image-2023-09-07-at-13.07.21.jpeg?resize=1050%2C600&ssl=1 3x"},"classes":[]}],"jetpack_sharing_enabled":true,"_links":{"self":[{"href":"https:\/\/correiodasemana.com\/site\/wp-json\/wp\/v2\/posts\/8886","targetHints":{"allow":["GET"]}}],"collection":[{"href":"https:\/\/correiodasemana.com\/site\/wp-json\/wp\/v2\/posts"}],"about":[{"href":"https:\/\/correiodasemana.com\/site\/wp-json\/wp\/v2\/types\/post"}],"author":[{"embeddable":true,"href":"https:\/\/correiodasemana.com\/site\/wp-json\/wp\/v2\/users\/1"}],"replies":[{"embeddable":true,"href":"https:\/\/correiodasemana.com\/site\/wp-json\/wp\/v2\/comments?post=8886"}],"version-history":[{"count":1,"href":"https:\/\/correiodasemana.com\/site\/wp-json\/wp\/v2\/posts\/8886\/revisions"}],"predecessor-version":[{"id":8888,"href":"https:\/\/correiodasemana.com\/site\/wp-json\/wp\/v2\/posts\/8886\/revisions\/8888"}],"wp:featuredmedia":[{"embeddable":true,"href":"https:\/\/correiodasemana.com\/site\/wp-json\/wp\/v2\/media\/8887"}],"wp:attachment":[{"href":"https:\/\/correiodasemana.com\/site\/wp-json\/wp\/v2\/media?parent=8886"}],"wp:term":[{"taxonomy":"category","embeddable":true,"href":"https:\/\/correiodasemana.com\/site\/wp-json\/wp\/v2\/categories?post=8886"},{"taxonomy":"post_tag","embeddable":true,"href":"https:\/\/correiodasemana.com\/site\/wp-json\/wp\/v2\/tags?post=8886"}],"curies":[{"name":"wp","href":"https:\/\/api.w.org\/{rel}","templated":true}]}}