{"id":8891,"date":"2019-08-27T03:19:17","date_gmt":"2019-08-27T03:19:17","guid":{"rendered":"https:\/\/correiodasemana.com\/site\/?p=8891"},"modified":"2019-08-27T03:19:17","modified_gmt":"2019-08-27T03:19:17","slug":"academia-juridica-nova-diretoria","status":"publish","type":"post","link":"https:\/\/correiodasemana.com\/site\/academia-juridica-nova-diretoria\/","title":{"rendered":"ACADEMIA JUR\u00cdDICA \u2013 NOVA DIRETORIA"},"content":{"rendered":"<p>Gosto muito de uma express\u00e3o de Paulo ap\u00f3stolo que diz: \u201cSempre e por tudo damos gra\u00e7as a Deus\u201d. Todo este texto poderia se resumir em gratid\u00e3o, acima de tudo, a Deus. Gratid\u00e3o a cada um Acad\u00eamico. Gratid\u00e3o ao ent\u00e3o presidente da OAB de Sobral, a quem hoje tive a alegria de passar a gest\u00e3o da Academia Sobralense de Letras Jur\u00eddicas, Acad\u00eamico Jos\u00e9 In\u00e1cio Linhares. Gratid\u00e3o ao querido amigo Acad\u00eamico Des. Ademar Mendes Bezerra, com quem primeiramente falei sobre a ideia dessa Academia. Gratid\u00e3o \u00e0 OAB Sobral na gest\u00e3o do Presidente Jos\u00e9 In\u00e1cio e nas gest\u00f5es do Presidente Rafael Ponte. Gratid\u00e3o \u00e0 fam\u00edlia, de quem me ausento tanto por conta das atividades que abracei nesta vida. De cora\u00e7\u00e3o exposto, agrade\u00e7o!<br \/>\nQuinto Hor\u00e1cio Flaco, um dos maiores poetas de Roma antiga, afirmou certa ocasi\u00e3o: \u201cErgui um monumento mais duradouro do que o bronze\u201d.\u00a0\u00a0A Academia vem nessa perspectiva. Todos n\u00f3s passaremos, a placa de bronze pode ser retirada do lugar, o bronze pode ser derretido, mas, a Academia n\u00e3o. Ela permanecer\u00e1. \u00c9 a verdadeira imortalidade!<br \/>\nEm junho de 2015, busquei a OAB de Sobral e encontrei um entusiasta e incentivador, Jos\u00e9 In\u00e1cio Linhares, que aquilatou a grandeza da Institui\u00e7\u00e3o. Depois da cria\u00e7\u00e3o da Academia Cearense de Letras Jur\u00eddicas, esta foi a segunda no Cear\u00e1 e a primeira fora de Fortaleza. Nossa tradi\u00e7\u00e3o jur\u00eddica justificava a cria\u00e7\u00e3o. Criar uma Academia \u00e9 como gerar um filho. Com quarenta cadeiras, um filho e quarenta netos. Responsabilizamos-nos, pelo menos na fase inicial, pelo futuro da institui\u00e7\u00e3o. \u00c9 assim que senti quase uma dezena de vezes ao criar Academias ou institui\u00e7\u00f5es cong\u00eaneres.<br \/>\nEm 26\/07\/2015, eu dizia que s\u00f3 queria ficar \u00e0 frente da ASLEJUR um mandato, pois, o filho a gente cria para o mundo e n\u00e3o para n\u00f3s. N\u00f3s o amamos, \u00e0s vezes n\u2019ele nos queremos ver espelhados, mas, \u00e9 ele que vai viver, com seus sonhos pr\u00f3prios, com as alegrias e, at\u00e9, tristezas de uma vida. Quando buscamos um padrinho para nosso filho, n\u00f3s sempre procuramos a melhor pessoa, em quem confiamos e que sabemos que dar\u00e1 continuidade, seja com seu apoio moral, \u00e9tico ou, simplesmente, por sua presen\u00e7a ao que far\u00edamos de bom ao nosso filho, caso a vida n\u00e3o nos permita. O Estatuto da nossa Academia permite reelei\u00e7\u00e3o. Mas, eu desejava passar \u00e0 frente a condu\u00e7\u00e3o da \u201cmenina\u201d que criei, com tanto amor e carinho, dando-lhe formato jur\u00eddico, visualiza\u00e7\u00e3o her\u00e1ldica e compondo-a com grandes devotos do Direito de Sobral. Ouvi um sacerdote acad\u00eamico, Mons. Jo\u00e3o Batista Nery, a quem falei de minha pretens\u00e3o quase como a um confessor. Faltou apenas a estola e o aspecto meu de penitente. N\u00e3o havia arrependimento, mas, sim alegria. E quem apadrinharia essa j\u00e1 jovem Academia? O primeiro padrinho foi o Jos\u00e9 In\u00e1cio e bati novamente \u00e0 sua porta, relembrando o Hino Nacional, \u201cver\u00e1s que um Filho teu n\u00e3o foge \u00e0 luta\u201d. Ele n\u00e3o fugiu. Aceitou ser o segundo presidente da Academia e foi eleito por unanimidade.<br \/>\nFeliz, lembro a frase de um cliente meu de quem n\u00e3o possuo procura\u00e7\u00e3o f\u00edsica, o Servo de Deus Joaquim Arn\u00f3bio de Andrade, de quem sou vice-postulador da causa de Beatifica\u00e7\u00e3o e de Canoniza\u00e7\u00e3o, do qual pe\u00e7o emprestado uma frase, quase d\u00edstico de vida: \u201cO importante n\u00e3o \u00e9 s\u00f3 come\u00e7ar bem, mas, terminar bem\u201d.<\/p>\n","protected":false},"excerpt":{"rendered":"<p>Gosto muito de uma express\u00e3o de Paulo ap\u00f3stolo que diz: \u201cSempre e por tudo damos&#8230;<\/p>\n","protected":false},"author":1,"featured_media":7874,"comment_status":"open","ping_status":"open","sticky":false,"template":"","format":"standard","meta":{"_jetpack_memberships_contains_paid_content":false,"footnotes":"","jetpack_publicize_message":"","jetpack_publicize_feature_enabled":true,"jetpack_social_post_already_shared":true,"jetpack_social_options":{"image_generator_settings":{"template":"highway","default_image_id":0,"font":"","enabled":false},"version":2}},"categories":[11,41],"tags":[],"class_list":["post-8891","post","type-post","status-publish","format-standard","has-post-thumbnail","hentry","category-artigos","category-jose-luis-lira"],"jetpack_publicize_connections":[],"jetpack_featured_media_url":"https:\/\/correiodasemana.com\/site\/wp-content\/uploads\/2018\/02\/Jose\u0301-1.jpg","jetpack-related-posts":[{"id":8822,"url":"https:\/\/correiodasemana.com\/site\/empossada-nova-diretoria-e-conselho-da-academia-sobralense-de-letras-juridicas\/","url_meta":{"origin":8891,"position":0},"title":"Empossada nova Diretoria e Conselho da Academia Sobralense de Letras Jur\u00eddicas","author":"","date":"Agosto 27, 2019","format":false,"excerpt":"Posse da nova Diretoria e Conselho da Academia Sobralense de Letras Jur\u00eddicas (Aslejur) aconteceu no Theatro S\u00e3o Jo\u00e3o. Com a participa\u00e7\u00e3o de Acad\u00eamicos, autoridades, familiares e advogados, realizou-se a posse da nova Diretoria e Conselho da Academia Sobralense de Letras Jur\u00eddicas, Aslejur, no Theatro S\u00e3o Jos\u00e9, na noite da quarta-feira,\u2026","rel":"","context":"In &quot;Atualidade&quot;","block_context":{"text":"Atualidade","link":"https:\/\/correiodasemana.com\/site\/category\/atualidade\/"},"img":{"alt_text":"","src":"https:\/\/i0.wp.com\/correiodasemana.com\/site\/wp-content\/uploads\/2019\/08\/dfasdfasdfadsfa.png?resize=350%2C200&ssl=1","width":350,"height":200,"srcset":"https:\/\/i0.wp.com\/correiodasemana.com\/site\/wp-content\/uploads\/2019\/08\/dfasdfasdfadsfa.png?resize=350%2C200&ssl=1 1x, https:\/\/i0.wp.com\/correiodasemana.com\/site\/wp-content\/uploads\/2019\/08\/dfasdfasdfadsfa.png?resize=525%2C300&ssl=1 1.5x, https:\/\/i0.wp.com\/correiodasemana.com\/site\/wp-content\/uploads\/2019\/08\/dfasdfasdfadsfa.png?resize=700%2C400&ssl=1 2x"},"classes":[]},{"id":27219,"url":"https:\/\/correiodasemana.com\/site\/rafael-ponte-e-empossado-terceiro-presidente-da-academia-sobralense-de-letras-juridicas\/","url_meta":{"origin":8891,"position":1},"title":"Rafael Ponte \u00e9 empossado terceiro Presidente da Academia Sobralense de Letras Jur\u00eddicas","author":"adminredacao","date":"Novembro 13, 2023","format":false,"excerpt":"Na noite de quarta-feira, dia 08\/11, ocorreu a posse do terceiro Presidente da Academia Sobralense de Letras Jur\u00eddicas (ASLEJUR), Acad\u00eamico Rafael Ponte, para o quadri\u00eanio 2023-2026, no majestoso Theatro S\u00e3o Jo\u00e3o. Grande momento prestigiado pela sociedade sobralense, autoridades pol\u00edticas, do judici\u00e1rio e minist\u00e9rio p\u00fablico, universit\u00e1rias, a advocacia local e estadual\u2026","rel":"","context":"In &quot;Atualidade&quot;","block_context":{"text":"Atualidade","link":"https:\/\/correiodasemana.com\/site\/category\/atualidade\/"},"img":{"alt_text":"","src":"https:\/\/i0.wp.com\/correiodasemana.com\/site\/wp-content\/uploads\/2023\/11\/DSC0216-scaled.jpg?resize=350%2C200&ssl=1","width":350,"height":200,"srcset":"https:\/\/i0.wp.com\/correiodasemana.com\/site\/wp-content\/uploads\/2023\/11\/DSC0216-scaled.jpg?resize=350%2C200&ssl=1 1x, https:\/\/i0.wp.com\/correiodasemana.com\/site\/wp-content\/uploads\/2023\/11\/DSC0216-scaled.jpg?resize=525%2C300&ssl=1 1.5x, https:\/\/i0.wp.com\/correiodasemana.com\/site\/wp-content\/uploads\/2023\/11\/DSC0216-scaled.jpg?resize=700%2C400&ssl=1 2x, https:\/\/i0.wp.com\/correiodasemana.com\/site\/wp-content\/uploads\/2023\/11\/DSC0216-scaled.jpg?resize=1050%2C600&ssl=1 3x, https:\/\/i0.wp.com\/correiodasemana.com\/site\/wp-content\/uploads\/2023\/11\/DSC0216-scaled.jpg?resize=1400%2C800&ssl=1 4x"},"classes":[]},{"id":8629,"url":"https:\/\/correiodasemana.com\/site\/academia-sobralense-de-letras-juridicas-concede-medalha-jurista-pe-ibiapina-ao-museu-diocesano-dom-jose-com-sessao-solene-em-sobral\/","url_meta":{"origin":8891,"position":2},"title":"Academia Sobralense de Letras Jur\u00eddicas concede \u201cMedalha Jurista Pe. Ibiapina\u201d ao Museu Diocesano Dom Jos\u00e9 com sess\u00e3o solene em Sobral","author":"","date":"Agosto 17, 2019","format":false,"excerpt":"Desde que foi criada a medalha, a Academia homenageou apenas duas personalidades com a honraria. Dom Vasconcelos, bispo da diocese de Sobral, recebeu com grande alegria a homenagem ao Museu Diocesano Dom Jos\u00e9 Invocando a prote\u00e7\u00e3o de Santo Ivo (padroeiro dos advogados) e da Imaculada Concei\u00e7\u00e3o (padroeira de Sobral), foi\u2026","rel":"","context":"In &quot;Atualidade&quot;","block_context":{"text":"Atualidade","link":"https:\/\/correiodasemana.com\/site\/category\/atualidade\/"},"img":{"alt_text":"","src":"https:\/\/i0.wp.com\/correiodasemana.com\/site\/wp-content\/uploads\/2019\/08\/DSC_6966.jpg?resize=350%2C200&ssl=1","width":350,"height":200,"srcset":"https:\/\/i0.wp.com\/correiodasemana.com\/site\/wp-content\/uploads\/2019\/08\/DSC_6966.jpg?resize=350%2C200&ssl=1 1x, https:\/\/i0.wp.com\/correiodasemana.com\/site\/wp-content\/uploads\/2019\/08\/DSC_6966.jpg?resize=525%2C300&ssl=1 1.5x, https:\/\/i0.wp.com\/correiodasemana.com\/site\/wp-content\/uploads\/2019\/08\/DSC_6966.jpg?resize=700%2C400&ssl=1 2x"},"classes":[]},{"id":16563,"url":"https:\/\/correiodasemana.com\/site\/academia-cearense-de-letras-juridicas\/","url_meta":{"origin":8891,"position":3},"title":"ACADEMIA CEARENSE DE LETRAS JUR\u00cdDICAS\u00a0","author":"","date":"Maio 24, 2021","format":false,"excerpt":"H\u00e1 alguns dias, recebi comunicado oficial do estimado amigo Dr. Jos\u00e9 Damasceno Sampaio, presidente da Academia Cearense de Letras Jur\u00eddicas. O distinto Presidente Damasceno comunicava-me da minha escolha para Acad\u00eamico Honor\u00e1rio daquela prestigiada entidade. Dizia-me que ainda em sua primeira gest\u00e3o havia-se ventilado essa hip\u00f3tese que agora seria efetivada. Agradeci\u2026","rel":"","context":"In &quot;Artigos&quot;","block_context":{"text":"Artigos","link":"https:\/\/correiodasemana.com\/site\/category\/artigos\/"},"img":{"alt_text":"","src":"https:\/\/i0.wp.com\/correiodasemana.com\/site\/wp-content\/uploads\/2018\/02\/Jose%CC%81-1.jpg?resize=350%2C200&ssl=1","width":350,"height":200,"srcset":"https:\/\/i0.wp.com\/correiodasemana.com\/site\/wp-content\/uploads\/2018\/02\/Jose%CC%81-1.jpg?resize=350%2C200&ssl=1 1x, https:\/\/i0.wp.com\/correiodasemana.com\/site\/wp-content\/uploads\/2018\/02\/Jose%CC%81-1.jpg?resize=525%2C300&ssl=1 1.5x, https:\/\/i0.wp.com\/correiodasemana.com\/site\/wp-content\/uploads\/2018\/02\/Jose%CC%81-1.jpg?resize=700%2C400&ssl=1 2x"},"classes":[]},{"id":20113,"url":"https:\/\/correiodasemana.com\/site\/professor-da-uva-e-diretor-do-museu-dom-jose-e-empossado-como-membro-da-comissao-especial-de-cultura-da-oab-nacional\/","url_meta":{"origin":8891,"position":4},"title":"Professor da UVA e Diretor do Museu Dom Jos\u00e9 \u00e9 empossado como membro da Comiss\u00e3o Especial de Cultura da OAB Nacional","author":"","date":"Junho 13, 2022","format":false,"excerpt":"O professor do curso de Direito da Universidade Estadual Vale do Acara\u00fa (UVA), diretor do Museu Diocesano Dom Jos\u00e9 e diretor Adjunto do Centro de Ci\u00eancias Sociais Aplicadas, Jos\u00e9 Lu\u00eds Lira, foi empossado como membro da Comiss\u00e3o Especial de Cultura e Arte do Conselho Federal da Ordem dos Advogados do\u2026","rel":"","context":"In &quot;Atualidade&quot;","block_context":{"text":"Atualidade","link":"https:\/\/correiodasemana.com\/site\/category\/atualidade\/"},"img":{"alt_text":"","src":"https:\/\/i0.wp.com\/correiodasemana.com\/site\/wp-content\/uploads\/2022\/06\/20220603_164646-scaled.jpg?resize=350%2C200&ssl=1","width":350,"height":200,"srcset":"https:\/\/i0.wp.com\/correiodasemana.com\/site\/wp-content\/uploads\/2022\/06\/20220603_164646-scaled.jpg?resize=350%2C200&ssl=1 1x, https:\/\/i0.wp.com\/correiodasemana.com\/site\/wp-content\/uploads\/2022\/06\/20220603_164646-scaled.jpg?resize=525%2C300&ssl=1 1.5x, https:\/\/i0.wp.com\/correiodasemana.com\/site\/wp-content\/uploads\/2022\/06\/20220603_164646-scaled.jpg?resize=700%2C400&ssl=1 2x, https:\/\/i0.wp.com\/correiodasemana.com\/site\/wp-content\/uploads\/2022\/06\/20220603_164646-scaled.jpg?resize=1050%2C600&ssl=1 3x, https:\/\/i0.wp.com\/correiodasemana.com\/site\/wp-content\/uploads\/2022\/06\/20220603_164646-scaled.jpg?resize=1400%2C800&ssl=1 4x"},"classes":[]},{"id":27448,"url":"https:\/\/correiodasemana.com\/site\/dia-da-literatura-guaraciabense-e-criado\/","url_meta":{"origin":8891,"position":5},"title":"DIA DA LITERATURA GUARACIABENSE \u00c9 CRIADO","author":"adminredacao","date":"Dezembro 4, 2023","format":false,"excerpt":"A C\u00e2mara Municipal de Guaraciaba do Norte, em sess\u00e3o ordin\u00e1ria realizada no dia 27 de novembro \u00faltimo, sob a presid\u00eancia da Vereadora Regiane Gomes, aprovou o Projeto de Lei N\u00ba 81\/2023, de autoria da Vereadora Carla Cristiane Ara\u00fajo, que institui o Dia da Literatura Guaraciabense, por unanimidade dos vereadores presentes:\u2026","rel":"","context":"In &quot;Atualidade&quot;","block_context":{"text":"Atualidade","link":"https:\/\/correiodasemana.com\/site\/category\/atualidade\/"},"img":{"alt_text":"","src":"https:\/\/i0.wp.com\/correiodasemana.com\/site\/wp-content\/uploads\/2023\/12\/Vereadores-homenageado-seus-parentes-e-convidados-scaled.jpg?resize=350%2C200&ssl=1","width":350,"height":200,"srcset":"https:\/\/i0.wp.com\/correiodasemana.com\/site\/wp-content\/uploads\/2023\/12\/Vereadores-homenageado-seus-parentes-e-convidados-scaled.jpg?resize=350%2C200&ssl=1 1x, https:\/\/i0.wp.com\/correiodasemana.com\/site\/wp-content\/uploads\/2023\/12\/Vereadores-homenageado-seus-parentes-e-convidados-scaled.jpg?resize=525%2C300&ssl=1 1.5x, https:\/\/i0.wp.com\/correiodasemana.com\/site\/wp-content\/uploads\/2023\/12\/Vereadores-homenageado-seus-parentes-e-convidados-scaled.jpg?resize=700%2C400&ssl=1 2x, https:\/\/i0.wp.com\/correiodasemana.com\/site\/wp-content\/uploads\/2023\/12\/Vereadores-homenageado-seus-parentes-e-convidados-scaled.jpg?resize=1050%2C600&ssl=1 3x, https:\/\/i0.wp.com\/correiodasemana.com\/site\/wp-content\/uploads\/2023\/12\/Vereadores-homenageado-seus-parentes-e-convidados-scaled.jpg?resize=1400%2C800&ssl=1 4x"},"classes":[]}],"jetpack_sharing_enabled":true,"_links":{"self":[{"href":"https:\/\/correiodasemana.com\/site\/wp-json\/wp\/v2\/posts\/8891","targetHints":{"allow":["GET"]}}],"collection":[{"href":"https:\/\/correiodasemana.com\/site\/wp-json\/wp\/v2\/posts"}],"about":[{"href":"https:\/\/correiodasemana.com\/site\/wp-json\/wp\/v2\/types\/post"}],"author":[{"embeddable":true,"href":"https:\/\/correiodasemana.com\/site\/wp-json\/wp\/v2\/users\/1"}],"replies":[{"embeddable":true,"href":"https:\/\/correiodasemana.com\/site\/wp-json\/wp\/v2\/comments?post=8891"}],"version-history":[{"count":1,"href":"https:\/\/correiodasemana.com\/site\/wp-json\/wp\/v2\/posts\/8891\/revisions"}],"predecessor-version":[{"id":8892,"href":"https:\/\/correiodasemana.com\/site\/wp-json\/wp\/v2\/posts\/8891\/revisions\/8892"}],"wp:featuredmedia":[{"embeddable":true,"href":"https:\/\/correiodasemana.com\/site\/wp-json\/wp\/v2\/media\/7874"}],"wp:attachment":[{"href":"https:\/\/correiodasemana.com\/site\/wp-json\/wp\/v2\/media?parent=8891"}],"wp:term":[{"taxonomy":"category","embeddable":true,"href":"https:\/\/correiodasemana.com\/site\/wp-json\/wp\/v2\/categories?post=8891"},{"taxonomy":"post_tag","embeddable":true,"href":"https:\/\/correiodasemana.com\/site\/wp-json\/wp\/v2\/tags?post=8891"}],"curies":[{"name":"wp","href":"https:\/\/api.w.org\/{rel}","templated":true}]}}