{"id":8913,"date":"2019-09-08T03:30:47","date_gmt":"2019-09-08T03:30:47","guid":{"rendered":"https:\/\/correiodasemana.com\/site\/?p=8913"},"modified":"2019-09-08T03:30:47","modified_gmt":"2019-09-08T03:30:47","slug":"ivan-frota-faz-palestra-na-cidade-de-meruoca-com-grande-sucesso","status":"publish","type":"post","link":"https:\/\/correiodasemana.com\/site\/ivan-frota-faz-palestra-na-cidade-de-meruoca-com-grande-sucesso\/","title":{"rendered":"Ivan Frota faz palestra na cidade de Meruoca com grande sucesso"},"content":{"rendered":"<p>Fazendo parte da programa\u00e7\u00e3o do Dia dos Pais, foi realizado sexta-feira, dia 23 de agosto, \u00e0s 20h, uma palestra com o Comunicador Ivan Frota.<br \/>\nEsta palestra ocorreu no audit\u00f3rio no Centro de Feiras de Eventos de Meruoca e teve como tema: \u201cA import\u00e2ncia da Fam\u00edlia na preven\u00e7\u00e3o \u00e0s drogas\u201d.<br \/>\nNa ocasi\u00e3o, um p\u00fablico bastante expressivo de pais, prestigiaram este evento, cujo objetivo principal foi conscientiz\u00e1-los da import\u00e2ncia da fam\u00edlia no sucesso de seus filhos.<br \/>\nEste evento foi uma realiza\u00e7\u00e3o da Prefeitura Municipal de Meruoca, prefeito Fonteles, atrav\u00e9s da Secretaria de Educa\u00e7\u00e3o do Munic\u00edpio, Aurimar e teve como coordenador Jos\u00e9 Carlos.<\/p>\n<p><strong>Aten\u00e7\u00e3o!<\/strong><br \/>\nSe voc\u00ea quiser levar esta palestra para sua empresa. col\u00e9gio, igreja, basta voc\u00ea ligar para este n\u00famero: (88) 9 8805 8293. O comunicador Ivan Frota ter\u00e1 o prazer em atend\u00ea-lo!<\/p>\n","protected":false},"excerpt":{"rendered":"<p>Fazendo parte da programa\u00e7\u00e3o do Dia dos Pais, foi realizado sexta-feira, dia 23 de agosto,&#8230;<\/p>\n","protected":false},"author":1,"featured_media":8914,"comment_status":"open","ping_status":"open","sticky":false,"template":"","format":"standard","meta":{"_jetpack_memberships_contains_paid_content":false,"footnotes":"","jetpack_publicize_message":"","jetpack_publicize_feature_enabled":true,"jetpack_social_post_already_shared":true,"jetpack_social_options":{"image_generator_settings":{"template":"highway","default_image_id":0,"font":"","enabled":false},"version":2}},"categories":[1],"tags":[],"class_list":["post-8913","post","type-post","status-publish","format-standard","has-post-thumbnail","hentry","category-atualidade"],"jetpack_publicize_connections":[],"jetpack_featured_media_url":"https:\/\/correiodasemana.com\/site\/wp-content\/uploads\/2019\/09\/Palestra-Ivan-Frota-1.jpeg","jetpack-related-posts":[{"id":30166,"url":"https:\/\/correiodasemana.com\/site\/ivan-frota-reune-midia-sobralense-na-oab-sobral\/","url_meta":{"origin":8913,"position":0},"title":"Ivan Frota re\u00fane m\u00eddia sobralense na OAB\/SOBRAL","author":"adminredacao","date":"Julho 29, 2024","format":false,"excerpt":"OAB Not\u00edcias | Nesta quinta-feira, 18, a sede da OAB Sobral foi palco de um evento de grande relev\u00e2ncia para o cen\u00e1rio pol\u00edtico e midi\u00e1tico da regi\u00e3o: a palestra \u201cElei\u00e7\u00f5es Municipais: Regras Gerais para R\u00e1dio, TV e Internet\u201d, ministrada pelo renomado advogado Dr. Francisco Ant\u00f4nio Cristino. O evento contou com\u2026","rel":"","context":"In &quot;Atualidade&quot;","block_context":{"text":"Atualidade","link":"https:\/\/correiodasemana.com\/site\/category\/atualidade\/"},"img":{"alt_text":"","src":"https:\/\/i0.wp.com\/correiodasemana.com\/site\/wp-content\/uploads\/2024\/07\/WhatsApp-Image-2024-07-25-at-10.24.44.jpeg?resize=350%2C200&ssl=1","width":350,"height":200},"classes":[]},{"id":21185,"url":"https:\/\/correiodasemana.com\/site\/ivan-frota-toma-posse-em-sobral-como-novo-delegado-regional-do-sindicado-dos-radialistas-do-ceara\/","url_meta":{"origin":8913,"position":1},"title":"Ivan Frota toma posse em Sobral, como novo Delegado Regional do Sindicado dos Radialistas do Cear\u00e1","author":"","date":"Outubro 9, 2022","format":false,"excerpt":"O novo delegado Regional do Sindicato dos Radialistas de Sobral, Ivan Frota, tomou posse no dia 06 de outubro, quinta feira, no audit\u00f3rio da CDL. O presidente da Subsec\u00e7\u00e3o OAB Sobral, \u00c9zio Guimar\u00e3es, foi o palestrante e o tema da palestra foi: \u201cA import\u00e2ncia do Sindicato para os associados\u201d. Diante\u2026","rel":"","context":"In &quot;Atualidade&quot;","block_context":{"text":"Atualidade","link":"https:\/\/correiodasemana.com\/site\/category\/atualidade\/"},"img":{"alt_text":"","src":"https:\/\/i0.wp.com\/correiodasemana.com\/site\/wp-content\/uploads\/2022\/10\/ivan-frota-radio.jpg?resize=350%2C200&ssl=1","width":350,"height":200,"srcset":"https:\/\/i0.wp.com\/correiodasemana.com\/site\/wp-content\/uploads\/2022\/10\/ivan-frota-radio.jpg?resize=350%2C200&ssl=1 1x, https:\/\/i0.wp.com\/correiodasemana.com\/site\/wp-content\/uploads\/2022\/10\/ivan-frota-radio.jpg?resize=525%2C300&ssl=1 1.5x, https:\/\/i0.wp.com\/correiodasemana.com\/site\/wp-content\/uploads\/2022\/10\/ivan-frota-radio.jpg?resize=700%2C400&ssl=1 2x"},"classes":[]},{"id":35983,"url":"https:\/\/correiodasemana.com\/site\/sindicato-dos-radialistas-de-sobral-realizou-encontro-com-os-profissionais-da-comunicacao-da-zona-norte\/","url_meta":{"origin":8913,"position":2},"title":"Sindicato dos Radialistas de Sobral realizou encontro com os profissionais da comunica\u00e7\u00e3o da Zona Norte","author":"adminredacao","date":"Outubro 29, 2025","format":false,"excerpt":"O Sindicato dos Radialistas do Cear\u00e1 (SindRadioCE), realizou em Sobral, no dia 17 de outubro de 2025, um encontro com profissionais da comunica\u00e7\u00e3o da Regi\u00e3o Norte. O evento, que tamb\u00e9m incluiu blogueiros, aconteceu na C\u00e2mara Municipal de Sobral e teve como objetivo discutir temas relevantes para a categoria. A iniciativa\u2026","rel":"","context":"In &quot;Atualidade&quot;","block_context":{"text":"Atualidade","link":"https:\/\/correiodasemana.com\/site\/category\/atualidade\/"},"img":{"alt_text":"","src":"https:\/\/i0.wp.com\/correiodasemana.com\/site\/wp-content\/uploads\/2025\/10\/WhatsApp-Image-2025-10-18-at-15.06.23-2.jpeg?resize=350%2C200&ssl=1","width":350,"height":200,"srcset":"https:\/\/i0.wp.com\/correiodasemana.com\/site\/wp-content\/uploads\/2025\/10\/WhatsApp-Image-2025-10-18-at-15.06.23-2.jpeg?resize=350%2C200&ssl=1 1x, https:\/\/i0.wp.com\/correiodasemana.com\/site\/wp-content\/uploads\/2025\/10\/WhatsApp-Image-2025-10-18-at-15.06.23-2.jpeg?resize=525%2C300&ssl=1 1.5x, https:\/\/i0.wp.com\/correiodasemana.com\/site\/wp-content\/uploads\/2025\/10\/WhatsApp-Image-2025-10-18-at-15.06.23-2.jpeg?resize=700%2C400&ssl=1 2x"},"classes":[]},{"id":29634,"url":"https:\/\/correiodasemana.com\/site\/fm-educadora-comemora-65-anos-com-o-show-do-ivan-frota\/","url_meta":{"origin":8913,"position":3},"title":"FM Educadora comemora 65 anos com o Show do Ivan Frota","author":"adminredacao","date":"Junho 18, 2024","format":false,"excerpt":"O evento ser\u00e1 realizado dia 27\/06, quinta-feira, \u00e0s 09 horas da manh\u00e3, no audit\u00f3rio Dom Walfrido e contar\u00e1 com a participa\u00e7\u00e3o de todos os comunicadores da emissora. Para os presentes, teremos diversos sorteios e v\u00e1rias outras atra\u00e7\u00f5es. Convidamos todos os nossos ouvintes a participarem! O Diretor Padre Luca agradece a\u2026","rel":"","context":"In &quot;Atualidade&quot;","block_context":{"text":"Atualidade","link":"https:\/\/correiodasemana.com\/site\/category\/atualidade\/"},"img":{"alt_text":"","src":"https:\/\/i0.wp.com\/correiodasemana.com\/site\/wp-content\/uploads\/2024\/06\/WhatsApp-Image-2024-06-05-at-11.07.21.jpeg?resize=350%2C200&ssl=1","width":350,"height":200,"srcset":"https:\/\/i0.wp.com\/correiodasemana.com\/site\/wp-content\/uploads\/2024\/06\/WhatsApp-Image-2024-06-05-at-11.07.21.jpeg?resize=350%2C200&ssl=1 1x, https:\/\/i0.wp.com\/correiodasemana.com\/site\/wp-content\/uploads\/2024\/06\/WhatsApp-Image-2024-06-05-at-11.07.21.jpeg?resize=525%2C300&ssl=1 1.5x, https:\/\/i0.wp.com\/correiodasemana.com\/site\/wp-content\/uploads\/2024\/06\/WhatsApp-Image-2024-06-05-at-11.07.21.jpeg?resize=700%2C400&ssl=1 2x, https:\/\/i0.wp.com\/correiodasemana.com\/site\/wp-content\/uploads\/2024\/06\/WhatsApp-Image-2024-06-05-at-11.07.21.jpeg?resize=1050%2C600&ssl=1 3x, https:\/\/i0.wp.com\/correiodasemana.com\/site\/wp-content\/uploads\/2024\/06\/WhatsApp-Image-2024-06-05-at-11.07.21.jpeg?resize=1400%2C800&ssl=1 4x"},"classes":[]},{"id":17521,"url":"https:\/\/correiodasemana.com\/site\/show-do-ivan-frota-abre-oficialmente-a-festa-sao-francisco-em-forquilha\/","url_meta":{"origin":8913,"position":4},"title":"Show do Ivan Frota abre oficialmente a festa S\u00e3o Francisco em Forquilha","author":"","date":"Setembro 19, 2021","format":false,"excerpt":"Programa Show do Ivan Frota abre oficialmente a festa de novena de S\u00e3o Francisco com o objetivo de reunir a fam\u00edlia e divulgar a promo\u00e7\u00e3o da festa de S\u00e3o Francisco de Assis. O Padre Gerson Luis traz pela primeira vez o Show do Ivan Frota, o amigo de f\u00e9, como\u2026","rel":"","context":"In &quot;Atualidade&quot;","block_context":{"text":"Atualidade","link":"https:\/\/correiodasemana.com\/site\/category\/atualidade\/"},"img":{"alt_text":"","src":"https:\/\/i0.wp.com\/correiodasemana.com\/site\/wp-content\/uploads\/2020\/01\/Ivan.jpg?resize=350%2C200&ssl=1","width":350,"height":200,"srcset":"https:\/\/i0.wp.com\/correiodasemana.com\/site\/wp-content\/uploads\/2020\/01\/Ivan.jpg?resize=350%2C200&ssl=1 1x, https:\/\/i0.wp.com\/correiodasemana.com\/site\/wp-content\/uploads\/2020\/01\/Ivan.jpg?resize=525%2C300&ssl=1 1.5x, https:\/\/i0.wp.com\/correiodasemana.com\/site\/wp-content\/uploads\/2020\/01\/Ivan.jpg?resize=700%2C400&ssl=1 2x, https:\/\/i0.wp.com\/correiodasemana.com\/site\/wp-content\/uploads\/2020\/01\/Ivan.jpg?resize=1050%2C600&ssl=1 3x"},"classes":[]},{"id":36453,"url":"https:\/\/correiodasemana.com\/site\/becco-ponto-com-239\/","url_meta":{"origin":8913,"position":5},"title":"BECCO PONTO.COM","author":"adminredacao","date":"Novembro 18, 2025","format":false,"excerpt":"LIVRAI-NOS, SENHOR! Da cop 30 do mel a de Janja e Lula, ufa! Do Ciro e o Cid brigando pelo poder. Da Medicina: um doutor a cada dor. Das fac\u00e7\u00f5es, j\u00e1 partidos pol\u00edticos, ui! Das sess\u00f5es vira virou nas C\u00e2maras. Dos pol\u00edticos que n\u00e3o largam o osso. Da onda breques\u2026","rel":"","context":"In &quot;Artigos&quot;","block_context":{"text":"Artigos","link":"https:\/\/correiodasemana.com\/site\/category\/artigos\/"},"img":{"alt_text":"","src":"https:\/\/i0.wp.com\/correiodasemana.com\/site\/wp-content\/uploads\/2021\/09\/Dr-Chico-Prado-Trofeu-Dom-Jose-1.jpg?resize=350%2C200&ssl=1","width":350,"height":200,"srcset":"https:\/\/i0.wp.com\/correiodasemana.com\/site\/wp-content\/uploads\/2021\/09\/Dr-Chico-Prado-Trofeu-Dom-Jose-1.jpg?resize=350%2C200&ssl=1 1x, https:\/\/i0.wp.com\/correiodasemana.com\/site\/wp-content\/uploads\/2021\/09\/Dr-Chico-Prado-Trofeu-Dom-Jose-1.jpg?resize=525%2C300&ssl=1 1.5x, https:\/\/i0.wp.com\/correiodasemana.com\/site\/wp-content\/uploads\/2021\/09\/Dr-Chico-Prado-Trofeu-Dom-Jose-1.jpg?resize=700%2C400&ssl=1 2x, https:\/\/i0.wp.com\/correiodasemana.com\/site\/wp-content\/uploads\/2021\/09\/Dr-Chico-Prado-Trofeu-Dom-Jose-1.jpg?resize=1050%2C600&ssl=1 3x, https:\/\/i0.wp.com\/correiodasemana.com\/site\/wp-content\/uploads\/2021\/09\/Dr-Chico-Prado-Trofeu-Dom-Jose-1.jpg?resize=1400%2C800&ssl=1 4x"},"classes":[]}],"jetpack_sharing_enabled":true,"_links":{"self":[{"href":"https:\/\/correiodasemana.com\/site\/wp-json\/wp\/v2\/posts\/8913","targetHints":{"allow":["GET"]}}],"collection":[{"href":"https:\/\/correiodasemana.com\/site\/wp-json\/wp\/v2\/posts"}],"about":[{"href":"https:\/\/correiodasemana.com\/site\/wp-json\/wp\/v2\/types\/post"}],"author":[{"embeddable":true,"href":"https:\/\/correiodasemana.com\/site\/wp-json\/wp\/v2\/users\/1"}],"replies":[{"embeddable":true,"href":"https:\/\/correiodasemana.com\/site\/wp-json\/wp\/v2\/comments?post=8913"}],"version-history":[{"count":1,"href":"https:\/\/correiodasemana.com\/site\/wp-json\/wp\/v2\/posts\/8913\/revisions"}],"predecessor-version":[{"id":8915,"href":"https:\/\/correiodasemana.com\/site\/wp-json\/wp\/v2\/posts\/8913\/revisions\/8915"}],"wp:featuredmedia":[{"embeddable":true,"href":"https:\/\/correiodasemana.com\/site\/wp-json\/wp\/v2\/media\/8914"}],"wp:attachment":[{"href":"https:\/\/correiodasemana.com\/site\/wp-json\/wp\/v2\/media?parent=8913"}],"wp:term":[{"taxonomy":"category","embeddable":true,"href":"https:\/\/correiodasemana.com\/site\/wp-json\/wp\/v2\/categories?post=8913"},{"taxonomy":"post_tag","embeddable":true,"href":"https:\/\/correiodasemana.com\/site\/wp-json\/wp\/v2\/tags?post=8913"}],"curies":[{"name":"wp","href":"https:\/\/api.w.org\/{rel}","templated":true}]}}