{"id":9232,"date":"2019-09-23T02:52:21","date_gmt":"2019-09-23T02:52:21","guid":{"rendered":"https:\/\/correiodasemana.com\/site\/?p=9232"},"modified":"2019-09-23T02:52:21","modified_gmt":"2019-09-23T02:52:21","slug":"dom-jose-dom-jose","status":"publish","type":"post","link":"https:\/\/correiodasemana.com\/site\/dom-jose-dom-jose\/","title":{"rendered":"\u201cDOM JOS\u00c9, DOM JOS\u00c9!"},"content":{"rendered":"<p>Vossa presen\u00e7a est\u00e1 aqui em toda parte:<br \/>\nNa capela, rezando.<br \/>\nNo recreio, conversando.<br \/>\nNo vosso gabinete de trabalho, trabalhando,<br \/>\nAconselhando\u2026.<br \/>\nEm toda parte, edificando!<\/p>\n<p>Cada coluna est\u00e1 dizendo: \u2014 Esteve aqui!<br \/>\nCada tijolo est\u00e1 repetindo: \u2014 Esteve aqui!<br \/>\nCada pessoa revivendo: \u2014 Esteve aqui!\u201d<\/p>\n<p>O t\u00edtulo e as duas estrofes iniciais desta coluna foram tomados emprestados do \u201cCanto de dor\u201d, do ent\u00e3o Padre Edmilson da Cruz, hoje Bispo Em\u00e9rito de Limoeiro do Norte, escrito em Sobral, a 28\/09\/1959, tr\u00eas dias depois da morte de Dom Jos\u00e9 Tupinamb\u00e1 da Frota, nosso primeiro Bispo Diocesano. \u00c0s 21h30min do dia 25 de setembro de 1959, adormecia no sono dos justos + Jos\u00e9, Bispo de Sobral. Sua Excel\u00eancia Reverend\u00edssima contava 77 anos e 15 dias. Sem cair em lugar comum, afirmamos que Dom Jos\u00e9 foi um sobralense que amou sua terra e dotou Sobral com o qu\u00ea de melhor h\u00e1.<br \/>\nPassaram-se 60 anos de seu falecimento, mas, sua mem\u00f3ria permanece viva. Suas obras o retratam. Sobral o v\u00ea como o grande benfeitor que realmente ele \u00e9, mas, e o homem? Quem foi Dom Jos\u00e9 antes do Paroquiato em Sobral, do Bispado? Essas indaga\u00e7\u00f5es por certo ainda ecoam para muitas pessoas. Ao assumir a dire\u00e7\u00e3o do Museu Dom Jos\u00e9, planejei fazer algo neste setembro de Dom Jos\u00e9, s\u00f3 n\u00e3o imaginava que seria algo que me envolveria e marcaria tanto. E com menos de um m\u00eas no Museu, em 27 de abril passado, ao entrar na sala da diretoria, encontrei sobre a mesa da ent\u00e3o vice-diretora, Prof\u00aa. Hilce Gir\u00e3o, um envelope com a inscri\u00e7\u00e3o: \u201cDi\u00e1rio de Dom Jos\u00e9\u201d. Junto estava o livro que Dom Jos\u00e9 escrevera sobre seu pai. Na minha curiosidade de pesquisador, passei a folhear o antigo caderno de arames. Era um retrato de Dom Jos\u00e9 pintado por ele mesmo. Um di\u00e1rio, uma autobiografia ou mem\u00f3rias? Pouco importa o g\u00eanero, a forma liter\u00e1ria. Achei-o importante. O caderno estava tombado sob o n\u00b0 339-a, do acervo do Museu, era mantido em um arm\u00e1rio, mas, conforme a Prof\u00aa. Giovana Saboya Mont\u2019Alverne, foi encontrado por ela no cofre do Museu.<br \/>\nDepois de concluir a primeira leitura, n\u00e3o vi nada demais e n\u00e3o entendi o porqu\u00ea do documento ainda n\u00e3o ter sido publicado. Busquei ao Sr. Bispo Diocesano, Dom Jos\u00e9 Luiz Gomes de Vasconcelos, falei acerca do assunto e este me autorizou a seguir com a pesquisa. Forneci a Sua Excel\u00eancia Reverend\u00edssima uma c\u00f3pia digital e prossegui com o trabalho que recebeu incentivo da Express\u00e3o Gr\u00e1fica e Editora e ser\u00e1 lan\u00e7ado com selo desta, no dia dos 60 anos de falecimento de Dom Jos\u00e9.<br \/>\nDom Vasconcelos editou o Decreto N\u00b0 09, de 2 de setembro de 2019, determinando que na pr\u00f3xima quarta-feira, dia 25, os sinos das Igrejas da Diocese de Sobral toquem \u00e0s 18 horas,\u00a0in memoriam\u00a0do Bispo Dom Jos\u00e9 Tupinamb\u00e1, havendo celebra\u00e7\u00e3o em sufr\u00e1gio da alma dele na Igreja da S\u00e9 de Sobral no mesmo hor\u00e1rio e \u00e0s 19h30min, ap\u00f3s b\u00ean\u00e7\u00e3o solene da sacada do Museu, acontecer\u00e1 o lan\u00e7amento de \u201cEfem\u00e9rides da Minha Vida\u201d, no Museu que antes foi casa do Bispo, Pal\u00e1cio, melhor dizendo. Dom Vasconcelos apresentar\u00e1 o livro, com a participa\u00e7\u00e3o de Giovana Saboya Mont\u2019Alverne, diretora do Museu por mais de 20 anos, e do atual Diretor, Jos\u00e9 Lu\u00eds Lira.<br \/>\nParticipemos das solenidades \u00e0s quais todos est\u00e3o convidados, celebremos nosso primeiro Bispo, Dom Jos\u00e9!<\/p>\n","protected":false},"excerpt":{"rendered":"<p>Vossa presen\u00e7a est\u00e1 aqui em toda parte: Na capela, rezando. No recreio, conversando. No vosso&#8230;<\/p>\n","protected":false},"author":1,"featured_media":8256,"comment_status":"open","ping_status":"open","sticky":false,"template":"","format":"standard","meta":{"_jetpack_memberships_contains_paid_content":false,"footnotes":"","jetpack_publicize_message":"","jetpack_publicize_feature_enabled":true,"jetpack_social_post_already_shared":true,"jetpack_social_options":{"image_generator_settings":{"template":"highway","default_image_id":0,"font":"","enabled":false},"version":2}},"categories":[11,41],"tags":[],"class_list":["post-9232","post","type-post","status-publish","format-standard","has-post-thumbnail","hentry","category-artigos","category-jose-luis-lira"],"jetpack_publicize_connections":[],"jetpack_featured_media_url":"https:\/\/correiodasemana.com\/site\/wp-content\/uploads\/2019\/07\/Jose\u0301-1.jpg","jetpack-related-posts":[{"id":9195,"url":"https:\/\/correiodasemana.com\/site\/todo-dia-e-dia-de-dom-jose\/","url_meta":{"origin":9232,"position":0},"title":"Todo dia \u00e9 dia de Dom Jos\u00e9","author":"","date":"Setembro 23, 2019","format":false,"excerpt":"H\u00e1 cerca de 20 anos, por iniciativa de um grupo de intelectuais, foi institu\u00eddo, aqui em Sobral, um evento cultural intitulado Setembro Dom Jos\u00e9. Uma ideia justa. Primeiro, porque a men\u00e7\u00e3o \u00e9 dirigida ao maior benfeitor social da cidade de todos os tempo: Dom Jos\u00e9 Tupinamb\u00e1 da Frota. Segundo, porque,\u2026","rel":"","context":"In &quot;Artigos&quot;","block_context":{"text":"Artigos","link":"https:\/\/correiodasemana.com\/site\/category\/artigos\/"},"img":{"alt_text":"","src":"https:\/\/i0.wp.com\/correiodasemana.com\/site\/wp-content\/uploads\/2019\/09\/e-que-tamb%C3%A9m-escolheu-para-primeiro-bispo-o-sobralense-Dom-Jos%C3%A9-Tupynamb%C3%A1-da-Frota.jpg?resize=350%2C200&ssl=1","width":350,"height":200,"srcset":"https:\/\/i0.wp.com\/correiodasemana.com\/site\/wp-content\/uploads\/2019\/09\/e-que-tamb%C3%A9m-escolheu-para-primeiro-bispo-o-sobralense-Dom-Jos%C3%A9-Tupynamb%C3%A1-da-Frota.jpg?resize=350%2C200&ssl=1 1x, https:\/\/i0.wp.com\/correiodasemana.com\/site\/wp-content\/uploads\/2019\/09\/e-que-tamb%C3%A9m-escolheu-para-primeiro-bispo-o-sobralense-Dom-Jos%C3%A9-Tupynamb%C3%A1-da-Frota.jpg?resize=525%2C300&ssl=1 1.5x, https:\/\/i0.wp.com\/correiodasemana.com\/site\/wp-content\/uploads\/2019\/09\/e-que-tamb%C3%A9m-escolheu-para-primeiro-bispo-o-sobralense-Dom-Jos%C3%A9-Tupynamb%C3%A1-da-Frota.jpg?resize=700%2C400&ssl=1 2x"},"classes":[]},{"id":17512,"url":"https:\/\/correiodasemana.com\/site\/presidente-do-centro-cultural-dom-jose-de-sobral-recebe-congratulacoes-do-legislativo-municipal\/","url_meta":{"origin":9232,"position":1},"title":"Presidente do Centro Cultural Dom Jos\u00e9 de Sobral recebe congratula\u00e7\u00f5es do legislativo municipal","author":"","date":"Setembro 19, 2021","format":false,"excerpt":"O Presidente do Centro Cultural Dom Jos\u00e9 de Sobral, Francisco An\u00e1stacio Arag\u00e3o Prado recebeu mo\u00e7\u00e3o de aplausos e congratula\u00e7\u00f5es pelo trabalho feito no Centro durante o Setembro Dom Jos\u00e9. A mo\u00e7\u00e3o foi assinada pelo Vereador Jos\u00e9 Johnson Vasconcelos de Lima (MDB) sob justificativa: \u201cDom Jos\u00e9 Tupinamb\u00e1 da Frota, nasceu em\u2026","rel":"","context":"In &quot;Atualidade&quot;","block_context":{"text":"Atualidade","link":"https:\/\/correiodasemana.com\/site\/category\/atualidade\/"},"img":{"alt_text":"","src":"https:\/\/i0.wp.com\/correiodasemana.com\/site\/wp-content\/uploads\/2021\/09\/Dr-Chico-Prado-Trofeu-Dom-Jose-1-1.jpg?resize=350%2C200&ssl=1","width":350,"height":200,"srcset":"https:\/\/i0.wp.com\/correiodasemana.com\/site\/wp-content\/uploads\/2021\/09\/Dr-Chico-Prado-Trofeu-Dom-Jose-1-1.jpg?resize=350%2C200&ssl=1 1x, https:\/\/i0.wp.com\/correiodasemana.com\/site\/wp-content\/uploads\/2021\/09\/Dr-Chico-Prado-Trofeu-Dom-Jose-1-1.jpg?resize=525%2C300&ssl=1 1.5x, https:\/\/i0.wp.com\/correiodasemana.com\/site\/wp-content\/uploads\/2021\/09\/Dr-Chico-Prado-Trofeu-Dom-Jose-1-1.jpg?resize=700%2C400&ssl=1 2x"},"classes":[]},{"id":17459,"url":"https:\/\/correiodasemana.com\/site\/sobral-sobral-55\/","url_meta":{"origin":9232,"position":2},"title":"Sobral, Sobral","author":"","date":"Setembro 12, 2021","format":false,"excerpt":"SOBRAL, SOBRAL... 10\/SETEMBRO\/2021 \u201cQuer ser feliz por um momento, vinga-te !! Quer ser feliz a vida inteira, PERDOA !! (preceito crist\u00e3o) MINHAS HIST\u00d3RIAS... DOM JOS\u00c9, O MAIOR BENFEITOR DE SOBRAL Sobral s\u00f3 \u00e9 o que \u00e9, Por causa de um benfeitor, Refiro-me a Dom Jos\u00e9, O Bispo-Conde do Amor! Pela\u2026","rel":"","context":"In &quot;Artigos&quot;","block_context":{"text":"Artigos","link":"https:\/\/correiodasemana.com\/site\/category\/artigos\/"},"img":{"alt_text":"","src":"https:\/\/i0.wp.com\/correiodasemana.com\/site\/wp-content\/uploads\/2021\/02\/artigo-carolino-radio.png?resize=350%2C200&ssl=1","width":350,"height":200,"srcset":"https:\/\/i0.wp.com\/correiodasemana.com\/site\/wp-content\/uploads\/2021\/02\/artigo-carolino-radio.png?resize=350%2C200&ssl=1 1x, https:\/\/i0.wp.com\/correiodasemana.com\/site\/wp-content\/uploads\/2021\/02\/artigo-carolino-radio.png?resize=525%2C300&ssl=1 1.5x, https:\/\/i0.wp.com\/correiodasemana.com\/site\/wp-content\/uploads\/2021\/02\/artigo-carolino-radio.png?resize=700%2C400&ssl=1 2x"},"classes":[]},{"id":30702,"url":"https:\/\/correiodasemana.com\/site\/dom-jose-tupinamba-da-frota-o-legado-de-um-lider-religioso\/","url_meta":{"origin":9232,"position":3},"title":"Dom Jos\u00e9 Tupinamb\u00e1 da Frota: O legado de um l\u00edder religioso","author":"adminredacao","date":"Setembro 16, 2024","format":false,"excerpt":"Dom Jos\u00e9 Tupinamb\u00e1 da Frota, nascido em 10 de setembro de 1882 e falecido em 25 de setembro de 1959, \u00e9 reverenciado como o primeiro bispo da cidade de Sobral e um dos principais impulsionadores do seu desenvolvimento religioso, sociocultural, econ\u00f4mico e educacional. Sua vida e obra deixaram uma marca\u2026","rel":"","context":"In &quot;Atualidade&quot;","block_context":{"text":"Atualidade","link":"https:\/\/correiodasemana.com\/site\/category\/atualidade\/"},"img":{"alt_text":"","src":"https:\/\/i0.wp.com\/correiodasemana.com\/site\/wp-content\/uploads\/2024\/09\/WhatsApp-Image-2024-09-13-at-17.17.38.jpeg?resize=350%2C200&ssl=1","width":350,"height":200,"srcset":"https:\/\/i0.wp.com\/correiodasemana.com\/site\/wp-content\/uploads\/2024\/09\/WhatsApp-Image-2024-09-13-at-17.17.38.jpeg?resize=350%2C200&ssl=1 1x, https:\/\/i0.wp.com\/correiodasemana.com\/site\/wp-content\/uploads\/2024\/09\/WhatsApp-Image-2024-09-13-at-17.17.38.jpeg?resize=525%2C300&ssl=1 1.5x, https:\/\/i0.wp.com\/correiodasemana.com\/site\/wp-content\/uploads\/2024\/09\/WhatsApp-Image-2024-09-13-at-17.17.38.jpeg?resize=700%2C400&ssl=1 2x, https:\/\/i0.wp.com\/correiodasemana.com\/site\/wp-content\/uploads\/2024\/09\/WhatsApp-Image-2024-09-13-at-17.17.38.jpeg?resize=1050%2C600&ssl=1 3x"},"classes":[]},{"id":12848,"url":"https:\/\/correiodasemana.com\/site\/quinze-de-agosto\/","url_meta":{"origin":9232,"position":4},"title":"Quinze de Agosto","author":"","date":"Agosto 17, 2020","format":false,"excerpt":"Para mim ou para boa parte dos guaraciabenses, dizer dia 15 \u00e9 referir-se a 15 de agosto, pois \u00e9 a Festa da Padroeira, Nossa Senhora dos Prazeres. Este ano o festejo foi feito em nossas casas. Pelo r\u00e1dio e pela internet participamos as celebra\u00e7\u00f5es, mas, hoje, haver\u00e1 prociss\u00e3o. Sem acompanhamento.\u2026","rel":"","context":"In &quot;Artigos&quot;","block_context":{"text":"Artigos","link":"https:\/\/correiodasemana.com\/site\/category\/artigos\/"},"img":{"alt_text":"","src":"https:\/\/i0.wp.com\/correiodasemana.com\/site\/wp-content\/uploads\/2018\/02\/Jose%CC%81-1.jpg?resize=350%2C200&ssl=1","width":350,"height":200,"srcset":"https:\/\/i0.wp.com\/correiodasemana.com\/site\/wp-content\/uploads\/2018\/02\/Jose%CC%81-1.jpg?resize=350%2C200&ssl=1 1x, https:\/\/i0.wp.com\/correiodasemana.com\/site\/wp-content\/uploads\/2018\/02\/Jose%CC%81-1.jpg?resize=525%2C300&ssl=1 1.5x, https:\/\/i0.wp.com\/correiodasemana.com\/site\/wp-content\/uploads\/2018\/02\/Jose%CC%81-1.jpg?resize=700%2C400&ssl=1 2x"},"classes":[]},{"id":30843,"url":"https:\/\/correiodasemana.com\/site\/catedral-de-sobral-realiza-triduo-pela-memoria-de-dom-jose-tupinamba-da-frota\/","url_meta":{"origin":9232,"position":5},"title":"Catedral de Sobral realiza Tr\u00edduo pela mem\u00f3ria de Dom Jos\u00e9 Tupinamb\u00e1 da Frota","author":"adminredacao","date":"Outubro 2, 2024","format":false,"excerpt":"De 22 a 25 de setembro, a S\u00e9 Catedral de Nossa Senhora da Concei\u00e7\u00e3o realizou o Tr\u00edduo pela mem\u00f3ria de Dom Jos\u00e9 Tupinamb\u00e1 da Frota, primeiro bispo da Diocese de Sobral. O m\u00eas de setembro \u00e9 diferente para a Diocese de Sobral, pois \u00e9 celebrado o \u201cSetembro Dom Jos\u00e9\u201d, onde\u2026","rel":"","context":"In &quot;Atualidade&quot;","block_context":{"text":"Atualidade","link":"https:\/\/correiodasemana.com\/site\/category\/atualidade\/"},"img":{"alt_text":"","src":"https:\/\/i0.wp.com\/correiodasemana.com\/site\/wp-content\/uploads\/2024\/10\/WhatsApp-Image-2024-09-27-at-22.22.03-1.jpeg?resize=350%2C200&ssl=1","width":350,"height":200,"srcset":"https:\/\/i0.wp.com\/correiodasemana.com\/site\/wp-content\/uploads\/2024\/10\/WhatsApp-Image-2024-09-27-at-22.22.03-1.jpeg?resize=350%2C200&ssl=1 1x, https:\/\/i0.wp.com\/correiodasemana.com\/site\/wp-content\/uploads\/2024\/10\/WhatsApp-Image-2024-09-27-at-22.22.03-1.jpeg?resize=525%2C300&ssl=1 1.5x, https:\/\/i0.wp.com\/correiodasemana.com\/site\/wp-content\/uploads\/2024\/10\/WhatsApp-Image-2024-09-27-at-22.22.03-1.jpeg?resize=700%2C400&ssl=1 2x, https:\/\/i0.wp.com\/correiodasemana.com\/site\/wp-content\/uploads\/2024\/10\/WhatsApp-Image-2024-09-27-at-22.22.03-1.jpeg?resize=1050%2C600&ssl=1 3x, https:\/\/i0.wp.com\/correiodasemana.com\/site\/wp-content\/uploads\/2024\/10\/WhatsApp-Image-2024-09-27-at-22.22.03-1.jpeg?resize=1400%2C800&ssl=1 4x"},"classes":[]}],"jetpack_sharing_enabled":true,"_links":{"self":[{"href":"https:\/\/correiodasemana.com\/site\/wp-json\/wp\/v2\/posts\/9232","targetHints":{"allow":["GET"]}}],"collection":[{"href":"https:\/\/correiodasemana.com\/site\/wp-json\/wp\/v2\/posts"}],"about":[{"href":"https:\/\/correiodasemana.com\/site\/wp-json\/wp\/v2\/types\/post"}],"author":[{"embeddable":true,"href":"https:\/\/correiodasemana.com\/site\/wp-json\/wp\/v2\/users\/1"}],"replies":[{"embeddable":true,"href":"https:\/\/correiodasemana.com\/site\/wp-json\/wp\/v2\/comments?post=9232"}],"version-history":[{"count":1,"href":"https:\/\/correiodasemana.com\/site\/wp-json\/wp\/v2\/posts\/9232\/revisions"}],"predecessor-version":[{"id":9233,"href":"https:\/\/correiodasemana.com\/site\/wp-json\/wp\/v2\/posts\/9232\/revisions\/9233"}],"wp:featuredmedia":[{"embeddable":true,"href":"https:\/\/correiodasemana.com\/site\/wp-json\/wp\/v2\/media\/8256"}],"wp:attachment":[{"href":"https:\/\/correiodasemana.com\/site\/wp-json\/wp\/v2\/media?parent=9232"}],"wp:term":[{"taxonomy":"category","embeddable":true,"href":"https:\/\/correiodasemana.com\/site\/wp-json\/wp\/v2\/categories?post=9232"},{"taxonomy":"post_tag","embeddable":true,"href":"https:\/\/correiodasemana.com\/site\/wp-json\/wp\/v2\/tags?post=9232"}],"curies":[{"name":"wp","href":"https:\/\/api.w.org\/{rel}","templated":true}]}}