{"id":9234,"date":"2019-09-23T02:53:22","date_gmt":"2019-09-23T02:53:22","guid":{"rendered":"https:\/\/correiodasemana.com\/site\/?p=9234"},"modified":"2019-09-23T02:53:22","modified_gmt":"2019-09-23T02:53:22","slug":"edicoes-uva-e-blucher-lancam-obra-sobre-feiras-nordestinas","status":"publish","type":"post","link":"https:\/\/correiodasemana.com\/site\/edicoes-uva-e-blucher-lancam-obra-sobre-feiras-nordestinas\/","title":{"rendered":"Edi\u00e7\u00f5es UVA e Blucher lan\u00e7am obra sobre feiras nordestinas"},"content":{"rendered":"<p><img fetchpriority=\"high\" decoding=\"async\" class=\"alignleft size-medium wp-image-9235\" src=\"https:\/\/correiodasemana.com\/site\/wp-content\/uploads\/2019\/09\/image_6483441-210x300.jpg\" alt=\"\" width=\"210\" height=\"300\" srcset=\"https:\/\/correiodasemana.com\/site\/wp-content\/uploads\/2019\/09\/image_6483441-210x300.jpg 210w, https:\/\/correiodasemana.com\/site\/wp-content\/uploads\/2019\/09\/image_6483441-768x1095.jpg 768w, https:\/\/correiodasemana.com\/site\/wp-content\/uploads\/2019\/09\/image_6483441-718x1024.jpg 718w\" sizes=\"(max-width: 210px) 100vw, 210px\" \/> <img decoding=\"async\" class=\"alignleft size-medium wp-image-9236\" src=\"https:\/\/correiodasemana.com\/site\/wp-content\/uploads\/2019\/09\/foto_lan\u00e7amento-do-livro_ENANPEGE_2019-224x300.jpg\" alt=\"\" width=\"224\" height=\"300\" srcset=\"https:\/\/correiodasemana.com\/site\/wp-content\/uploads\/2019\/09\/foto_lan\u00e7amento-do-livro_ENANPEGE_2019-224x300.jpg 224w, https:\/\/correiodasemana.com\/site\/wp-content\/uploads\/2019\/09\/foto_lan\u00e7amento-do-livro_ENANPEGE_2019.jpg 717w\" sizes=\"(max-width: 224px) 100vw, 224px\" \/><\/p>\n<p>As Edi\u00e7\u00f5es UVA em parceria com a editora Blucher, acabam de publicar mais uma obra, nos formatos f\u00edsico e e-book. O t\u00edtulo \u201cA Metamorfose das Feiras Nordestinas: a Inser\u00e7\u00e3o da Confec\u00e7\u00e3o Popular\u201d de autoria do Prof. Dr. Luiz Antonio Ara\u00fajo Gon\u00e7alves, foi lan\u00e7ado no in\u00edcio de setembro nas depend\u00eancias da Universidade de S\u00e3o Paulo, por ocasi\u00e3o do XIII Encontro Nacional da Associa\u00e7\u00e3o Nacional de P\u00f3s-Gradua\u00e7\u00e3o e Pesquisa em Geografia \u2013 XIII ENANPEGE, de 2 a 7 de setembro de 2019. S\u00e3o 248 p\u00e1ginas dedicada ao fen\u00f4meno de expans\u00e3o do com\u00e9rcio da confec\u00e7\u00e3o popular nas feiras livres nordestinas.<br \/>\nO trabalho resulta do desenvolvimento da tese de doutorado defendida pelo autor, na UECE &#8211; Universidade Estadual do Cear\u00e1, que teve como cen\u00e1rio pesquisado, a feira de Apraz\u00edvel, em Sobral, Cear\u00e1; a de Caruaru, em Pernambuco e a de Serrinha, na Bahia. O autor, professor do curso de Geografia da UVA &#8211; Universidade Estadual Vale do Acara\u00fa, expressa agradecimentos aos trabalhadores das diversas feiras livres nordestinas, que na luta di\u00e1ria pela sobreviv\u00eancia, segundo ele, revelam a ess\u00eancia de um povo obstinado pelo trabalho, capaz de empreender transforma\u00e7\u00f5es no espa\u00e7o de atua\u00e7\u00e3o, na economia e na cultura de sua regi\u00e3o. Ele destaca, ainda, que a feira livre passa por mudan\u00e7as significativas desde os anos 1970, quanto a seu conte\u00fado. \u201cCompreende-se que o fen\u00f4meno de expans\u00e3o do com\u00e9rcio de confec\u00e7\u00e3o nas feiras livres n\u00e3o \u00e9 apenas local, mas tamb\u00e9m de abrang\u00eancia regional\u201d, ressalta o pesquisador.<br \/>\nSegundo a professora Zenilde Baima Amora, do Programa de P\u00f3s-Gradua\u00e7\u00e3o em Geografia da UECE, que prefaciou a obra, o trabalho contribui para a reflex\u00e3o de um tema caro \u00e0 Geografia. \u201cA escuta dos feirantes e as visitas \u00e0s feiras foram fundamentais para que Luiz Antonio nos brindasse com novas descobertas que, muitas vezes, s\u00f3 um mergulho mais profundo na realidade proporciona\u201d, ressalta.<br \/>\nO fato \u00e9 que uma nova ordem econ\u00f4mico- industrial determina a entrada da confec\u00e7\u00e3o popular no espa\u00e7o das feiras livres, nesta regi\u00e3o, interferindo no jeito de ser de um povo. A confec\u00e7\u00e3o barata, trazida do Sudeste alojou-se, de forma decisiva, nos locais antes ocupados por vendas de g\u00eaneros b\u00e1sicos de subsist\u00eancia, animais de pequeno poste, frutas, verduras, utens\u00edlios dom\u00e9sticos. No mesmo cen\u00e1rio, manifesta\u00e7\u00f5es sociais, art\u00edsticas e culturais tamb\u00e9m perderam espa\u00e7o. A express\u00e3o art\u00edstica ali se manifestava no artesanato e nas apresenta\u00e7\u00f5es de violeiros, sanfoneiros e cordelistas. Tudo mudou.<\/p>\n","protected":false},"excerpt":{"rendered":"<p>As Edi\u00e7\u00f5es UVA em parceria com a editora Blucher, acabam de publicar mais uma obra,&#8230;<\/p>\n","protected":false},"author":1,"featured_media":9236,"comment_status":"open","ping_status":"open","sticky":false,"template":"","format":"standard","meta":{"_jetpack_memberships_contains_paid_content":false,"footnotes":"","jetpack_publicize_message":"","jetpack_publicize_feature_enabled":true,"jetpack_social_post_already_shared":true,"jetpack_social_options":{"image_generator_settings":{"template":"highway","default_image_id":0,"font":"","enabled":false},"version":2}},"categories":[1],"tags":[],"class_list":["post-9234","post","type-post","status-publish","format-standard","has-post-thumbnail","hentry","category-atualidade"],"jetpack_publicize_connections":[],"jetpack_featured_media_url":"https:\/\/correiodasemana.com\/site\/wp-content\/uploads\/2019\/09\/foto_lan\u00e7amento-do-livro_ENANPEGE_2019.jpg","jetpack-related-posts":[{"id":9399,"url":"https:\/\/correiodasemana.com\/site\/edicoes-uva-promovem-roda-de-conversa-no-ccs\/","url_meta":{"origin":9234,"position":0},"title":"Edi\u00e7\u00f5es UVA promovem roda de conversa no CCS","author":"","date":"Outubro 14, 2019","format":false,"excerpt":"Em cumprimento a programa\u00e7\u00e3o do Outubro UVA - evento alusivo ao anivers\u00e1rio da Universidade Estadual Vale do Acara\u00fa -, as Edi\u00e7\u00f5es UVA promoveram, na manh\u00e3 de quarta-feira, 9, a roda de conversa \u201cEdi\u00e7\u00f5es UVA em di\u00e1logo com os autores\u201d, nas depend\u00eancias do Centro de Ci\u00eancias da Sa\u00fade(CCS). O evento contou\u2026","rel":"","context":"In &quot;Atualidade&quot;","block_context":{"text":"Atualidade","link":"https:\/\/correiodasemana.com\/site\/category\/atualidade\/"},"img":{"alt_text":"","src":"https:\/\/i0.wp.com\/correiodasemana.com\/site\/wp-content\/uploads\/2019\/10\/IMG_0043.jpeg?resize=350%2C200&ssl=1","width":350,"height":200,"srcset":"https:\/\/i0.wp.com\/correiodasemana.com\/site\/wp-content\/uploads\/2019\/10\/IMG_0043.jpeg?resize=350%2C200&ssl=1 1x, https:\/\/i0.wp.com\/correiodasemana.com\/site\/wp-content\/uploads\/2019\/10\/IMG_0043.jpeg?resize=525%2C300&ssl=1 1.5x, https:\/\/i0.wp.com\/correiodasemana.com\/site\/wp-content\/uploads\/2019\/10\/IMG_0043.jpeg?resize=700%2C400&ssl=1 2x, https:\/\/i0.wp.com\/correiodasemana.com\/site\/wp-content\/uploads\/2019\/10\/IMG_0043.jpeg?resize=1050%2C600&ssl=1 3x"},"classes":[]},{"id":36411,"url":"https:\/\/correiodasemana.com\/site\/professor-jose-luis-lira-palestra-sobre-rachel-de-queiroz-em-quixada\/","url_meta":{"origin":9234,"position":1},"title":"Professor Jos\u00e9 Lu\u00eds Lira palestra sobre Rachel de Queiroz em Quixad\u00e1","author":"adminredacao","date":"Novembro 18, 2025","format":false,"excerpt":"Neste dia 14 de novembro (sexta-feira), das 14h \u00e0s 17h, aconteceu o encontro \u201cConversas sobre Rachel de Queiroz e sua Literatura\u201d, com foco na vida e obra de Rachel de Queiroz - primeira mulher a ingressar na Academia Brasileira de Letras e uma das grandes escritoras brasileiras do s\u00e9culo XX,\u2026","rel":"","context":"In &quot;Atualidade&quot;","block_context":{"text":"Atualidade","link":"https:\/\/correiodasemana.com\/site\/category\/atualidade\/"},"img":{"alt_text":"","src":"https:\/\/i0.wp.com\/correiodasemana.com\/site\/wp-content\/uploads\/2025\/11\/WhatsApp-Image-2025-11-15-at-07.54.37.jpeg?resize=350%2C200&ssl=1","width":350,"height":200,"srcset":"https:\/\/i0.wp.com\/correiodasemana.com\/site\/wp-content\/uploads\/2025\/11\/WhatsApp-Image-2025-11-15-at-07.54.37.jpeg?resize=350%2C200&ssl=1 1x, https:\/\/i0.wp.com\/correiodasemana.com\/site\/wp-content\/uploads\/2025\/11\/WhatsApp-Image-2025-11-15-at-07.54.37.jpeg?resize=525%2C300&ssl=1 1.5x, https:\/\/i0.wp.com\/correiodasemana.com\/site\/wp-content\/uploads\/2025\/11\/WhatsApp-Image-2025-11-15-at-07.54.37.jpeg?resize=700%2C400&ssl=1 2x, https:\/\/i0.wp.com\/correiodasemana.com\/site\/wp-content\/uploads\/2025\/11\/WhatsApp-Image-2025-11-15-at-07.54.37.jpeg?resize=1050%2C600&ssl=1 3x"},"classes":[]},{"id":17711,"url":"https:\/\/correiodasemana.com\/site\/livro-correio-da-semana-um-jornal-centenario-e-lancado-virtualmente-em-formato-de-e-book\/","url_meta":{"origin":9234,"position":2},"title":"Livro \u201cCorreio da Semana \u2013 Um Jornal Centen\u00e1rio\u201d \u00e9 lan\u00e7ado virtualmente em formato de e-book","author":"","date":"Outubro 11, 2021","format":false,"excerpt":"Por Samuel Carvalho - Reda\u00e7\u00e3o Correio da Semana O livro \u201cCorreio da Semana \u2013 Um Jornal Centen\u00e1rio (1918 \u2013 2018)\u201d foi lan\u00e7ando em cerim\u00f4nia virtual no dia 30 de Setembro. O evento foi transmitido ao vivo por live no canal do Youtube da editora Sert\u00e3o Cult durante a \u201cVII Noite\u2026","rel":"","context":"In &quot;Atualidade&quot;","block_context":{"text":"Atualidade","link":"https:\/\/correiodasemana.com\/site\/category\/atualidade\/"},"img":{"alt_text":"","src":"https:\/\/i0.wp.com\/correiodasemana.com\/site\/wp-content\/uploads\/2021\/10\/JORNAL-CORREIO-DA-SEMANA-EBOOK-CAPA.jpg?resize=350%2C200&ssl=1","width":350,"height":200,"srcset":"https:\/\/i0.wp.com\/correiodasemana.com\/site\/wp-content\/uploads\/2021\/10\/JORNAL-CORREIO-DA-SEMANA-EBOOK-CAPA.jpg?resize=350%2C200&ssl=1 1x, https:\/\/i0.wp.com\/correiodasemana.com\/site\/wp-content\/uploads\/2021\/10\/JORNAL-CORREIO-DA-SEMANA-EBOOK-CAPA.jpg?resize=525%2C300&ssl=1 1.5x, https:\/\/i0.wp.com\/correiodasemana.com\/site\/wp-content\/uploads\/2021\/10\/JORNAL-CORREIO-DA-SEMANA-EBOOK-CAPA.jpg?resize=700%2C400&ssl=1 2x"},"classes":[]},{"id":20279,"url":"https:\/\/correiodasemana.com\/site\/em-tempo-139\/","url_meta":{"origin":9234,"position":3},"title":"Em Tempo","author":"","date":"Junho 27, 2022","format":false,"excerpt":"Microempreendedor Individual A Universidade Estadual do Cear\u00e1 oferta 5.500 vagas para o curso Microempreendedor Individual (MEI), que acontece no segundo semestre. As oportunidades est\u00e3o distribu\u00eddas nos munic\u00edpios de Fortaleza, Caucaia, Maracana\u00fa, Juazeiro do Norte, Crato, Itapipoca e Sobral. A pr\u00e9-matr\u00edcula dos estudantes ocorre at\u00e9 5 de julho e \u00e9 realizada\u2026","rel":"","context":"In &quot;Artigos&quot;","block_context":{"text":"Artigos","link":"https:\/\/correiodasemana.com\/site\/category\/artigos\/"},"img":{"alt_text":"","src":"https:\/\/i0.wp.com\/correiodasemana.com\/site\/wp-content\/uploads\/2022\/06\/IZOLDA_CAMOCIM_HS3227-300x200.jpg?resize=350%2C200&ssl=1","width":350,"height":200},"classes":[]},{"id":17485,"url":"https:\/\/correiodasemana.com\/site\/em-tempo-99\/","url_meta":{"origin":9234,"position":4},"title":"Em Tempo","author":"","date":"Setembro 12, 2021","format":false,"excerpt":"Gilmar de Carvalho homenageado Gilmar de Carvalho foi homenageado pela escritora e jornalista Eleuda Carvalho no evento que teve como tema \u201cGilmar de Carvalho: uma vida dedicada \u00e0 literatura de cordel e \u00e0 cultura popular\u201d, no dia 9 de setembro, na programa\u00e7\u00e3o do Centro Cultural Banco do Nordeste. Francisco Gilmar\u2026","rel":"","context":"In &quot;Artigos&quot;","block_context":{"text":"Artigos","link":"https:\/\/correiodasemana.com\/site\/category\/artigos\/"},"img":{"alt_text":"","src":"https:\/\/i0.wp.com\/correiodasemana.com\/site\/wp-content\/uploads\/2019\/12\/FOTO-EDILSON-SILVA-2.jpg?resize=350%2C200&ssl=1","width":350,"height":200,"srcset":"https:\/\/i0.wp.com\/correiodasemana.com\/site\/wp-content\/uploads\/2019\/12\/FOTO-EDILSON-SILVA-2.jpg?resize=350%2C200&ssl=1 1x, https:\/\/i0.wp.com\/correiodasemana.com\/site\/wp-content\/uploads\/2019\/12\/FOTO-EDILSON-SILVA-2.jpg?resize=525%2C300&ssl=1 1.5x, https:\/\/i0.wp.com\/correiodasemana.com\/site\/wp-content\/uploads\/2019\/12\/FOTO-EDILSON-SILVA-2.jpg?resize=700%2C400&ssl=1 2x"},"classes":[]},{"id":10026,"url":"https:\/\/correiodasemana.com\/site\/o-regionalismo-literario-nordestino\/","url_meta":{"origin":9234,"position":5},"title":"O REGIONALISMO LITER\u00c1RIO NORDESTINO","author":"","date":"Dezembro 2, 2019","format":false,"excerpt":"Muitos de nossos escritores, como M\u00e1rio de Andrade e Menotti Del Pichia, comungaram com Oswaldo de Andrade do desejo de garantir fidelidade \u00e0s ra\u00edzes, ao mesmo tempo em que se procurava acompanhar os passos das vanguardas europeias. O mesmo se dava em nossos pa\u00edses vizinhos: Jorge Luiz Borges, com seu\u2026","rel":"","context":"In &quot;Artigos&quot;","block_context":{"text":"Artigos","link":"https:\/\/correiodasemana.com\/site\/category\/artigos\/"},"img":{"alt_text":"","src":"https:\/\/i0.wp.com\/correiodasemana.com\/site\/wp-content\/uploads\/2019\/12\/nordeste-bao2c-cabra-da-peste-274-g.jpg?resize=350%2C200&ssl=1","width":350,"height":200,"srcset":"https:\/\/i0.wp.com\/correiodasemana.com\/site\/wp-content\/uploads\/2019\/12\/nordeste-bao2c-cabra-da-peste-274-g.jpg?resize=350%2C200&ssl=1 1x, https:\/\/i0.wp.com\/correiodasemana.com\/site\/wp-content\/uploads\/2019\/12\/nordeste-bao2c-cabra-da-peste-274-g.jpg?resize=525%2C300&ssl=1 1.5x, https:\/\/i0.wp.com\/correiodasemana.com\/site\/wp-content\/uploads\/2019\/12\/nordeste-bao2c-cabra-da-peste-274-g.jpg?resize=700%2C400&ssl=1 2x"},"classes":[]}],"jetpack_sharing_enabled":true,"_links":{"self":[{"href":"https:\/\/correiodasemana.com\/site\/wp-json\/wp\/v2\/posts\/9234","targetHints":{"allow":["GET"]}}],"collection":[{"href":"https:\/\/correiodasemana.com\/site\/wp-json\/wp\/v2\/posts"}],"about":[{"href":"https:\/\/correiodasemana.com\/site\/wp-json\/wp\/v2\/types\/post"}],"author":[{"embeddable":true,"href":"https:\/\/correiodasemana.com\/site\/wp-json\/wp\/v2\/users\/1"}],"replies":[{"embeddable":true,"href":"https:\/\/correiodasemana.com\/site\/wp-json\/wp\/v2\/comments?post=9234"}],"version-history":[{"count":1,"href":"https:\/\/correiodasemana.com\/site\/wp-json\/wp\/v2\/posts\/9234\/revisions"}],"predecessor-version":[{"id":9237,"href":"https:\/\/correiodasemana.com\/site\/wp-json\/wp\/v2\/posts\/9234\/revisions\/9237"}],"wp:featuredmedia":[{"embeddable":true,"href":"https:\/\/correiodasemana.com\/site\/wp-json\/wp\/v2\/media\/9236"}],"wp:attachment":[{"href":"https:\/\/correiodasemana.com\/site\/wp-json\/wp\/v2\/media?parent=9234"}],"wp:term":[{"taxonomy":"category","embeddable":true,"href":"https:\/\/correiodasemana.com\/site\/wp-json\/wp\/v2\/categories?post=9234"},{"taxonomy":"post_tag","embeddable":true,"href":"https:\/\/correiodasemana.com\/site\/wp-json\/wp\/v2\/tags?post=9234"}],"curies":[{"name":"wp","href":"https:\/\/api.w.org\/{rel}","templated":true}]}}