{"id":9245,"date":"2019-09-30T02:18:46","date_gmt":"2019-09-30T02:18:46","guid":{"rendered":"https:\/\/correiodasemana.com\/site\/?p=9245"},"modified":"2019-09-30T02:18:46","modified_gmt":"2019-09-30T02:18:46","slug":"regioes-episcopais-13","status":"publish","type":"post","link":"https:\/\/correiodasemana.com\/site\/regioes-episcopais-13\/","title":{"rendered":"Regi\u00f5es Episcopais"},"content":{"rendered":"<p><strong>Santu\u00e1rio Diocesano Tabor da M\u00e3e Rainha e Seu filho Cristo\u00a0Ressuscitado \u2013 Sobral-CE<\/strong><br \/>\nFesta da M\u00e3e Rainha Tr\u00eas Vezes Admir\u00e1vel em Sobral 2019 ser\u00e1 realizada no dia 20 de outubro. A partir das 7h da manh\u00e3 com a Tradicional carreata passando pelas principais ruas de Sobral. A carreata ir\u00e1 partir de frente da casa da Dona Yay\u00e1 que fica localizada ao lado da Matriz da Par\u00f3quia Nossa Senhora do Patroc\u00ednio em dire\u00e7\u00e3o a Par\u00f3quia do Cristo Ressuscitado. Momentos de ora\u00e7\u00e3o, louvor, adora\u00e7\u00e3o, recita\u00e7\u00e3o do Santo Ter\u00e7o e Santa Missa.<\/p>\n<p><strong>Par\u00f3quia S\u00e3o Jos\u00e9 \u2013 Sobral-CE<\/strong><br \/>\nCom muita alegria a Par\u00f3quia de S\u00e3o Jos\u00e9 comunica a todos que em outubro iniciam mais uma etapa formativa na Par\u00f3quia. Em outubro ser\u00e1 realizado a forma\u00e7\u00e3o de casamentos comunit\u00e1rios, os encontros acontecer\u00e3o nas datas dos dias 27 e 28.<\/p>\n<p>No domingo \u00e0s 8h:30 e segunda \u00e0s 19h. As inscri\u00e7\u00f5es ser\u00e3o realizadas na secretaria paroquial. Os documento necess\u00e1rios para realiza\u00e7\u00e3o da inscri\u00e7\u00e3o dos noivos s\u00e3o:<br \/>\nCertid\u00e3o de batismo<br \/>\nC\u00f3pia do RG e CPF<br \/>\nC\u00f3pia do comprovante de resid\u00eancia<br \/>\nC\u00f3pia da certid\u00e3o de casamento civil<br \/>\nDocumentos das testemunhas:<br \/>\nC\u00f3pia do RG e CPF<br \/>\nC\u00f3pia do comprovante de resid\u00eancia<\/p>\n<p>Maiores informa\u00e7\u00f5es basta entrar em contato pelos telefones: (88) 3613 \u2013 2594 ou (88) 9 9929-5479 ou ainda atrav\u00e9s do e-mail: igrejadosumare@gmail.com<\/p>\n<p><strong>Par\u00f3quia Nossa Senhora do Patroc\u00ednio \u2013 Sobral-CE<\/strong><br \/>\nA Par\u00f3quia Nossa Senhora do patroc\u00ednio convida todos os integrantes do Movimento Ter\u00e7o dos Homens para participarem da Santa Missa que acontece no dia 30 de setembro em honra ao 13\u00ba anivers\u00e1rio do Ter\u00e7o dos Homens desta Par\u00f3quia. A Santa Missa ser\u00e1 realizada \u00e0s 19h:30min. Participe deste ato de f\u00e9!<\/p>\n<p><strong>Comunidade Cat\u00f3lica Shalom \u2013 Sobral-CE<\/strong><br \/>\nNo dia 29 de outubro acontece mais uma edi\u00e7\u00e3o do Jantar Beneficente \u201cSua m\u00e3o \u00e9 abrigo\u201d, o evento \u00e9 uma iniciativa da Comunidade Shalom. O convite custa R$ 40,00. Toda a renda que for obtida no final do evento ser\u00e1 revestida para a manuten\u00e7\u00e3o da Casa S\u00e3o Francisco. Os ingressos est\u00e3o sendo vendidos no Centro de Evangeliza\u00e7\u00e3o Shalom.<\/p>\n<p><strong>Pastoral Familiar<\/strong><br \/>\nCelebrada pela Igreja do 01 a 07 de outubro, a Semana da Vida intensifica seu posicionamento e defesa atrav\u00e9s de a\u00e7\u00f5es que despertem a consci\u00eancia das pessoas. Pensando assim no dia 7 de outubro, \u00e0s 18h acontecer\u00e1 uma Audi\u00eancia P\u00fablica na C\u00e2mara dos Vereadores da cidade de Sobral onde ir\u00e3o abordar o tema: \u201cEm fam\u00edlia defendemos a vida\u201d. Fica aqui o convite para o povo de Deus se fazer presente neste momento significativo.<\/p>\n","protected":false},"excerpt":{"rendered":"<p>Santu\u00e1rio Diocesano Tabor da M\u00e3e Rainha e Seu filho Cristo\u00a0Ressuscitado \u2013 Sobral-CE Festa da M\u00e3e&#8230;<\/p>\n","protected":false},"author":1,"featured_media":58,"comment_status":"open","ping_status":"open","sticky":false,"template":"","format":"standard","meta":{"_jetpack_memberships_contains_paid_content":false,"footnotes":"","jetpack_publicize_message":"","jetpack_publicize_feature_enabled":true,"jetpack_social_post_already_shared":true,"jetpack_social_options":{"image_generator_settings":{"template":"highway","default_image_id":0,"font":"","enabled":false},"version":2}},"categories":[4,39,50],"tags":[],"class_list":["post-9245","post","type-post","status-publish","format-standard","has-post-thumbnail","hentry","category-diocese","category-igreja","category-regiao-episcopal"],"jetpack_publicize_connections":[],"jetpack_featured_media_url":"https:\/\/correiodasemana.com\/site\/wp-content\/uploads\/2019\/07\/Igreja_S\u00e9.jpg","jetpack-related-posts":[{"id":36050,"url":"https:\/\/correiodasemana.com\/site\/dia-de-fe-e-amor-a-mae-rainha-reune-devotos-em-sobral\/","url_meta":{"origin":9245,"position":0},"title":"Dia de f\u00e9 e amor \u00e0 M\u00e3e Rainha re\u00fane devotos em Sobral","author":"adminredacao","date":"Outubro 29, 2025","format":false,"excerpt":"A Diocese de Sobral celebrou no \u00faltimo domingo (19\/10) a Festa da M\u00e3e Rainha de Schoenstatt. Logo no in\u00edcio da manh\u00e3, uma grande carreata com a imagem da M\u00e3e Rainha saiu da Igreja Matriz de Nossa Senhora do Patroc\u00ednio, e percorreu algumas ruas da cidade, finalizando na Igreja Matriz do\u2026","rel":"","context":"In &quot;Atualidade&quot;","block_context":{"text":"Atualidade","link":"https:\/\/correiodasemana.com\/site\/category\/atualidade\/"},"img":{"alt_text":"","src":"https:\/\/i0.wp.com\/correiodasemana.com\/site\/wp-content\/uploads\/2025\/10\/PAG-06-6.jpeg?resize=350%2C200&ssl=1","width":350,"height":200,"srcset":"https:\/\/i0.wp.com\/correiodasemana.com\/site\/wp-content\/uploads\/2025\/10\/PAG-06-6.jpeg?resize=350%2C200&ssl=1 1x, https:\/\/i0.wp.com\/correiodasemana.com\/site\/wp-content\/uploads\/2025\/10\/PAG-06-6.jpeg?resize=525%2C300&ssl=1 1.5x, https:\/\/i0.wp.com\/correiodasemana.com\/site\/wp-content\/uploads\/2025\/10\/PAG-06-6.jpeg?resize=700%2C400&ssl=1 2x, https:\/\/i0.wp.com\/correiodasemana.com\/site\/wp-content\/uploads\/2025\/10\/PAG-06-6.jpeg?resize=1050%2C600&ssl=1 3x"},"classes":[]},{"id":9568,"url":"https:\/\/correiodasemana.com\/site\/festa-da-mae-rainha-atrai-fieis-para-uma-grande-celebracao\/","url_meta":{"origin":9245,"position":1},"title":"Festa da M\u00e3e Rainha atrai fi\u00e9is para uma grande celebra\u00e7\u00e3o","author":"","date":"Outubro 28, 2019","format":false,"excerpt":"A programa\u00e7\u00e3o iniciou com uma carreata saindo da Par\u00f3quia do Patroc\u00ednio levando a acolhida dos peregrinos, terminando com a Coroa\u00e7\u00e3o de Nossa Senhora. \u201cUnidos ao Pai e Profeta, com a M\u00e3e Peregrina, cultivamos a nova terra Mariana\u201d foi o lema da festa\u00a0da M\u00e3e Rainha e Vencedora Tr\u00eas Vezes Admir\u00e1vel de\u2026","rel":"","context":"In &quot;Destaques&quot;","block_context":{"text":"Destaques","link":"https:\/\/correiodasemana.com\/site\/category\/destaques\/"},"img":{"alt_text":"","src":"https:\/\/i0.wp.com\/correiodasemana.com\/site\/wp-content\/uploads\/2019\/10\/M%C3%A3e-Rainha-2019-3.jpg?resize=350%2C200&ssl=1","width":350,"height":200,"srcset":"https:\/\/i0.wp.com\/correiodasemana.com\/site\/wp-content\/uploads\/2019\/10\/M%C3%A3e-Rainha-2019-3.jpg?resize=350%2C200&ssl=1 1x, https:\/\/i0.wp.com\/correiodasemana.com\/site\/wp-content\/uploads\/2019\/10\/M%C3%A3e-Rainha-2019-3.jpg?resize=525%2C300&ssl=1 1.5x, https:\/\/i0.wp.com\/correiodasemana.com\/site\/wp-content\/uploads\/2019\/10\/M%C3%A3e-Rainha-2019-3.jpg?resize=700%2C400&ssl=1 2x"},"classes":[]},{"id":25874,"url":"https:\/\/correiodasemana.com\/site\/paroquia-do-cristo-ressuscitado-reuniu-liderancas-do-movimento-apostolico-de-schoenstatt\/","url_meta":{"origin":9245,"position":2},"title":"Par\u00f3quia do Cristo Ressuscitado reuniu lideran\u00e7as do Movimento Apost\u00f3lico de Schoenstatt","author":"adminredacao","date":"Julho 31, 2023","format":false,"excerpt":"A Par\u00f3quia do Cristo Ressuscitado de Sobral-CE, sediou o Encontro de Forma\u00e7\u00e3o Diocesana para Lideran\u00e7as do Movimento Apost\u00f3lico de Schoenstatt, neste s\u00e1bado (22\/07), com o tema: \u201c Caminhar com Maria seguindo Jesus, segundo o carisma de Schoenstatt \u201c. Estiveram presentes o Reitor do Santu\u00e1rio Dioceseno da M\u00e3e Rainha Pe. J\u00fanior\u2026","rel":"","context":"In &quot;Atualidade&quot;","block_context":{"text":"Atualidade","link":"https:\/\/correiodasemana.com\/site\/category\/atualidade\/"},"img":{"alt_text":"","src":"https:\/\/i0.wp.com\/correiodasemana.com\/site\/wp-content\/uploads\/2023\/07\/WhatsApp-Image-2023-07-24-at-07.58.19.jpeg?resize=350%2C200&ssl=1","width":350,"height":200,"srcset":"https:\/\/i0.wp.com\/correiodasemana.com\/site\/wp-content\/uploads\/2023\/07\/WhatsApp-Image-2023-07-24-at-07.58.19.jpeg?resize=350%2C200&ssl=1 1x, https:\/\/i0.wp.com\/correiodasemana.com\/site\/wp-content\/uploads\/2023\/07\/WhatsApp-Image-2023-07-24-at-07.58.19.jpeg?resize=525%2C300&ssl=1 1.5x, https:\/\/i0.wp.com\/correiodasemana.com\/site\/wp-content\/uploads\/2023\/07\/WhatsApp-Image-2023-07-24-at-07.58.19.jpeg?resize=700%2C400&ssl=1 2x, https:\/\/i0.wp.com\/correiodasemana.com\/site\/wp-content\/uploads\/2023\/07\/WhatsApp-Image-2023-07-24-at-07.58.19.jpeg?resize=1050%2C600&ssl=1 3x, https:\/\/i0.wp.com\/correiodasemana.com\/site\/wp-content\/uploads\/2023\/07\/WhatsApp-Image-2023-07-24-at-07.58.19.jpeg?resize=1400%2C800&ssl=1 4x"},"classes":[]},{"id":21109,"url":"https:\/\/correiodasemana.com\/site\/em-sobral-santuario-da-mae-rainha-prepara-se-para-a-grande-festa\/","url_meta":{"origin":9245,"position":3},"title":"Em Sobral, Santu\u00e1rio da M\u00e3e Rainha prepara-se para a grande festa","author":"","date":"Setembro 26, 2022","format":false,"excerpt":"(Thais Helena \u2013 Reda\u00e7\u00e3o Correio da Semana) O Santu\u00e1rio da M\u00e3e Rainha localizado em Sobral, prepara-se para vivenciar a grande festa da m\u00e3e de Deus no pr\u00f3ximo dia 16 de outubro. O movimento de Schoenstatt surgiu na Alemanha em 18 de outubro de 1914, no bairro de Schoenstatt, em Vallendar,\u2026","rel":"","context":"In &quot;Atualidade&quot;","block_context":{"text":"Atualidade","link":"https:\/\/correiodasemana.com\/site\/category\/atualidade\/"},"img":{"alt_text":"","src":"https:\/\/i0.wp.com\/correiodasemana.com\/site\/wp-content\/uploads\/2022\/09\/mae-rainha.jpg?resize=350%2C200&ssl=1","width":350,"height":200,"srcset":"https:\/\/i0.wp.com\/correiodasemana.com\/site\/wp-content\/uploads\/2022\/09\/mae-rainha.jpg?resize=350%2C200&ssl=1 1x, https:\/\/i0.wp.com\/correiodasemana.com\/site\/wp-content\/uploads\/2022\/09\/mae-rainha.jpg?resize=525%2C300&ssl=1 1.5x"},"classes":[]},{"id":21332,"url":"https:\/\/correiodasemana.com\/site\/depois-de-2-anos-festa-da-mae-rainha-atrai-fieis-em-grande-celebracao-de-fe-e-evangelizacao\/","url_meta":{"origin":9245,"position":4},"title":"Depois de 2 anos, festa da M\u00e3e Rainha atrai fi\u00e9is em grande celebra\u00e7\u00e3o de f\u00e9 e evangeliza\u00e7\u00e3o","author":"","date":"Outubro 24, 2022","format":false,"excerpt":"O Santu\u00e1rio Diocesano da M\u00e3e Rainha (Sobral) celebrou no \u00faltimo domingo (16), 25 anos de exist\u00eancia e 30 anos do movimento Shoenstatt em Sobral. \u201c A gra\u00e7a da transforma\u00e7\u00e3o interior \u2013 M\u00e3e Rainha e Vencedora Tr\u00eas Vezes Admir\u00e1vel, formadora do mundo novo\u201d foi o lema da festa deste ano. A\u2026","rel":"","context":"In &quot;Atualidade&quot;","block_context":{"text":"Atualidade","link":"https:\/\/correiodasemana.com\/site\/category\/atualidade\/"},"img":{"alt_text":"","src":"https:\/\/i0.wp.com\/correiodasemana.com\/site\/wp-content\/uploads\/2022\/10\/paroquia-mae-rainha-sobral-9.jpeg?resize=350%2C200&ssl=1","width":350,"height":200,"srcset":"https:\/\/i0.wp.com\/correiodasemana.com\/site\/wp-content\/uploads\/2022\/10\/paroquia-mae-rainha-sobral-9.jpeg?resize=350%2C200&ssl=1 1x, https:\/\/i0.wp.com\/correiodasemana.com\/site\/wp-content\/uploads\/2022\/10\/paroquia-mae-rainha-sobral-9.jpeg?resize=525%2C300&ssl=1 1.5x, https:\/\/i0.wp.com\/correiodasemana.com\/site\/wp-content\/uploads\/2022\/10\/paroquia-mae-rainha-sobral-9.jpeg?resize=700%2C400&ssl=1 2x"},"classes":[]},{"id":27922,"url":"https:\/\/correiodasemana.com\/site\/em-sobral-paroquia-do-cristo-ressuscitado-tem-novo-paroco\/","url_meta":{"origin":9245,"position":5},"title":"Em Sobral, Par\u00f3quia do Cristo Ressuscitado tem novo p\u00e1roco","author":"adminredacao","date":"Janeiro 5, 2024","format":false,"excerpt":"Na \u00faltima quarta-feira, 27 de dezembro, o Padre Raimundo Nonato Leonardo Bastos foi apresentado e empossado na Par\u00f3quia do Cristo Ressuscitado em Sobral. A Missa com Rito de Posse Can\u00f4nica foi presidida por Dom Vasconcelos, bispo diocesano, na igreja matriz. O novo p\u00e1roco \u00e9 natural de Taperuaba\/Ce, e foi ordenado\u2026","rel":"","context":"In &quot;Atualidade&quot;","block_context":{"text":"Atualidade","link":"https:\/\/correiodasemana.com\/site\/category\/atualidade\/"},"img":{"alt_text":"","src":"https:\/\/i0.wp.com\/correiodasemana.com\/site\/wp-content\/uploads\/2024\/01\/DSC7627-scaled.jpg?resize=350%2C200&ssl=1","width":350,"height":200,"srcset":"https:\/\/i0.wp.com\/correiodasemana.com\/site\/wp-content\/uploads\/2024\/01\/DSC7627-scaled.jpg?resize=350%2C200&ssl=1 1x, https:\/\/i0.wp.com\/correiodasemana.com\/site\/wp-content\/uploads\/2024\/01\/DSC7627-scaled.jpg?resize=525%2C300&ssl=1 1.5x, https:\/\/i0.wp.com\/correiodasemana.com\/site\/wp-content\/uploads\/2024\/01\/DSC7627-scaled.jpg?resize=700%2C400&ssl=1 2x, https:\/\/i0.wp.com\/correiodasemana.com\/site\/wp-content\/uploads\/2024\/01\/DSC7627-scaled.jpg?resize=1050%2C600&ssl=1 3x, https:\/\/i0.wp.com\/correiodasemana.com\/site\/wp-content\/uploads\/2024\/01\/DSC7627-scaled.jpg?resize=1400%2C800&ssl=1 4x"},"classes":[]}],"jetpack_sharing_enabled":true,"_links":{"self":[{"href":"https:\/\/correiodasemana.com\/site\/wp-json\/wp\/v2\/posts\/9245","targetHints":{"allow":["GET"]}}],"collection":[{"href":"https:\/\/correiodasemana.com\/site\/wp-json\/wp\/v2\/posts"}],"about":[{"href":"https:\/\/correiodasemana.com\/site\/wp-json\/wp\/v2\/types\/post"}],"author":[{"embeddable":true,"href":"https:\/\/correiodasemana.com\/site\/wp-json\/wp\/v2\/users\/1"}],"replies":[{"embeddable":true,"href":"https:\/\/correiodasemana.com\/site\/wp-json\/wp\/v2\/comments?post=9245"}],"version-history":[{"count":1,"href":"https:\/\/correiodasemana.com\/site\/wp-json\/wp\/v2\/posts\/9245\/revisions"}],"predecessor-version":[{"id":9246,"href":"https:\/\/correiodasemana.com\/site\/wp-json\/wp\/v2\/posts\/9245\/revisions\/9246"}],"wp:featuredmedia":[{"embeddable":true,"href":"https:\/\/correiodasemana.com\/site\/wp-json\/wp\/v2\/media\/58"}],"wp:attachment":[{"href":"https:\/\/correiodasemana.com\/site\/wp-json\/wp\/v2\/media?parent=9245"}],"wp:term":[{"taxonomy":"category","embeddable":true,"href":"https:\/\/correiodasemana.com\/site\/wp-json\/wp\/v2\/categories?post=9245"},{"taxonomy":"post_tag","embeddable":true,"href":"https:\/\/correiodasemana.com\/site\/wp-json\/wp\/v2\/tags?post=9245"}],"curies":[{"name":"wp","href":"https:\/\/api.w.org\/{rel}","templated":true}]}}