{"id":9274,"date":"2019-09-30T02:32:10","date_gmt":"2019-09-30T02:32:10","guid":{"rendered":"https:\/\/correiodasemana.com\/site\/?p=9274"},"modified":"2019-09-30T02:32:10","modified_gmt":"2019-09-30T02:32:10","slug":"i-encontro-do-terco-dos-homens-mae-rainha-da-regiao-do-vale-do-acarau","status":"publish","type":"post","link":"https:\/\/correiodasemana.com\/site\/i-encontro-do-terco-dos-homens-mae-rainha-da-regiao-do-vale-do-acarau\/","title":{"rendered":"I Encontro do Ter\u00e7o dos Homens M\u00e3e Rainha da Regi\u00e3o do Vale do Acara\u00fa"},"content":{"rendered":"<p>O I encontro do movimento do Ter\u00e7o dos Homens M\u00e3e Rainha do Vale do Acara\u00fa aconteceu no \u00faltimo domingo (22) no munic\u00edpio de Marco, precisamente na quadra da escola Sagrado Cora\u00e7\u00e3o de Jesus. A programa\u00e7\u00e3o contou com uma caminhada com louvor e ora\u00e7\u00e3o at\u00e9 o Santu\u00e1rio Sagrado Cora\u00e7\u00e3o de Jesus, a realiza\u00e7\u00e3o da Santa Missa presidida pelo Pe. Raimundo Nonato que reuniu em torno de mil pessoas no Santu\u00e1rio Sagrado Cora\u00e7\u00e3o de Jesus. Ainda teve uma palestra com o Pe. Argemiro Ferracioli, um momento de lazer com bingos e uma ora\u00e7\u00e3o ao santo ter\u00e7o. A inten\u00e7\u00e3o do Ter\u00e7o dos Homens \u00e9 para aqueles que, independente do motivo, est\u00e3o afastados da igreja. \u00c9 uma chance de retorno ou aproxima\u00e7\u00e3o com Jesus.<br \/>\nDe acordo com a Coordena\u00e7\u00e3o Regional Ter\u00e7o dos Homens M\u00e3e Rainha Norte e Nordeste I Cear\u00e1, o encontro contou com a presen\u00e7a de 500 a 600 homens vestidos de azul e branco em alus\u00e3o ao manto de Maria.<br \/>\nSegundo o coordenador diocesano do movimento do Ter\u00e7o dos Homens da par\u00f3quia S\u00e3o Manuel no munic\u00edpio de Marco, Chico Monte, a ideia era abranger toda a regional do Vale do Acara\u00fa, que compreende doze par\u00f3quias do munic\u00edpio de Santana at\u00e9 Jijoca de Jericoacoara, com a finalidade de fortalecer a irmandade entre todos. Mais de 3 milh\u00f5es de homens no Norte e Nordeste rezam o ter\u00e7o, a partir da fonte da M\u00e3e Rainha.<br \/>\nNa ocasi\u00e3o, o Pe. Argemiro Ferracioli, Assessor Espiritual do Ter\u00e7o dos Homens M\u00e3e Rainha do Norte e Nordeste e tamb\u00e9m respons\u00e1vel pela palestra \u201cCom a m\u00e3e peregrina a caminho do pai\u201d tema do encontro, destacou Olinda (PE) como a cidade de origem do Ter\u00e7o dos Homens M\u00e3e Rainha. Atualmente ainda ocorre semanalmente a reuni\u00e3o para rezar o santo ter\u00e7o. Segundo ele, a import\u00e2ncia da evangeliza\u00e7\u00e3o reflete na quantidade do movimento do ter\u00e7o dos homens que vai crescendo a cada m\u00eas. Foi assim que aconteceu com o primeiro grupo da cidade, criado no Santu\u00e1rio de Olinda.<br \/>\nO Ter\u00e7o dos Homens atrai aqueles que estavam afastados da igreja e j\u00e1 n\u00e3o rezavam mais. Com a reuni\u00e3o, o grupo passa a se dedicar as ora\u00e7\u00f5es e a fraternidade. Em momentos dif\u00edceis na vida de um membro ou familiar de algum membro do grupo, todos v\u00e3o interceder atrav\u00e9s da reza do ter\u00e7o na casa daquele que precisa.<br \/>\n\u201cM\u00e3e de Deus, m\u00e3e de Jesus Cristo, m\u00e3e de todos n\u00f3s\u201d explica Padre Argemiro o termo \u201cm\u00e3e tr\u00eas vezes admir\u00e1vel\u201d ao se referir a Maria. Os homens do movimento do ter\u00e7o tiveram uma tarde para saber mais sobre a hist\u00f3ria de Maria, a peregrina\u00e7\u00e3o feita pela Virgem e, todas suas virtudes que Pe. Argemiro, com muita admira\u00e7\u00e3o, fez quest\u00e3o de exaltar.<br \/>\n\u201cFoi um evento maravilhoso onde reuniu os homens para rezar e, de modo geral para evangelizar. \u00c9 um grande acontecimento, uma gra\u00e7a de Deus atrav\u00e9s do ter\u00e7o. Quero que todos saiam mais fortalecidos para continuar esta miss\u00e3o\u201d declara.<br \/>\nO coordenador do THMR no Cear\u00e1, Delegado Cavalcante, agradeceu a todos pedindo a cada um para ser fiel aos planos de Deus.<\/p>\n<p><img fetchpriority=\"high\" decoding=\"async\" class=\"alignleft size-medium wp-image-9275\" src=\"https:\/\/correiodasemana.com\/site\/wp-content\/uploads\/2019\/09\/Ter\u00e7\u00f5-dos-homens-de-Sobral-1-300x225.jpg\" alt=\"\" width=\"300\" height=\"225\" srcset=\"https:\/\/correiodasemana.com\/site\/wp-content\/uploads\/2019\/09\/Ter\u00e7\u00f5-dos-homens-de-Sobral-1-300x225.jpg 300w, https:\/\/correiodasemana.com\/site\/wp-content\/uploads\/2019\/09\/Ter\u00e7\u00f5-dos-homens-de-Sobral-1-768x576.jpg 768w, https:\/\/correiodasemana.com\/site\/wp-content\/uploads\/2019\/09\/Ter\u00e7\u00f5-dos-homens-de-Sobral-1.jpg 960w\" sizes=\"(max-width: 300px) 100vw, 300px\" \/> <img decoding=\"async\" class=\"alignleft size-medium wp-image-9276\" src=\"https:\/\/correiodasemana.com\/site\/wp-content\/uploads\/2019\/09\/Ter\u00e7\u00f5-dos-homens-de-Sobral-2-300x225.jpg\" alt=\"\" width=\"300\" height=\"225\" srcset=\"https:\/\/correiodasemana.com\/site\/wp-content\/uploads\/2019\/09\/Ter\u00e7\u00f5-dos-homens-de-Sobral-2-300x225.jpg 300w, https:\/\/correiodasemana.com\/site\/wp-content\/uploads\/2019\/09\/Ter\u00e7\u00f5-dos-homens-de-Sobral-2-768x576.jpg 768w, https:\/\/correiodasemana.com\/site\/wp-content\/uploads\/2019\/09\/Ter\u00e7\u00f5-dos-homens-de-Sobral-2.jpg 960w\" sizes=\"(max-width: 300px) 100vw, 300px\" \/> <img decoding=\"async\" class=\"alignleft size-medium wp-image-9277\" src=\"https:\/\/correiodasemana.com\/site\/wp-content\/uploads\/2019\/09\/Ter\u00e7\u00f5-dos-homens-de-Sobral-3-300x225.jpg\" alt=\"\" width=\"300\" height=\"225\" srcset=\"https:\/\/correiodasemana.com\/site\/wp-content\/uploads\/2019\/09\/Ter\u00e7\u00f5-dos-homens-de-Sobral-3-300x225.jpg 300w, https:\/\/correiodasemana.com\/site\/wp-content\/uploads\/2019\/09\/Ter\u00e7\u00f5-dos-homens-de-Sobral-3-768x576.jpg 768w, https:\/\/correiodasemana.com\/site\/wp-content\/uploads\/2019\/09\/Ter\u00e7\u00f5-dos-homens-de-Sobral-3.jpg 960w\" sizes=\"(max-width: 300px) 100vw, 300px\" \/> <img loading=\"lazy\" decoding=\"async\" class=\"alignleft size-medium wp-image-9278\" src=\"https:\/\/correiodasemana.com\/site\/wp-content\/uploads\/2019\/09\/Ter\u00e7\u00f5-dos-homens-de-Sobral-4-300x225.jpg\" alt=\"\" width=\"300\" height=\"225\" srcset=\"https:\/\/correiodasemana.com\/site\/wp-content\/uploads\/2019\/09\/Ter\u00e7\u00f5-dos-homens-de-Sobral-4-300x225.jpg 300w, https:\/\/correiodasemana.com\/site\/wp-content\/uploads\/2019\/09\/Ter\u00e7\u00f5-dos-homens-de-Sobral-4-768x576.jpg 768w, https:\/\/correiodasemana.com\/site\/wp-content\/uploads\/2019\/09\/Ter\u00e7\u00f5-dos-homens-de-Sobral-4.jpg 960w\" sizes=\"(max-width: 300px) 100vw, 300px\" \/><\/p>\n","protected":false},"excerpt":{"rendered":"<p>O I encontro do movimento do Ter\u00e7o dos Homens M\u00e3e Rainha do Vale do Acara\u00fa&#8230;<\/p>\n","protected":false},"author":1,"featured_media":9276,"comment_status":"open","ping_status":"open","sticky":false,"template":"","format":"standard","meta":{"_jetpack_memberships_contains_paid_content":false,"footnotes":"","jetpack_publicize_message":"","jetpack_publicize_feature_enabled":true,"jetpack_social_post_already_shared":true,"jetpack_social_options":{"image_generator_settings":{"template":"highway","default_image_id":0,"font":"","enabled":false},"version":2}},"categories":[1],"tags":[],"class_list":["post-9274","post","type-post","status-publish","format-standard","has-post-thumbnail","hentry","category-atualidade"],"jetpack_publicize_connections":[],"jetpack_featured_media_url":"https:\/\/correiodasemana.com\/site\/wp-content\/uploads\/2019\/09\/Ter\u00e7\u00f5-dos-homens-de-Sobral-2.jpg","jetpack-related-posts":[{"id":30674,"url":"https:\/\/correiodasemana.com\/site\/equipes-do-terco-dos-homens-participam-de-5o-encontro-diocesano\/","url_meta":{"origin":9274,"position":0},"title":"Equipes do Ter\u00e7o dos Homens participam de 5\u00ba Encontro Diocesano","author":"adminredacao","date":"Setembro 16, 2024","format":false,"excerpt":"A manh\u00e3 deste domingo, 08 de setembro, foi especial para as variadas equipes do Ter\u00e7o dos Homens da Diocese de Sobral. Homens de todas as idades participaram do 5\u00ba Encontro Diocesano na igreja matriz da Par\u00f3quia do Cristo Ressuscitado. A programa\u00e7\u00e3o iniciou \u00e0s 7h com a medita\u00e7\u00e3o dos mist\u00e9rios do\u2026","rel":"","context":"In &quot;Atualidade&quot;","block_context":{"text":"Atualidade","link":"https:\/\/correiodasemana.com\/site\/category\/atualidade\/"},"img":{"alt_text":"","src":"https:\/\/i0.wp.com\/correiodasemana.com\/site\/wp-content\/uploads\/2024\/09\/WhatsApp-Image-2024-09-13-at-15.16.47.jpeg?resize=350%2C200&ssl=1","width":350,"height":200,"srcset":"https:\/\/i0.wp.com\/correiodasemana.com\/site\/wp-content\/uploads\/2024\/09\/WhatsApp-Image-2024-09-13-at-15.16.47.jpeg?resize=350%2C200&ssl=1 1x, https:\/\/i0.wp.com\/correiodasemana.com\/site\/wp-content\/uploads\/2024\/09\/WhatsApp-Image-2024-09-13-at-15.16.47.jpeg?resize=525%2C300&ssl=1 1.5x, https:\/\/i0.wp.com\/correiodasemana.com\/site\/wp-content\/uploads\/2024\/09\/WhatsApp-Image-2024-09-13-at-15.16.47.jpeg?resize=700%2C400&ssl=1 2x, https:\/\/i0.wp.com\/correiodasemana.com\/site\/wp-content\/uploads\/2024\/09\/WhatsApp-Image-2024-09-13-at-15.16.47.jpeg?resize=1050%2C600&ssl=1 3x, https:\/\/i0.wp.com\/correiodasemana.com\/site\/wp-content\/uploads\/2024\/09\/WhatsApp-Image-2024-09-13-at-15.16.47.jpeg?resize=1400%2C800&ssl=1 4x"},"classes":[]},{"id":36018,"url":"https:\/\/correiodasemana.com\/site\/mais-de-500-fieis-participam-de-peregrinacao-jubilar-na-paroquia-de-sao-manuel\/","url_meta":{"origin":9274,"position":1},"title":"Mais de 500 fi\u00e9is participam de peregrina\u00e7\u00e3o jubilar na Par\u00f3quia de S\u00e3o Manuel","author":"adminredacao","date":"Outubro 29, 2025","format":false,"excerpt":"\u00a0 A Par\u00f3quia de S\u00e3o Manuel realizou, na manh\u00e3 deste s\u00e1bado (18\/10), o Jubileu dos Legion\u00e1rios, Ter\u00e7o dos Homens, Ter\u00e7o das Mulheres e Ter\u00e7o Mission\u00e1rio, reunindo in\u00fameros fi\u00e9is das par\u00f3quias da Regi\u00e3o Vale do Acara\u00fa. Mais de 500 homens e mulheres participaram da caminhada jubilar, que teve in\u00edcio no Centro\u2026","rel":"","context":"In &quot;Atualidade&quot;","block_context":{"text":"Atualidade","link":"https:\/\/correiodasemana.com\/site\/category\/atualidade\/"},"img":{"alt_text":"","src":"","width":0,"height":0},"classes":[]},{"id":37252,"url":"https:\/\/correiodasemana.com\/site\/padre-jose-erivaldo-maria-e-apresentado-como-novo-reitor-do-santuario-tabor-da-mae-rainha\/","url_meta":{"origin":9274,"position":2},"title":"Padre Jos\u00e9 Erivaldo Maria \u00e9 apresentado como novo reitor do Santu\u00e1rio Tabor da M\u00e3e Rainha","author":"adminredacao","date":"Fevereiro 7, 2026","format":false,"excerpt":"Na noite deste domingo (18\/01), a comunidade cat\u00f3lica de Sobral acolheu oficialmente o novo reitor do Santu\u00e1rio Tabor da M\u00e3e Rainha, padre Jos\u00e9 Erivaldo Maria, durante Celebra\u00e7\u00e3o Eucar\u00edstica presidida pelo vig\u00e1rio episcopal da Regi\u00e3o Sede, padre Denilson de Sousa. A celebra\u00e7\u00e3o reuniu grande n\u00famero de fi\u00e9is e contou com a\u2026","rel":"","context":"In &quot;Atualidade&quot;","block_context":{"text":"Atualidade","link":"https:\/\/correiodasemana.com\/site\/category\/atualidade\/"},"img":{"alt_text":"","src":"https:\/\/i0.wp.com\/correiodasemana.com\/site\/wp-content\/uploads\/2026\/02\/WhatsApp-Image-2026-01-23-at-17.21.14-1.jpeg?resize=350%2C200&ssl=1","width":350,"height":200,"srcset":"https:\/\/i0.wp.com\/correiodasemana.com\/site\/wp-content\/uploads\/2026\/02\/WhatsApp-Image-2026-01-23-at-17.21.14-1.jpeg?resize=350%2C200&ssl=1 1x, https:\/\/i0.wp.com\/correiodasemana.com\/site\/wp-content\/uploads\/2026\/02\/WhatsApp-Image-2026-01-23-at-17.21.14-1.jpeg?resize=525%2C300&ssl=1 1.5x, https:\/\/i0.wp.com\/correiodasemana.com\/site\/wp-content\/uploads\/2026\/02\/WhatsApp-Image-2026-01-23-at-17.21.14-1.jpeg?resize=700%2C400&ssl=1 2x, https:\/\/i0.wp.com\/correiodasemana.com\/site\/wp-content\/uploads\/2026\/02\/WhatsApp-Image-2026-01-23-at-17.21.14-1.jpeg?resize=1050%2C600&ssl=1 3x"},"classes":[]},{"id":34723,"url":"https:\/\/correiodasemana.com\/site\/irmandades-do-santissimo-da-diocese-de-sobral-realizam-peregrinacao-jubilar-ao-santuario-do-sagrado-coracao-de-jesus-em-marco\/","url_meta":{"origin":9274,"position":3},"title":"Irmandades do Sant\u00edssimo da Diocese de Sobral realizam peregrina\u00e7\u00e3o jubilar ao Santu\u00e1rio do Sagrado Cora\u00e7\u00e3o de Jesus em Marco","author":"adminredacao","date":"Julho 21, 2025","format":false,"excerpt":"Por ocasi\u00e3o do Ano Jubilar, as Irmandades do Sant\u00edssimo Sacramento da Diocese de Sobral, sediada nas par\u00f3quias: Nossa Senhora da Concei\u00e7\u00e3o - Bela Cruz, Nossa Senhora da Piedade - Corea\u00fa, S\u00e3o Manuel - Marco, Nossa Senhora do Perp\u00e9tuo Socorro - Massap\u00ea e Nossa Senhora da Concei\u00e7\u00e3o - Catedral da S\u00e9,\u2026","rel":"","context":"In &quot;Atualidade&quot;","block_context":{"text":"Atualidade","link":"https:\/\/correiodasemana.com\/site\/category\/atualidade\/"},"img":{"alt_text":"","src":"https:\/\/i0.wp.com\/correiodasemana.com\/site\/wp-content\/uploads\/2025\/07\/WhatsApp-Image-2025-07-14-at-15.49.08-1-scaled.jpeg?resize=350%2C200&ssl=1","width":350,"height":200,"srcset":"https:\/\/i0.wp.com\/correiodasemana.com\/site\/wp-content\/uploads\/2025\/07\/WhatsApp-Image-2025-07-14-at-15.49.08-1-scaled.jpeg?resize=350%2C200&ssl=1 1x, https:\/\/i0.wp.com\/correiodasemana.com\/site\/wp-content\/uploads\/2025\/07\/WhatsApp-Image-2025-07-14-at-15.49.08-1-scaled.jpeg?resize=525%2C300&ssl=1 1.5x, https:\/\/i0.wp.com\/correiodasemana.com\/site\/wp-content\/uploads\/2025\/07\/WhatsApp-Image-2025-07-14-at-15.49.08-1-scaled.jpeg?resize=700%2C400&ssl=1 2x, https:\/\/i0.wp.com\/correiodasemana.com\/site\/wp-content\/uploads\/2025\/07\/WhatsApp-Image-2025-07-14-at-15.49.08-1-scaled.jpeg?resize=1050%2C600&ssl=1 3x, https:\/\/i0.wp.com\/correiodasemana.com\/site\/wp-content\/uploads\/2025\/07\/WhatsApp-Image-2025-07-14-at-15.49.08-1-scaled.jpeg?resize=1400%2C800&ssl=1 4x"},"classes":[]},{"id":30317,"url":"https:\/\/correiodasemana.com\/site\/diocese-de-sobral-area-pastoral-nossa-senhora-da-saude-festa-de-nossa-senhora-da-saude-2024-jordao-sobral-ce\/","url_meta":{"origin":9274,"position":4},"title":"DIOCESE DE SOBRAL \u00c1REA PASTORAL NOSSA SENHORA DA SA\u00daDE FESTA DE NOSSA SENHORA DA SA\u00daDE -2024 JORD\u00c3O &#8211; SOBRAL \u2013 CE","author":"adminredacao","date":"Agosto 12, 2024","format":false,"excerpt":"Amados paroquianos, devotos, visitantes, amigos, benfeitores e povo de Deus! Sauda\u00e7\u00f5es em Cristo! \u201cEu vim de l\u00e1 do interior Aonde a religi\u00e3o ainda \u00e9 importante. L\u00e1 se algu\u00e9m passa em frente da matriz se benze e pensa em Deus e n\u00e3o sente vergonha de ter f\u00e9\u201d (Padre Zezinho) Agosto chegou!\u2026","rel":"","context":"In &quot;Atualidade&quot;","block_context":{"text":"Atualidade","link":"https:\/\/correiodasemana.com\/site\/category\/atualidade\/"},"img":{"alt_text":"","src":"https:\/\/i0.wp.com\/correiodasemana.com\/site\/wp-content\/uploads\/2024\/08\/WhatsApp-Image-2024-08-08-at-18.56.59-scaled.jpeg?resize=350%2C200&ssl=1","width":350,"height":200,"srcset":"https:\/\/i0.wp.com\/correiodasemana.com\/site\/wp-content\/uploads\/2024\/08\/WhatsApp-Image-2024-08-08-at-18.56.59-scaled.jpeg?resize=350%2C200&ssl=1 1x, https:\/\/i0.wp.com\/correiodasemana.com\/site\/wp-content\/uploads\/2024\/08\/WhatsApp-Image-2024-08-08-at-18.56.59-scaled.jpeg?resize=525%2C300&ssl=1 1.5x, https:\/\/i0.wp.com\/correiodasemana.com\/site\/wp-content\/uploads\/2024\/08\/WhatsApp-Image-2024-08-08-at-18.56.59-scaled.jpeg?resize=700%2C400&ssl=1 2x, https:\/\/i0.wp.com\/correiodasemana.com\/site\/wp-content\/uploads\/2024\/08\/WhatsApp-Image-2024-08-08-at-18.56.59-scaled.jpeg?resize=1050%2C600&ssl=1 3x"},"classes":[]},{"id":25874,"url":"https:\/\/correiodasemana.com\/site\/paroquia-do-cristo-ressuscitado-reuniu-liderancas-do-movimento-apostolico-de-schoenstatt\/","url_meta":{"origin":9274,"position":5},"title":"Par\u00f3quia do Cristo Ressuscitado reuniu lideran\u00e7as do Movimento Apost\u00f3lico de Schoenstatt","author":"adminredacao","date":"Julho 31, 2023","format":false,"excerpt":"A Par\u00f3quia do Cristo Ressuscitado de Sobral-CE, sediou o Encontro de Forma\u00e7\u00e3o Diocesana para Lideran\u00e7as do Movimento Apost\u00f3lico de Schoenstatt, neste s\u00e1bado (22\/07), com o tema: \u201c Caminhar com Maria seguindo Jesus, segundo o carisma de Schoenstatt \u201c. Estiveram presentes o Reitor do Santu\u00e1rio Dioceseno da M\u00e3e Rainha Pe. J\u00fanior\u2026","rel":"","context":"In &quot;Atualidade&quot;","block_context":{"text":"Atualidade","link":"https:\/\/correiodasemana.com\/site\/category\/atualidade\/"},"img":{"alt_text":"","src":"https:\/\/i0.wp.com\/correiodasemana.com\/site\/wp-content\/uploads\/2023\/07\/WhatsApp-Image-2023-07-24-at-07.58.19.jpeg?resize=350%2C200&ssl=1","width":350,"height":200,"srcset":"https:\/\/i0.wp.com\/correiodasemana.com\/site\/wp-content\/uploads\/2023\/07\/WhatsApp-Image-2023-07-24-at-07.58.19.jpeg?resize=350%2C200&ssl=1 1x, https:\/\/i0.wp.com\/correiodasemana.com\/site\/wp-content\/uploads\/2023\/07\/WhatsApp-Image-2023-07-24-at-07.58.19.jpeg?resize=525%2C300&ssl=1 1.5x, https:\/\/i0.wp.com\/correiodasemana.com\/site\/wp-content\/uploads\/2023\/07\/WhatsApp-Image-2023-07-24-at-07.58.19.jpeg?resize=700%2C400&ssl=1 2x, https:\/\/i0.wp.com\/correiodasemana.com\/site\/wp-content\/uploads\/2023\/07\/WhatsApp-Image-2023-07-24-at-07.58.19.jpeg?resize=1050%2C600&ssl=1 3x, https:\/\/i0.wp.com\/correiodasemana.com\/site\/wp-content\/uploads\/2023\/07\/WhatsApp-Image-2023-07-24-at-07.58.19.jpeg?resize=1400%2C800&ssl=1 4x"},"classes":[]}],"jetpack_sharing_enabled":true,"_links":{"self":[{"href":"https:\/\/correiodasemana.com\/site\/wp-json\/wp\/v2\/posts\/9274","targetHints":{"allow":["GET"]}}],"collection":[{"href":"https:\/\/correiodasemana.com\/site\/wp-json\/wp\/v2\/posts"}],"about":[{"href":"https:\/\/correiodasemana.com\/site\/wp-json\/wp\/v2\/types\/post"}],"author":[{"embeddable":true,"href":"https:\/\/correiodasemana.com\/site\/wp-json\/wp\/v2\/users\/1"}],"replies":[{"embeddable":true,"href":"https:\/\/correiodasemana.com\/site\/wp-json\/wp\/v2\/comments?post=9274"}],"version-history":[{"count":1,"href":"https:\/\/correiodasemana.com\/site\/wp-json\/wp\/v2\/posts\/9274\/revisions"}],"predecessor-version":[{"id":9279,"href":"https:\/\/correiodasemana.com\/site\/wp-json\/wp\/v2\/posts\/9274\/revisions\/9279"}],"wp:featuredmedia":[{"embeddable":true,"href":"https:\/\/correiodasemana.com\/site\/wp-json\/wp\/v2\/media\/9276"}],"wp:attachment":[{"href":"https:\/\/correiodasemana.com\/site\/wp-json\/wp\/v2\/media?parent=9274"}],"wp:term":[{"taxonomy":"category","embeddable":true,"href":"https:\/\/correiodasemana.com\/site\/wp-json\/wp\/v2\/categories?post=9274"},{"taxonomy":"post_tag","embeddable":true,"href":"https:\/\/correiodasemana.com\/site\/wp-json\/wp\/v2\/tags?post=9274"}],"curies":[{"name":"wp","href":"https:\/\/api.w.org\/{rel}","templated":true}]}}