{"id":9280,"date":"2019-09-30T02:34:47","date_gmt":"2019-09-30T02:34:47","guid":{"rendered":"https:\/\/correiodasemana.com\/site\/?p=9280"},"modified":"2019-09-30T02:34:47","modified_gmt":"2019-09-30T02:34:47","slug":"conselho-indigenista-missionario-apresenta-relatorio-da-violencia-contra-os-povos-indigenas-no-brasil","status":"publish","type":"post","link":"https:\/\/correiodasemana.com\/site\/conselho-indigenista-missionario-apresenta-relatorio-da-violencia-contra-os-povos-indigenas-no-brasil\/","title":{"rendered":"Conselho Indigenista Mission\u00e1rio apresenta relat\u00f3rio da viol\u00eancia contra os povos ind\u00edgenas no Brasil"},"content":{"rendered":"<p><strong>O capital transforma a terra e os recursos naturais em mercadorias em nome do lucro cujo resultado \u00e9 a ocorr\u00eancia de conflitos e viol\u00eancias<\/strong><\/p>\n<p>Por Chiquinho Silva &#8211; Agente CPT &#8211; Comiss\u00e3o Pastoral da Terra, animador de Circulo &#8211; B\u00edblico e Assessor Regional da Ceb\u2019s \u2013 Regional Nordeste 1<\/p>\n<p>O Conselho Indigenista Mission\u00e1rio (CIMI), realizou na Confer\u00eancia Nacional dos Bispos do Brasil &#8211; CNBB em Bras\u00edlia, na tarde desta ter\u00e7a-feira dia 24 de setembro de 2019, o lan\u00e7amento do \u201cRelat\u00f3rio Viol\u00eancia contra os Povos Ind\u00edgenas no Brasil\u201d &#8211; dados de 2018. Este documento \u00e9 uma forma de denunciar e fazer ecoar a dor, sofrimento e as ang\u00fastias dos povos ind\u00edgenas, provocado pelas viol\u00eancias praticadas ao longo do corrente ano. Mais grave que isso, \u00e9 a constata\u00e7\u00e3o de que elas s\u00e3o cumulativas, promovidas e desencadeadas ao longo de d\u00e9cadas de modo sist\u00eamico, pelo Capital agroexportador e pelo Estado brasileiro. Podemos afirmar com muito pesar que h\u00e1, no Brasil, a institucionaliza\u00e7\u00e3o da viol\u00eancia como pr\u00e1tica de Governos ao longo da Rep\u00fablica.<br \/>\nPara Dom Roque Paloschi \u2013 Bispo de Porto Velho e Presidente Nacional do CIMI, \u201cos povos ind\u00edgenas s\u00e3o v\u00edtimas do Estado Brasileiro. E que a viol\u00eancia s\u00f3 aumentou em 2018 com o est\u00edmulo de invas\u00e3o aos territ\u00f3rios ind\u00edgenas, a exemplo do dia do fogo. A ideia \u00e9 \u2018desterritorializar\u2019 os povos, e assim, implementar uma pol\u00edtica nefasta de integra\u00e7\u00e3o dos \u00edndios, quer ainda, a todo custo, convencer a sociedade que \u00edndio n\u00e3o precisa de terra, e desta forma, priorizar a l\u00f3gica do capitalismo\u201d.<br \/>\nA gest\u00e3o p\u00fablica \u00e9 parcial, pois toma como l\u00f3gica a propriedade privada, a destrui\u00e7\u00e3o e explora\u00e7\u00e3o da Amaz\u00f4nia, contrapondo-se \u00e0 vida, ao bem-estar social e \u00e0 dignidade humana. Por isso, milh\u00f5es de pessoas se encontram em situa\u00e7\u00e3o de mis\u00e9ria, na vulnerabilidade, desemprego e desesperan\u00e7adas. N\u00e3o obstante,a viol\u00eancia contra os ind\u00edgenas est\u00e1 diretamente ligada a esse contexto, como podemos verificar pelos dados de 2018 apresentados no relat\u00f3rio. Aponta ainda o relat\u00f3rio, que elas s\u00e3o generalizadas e ocorrem de norte a sul do pa\u00eds. Muitos povos, inclusive em nossa regi\u00e3o nordeste, vivem em pequenas \u00e1reas de terras degradadas, onde n\u00e3o h\u00e1 as m\u00ednimas condi\u00e7\u00f5es de habita\u00e7\u00e3o, saneamento b\u00e1sico, \u00e1gua. Na regi\u00e3o Norte, a realidade \u00e9 mais grave com o processo devastador que invade os territ\u00f3rios ind\u00edgenas, mesmo j\u00e1 tendo estes, sidos demarcados e homologados. Em todo pa\u00eds, o meio ambiente est\u00e1 sendo degradado por madeireiras, mineradoras, garimpeiros, grileiros de terra e pelo latif\u00fandio. A cobi\u00e7a \u00e9 ainda maior e expl\u00edcita sobre a Amaz\u00f4nia com in\u00fameros projetos de explora\u00e7\u00e3o indiscriminada da terra e de todos os seus bens naturais. (Fonte: Relat\u00f3rio CIMI \/2018). O governo federal em 2018 cortou gastos com sa\u00fade dos povos ind\u00edgenas, que gera uma pol\u00edtica genocida, sem contar com os desmontes e sucateamento dos \u00f3rg\u00e3os federais como Funai e Incra, inviabilizando as pol\u00edticas p\u00fablicas para a comunidades ind\u00edgenas.<br \/>\nDiante desta realidade para os mission\u00e1rios do CIMI, as pastorais do campo (CPT, SPM \u2013 Servi\u00e7o Pastoral do Migrante e Conselho dos Pescadores) leigos, bispos e padres presentes no evento de lan\u00e7amento do relat\u00f3rio, reafirmaram que a Igreja precisa deixar de ser uma \u201cIgreja da visita\u201d para ser uma igreja encarnada. Que \u00e9 preciso conscientizar toda a sociedade para uma convers\u00e3o ecol\u00f3gica, como nos fala a Laudato si e o cuidado com a Casa Comum. Lutar contra o capitalismo que se serve dos empobrecidos, para, cada vez mais, aumentar seu poder opressor e acumular riquezas. O capital transforma a terra e os recursos naturais em mercadorias em nome do lucro, expropria os territ\u00f3rios ind\u00edgenas, quilombolas, ribeirinhos, pescadores, acampados, sem-terra, as \u00e1guas, nossos biomas e todos os seres que o povoam o Planeta, cujo resultado \u00e9 a ocorr\u00eancia de conflitos e viol\u00eancias.<br \/>\nPois temos uma certeza: \u201cN\u00f3s somos parte da terra. A terra \u00e9 parte de n\u00f3s. Um \u00e9 a extens\u00e3o do outro, n\u00f3s n\u00e3o vivemos a s\u00f3s\u201d. Cuidar da Terra e dos sonhos que ela suscita em n\u00f3s, \u00e9 um dever imprescind\u00edvel de cada um e de cada uma de n\u00f3s. Cuidar da casa comum \u00e9, finalmente, cuidar do Sagrado que arde em n\u00f3s, e que nos convence de que \u00e9 melhor abra\u00e7ar o outro do que rejeit\u00e1-lo e que a vida vale mais que todas as riquezas naturais deste mundo. Ent\u00e3o ela ser\u00e1 de fato a Casa Comum do \u2018Ser\u2019 como nos fala o te\u00f3logo Leonardo Boff.<br \/>\nO Papa Francisco ao escrever a Laudato Si, lan\u00e7a para toda a humanidade um apelo urgente de proteger a Casa Comum de forma sustent\u00e1vel e integral. Convidando-nos a sermos \u201cGuardi\u00f5es da cria\u00e7\u00e3o\u201d, pois somos parte da cria\u00e7\u00e3o. Esta tamb\u00e9m ser\u00e1 a t\u00f4nica do s\u00ednodo da Amaz\u00f4nia em outubro, como um processo de escuta sobre a vida machucada dos povos ind\u00edgenas que hora vivenciam no Brasil. Como Igreja precisamos anunciar que o Criador n\u00e3o nos abandona, nunca recua no seu projeto de amor, nem se arrepende de nos ter criado. (Gn 1, 26), e somos convidados a ouvi-lo, a \u00abmudar de rumo\u00bb, assumindo a beleza e a responsabilidade de um compromisso para o cuidado da Casa Comum (Rm 12).<br \/>\nCaminhemos tecendo a utopia da resist\u00eancia na luta pela terra, e em defesa dos nossos irm\u00e3os e irm\u00e3s ind\u00edgenas e seus territ\u00f3rios. Que os tempos dif\u00edceis n\u00e3o nos imobiliza, e mantenhamo-nos firmes. H\u00e1 que se fazer justi\u00e7a! Que a paz substitua a viol\u00eancia. Que o Estado Brasileiro, com suas estruturas, cumpra seu papel de efetiva\u00e7\u00e3o do bem-estar social, e se coloque na defesa dos direitos humanos e da natureza.<\/p>\n<p><img decoding=\"async\" class=\"alignleft size-medium wp-image-9281\" src=\"https:\/\/correiodasemana.com\/site\/wp-content\/uploads\/2019\/09\/WhatsApp-Image-2019-09-26-at-07.39.46-300x146.jpeg\" alt=\"\" width=\"300\" height=\"146\" srcset=\"https:\/\/correiodasemana.com\/site\/wp-content\/uploads\/2019\/09\/WhatsApp-Image-2019-09-26-at-07.39.46-300x146.jpeg 300w, https:\/\/correiodasemana.com\/site\/wp-content\/uploads\/2019\/09\/WhatsApp-Image-2019-09-26-at-07.39.46-768x373.jpeg 768w, https:\/\/correiodasemana.com\/site\/wp-content\/uploads\/2019\/09\/WhatsApp-Image-2019-09-26-at-07.39.46-1024x498.jpeg 1024w, https:\/\/correiodasemana.com\/site\/wp-content\/uploads\/2019\/09\/WhatsApp-Image-2019-09-26-at-07.39.46.jpeg 1152w\" sizes=\"(max-width: 300px) 100vw, 300px\" \/> <img decoding=\"async\" class=\"alignleft size-medium wp-image-9282\" src=\"https:\/\/correiodasemana.com\/site\/wp-content\/uploads\/2019\/09\/WhatsApp-Image-2019-09-26-at-07.39.47-300x146.jpeg\" alt=\"\" width=\"300\" height=\"146\" srcset=\"https:\/\/correiodasemana.com\/site\/wp-content\/uploads\/2019\/09\/WhatsApp-Image-2019-09-26-at-07.39.47-300x146.jpeg 300w, https:\/\/correiodasemana.com\/site\/wp-content\/uploads\/2019\/09\/WhatsApp-Image-2019-09-26-at-07.39.47-768x373.jpeg 768w, https:\/\/correiodasemana.com\/site\/wp-content\/uploads\/2019\/09\/WhatsApp-Image-2019-09-26-at-07.39.47-1024x498.jpeg 1024w, https:\/\/correiodasemana.com\/site\/wp-content\/uploads\/2019\/09\/WhatsApp-Image-2019-09-26-at-07.39.47.jpeg 1152w\" sizes=\"(max-width: 300px) 100vw, 300px\" \/><\/p>\n","protected":false},"excerpt":{"rendered":"<p>O capital transforma a terra e os recursos naturais em mercadorias em nome do lucro&#8230;<\/p>\n","protected":false},"author":1,"featured_media":9282,"comment_status":"open","ping_status":"open","sticky":false,"template":"","format":"standard","meta":{"_jetpack_memberships_contains_paid_content":false,"footnotes":"","jetpack_publicize_message":"","jetpack_publicize_feature_enabled":true,"jetpack_social_post_already_shared":true,"jetpack_social_options":{"image_generator_settings":{"template":"highway","default_image_id":0,"font":"","enabled":false},"version":2}},"categories":[1],"tags":[],"class_list":["post-9280","post","type-post","status-publish","format-standard","has-post-thumbnail","hentry","category-atualidade"],"jetpack_publicize_connections":[],"jetpack_featured_media_url":"https:\/\/correiodasemana.com\/site\/wp-content\/uploads\/2019\/09\/WhatsApp-Image-2019-09-26-at-07.39.47.jpeg","jetpack-related-posts":[{"id":23408,"url":"https:\/\/correiodasemana.com\/site\/cnbb-envia-r-350-000-mil-com-apoio-da-adveniat-para-ajuda-humanitaria-e-emergencial-ao-povo-yanomami\/","url_meta":{"origin":9280,"position":0},"title":"CNBB envia R$ 350.000 mil, com apoio da adveniat, para ajuda humanit\u00e1ria e emergencial ao povo Yanomami","author":"","date":"Fevereiro 5, 2023","format":false,"excerpt":"Fonte: CNBB A Confer\u00eancia Nacional dos Bispos do Brasil (CNBB) enviou, com o apoio da Adveniat, a quantia de R$ 350.000,00 para ajuda humanit\u00e1ria e emergencial ao povo Yanomami. Os recursos, a serem geridos pela diocese de Roraima (RR), destinam-se a contribuir para suprir situa\u00e7\u00f5es de emerg\u00eancia como alimenta\u00e7\u00e3o, rem\u00e9dios,\u2026","rel":"","context":"In &quot;Atualidade&quot;","block_context":{"text":"Atualidade","link":"https:\/\/correiodasemana.com\/site\/category\/atualidade\/"},"img":{"alt_text":"","src":"https:\/\/i0.wp.com\/correiodasemana.com\/site\/wp-content\/uploads\/2023\/02\/Indigena-yanomami-sendo-cuidado.jpeg?resize=350%2C200&ssl=1","width":350,"height":200,"srcset":"https:\/\/i0.wp.com\/correiodasemana.com\/site\/wp-content\/uploads\/2023\/02\/Indigena-yanomami-sendo-cuidado.jpeg?resize=350%2C200&ssl=1 1x, https:\/\/i0.wp.com\/correiodasemana.com\/site\/wp-content\/uploads\/2023\/02\/Indigena-yanomami-sendo-cuidado.jpeg?resize=525%2C300&ssl=1 1.5x, https:\/\/i0.wp.com\/correiodasemana.com\/site\/wp-content\/uploads\/2023\/02\/Indigena-yanomami-sendo-cuidado.jpeg?resize=700%2C400&ssl=1 2x"},"classes":[]},{"id":11981,"url":"https:\/\/correiodasemana.com\/site\/situacao-dos-indigenas-e-povos-originarios-se-agrava-com-a-pandemia-de-covid-19\/","url_meta":{"origin":9280,"position":1},"title":"Situa\u00e7\u00e3o dos ind\u00edgenas e povos origin\u00e1rios se agrava com a pandemia de Covid-19","author":"","date":"Julho 19, 2020","format":false,"excerpt":"A situa\u00e7\u00e3o de vulnerabilidade dos ind\u00edgenas e povos origin\u00e1rios tem se agravado com a pandemia de Covid-19. Irm\u00e3 Laura Vicu\u00f1a Pereira, catequista franciscana de origem ind\u00edgena Kariri e que integra a Confer\u00eancia Eclesial da Amaz\u00f4nia, acredita que a for\u00e7a das experi\u00eancias ancestrais at\u00e9 hoje pode ajudar a potencializar a a\u00e7\u00e3o\u2026","rel":"","context":"In &quot;A voz do Pastor&quot;","block_context":{"text":"A voz do Pastor","link":"https:\/\/correiodasemana.com\/site\/category\/a-voz-do-pastor\/"},"img":{"alt_text":"","src":"https:\/\/i0.wp.com\/correiodasemana.com\/site\/wp-content\/uploads\/2019\/12\/homilia-dom-vasconcelos.jpg?resize=350%2C200&ssl=1","width":350,"height":200,"srcset":"https:\/\/i0.wp.com\/correiodasemana.com\/site\/wp-content\/uploads\/2019\/12\/homilia-dom-vasconcelos.jpg?resize=350%2C200&ssl=1 1x, https:\/\/i0.wp.com\/correiodasemana.com\/site\/wp-content\/uploads\/2019\/12\/homilia-dom-vasconcelos.jpg?resize=525%2C300&ssl=1 1.5x, https:\/\/i0.wp.com\/correiodasemana.com\/site\/wp-content\/uploads\/2019\/12\/homilia-dom-vasconcelos.jpg?resize=700%2C400&ssl=1 2x"},"classes":[]},{"id":24982,"url":"https:\/\/correiodasemana.com\/site\/camara-derrota-governo-e-aprova-pl-que-limita-demarcacao-de-terra-indigena\/","url_meta":{"origin":9280,"position":2},"title":"C\u00e2mara derrota governo e aprova PL que limita demarca\u00e7\u00e3o de terra ind\u00edgena","author":"","date":"Maio 31, 2023","format":false,"excerpt":"A C\u00e2mara dos Deputados aprovou nesta ter\u00e7a, 30, o Projeto de Lei 490\/2007, o chamado PL do marco temporal. Por 283 votos a 155, o plen\u00e1rio da Casa imp\u00f4s uma derrota ao governo do presidente Luiz In\u00e1cio Lula da Silva. Apesar de governistas terem tentado adiar a vota\u00e7\u00e3o, a proposta\u2026","rel":"","context":"In &quot;Atualidade&quot;","block_context":{"text":"Atualidade","link":"https:\/\/correiodasemana.com\/site\/category\/atualidade\/"},"img":{"alt_text":"","src":"https:\/\/i0.wp.com\/correiodasemana.com\/site\/wp-content\/uploads\/2023\/05\/indigenas-protestam-contra-marco-temporal.jpg?resize=350%2C200&ssl=1","width":350,"height":200,"srcset":"https:\/\/i0.wp.com\/correiodasemana.com\/site\/wp-content\/uploads\/2023\/05\/indigenas-protestam-contra-marco-temporal.jpg?resize=350%2C200&ssl=1 1x, https:\/\/i0.wp.com\/correiodasemana.com\/site\/wp-content\/uploads\/2023\/05\/indigenas-protestam-contra-marco-temporal.jpg?resize=525%2C300&ssl=1 1.5x, https:\/\/i0.wp.com\/correiodasemana.com\/site\/wp-content\/uploads\/2023\/05\/indigenas-protestam-contra-marco-temporal.jpg?resize=700%2C400&ssl=1 2x"},"classes":[]},{"id":30257,"url":"https:\/\/correiodasemana.com\/site\/educacao-e-cidadania-56\/","url_meta":{"origin":9280,"position":3},"title":"EDUCA\u00c7\u00c3O E CIDADANIA \u2022","author":"adminredacao","date":"Agosto 3, 2024","format":false,"excerpt":"A Causa da Viol\u00eancia no Brasil Podemos dizer que a viol\u00eancia no mundo vem de tempos remotos pela discrimina\u00e7\u00e3o racial que impera atrav\u00e9s do capitalismo selvagem criando avassaladoramente a diferen\u00e7a de renda da popula\u00e7\u00e3o dominada pela classe dominante. Da\u00ed com a falta de habita\u00e7\u00e3o, sa\u00fade, educa\u00e7\u00e3o e qualidade de vida\u2026","rel":"","context":"In &quot;Artigos&quot;","block_context":{"text":"Artigos","link":"https:\/\/correiodasemana.com\/site\/category\/artigos\/"},"img":{"alt_text":"","src":"https:\/\/i0.wp.com\/correiodasemana.com\/site\/wp-content\/uploads\/2021\/08\/Salmito-Campos.jpg?resize=350%2C200&ssl=1","width":350,"height":200,"srcset":"https:\/\/i0.wp.com\/correiodasemana.com\/site\/wp-content\/uploads\/2021\/08\/Salmito-Campos.jpg?resize=350%2C200&ssl=1 1x, https:\/\/i0.wp.com\/correiodasemana.com\/site\/wp-content\/uploads\/2021\/08\/Salmito-Campos.jpg?resize=525%2C300&ssl=1 1.5x, https:\/\/i0.wp.com\/correiodasemana.com\/site\/wp-content\/uploads\/2021\/08\/Salmito-Campos.jpg?resize=700%2C400&ssl=1 2x, https:\/\/i0.wp.com\/correiodasemana.com\/site\/wp-content\/uploads\/2021\/08\/Salmito-Campos.jpg?resize=1050%2C600&ssl=1 3x, https:\/\/i0.wp.com\/correiodasemana.com\/site\/wp-content\/uploads\/2021\/08\/Salmito-Campos.jpg?resize=1400%2C800&ssl=1 4x"},"classes":[]},{"id":24792,"url":"https:\/\/correiodasemana.com\/site\/governo-cria-comissao-de-combate-a-violencia-sexual-contra-criancas\/","url_meta":{"origin":9280,"position":4},"title":"Governo cria comiss\u00e3o de combate \u00e0 viol\u00eancia sexual contra crian\u00e7as","author":"adminredacao","date":"Maio 21, 2023","format":false,"excerpt":"\u00d3rg\u00e3o ser\u00e1 consultivo e articular\u00e1 entidades com atua\u00e7\u00e3o no tema Por Luciano Nascimento - Rep\u00f3rter da Ag\u00eancia Brasil - S\u00e3o Lu\u00eds O governo federal publicou, na edi\u00e7\u00e3o desta sexta-feira (19) no\u00a0Di\u00e1rio Oficial da Uni\u00e3o,\u00a0decreto\u00a0criando uma comiss\u00e3o intersetorial de enfrentamento da viol\u00eancia sexual contra crian\u00e7as e adolescentes. O objetivo \u00e9 articular\u2026","rel":"","context":"In &quot;Atualidade&quot;","block_context":{"text":"Atualidade","link":"https:\/\/correiodasemana.com\/site\/category\/atualidade\/"},"img":{"alt_text":"","src":"https:\/\/i0.wp.com\/correiodasemana.com\/site\/wp-content\/uploads\/2023\/05\/violencia-crianca-marcello-casal-jr-930x524-1.jpg?resize=350%2C200&ssl=1","width":350,"height":200,"srcset":"https:\/\/i0.wp.com\/correiodasemana.com\/site\/wp-content\/uploads\/2023\/05\/violencia-crianca-marcello-casal-jr-930x524-1.jpg?resize=350%2C200&ssl=1 1x, https:\/\/i0.wp.com\/correiodasemana.com\/site\/wp-content\/uploads\/2023\/05\/violencia-crianca-marcello-casal-jr-930x524-1.jpg?resize=525%2C300&ssl=1 1.5x, https:\/\/i0.wp.com\/correiodasemana.com\/site\/wp-content\/uploads\/2023\/05\/violencia-crianca-marcello-casal-jr-930x524-1.jpg?resize=700%2C400&ssl=1 2x"},"classes":[]},{"id":11267,"url":"https:\/\/correiodasemana.com\/site\/querida-amazonia-primeiro-diacono-permanente-indigena-e-ordenado-na-diocese-de-alto-solimoes\/","url_meta":{"origin":9280,"position":5},"title":"Querida Amaz\u00f4nia: Primeiro di\u00e1cono permanente ind\u00edgena \u00e9 ordenado na Diocese de Alto Solim\u00f5es","author":"","date":"Mar\u00e7o 24, 2020","format":false,"excerpt":"No domingo, dia 15 de mar\u00e7o, a diocese de Alto Solim\u00f5es (AM) realizou o rito de ordena\u00e7\u00e3o do primeiro di\u00e1cono permanente ind\u00edgena. Antelmo Pereira \u00c2ngelo, do povo Ticuna, \u00e9 o primeiro de sua etnia a receber o primeiro grau do Sacramento da Ordem. Dom AldofoZon Pereira, bispo diocesano, presidiu a\u2026","rel":"","context":"In &quot;Atualidade&quot;","block_context":{"text":"Atualidade","link":"https:\/\/correiodasemana.com\/site\/category\/atualidade\/"},"img":{"alt_text":"","src":"https:\/\/i0.wp.com\/correiodasemana.com\/site\/wp-content\/uploads\/2020\/03\/WhatsApp-Image-2020-03-18-at-15.33.35-1.jpeg?resize=350%2C200&ssl=1","width":350,"height":200,"srcset":"https:\/\/i0.wp.com\/correiodasemana.com\/site\/wp-content\/uploads\/2020\/03\/WhatsApp-Image-2020-03-18-at-15.33.35-1.jpeg?resize=350%2C200&ssl=1 1x, https:\/\/i0.wp.com\/correiodasemana.com\/site\/wp-content\/uploads\/2020\/03\/WhatsApp-Image-2020-03-18-at-15.33.35-1.jpeg?resize=525%2C300&ssl=1 1.5x, https:\/\/i0.wp.com\/correiodasemana.com\/site\/wp-content\/uploads\/2020\/03\/WhatsApp-Image-2020-03-18-at-15.33.35-1.jpeg?resize=700%2C400&ssl=1 2x, https:\/\/i0.wp.com\/correiodasemana.com\/site\/wp-content\/uploads\/2020\/03\/WhatsApp-Image-2020-03-18-at-15.33.35-1.jpeg?resize=1050%2C600&ssl=1 3x"},"classes":[]}],"jetpack_sharing_enabled":true,"_links":{"self":[{"href":"https:\/\/correiodasemana.com\/site\/wp-json\/wp\/v2\/posts\/9280","targetHints":{"allow":["GET"]}}],"collection":[{"href":"https:\/\/correiodasemana.com\/site\/wp-json\/wp\/v2\/posts"}],"about":[{"href":"https:\/\/correiodasemana.com\/site\/wp-json\/wp\/v2\/types\/post"}],"author":[{"embeddable":true,"href":"https:\/\/correiodasemana.com\/site\/wp-json\/wp\/v2\/users\/1"}],"replies":[{"embeddable":true,"href":"https:\/\/correiodasemana.com\/site\/wp-json\/wp\/v2\/comments?post=9280"}],"version-history":[{"count":1,"href":"https:\/\/correiodasemana.com\/site\/wp-json\/wp\/v2\/posts\/9280\/revisions"}],"predecessor-version":[{"id":9283,"href":"https:\/\/correiodasemana.com\/site\/wp-json\/wp\/v2\/posts\/9280\/revisions\/9283"}],"wp:featuredmedia":[{"embeddable":true,"href":"https:\/\/correiodasemana.com\/site\/wp-json\/wp\/v2\/media\/9282"}],"wp:attachment":[{"href":"https:\/\/correiodasemana.com\/site\/wp-json\/wp\/v2\/media?parent=9280"}],"wp:term":[{"taxonomy":"category","embeddable":true,"href":"https:\/\/correiodasemana.com\/site\/wp-json\/wp\/v2\/categories?post=9280"},{"taxonomy":"post_tag","embeddable":true,"href":"https:\/\/correiodasemana.com\/site\/wp-json\/wp\/v2\/tags?post=9280"}],"curies":[{"name":"wp","href":"https:\/\/api.w.org\/{rel}","templated":true}]}}