{"id":9284,"date":"2019-09-30T02:37:02","date_gmt":"2019-09-30T02:37:02","guid":{"rendered":"https:\/\/correiodasemana.com\/site\/?p=9284"},"modified":"2019-09-30T02:37:02","modified_gmt":"2019-09-30T02:37:02","slug":"panorama-politico-13","status":"publish","type":"post","link":"https:\/\/correiodasemana.com\/site\/panorama-politico-13\/","title":{"rendered":"Panorama Pol\u00edtico"},"content":{"rendered":"<p><strong>Prefeitura de Carir\u00e9 inicia obras de pavimenta\u00e7\u00e3o asf\u00e1ltica<\/strong><br \/>\nForam iniciadas as obras de pavimenta\u00e7\u00e3o da Rua Isaias Machado Portela, nesta cidade. As obras est\u00e3o sendo executadas pela Copa Engenharia contratada por licita\u00e7\u00e3o p\u00fablica. \u00c9 mais uma obra iniciada na rela\u00e7\u00e3o de 12 ordens de servi\u00e7os que foram assinadas pelo prefeito Elmo Aguiar em pra\u00e7a p\u00fablica no dia 16 de setembro, por ocasi\u00e3o da festa de emancipa\u00e7\u00e3o pol\u00edtica de Carir\u00e9. Aconteceu o primeiro desafio MTB no distrito de Terra do Arroz Doce, realizado no passado dia 15. O primeiro desafio MTB &#8211; Terra do Arroz Doce fazendo parte da programa\u00e7\u00e3o alusiva aos 90 anos de emancipa\u00e7\u00e3o pol\u00edtica de Carir\u00e9. O evento foi organizado pelo atleta Cleiton Barbosa. Com apoio total da secretaria da Cultura, Turismo e Esporte e Juventude e da prefeitura municipal de Carir\u00e9.<\/p>\n<p><strong>Associa\u00e7\u00e3o Nossa Senhora da Concei\u00e7\u00e3o inaugura a Casa do Coco Baba\u00e7u<\/strong><br \/>\nA comunidade do S\u00edtio Barra, no munic\u00edpio de Meruoca realizou uma grande festa popular para inaugurar sua mais nova aquisi\u00e7\u00e3o comunit\u00e1ria a Unidade de Beneficiamento do Coco Baba\u00e7u que atender\u00e1 as fam\u00edlias daquela regi\u00e3o. A unidade ir\u00e1 oportunizar as fam\u00edlias \u00e0 aproveitarem um vegetal que aos poucos estava ficando abandonado o Coco Baba\u00e7u. As iniciativas inauguradas neste evento fortalecer\u00e3o a preserva\u00e7\u00e3o da mata nativa das nascentes de \u00e1gua da regi\u00e3o e ir\u00e1 gerar renda e sustentabilidade as fam\u00edlias beneficiadas. A programa\u00e7\u00e3o do evento contou com a presen\u00e7a dos moradores das comunidades vizinhas, s\u00f3cios da associa\u00e7\u00e3o e convidados. A Associa\u00e7\u00e3o conta com o apoio do governo do estado do Cear\u00e1, Ematerce, Projeto S\u00e3o Jos\u00e9 III e Banco Mundial.<\/p>\n<p><strong>Prefeituras de Sobral e Fortaleza e Governo do Estado aliam a\u00e7\u00f5es com o Instituto Airton Senna<\/strong><br \/>\nO prefeito Ivo Gomes participou de uma reuni\u00e3o estrat\u00e9gica para alinhamento com o Comit\u00ea Gestor de Educa\u00e7\u00e3o do Instituto Airton Senna. O encontro teve como objetivo fazer um balan\u00e7o das a\u00e7\u00f5es j\u00e1 realizadas e tra\u00e7ar novas estrat\u00e9gias para a implanta\u00e7\u00e3o da educa\u00e7\u00e3o integral por meio das compet\u00eancias s\u00f3cio emocionais. Participaram ainda do momento a vice governadora Izolda Cela, a secret\u00e1ria de Educa\u00e7\u00e3o do Cear\u00e1, Elina Estrela; o secret\u00e1rio de Educa\u00e7\u00e3o de Sobral, Herbert Lima e a Secret\u00e1ria de Educa\u00e7\u00e3o de Fortaleza, Dalila Saldanha. Na ocasi\u00e3o a vice governadora Izolda Cela, ressaltou a import\u00e2ncia das compet\u00eancias s\u00f3cio emocionais na forma\u00e7\u00e3o dos jovens. \u201cAs evid\u00eancias mais avan\u00e7adas pelo mundo todo mostra que quando o jovem tem uma boa forma\u00e7\u00e3o ter\u00e3o uma repercuss\u00e3o positiva em outras \u00e1reas, como por exemplo no desempenho acad\u00eamico. Com isso plantamos sementes muitos importantes para melhoria da sociedade\u201d, disse a vice governadora.<\/p>\n<p><strong>Vereador Cumpady Bony solicita benef\u00edcios para o povo de Sobral e distritos<\/strong><br \/>\nO vereador Cumpady Bony(PR), preocupado com o bem-estar da popula\u00e7\u00e3o de Sobral e distritos apresentou no Plen\u00e1rio da C\u00e2mara Municipal diversos requerimentos e indica\u00e7\u00f5es. Atrav\u00e9s de requerimentos o vereador do PR solicitou a imediata ilumina\u00e7\u00e3o da Rua Jos\u00e9 Carlos Sales, no Bairro Areinha situada no distrito de Aracatia\u00e7u. Solicitou ainda malha asf\u00e1ltica para a Rua Santa Terezinha &#8211; Aracatia\u00e7u. O vereador Bony indica a constru\u00e7\u00e3o de uma quadra de basquete na Rua Consola\u00e7\u00e3o no Bairro Alto da Bras\u00edlia, no munic\u00edpio de Sobral. Cumpady Bony indica malha asf\u00e1ltica para a Rua Padre Pedro Rocha no distrito de Aracatia\u00e7u. Atrav\u00e9s de projeto de lei, Cumpady Bony, denomina oficialmente a pra\u00e7a em torno do campinho no Bairro Areinha de \u201cOneide Paula Pessoa Dias\u201d, em Aracatia\u00e7u. Denomina oficialmente o campinho no Bairro Areinha de \u201cExpedito Mesquita de Sousa\u201d, tamb\u00e9m em Aracatia\u00e7u.<\/p>\n","protected":false},"excerpt":{"rendered":"<p>Prefeitura de Carir\u00e9 inicia obras de pavimenta\u00e7\u00e3o asf\u00e1ltica Foram iniciadas as obras de pavimenta\u00e7\u00e3o da&#8230;<\/p>\n","protected":false},"author":1,"featured_media":9285,"comment_status":"open","ping_status":"open","sticky":false,"template":"","format":"standard","meta":{"_jetpack_memberships_contains_paid_content":false,"footnotes":"","jetpack_publicize_message":"","jetpack_publicize_feature_enabled":true,"jetpack_social_post_already_shared":true,"jetpack_social_options":{"image_generator_settings":{"template":"highway","default_image_id":0,"font":"","enabled":false},"version":2}},"categories":[11,46],"tags":[],"class_list":["post-9284","post","type-post","status-publish","format-standard","has-post-thumbnail","hentry","category-artigos","category-panorama-politico"],"jetpack_publicize_connections":[],"jetpack_featured_media_url":"https:\/\/correiodasemana.com\/site\/wp-content\/uploads\/2019\/09\/camara-de-sobral.jpeg","jetpack-related-posts":[{"id":9128,"url":"https:\/\/correiodasemana.com\/site\/panorama-politico-11\/","url_meta":{"origin":9284,"position":0},"title":"Panorama Pol\u00edtico","author":"","date":"Setembro 15, 2019","format":false,"excerpt":"Deputado Federal Le\u00f4nidas Cristino assume PDT de Sobral Com o fim das coliga\u00e7\u00f5es partid\u00e1rias nas elei\u00e7\u00f5es 2020 \u00e9 preciso fortalecer o partido e eleger uma bancada de vereadores para dar tranquilidade ao prefeito Ivo Gomes, foi o que defendeu o deputado federal Le\u00f4nidas Cristino, ao assumir a presid\u00eancia do diret\u00f3rio\u2026","rel":"","context":"In &quot;Artigos&quot;","block_context":{"text":"Artigos","link":"https:\/\/correiodasemana.com\/site\/category\/artigos\/"},"img":{"alt_text":"","src":"https:\/\/i0.wp.com\/correiodasemana.com\/site\/wp-content\/uploads\/2019\/07\/dscf8825.jpg?resize=350%2C200&ssl=1","width":350,"height":200,"srcset":"https:\/\/i0.wp.com\/correiodasemana.com\/site\/wp-content\/uploads\/2019\/07\/dscf8825.jpg?resize=350%2C200&ssl=1 1x, https:\/\/i0.wp.com\/correiodasemana.com\/site\/wp-content\/uploads\/2019\/07\/dscf8825.jpg?resize=525%2C300&ssl=1 1.5x, https:\/\/i0.wp.com\/correiodasemana.com\/site\/wp-content\/uploads\/2019\/07\/dscf8825.jpg?resize=700%2C400&ssl=1 2x, https:\/\/i0.wp.com\/correiodasemana.com\/site\/wp-content\/uploads\/2019\/07\/dscf8825.jpg?resize=1050%2C600&ssl=1 3x, https:\/\/i0.wp.com\/correiodasemana.com\/site\/wp-content\/uploads\/2019\/07\/dscf8825.jpg?resize=1400%2C800&ssl=1 4x"},"classes":[]},{"id":10409,"url":"https:\/\/correiodasemana.com\/site\/panorama-politico-27\/","url_meta":{"origin":9284,"position":1},"title":"Panorama Pol\u00edtico","author":"","date":"Janeiro 13, 2020","format":false,"excerpt":"Sobral ocupa primeiro lugar na educa\u00e7\u00e3o b\u00e1sica A pol\u00edtica de educa\u00e7\u00e3o de Sobral, foi mais uma vez, destacada em \u00e2mbito internacional. O site da Organiza\u00e7\u00e3o das Na\u00e7\u00f5es Unidas - ONU, \u00f3rg\u00e3o que congrega mais de 190 pa\u00edses em todo mundo publicou entrevista com o prefeito Ivo Gomes. Na entrevista, o\u2026","rel":"","context":"In &quot;Artigos&quot;","block_context":{"text":"Artigos","link":"https:\/\/correiodasemana.com\/site\/category\/artigos\/"},"img":{"alt_text":"","src":"https:\/\/i0.wp.com\/correiodasemana.com\/site\/wp-content\/uploads\/2019\/09\/camara-de-sobral.jpeg?resize=350%2C200&ssl=1","width":350,"height":200,"srcset":"https:\/\/i0.wp.com\/correiodasemana.com\/site\/wp-content\/uploads\/2019\/09\/camara-de-sobral.jpeg?resize=350%2C200&ssl=1 1x, https:\/\/i0.wp.com\/correiodasemana.com\/site\/wp-content\/uploads\/2019\/09\/camara-de-sobral.jpeg?resize=525%2C300&ssl=1 1.5x, https:\/\/i0.wp.com\/correiodasemana.com\/site\/wp-content\/uploads\/2019\/09\/camara-de-sobral.jpeg?resize=700%2C400&ssl=1 2x"},"classes":[]},{"id":8871,"url":"https:\/\/correiodasemana.com\/site\/panorama-politico-8\/","url_meta":{"origin":9284,"position":2},"title":"Panorama Pol\u00edtico","author":"","date":"Agosto 27, 2019","format":false,"excerpt":"Parque Sinh\u00e1 Saboia est\u00e1 com 75% das obras conclu\u00eddas A prefeitura de Sobral, por meio da Secretaria de Infraestrutura - SEINFRA, est\u00e1 avan\u00e7ando nas obras de constru\u00e7\u00e3o do Parque Evangelina Saboia no Bairro Sinh\u00e1 Sabo\u00eda. A obra conta com recursos municipal e estadual num total de mais de 3 milh\u00f5es.\u2026","rel":"","context":"In &quot;Artigos&quot;","block_context":{"text":"Artigos","link":"https:\/\/correiodasemana.com\/site\/category\/artigos\/"},"img":{"alt_text":"","src":"https:\/\/i0.wp.com\/correiodasemana.com\/site\/wp-content\/uploads\/2019\/07\/dscf8825.jpg?resize=350%2C200&ssl=1","width":350,"height":200,"srcset":"https:\/\/i0.wp.com\/correiodasemana.com\/site\/wp-content\/uploads\/2019\/07\/dscf8825.jpg?resize=350%2C200&ssl=1 1x, https:\/\/i0.wp.com\/correiodasemana.com\/site\/wp-content\/uploads\/2019\/07\/dscf8825.jpg?resize=525%2C300&ssl=1 1.5x, https:\/\/i0.wp.com\/correiodasemana.com\/site\/wp-content\/uploads\/2019\/07\/dscf8825.jpg?resize=700%2C400&ssl=1 2x, https:\/\/i0.wp.com\/correiodasemana.com\/site\/wp-content\/uploads\/2019\/07\/dscf8825.jpg?resize=1050%2C600&ssl=1 3x, https:\/\/i0.wp.com\/correiodasemana.com\/site\/wp-content\/uploads\/2019\/07\/dscf8825.jpg?resize=1400%2C800&ssl=1 4x"},"classes":[]},{"id":9205,"url":"https:\/\/correiodasemana.com\/site\/panorama-politico-12\/","url_meta":{"origin":9284,"position":3},"title":"Panorama Pol\u00edtico","author":"","date":"Setembro 23, 2019","format":false,"excerpt":"Carir\u00e9 completa 90 anos com muito brilhantismo O prefeito, Elmo Aguiar, com toda sua equipe e com apoio do ex-prefeito, Antonio Martins, cumpriram uma vasta programa\u00e7\u00e3o na comemora\u00e7\u00e3o dos 90 anos de emancipa\u00e7\u00e3o pol\u00edtica do munic\u00edpio. Aconteceu dentro da programa\u00e7\u00e3o dos 90 anos, nove belas e encantadoras garotas carireenses desfilaram\u2026","rel":"","context":"In &quot;Artigos&quot;","block_context":{"text":"Artigos","link":"https:\/\/correiodasemana.com\/site\/category\/artigos\/"},"img":{"alt_text":"","src":"https:\/\/i0.wp.com\/correiodasemana.com\/site\/wp-content\/uploads\/2019\/07\/dscf8825.jpg?resize=350%2C200&ssl=1","width":350,"height":200,"srcset":"https:\/\/i0.wp.com\/correiodasemana.com\/site\/wp-content\/uploads\/2019\/07\/dscf8825.jpg?resize=350%2C200&ssl=1 1x, https:\/\/i0.wp.com\/correiodasemana.com\/site\/wp-content\/uploads\/2019\/07\/dscf8825.jpg?resize=525%2C300&ssl=1 1.5x, https:\/\/i0.wp.com\/correiodasemana.com\/site\/wp-content\/uploads\/2019\/07\/dscf8825.jpg?resize=700%2C400&ssl=1 2x, https:\/\/i0.wp.com\/correiodasemana.com\/site\/wp-content\/uploads\/2019\/07\/dscf8825.jpg?resize=1050%2C600&ssl=1 3x, https:\/\/i0.wp.com\/correiodasemana.com\/site\/wp-content\/uploads\/2019\/07\/dscf8825.jpg?resize=1400%2C800&ssl=1 4x"},"classes":[]},{"id":10247,"url":"https:\/\/correiodasemana.com\/site\/panorama-politico-25\/","url_meta":{"origin":9284,"position":4},"title":"Panorama Pol\u00edtico","author":"","date":"Dezembro 23, 2019","format":false,"excerpt":"Prefeito Ivo Gomes e o governado Camilo Santana inauguraram a Central de Tratamento de Res\u00edduos de Sobral Foi inaugurada neste s\u00e1bado, 14 de dezembro, a Central de Tratamento de Res\u00edduos - CTR de Sobral, localizada na CE 183 nas proximidades da BR 222. A solenidade contou com as presen\u00e7as do\u2026","rel":"","context":"In &quot;Artigos&quot;","block_context":{"text":"Artigos","link":"https:\/\/correiodasemana.com\/site\/category\/artigos\/"},"img":{"alt_text":"","src":"https:\/\/i0.wp.com\/correiodasemana.com\/site\/wp-content\/uploads\/2019\/09\/camara-de-sobral.jpeg?resize=350%2C200&ssl=1","width":350,"height":200,"srcset":"https:\/\/i0.wp.com\/correiodasemana.com\/site\/wp-content\/uploads\/2019\/09\/camara-de-sobral.jpeg?resize=350%2C200&ssl=1 1x, https:\/\/i0.wp.com\/correiodasemana.com\/site\/wp-content\/uploads\/2019\/09\/camara-de-sobral.jpeg?resize=525%2C300&ssl=1 1.5x, https:\/\/i0.wp.com\/correiodasemana.com\/site\/wp-content\/uploads\/2019\/09\/camara-de-sobral.jpeg?resize=700%2C400&ssl=1 2x"},"classes":[]},{"id":8774,"url":"https:\/\/correiodasemana.com\/site\/panorama-politico-7\/","url_meta":{"origin":9284,"position":5},"title":"Panorama Pol\u00edtico","author":"","date":"Agosto 18, 2019","format":false,"excerpt":"Prefeito Ivo Gomes entregar\u00e1 em breve o novo Alto do Cristo A prefeitura de Sobral, por meio da Secretaria da Infraestrutura - CEINF, est\u00e1 finalizando as obras de constru\u00e7\u00e3o do novo Alto do Cristo, que j\u00e1 est\u00e1 com 90% conclu\u00eddo, com uma \u00e1rea total de 20.493,68m\u00b2. O novo Alto do\u2026","rel":"","context":"In &quot;Artigos&quot;","block_context":{"text":"Artigos","link":"https:\/\/correiodasemana.com\/site\/category\/artigos\/"},"img":{"alt_text":"","src":"https:\/\/i0.wp.com\/correiodasemana.com\/site\/wp-content\/uploads\/2019\/08\/CRISTO.jpg?resize=350%2C200&ssl=1","width":350,"height":200,"srcset":"https:\/\/i0.wp.com\/correiodasemana.com\/site\/wp-content\/uploads\/2019\/08\/CRISTO.jpg?resize=350%2C200&ssl=1 1x, https:\/\/i0.wp.com\/correiodasemana.com\/site\/wp-content\/uploads\/2019\/08\/CRISTO.jpg?resize=525%2C300&ssl=1 1.5x, https:\/\/i0.wp.com\/correiodasemana.com\/site\/wp-content\/uploads\/2019\/08\/CRISTO.jpg?resize=700%2C400&ssl=1 2x, https:\/\/i0.wp.com\/correiodasemana.com\/site\/wp-content\/uploads\/2019\/08\/CRISTO.jpg?resize=1050%2C600&ssl=1 3x"},"classes":[]}],"jetpack_sharing_enabled":true,"_links":{"self":[{"href":"https:\/\/correiodasemana.com\/site\/wp-json\/wp\/v2\/posts\/9284","targetHints":{"allow":["GET"]}}],"collection":[{"href":"https:\/\/correiodasemana.com\/site\/wp-json\/wp\/v2\/posts"}],"about":[{"href":"https:\/\/correiodasemana.com\/site\/wp-json\/wp\/v2\/types\/post"}],"author":[{"embeddable":true,"href":"https:\/\/correiodasemana.com\/site\/wp-json\/wp\/v2\/users\/1"}],"replies":[{"embeddable":true,"href":"https:\/\/correiodasemana.com\/site\/wp-json\/wp\/v2\/comments?post=9284"}],"version-history":[{"count":1,"href":"https:\/\/correiodasemana.com\/site\/wp-json\/wp\/v2\/posts\/9284\/revisions"}],"predecessor-version":[{"id":9286,"href":"https:\/\/correiodasemana.com\/site\/wp-json\/wp\/v2\/posts\/9284\/revisions\/9286"}],"wp:featuredmedia":[{"embeddable":true,"href":"https:\/\/correiodasemana.com\/site\/wp-json\/wp\/v2\/media\/9285"}],"wp:attachment":[{"href":"https:\/\/correiodasemana.com\/site\/wp-json\/wp\/v2\/media?parent=9284"}],"wp:term":[{"taxonomy":"category","embeddable":true,"href":"https:\/\/correiodasemana.com\/site\/wp-json\/wp\/v2\/categories?post=9284"},{"taxonomy":"post_tag","embeddable":true,"href":"https:\/\/correiodasemana.com\/site\/wp-json\/wp\/v2\/tags?post=9284"}],"curies":[{"name":"wp","href":"https:\/\/api.w.org\/{rel}","templated":true}]}}