{"id":9307,"date":"2019-09-30T03:00:39","date_gmt":"2019-09-30T03:00:39","guid":{"rendered":"https:\/\/correiodasemana.com\/site\/?p=9307"},"modified":"2019-09-30T03:00:39","modified_gmt":"2019-09-30T03:00:39","slug":"missa-de-pascoa-dos-militares-e-realizada-na-igreja-da-gloria","status":"publish","type":"post","link":"https:\/\/correiodasemana.com\/site\/missa-de-pascoa-dos-militares-e-realizada-na-igreja-da-gloria\/","title":{"rendered":"Missa de P\u00e1scoa dos Militares \u00e9 realizada na Igreja da Gl\u00f3ria"},"content":{"rendered":"<p>Por\u00a0Elias Arruda\u00a0Publicado em\u00a017 set, 2019<\/p>\n<p>Militares se reuniram na manh\u00e3 desta ter\u00e7a-feira, na Igreja Nossa Senhora da Gl\u00f3ria, para celebrarem a P\u00e1scoa. A cerim\u00f4nia contou com padres da Arquidiocese de Juiz de Fora, do Capel\u00e3o Militar, Padre Jo\u00e3o Batista Diniz Ferreira e do General da 4\u00aa Brigada de Infantaria Leve ( Montanha), Alcio Alves.<br \/>\nEste ano, oficialmente, a Missa de P\u00e1scoa foi celebrada no dia 21 de abril. Por\u00e9m, a comemora\u00e7\u00e3o dos militares acontece em datas distintas por seguir uma tradi\u00e7\u00e3o que come\u00e7ou ap\u00f3s a Segunda Guerra Mundial, como explica o Capel\u00e3o, Padre Jo\u00e3o Ferreira \u201cA P\u00e1scoa \u00e9 sempre celebrada em um per\u00edodo diferente pois temos apenas um Arcebispo Militar e por uma quest\u00e3o hist\u00f3rica. Os militares chegaram ao Brasil ap\u00f3s a guerra, depois da P\u00e1scoa, mas ao chegarem pediram para celebr\u00e1-la no Rio de Janeiro. \u201d<br \/>\nDe acordo com o Padre Jo\u00e3o Ferreira, a Missa de P\u00e1scoa \u00e9 um momento de partilha e espiritualidade entre\u00a0aqueles que desempenham um papel de honra \u00e0 p\u00e1tria brasileira. \u201cA import\u00e2ncia da (missa \u00e9 a) ora\u00e7\u00e3o entre os militares. A ora\u00e7\u00e3o, o temor a Deus, os temores militares e familiares, mas principalmente os valores da religi\u00e3o. \u201d O Padre lembrou ainda sobre a import\u00e2ncia deste momento de reflex\u00e3o, em um m\u00eas dedicado \u00e0 preven\u00e7\u00e3o contra o suic\u00eddio. \u201cHoje o \u00edndice de suic\u00eddio entre os militares de todas as for\u00e7as e entidades como a Pol\u00edcia Militar, Civil e Bombeiros \u00e9 enorme\u201d, e completou: \u201cn\u00f3s podemos ver sempre que al\u00e9m de nossas tarefas e dificuldades n\u00f3s temos um Deus. N\u00f3s adoramos um Deus, tememos este Deus e queremos fortalecer na nossa miss\u00e3o o seguimento a Deus.\u201d<br \/>\nPor\u00e9m, como destaca o Capel\u00e3o, a assist\u00eancia religiosa oferecida \u00e0s for\u00e7as armadas e a participa\u00e7\u00e3o dos que a comp\u00f5e \u00e9 fundamental para a miss\u00e3o que exercem. \u201cTememos este Deus e queremos fortalecer na nossa miss\u00e3o o segmento a Deus. Ouvindo a palavra, e n\u00e3o s\u00f3 neste momento, mas tamb\u00e9m que os militares se confessem, comunguem, participem da Santa Missa nas suas comunidades. \u201c<br \/>\nPara o General da 4\u00aa Brigada de Infantaria, Alcio Alves, a Missa foi um momento onde todos puderam deixar o fardo pesado da profiss\u00e3o e focar na vida espiritual. \u201c\u00c9 uma oportunidade onde n\u00f3s paramos por um dia para refletirmos sobre a nossa espiritualidade e a nossa religiosidade. N\u00f3s, como militares, andamos sempre em uma linha t\u00eanue de estresse, situa\u00e7\u00f5es pesadas e lidando \u00e0s vezes com viol\u00eancia. Por isso, ter todo esse respaldo espiritual \u00e9 fundamental. Acho que esta \u00e9 a grande import\u00e2ncia da P\u00e1scoa.\u201d<\/p>\n<p><img fetchpriority=\"high\" decoding=\"async\" class=\"alignleft size-medium wp-image-9308\" src=\"https:\/\/correiodasemana.com\/site\/wp-content\/uploads\/2019\/09\/WhatsApp-Image-2019-09-23-at-11.20.31-1-300x169.jpeg\" alt=\"\" width=\"300\" height=\"169\" srcset=\"https:\/\/correiodasemana.com\/site\/wp-content\/uploads\/2019\/09\/WhatsApp-Image-2019-09-23-at-11.20.31-1-300x169.jpeg 300w, https:\/\/correiodasemana.com\/site\/wp-content\/uploads\/2019\/09\/WhatsApp-Image-2019-09-23-at-11.20.31-1-768x432.jpeg 768w, https:\/\/correiodasemana.com\/site\/wp-content\/uploads\/2019\/09\/WhatsApp-Image-2019-09-23-at-11.20.31-1-1024x576.jpeg 1024w, https:\/\/correiodasemana.com\/site\/wp-content\/uploads\/2019\/09\/WhatsApp-Image-2019-09-23-at-11.20.31-1.jpeg 1280w\" sizes=\"(max-width: 300px) 100vw, 300px\" \/> <img decoding=\"async\" class=\"alignleft size-medium wp-image-9309\" src=\"https:\/\/correiodasemana.com\/site\/wp-content\/uploads\/2019\/09\/WhatsApp-Image-2019-09-23-at-11.20.31-300x225.jpeg\" alt=\"\" width=\"300\" height=\"225\" srcset=\"https:\/\/correiodasemana.com\/site\/wp-content\/uploads\/2019\/09\/WhatsApp-Image-2019-09-23-at-11.20.31-300x225.jpeg 300w, https:\/\/correiodasemana.com\/site\/wp-content\/uploads\/2019\/09\/WhatsApp-Image-2019-09-23-at-11.20.31-768x576.jpeg 768w, https:\/\/correiodasemana.com\/site\/wp-content\/uploads\/2019\/09\/WhatsApp-Image-2019-09-23-at-11.20.31-1024x768.jpeg 1024w, https:\/\/correiodasemana.com\/site\/wp-content\/uploads\/2019\/09\/WhatsApp-Image-2019-09-23-at-11.20.31.jpeg 1280w\" sizes=\"(max-width: 300px) 100vw, 300px\" \/> <img decoding=\"async\" class=\"alignleft size-medium wp-image-9310\" src=\"https:\/\/correiodasemana.com\/site\/wp-content\/uploads\/2019\/09\/WhatsApp-Image-2019-09-23-at-11.20.32-169x300.jpeg\" alt=\"\" width=\"169\" height=\"300\" srcset=\"https:\/\/correiodasemana.com\/site\/wp-content\/uploads\/2019\/09\/WhatsApp-Image-2019-09-23-at-11.20.32-169x300.jpeg 169w, https:\/\/correiodasemana.com\/site\/wp-content\/uploads\/2019\/09\/WhatsApp-Image-2019-09-23-at-11.20.32-576x1024.jpeg 576w, https:\/\/correiodasemana.com\/site\/wp-content\/uploads\/2019\/09\/WhatsApp-Image-2019-09-23-at-11.20.32.jpeg 720w\" sizes=\"(max-width: 169px) 100vw, 169px\" \/><\/p>\n","protected":false},"excerpt":{"rendered":"<p>Por\u00a0Elias Arruda\u00a0Publicado em\u00a017 set, 2019 Militares se reuniram na manh\u00e3 desta ter\u00e7a-feira, na Igreja Nossa&#8230;<\/p>\n","protected":false},"author":1,"featured_media":9309,"comment_status":"open","ping_status":"open","sticky":false,"template":"","format":"standard","meta":{"_jetpack_memberships_contains_paid_content":false,"footnotes":"","jetpack_publicize_message":"","jetpack_publicize_feature_enabled":true,"jetpack_social_post_already_shared":true,"jetpack_social_options":{"image_generator_settings":{"template":"highway","default_image_id":0,"font":"","enabled":false},"version":2}},"categories":[1],"tags":[],"class_list":["post-9307","post","type-post","status-publish","format-standard","has-post-thumbnail","hentry","category-atualidade"],"jetpack_publicize_connections":[],"jetpack_featured_media_url":"https:\/\/correiodasemana.com\/site\/wp-content\/uploads\/2019\/09\/WhatsApp-Image-2019-09-23-at-11.20.31.jpeg","jetpack-related-posts":[{"id":22367,"url":"https:\/\/correiodasemana.com\/site\/padre-sobralense-e-escolhido-amigo-da-augusta-ordem-de-santa-barbara\/","url_meta":{"origin":9307,"position":0},"title":"Padre sobralense \u00e9 escolhido \u201cAmigo da Augusta Ordem\u201d de Santa B\u00e1rbara","author":"","date":"Dezembro 19, 2022","format":false,"excerpt":"O padre Jo\u00e3o Batista Diniz Ferreira \u00e9 escolhido membro da Augusta Ordem de Santa B\u00e1rbara na de Cruz Alta-RS. cerim\u00f4nia realizada no \u00faltimo dia 10 de dezembro pelo Comando de Artilharia Division\u00e1ria da 3\u00aa Divis\u00e3o de Ex\u00e9rcito (AD\/3), cerim\u00f4nia religiosa alusiva ao Dia de Santa B\u00e1rbara, Padroeira da Arma de\u2026","rel":"","context":"In &quot;Atualidade&quot;","block_context":{"text":"Atualidade","link":"https:\/\/correiodasemana.com\/site\/category\/atualidade\/"},"img":{"alt_text":"","src":"https:\/\/i0.wp.com\/correiodasemana.com\/site\/wp-content\/uploads\/2022\/12\/padre-sobralense-augusta-ordem.jpg?resize=350%2C200&ssl=1","width":350,"height":200,"srcset":"https:\/\/i0.wp.com\/correiodasemana.com\/site\/wp-content\/uploads\/2022\/12\/padre-sobralense-augusta-ordem.jpg?resize=350%2C200&ssl=1 1x, https:\/\/i0.wp.com\/correiodasemana.com\/site\/wp-content\/uploads\/2022\/12\/padre-sobralense-augusta-ordem.jpg?resize=525%2C300&ssl=1 1.5x, https:\/\/i0.wp.com\/correiodasemana.com\/site\/wp-content\/uploads\/2022\/12\/padre-sobralense-augusta-ordem.jpg?resize=700%2C400&ssl=1 2x"},"classes":[]},{"id":28874,"url":"https:\/\/correiodasemana.com\/site\/28874-2\/","url_meta":{"origin":9307,"position":1},"title":"Catedral de Sobral recebe milhares de fi\u00e9is durante Semana Santa","author":"adminredacao","date":"Abril 2, 2024","format":false,"excerpt":"Sexta-feira Santa Durante todo o dia, centenas de pessoas passaram pela Catedral para adora\u00e7\u00e3o a Jesus no horto e em busca de confiss\u00e3o. Pela manh\u00e3, al\u00e9m dos padres que exercem servi\u00e7o pastoral na par\u00f3quia, Dom Vasconcelos e Padre Bruno de Ara\u00fajo, reitor do Semin\u00e1rio Proped\u00eautico S\u00e3o Jos\u00e9, atenderam as confiss\u00f5es.\u2026","rel":"","context":"In &quot;Atualidade&quot;","block_context":{"text":"Atualidade","link":"https:\/\/correiodasemana.com\/site\/category\/atualidade\/"},"img":{"alt_text":"","src":"https:\/\/i0.wp.com\/correiodasemana.com\/site\/wp-content\/uploads\/2024\/04\/afafa.jpg?resize=350%2C200&ssl=1","width":350,"height":200,"srcset":"https:\/\/i0.wp.com\/correiodasemana.com\/site\/wp-content\/uploads\/2024\/04\/afafa.jpg?resize=350%2C200&ssl=1 1x, https:\/\/i0.wp.com\/correiodasemana.com\/site\/wp-content\/uploads\/2024\/04\/afafa.jpg?resize=525%2C300&ssl=1 1.5x, https:\/\/i0.wp.com\/correiodasemana.com\/site\/wp-content\/uploads\/2024\/04\/afafa.jpg?resize=700%2C400&ssl=1 2x"},"classes":[]},{"id":16151,"url":"https:\/\/correiodasemana.com\/site\/triduo-pascal-ocorre-na-catedral-da-se-com-transmissao-online-e-oracoes-pelo-fim-da-pandemia\/","url_meta":{"origin":9307,"position":2},"title":"Tr\u00edduo Pascal ocorre na Catedral da S\u00e9 com transmiss\u00e3o online e ora\u00e7\u00f5es pelo fim da pandemia","author":"","date":"Abril 12, 2021","format":false,"excerpt":"Por Samuel Carvalho - Reda\u00e7\u00e3o Correio da Semana Em mais um ano marcado pela pandemia, as celebra\u00e7\u00f5es do tr\u00edduo pascal aconteceram via transmiss\u00e3o online pelas redes sociais da par\u00f3quia da S\u00e9. Os tr\u00eas atos que ocorreram nos dias 1, 2 e 3 de Abril foram uma grande demonstra\u00e7\u00e3o de f\u00e9\u2026","rel":"","context":"In &quot;Atualidade&quot;","block_context":{"text":"Atualidade","link":"https:\/\/correiodasemana.com\/site\/category\/atualidade\/"},"img":{"alt_text":"","src":"https:\/\/i0.wp.com\/correiodasemana.com\/site\/wp-content\/uploads\/2021\/04\/Paixao-do-senhor-4.jpg?resize=350%2C200&ssl=1","width":350,"height":200,"srcset":"https:\/\/i0.wp.com\/correiodasemana.com\/site\/wp-content\/uploads\/2021\/04\/Paixao-do-senhor-4.jpg?resize=350%2C200&ssl=1 1x, https:\/\/i0.wp.com\/correiodasemana.com\/site\/wp-content\/uploads\/2021\/04\/Paixao-do-senhor-4.jpg?resize=525%2C300&ssl=1 1.5x, https:\/\/i0.wp.com\/correiodasemana.com\/site\/wp-content\/uploads\/2021\/04\/Paixao-do-senhor-4.jpg?resize=700%2C400&ssl=1 2x"},"classes":[]},{"id":24607,"url":"https:\/\/correiodasemana.com\/site\/seminario-de-capacitacao-profissional-dos-capelaes-militares-das-forcas-armadas-e-forcas-auxiliares\/","url_meta":{"origin":9307,"position":3},"title":"SEMIN\u00c1RIO de capacita\u00e7ao profissional DOS CAPEL\u00c3ES MILITARES das for\u00e7as armadas e  for\u00e7as auxiliares","author":"adminredacao","date":"Maio 14, 2023","format":false,"excerpt":"Itaici\u00a0(SP)\u00a0\u2013\u00a0No per\u00edodo de 08 a 12 de maio de 2023, o Departamento-Geral do Pessoal (DGP) realizou o Semin\u00e1rio de Capacita\u00e7\u00e3o de Capel\u00e3es Militares. O objetivo foi realizar a capacita\u00e7\u00e3o pastoral e profissional dos Capel\u00e3es( da Marinha, Ex\u00e9rcito, Aeron\u00e1utica, pol\u00edcias militares e Bombeiros militares do Brasil), promover o fortalecimento espiritual e\u2026","rel":"","context":"In &quot;Atualidade&quot;","block_context":{"text":"Atualidade","link":"https:\/\/correiodasemana.com\/site\/category\/atualidade\/"},"img":{"alt_text":"","src":"https:\/\/i0.wp.com\/correiodasemana.com\/site\/wp-content\/uploads\/2023\/05\/adad.jpg?resize=350%2C200&ssl=1","width":350,"height":200,"srcset":"https:\/\/i0.wp.com\/correiodasemana.com\/site\/wp-content\/uploads\/2023\/05\/adad.jpg?resize=350%2C200&ssl=1 1x, https:\/\/i0.wp.com\/correiodasemana.com\/site\/wp-content\/uploads\/2023\/05\/adad.jpg?resize=525%2C300&ssl=1 1.5x"},"classes":[]},{"id":24200,"url":"https:\/\/correiodasemana.com\/site\/oitava-da-pascoa\/","url_meta":{"origin":9307,"position":4},"title":"OITAVA DA P\u00c1SCOA!","author":"adminredacao","date":"Abril 24, 2023","format":false,"excerpt":"Estamos na Solenidade da P\u00e1scoa prolongada por oito dias (oitava), que \u00e9 a festa crist\u00e3 por excel\u00eancia. Para compreender bem o sentido desta Festa, partamos do texto do Quarto Evangelho: \u201cAntes da festa da P\u00e1scoa, sabendo Jesus que chegara sua hora de passar deste mundo para o Pai, tendo amado\u2026","rel":"","context":"In &quot;Atualidade&quot;","block_context":{"text":"Atualidade","link":"https:\/\/correiodasemana.com\/site\/category\/atualidade\/"},"img":{"alt_text":"","src":"https:\/\/i0.wp.com\/correiodasemana.com\/site\/wp-content\/uploads\/2019\/07\/Dom-Vasconcelos-posses.jpg?resize=350%2C200&ssl=1","width":350,"height":200,"srcset":"https:\/\/i0.wp.com\/correiodasemana.com\/site\/wp-content\/uploads\/2019\/07\/Dom-Vasconcelos-posses.jpg?resize=350%2C200&ssl=1 1x, https:\/\/i0.wp.com\/correiodasemana.com\/site\/wp-content\/uploads\/2019\/07\/Dom-Vasconcelos-posses.jpg?resize=525%2C300&ssl=1 1.5x, https:\/\/i0.wp.com\/correiodasemana.com\/site\/wp-content\/uploads\/2019\/07\/Dom-Vasconcelos-posses.jpg?resize=700%2C400&ssl=1 2x"},"classes":[]},{"id":28567,"url":"https:\/\/correiodasemana.com\/site\/apresentacao-de-militar\/","url_meta":{"origin":9307,"position":5},"title":"Apresenta\u00e7\u00e3o de Militar","author":"adminredacao","date":"Mar\u00e7o 4, 2024","format":false,"excerpt":"No dia 5 de fevereiro, foi realizada a apresenta\u00e7\u00e3o do 1\u00ba Tenente Capel\u00e3o Jo\u00e3o Batista Diniz Ferreira, oriundo do Comando de Artilharia Division\u00e1ria da 3\u00aa Divis\u00e3o de Ex\u00e9rcito (Cruz Alta-RS), movimentados para o Comando da 13\u00aa Brigada Infantaria Motorizada, Cuiab\u00e1- MT. O General Kurt fez a entrega de distintivo de\u2026","rel":"","context":"In &quot;Atualidade&quot;","block_context":{"text":"Atualidade","link":"https:\/\/correiodasemana.com\/site\/category\/atualidade\/"},"img":{"alt_text":"","src":"https:\/\/i0.wp.com\/correiodasemana.com\/site\/wp-content\/uploads\/2024\/03\/05.jpg?resize=350%2C200&ssl=1","width":350,"height":200,"srcset":"https:\/\/i0.wp.com\/correiodasemana.com\/site\/wp-content\/uploads\/2024\/03\/05.jpg?resize=350%2C200&ssl=1 1x, https:\/\/i0.wp.com\/correiodasemana.com\/site\/wp-content\/uploads\/2024\/03\/05.jpg?resize=525%2C300&ssl=1 1.5x, https:\/\/i0.wp.com\/correiodasemana.com\/site\/wp-content\/uploads\/2024\/03\/05.jpg?resize=700%2C400&ssl=1 2x"},"classes":[]}],"jetpack_sharing_enabled":true,"_links":{"self":[{"href":"https:\/\/correiodasemana.com\/site\/wp-json\/wp\/v2\/posts\/9307","targetHints":{"allow":["GET"]}}],"collection":[{"href":"https:\/\/correiodasemana.com\/site\/wp-json\/wp\/v2\/posts"}],"about":[{"href":"https:\/\/correiodasemana.com\/site\/wp-json\/wp\/v2\/types\/post"}],"author":[{"embeddable":true,"href":"https:\/\/correiodasemana.com\/site\/wp-json\/wp\/v2\/users\/1"}],"replies":[{"embeddable":true,"href":"https:\/\/correiodasemana.com\/site\/wp-json\/wp\/v2\/comments?post=9307"}],"version-history":[{"count":1,"href":"https:\/\/correiodasemana.com\/site\/wp-json\/wp\/v2\/posts\/9307\/revisions"}],"predecessor-version":[{"id":9311,"href":"https:\/\/correiodasemana.com\/site\/wp-json\/wp\/v2\/posts\/9307\/revisions\/9311"}],"wp:featuredmedia":[{"embeddable":true,"href":"https:\/\/correiodasemana.com\/site\/wp-json\/wp\/v2\/media\/9309"}],"wp:attachment":[{"href":"https:\/\/correiodasemana.com\/site\/wp-json\/wp\/v2\/media?parent=9307"}],"wp:term":[{"taxonomy":"category","embeddable":true,"href":"https:\/\/correiodasemana.com\/site\/wp-json\/wp\/v2\/categories?post=9307"},{"taxonomy":"post_tag","embeddable":true,"href":"https:\/\/correiodasemana.com\/site\/wp-json\/wp\/v2\/tags?post=9307"}],"curies":[{"name":"wp","href":"https:\/\/api.w.org\/{rel}","templated":true}]}}