{"id":9312,"date":"2019-09-30T03:02:33","date_gmt":"2019-09-30T03:02:33","guid":{"rendered":"https:\/\/correiodasemana.com\/site\/?p=9312"},"modified":"2019-09-30T03:02:33","modified_gmt":"2019-09-30T03:02:33","slug":"em-tempo-13","status":"publish","type":"post","link":"https:\/\/correiodasemana.com\/site\/em-tempo-13\/","title":{"rendered":"Em Tempo"},"content":{"rendered":"<p><strong>IBGE anuncia sele\u00e7\u00e3o com 2.658\u00a0vagas<\/strong><br \/>\nO Instituto Brasileiro de Geografia e Estat\u00edstica abriu processo seletivo para 2.658 vagas. S\u00e3o 1.343 vagas para coordenador censit\u00e1rio sub\u00e1rea (n\u00edvel superior) e 1.315 vagas para agente censit\u00e1rio operacional (n\u00edvel m\u00e9dio), distribu\u00eddas pelas 27 unidades da Federa\u00e7\u00e3o.<br \/>\nOs sal\u00e1rios s\u00e3o de R$ 3.100 para coordenador e de R$ 1.700 para agente. As inscri\u00e7\u00f5es devem ser feitas at\u00e9 15 de outubro pelo site\u00a0https:\/\/fgvprojetos.fgv.br\/concursos\/ibgepss2019. As taxas s\u00e3o de R$ 42,50 e de R$ 58,00. As provas est\u00e3o previstas para 8 de dezembro.<\/p>\n<p><strong>Mestrado em Sa\u00fade da Fam\u00edlia em rede<\/strong><br \/>\nEstar\u00e3o abertas, de 2 a 18 de outubro, inscri\u00e7\u00f5es para\u00a0sele\u00e7\u00e3o do Mestrado Profissional em Sa\u00fade da Fam\u00edlia em rede, com 170 vagas. O MPSF \u00e9 uma parceria entre Universidade Federal do Cear\u00e1 (UFC), Funda\u00e7\u00e3o Oswaldo Cruz (FIOCRUZ) e outras universidades.<br \/>\nTamb\u00e9m participam Universidade Estadual do Cear\u00e1, Universidade Vale do Acara\u00fa, Universidade Federal do Maranh\u00e3o, Universidade Federal da Para\u00edba, Universidade Regional do Cariri, Universidade Federal do Piau\u00ed e Universidade Federal do Rio Grande do Norte.<\/p>\n<p><strong>\u201cDem\u00f4nios da Garoa\u201d em Crato e Sobral<\/strong><br \/>\nFoto-Divulga\u00e7\u00e3o<br \/>\nGrupo agrada desde os mais antigos at\u00e9 os mais novos expectadores em todo o Brasil<br \/>\n\u201cTrem das Onze\u201d, \u201cSaudosa Maloca\u201d, \u201cMulher Rendeira\u201d, \u201cTiro ao Alvo\u201d, \u201cAi, que Saudade da Am\u00e9lia\u201d, \u201cEu Sou o Samba\u201d, esses e outros sucessos de \u201cDem\u00f4nios da Garoa\u201d ser\u00e3o relembrados em edi\u00e7\u00e3o do projeto \u201cEstacionamento da M\u00fasica\u201d do Sesc,<br \/>\nO grupo paulistano far\u00e1 shows em Crato e Sobral, respectivamente, nos dias 24 e 25 de outubro. \u201cDem\u00f4nios da Garoa\u201d tem o reconhecimento do Guinness Book, edi\u00e7\u00e3o de 1994, como o Grupo mais antigo e em atividade no mundo, com mais de 2.250 discos ao longo da carreira.<\/p>\n<p><strong>Saneamento e meio ambiente em debate<\/strong><br \/>\nO Servi\u00e7o Aut\u00f4nomo de \u00c1gua e Esgoto de Sobral (SAAE) esteve presente na 30\u00aa Feira Nacional de Saneamento e Meio Ambiente (Fenasan), em S\u00e3o Paulo (SP), com o diretor-presidente, Edmundo Rodrigues J\u00fanior, e o diretor operacional, Davi Sousa Vasconcelos.<br \/>\nA programa\u00e7\u00e3o teve in\u00edcio no dia 17\/ e prosseguiu at\u00e9 20 de setembro. Em car\u00e1ter simult\u00e2neo com o Encontro T\u00e9cnico da AESabesp \u2013 Congresso Nacional de Saneamento e Meio Ambiente, a Fenasan \u00e9 considerada como o maior evento do setor na Am\u00e9rica Latina.<\/p>\n<p><strong>Programas de Resid\u00eancias na URCA<\/strong><br \/>\nA Universidade Regional do Cariri (URCA) publicou edital referente ao Processo Seletivo dos Programas de Resid\u00eancias Multiprofissional em Sa\u00fade Coletiva e Uniprofissional em Enfermagem Obst\u00e9trica. Inscri\u00e7\u00f5es pela internet, no per\u00edodo de 14 a 28 de outubro.<br \/>\nOs Programas de Resid\u00eancias ser\u00e3o desenvolvidos atrav\u00e9s da Pr\u00f3-Reitoria de P\u00f3s-Gradua\u00e7\u00e3o e Pesquisa (PRPGP); e regidos pela Comiss\u00e3o de Resid\u00eancia Multiprofissional (COREMU) da URCA e demais disposi\u00e7\u00f5es dos Minist\u00e9rios da Sa\u00fade e da Educa\u00e7\u00e3o.<\/p>\n<p><strong>Dica da Coluna<\/strong><br \/>\nLeia o Blog do Edilson (www.blogdoedilson.com.br). Cultura, educa\u00e7\u00e3o, pol\u00edtica e utilidade p\u00fablica.<\/p>\n","protected":false},"excerpt":{"rendered":"<p>IBGE anuncia sele\u00e7\u00e3o com 2.658\u00a0vagas O Instituto Brasileiro de Geografia e Estat\u00edstica abriu processo seletivo&#8230;<\/p>\n","protected":false},"author":1,"featured_media":9313,"comment_status":"open","ping_status":"open","sticky":false,"template":"","format":"standard","meta":{"_jetpack_memberships_contains_paid_content":false,"footnotes":"","jetpack_publicize_message":"","jetpack_publicize_feature_enabled":true,"jetpack_social_post_already_shared":true,"jetpack_social_options":{"image_generator_settings":{"template":"highway","default_image_id":0,"font":"","enabled":false},"version":2}},"categories":[11,36],"tags":[],"class_list":["post-9312","post","type-post","status-publish","format-standard","has-post-thumbnail","hentry","category-artigos","category-em-tempo"],"jetpack_publicize_connections":[],"jetpack_featured_media_url":"https:\/\/correiodasemana.com\/site\/wp-content\/uploads\/2019\/09\/thumbnail_FOTOS-5-1024x727.jpg","jetpack-related-posts":[{"id":11224,"url":"https:\/\/correiodasemana.com\/site\/em-tempo-35\/","url_meta":{"origin":9312,"position":0},"title":"Em Tempo","author":"","date":"Mar\u00e7o 18, 2020","format":false,"excerpt":"MPCE abre vagas para estagi\u00e1rios O Minist\u00e9rio P\u00fablico do Cear\u00e1 (MPCE) divulgou edital de sele\u00e7\u00e3o de estagi\u00e1rios. Os estudantes universit\u00e1rios podem\u00a0submeter candidatura\u00a0at\u00e9 10 de abril. O valor da bolsa \u00e9 de R$ 937, mais aux\u00edlio-transporte de R$ 140,80, com carga hor\u00e1ria de 25 horas semanais. A prova est\u00e1 prevista para\u2026","rel":"","context":"In &quot;Artigos&quot;","block_context":{"text":"Artigos","link":"https:\/\/correiodasemana.com\/site\/category\/artigos\/"},"img":{"alt_text":"","src":"https:\/\/i0.wp.com\/correiodasemana.com\/site\/wp-content\/uploads\/2020\/03\/image-1.jpg?resize=350%2C200&ssl=1","width":350,"height":200,"srcset":"https:\/\/i0.wp.com\/correiodasemana.com\/site\/wp-content\/uploads\/2020\/03\/image-1.jpg?resize=350%2C200&ssl=1 1x, https:\/\/i0.wp.com\/correiodasemana.com\/site\/wp-content\/uploads\/2020\/03\/image-1.jpg?resize=525%2C300&ssl=1 1.5x, https:\/\/i0.wp.com\/correiodasemana.com\/site\/wp-content\/uploads\/2020\/03\/image-1.jpg?resize=700%2C400&ssl=1 2x, https:\/\/i0.wp.com\/correiodasemana.com\/site\/wp-content\/uploads\/2020\/03\/image-1.jpg?resize=1050%2C600&ssl=1 3x, https:\/\/i0.wp.com\/correiodasemana.com\/site\/wp-content\/uploads\/2020\/03\/image-1.jpg?resize=1400%2C800&ssl=1 4x"},"classes":[]},{"id":9319,"url":"https:\/\/correiodasemana.com\/site\/boletim-da-semana\/","url_meta":{"origin":9312,"position":1},"title":"Boletim da Semana","author":"","date":"Setembro 30, 2019","format":false,"excerpt":"Prefeito Ivo Gomes dar\u00e1 posse a 37 professores no dia 1\u00ba de outubro Abrindo as comemora\u00e7\u00f5es do M\u00eas do Professor, o prefeito Ivo Gomes e o secret\u00e1rio da Educa\u00e7\u00e3o, Herbert Lima, dar\u00e3o posse, no dia 1\u00ba de outubro, a 37 professores aprovados no concurso p\u00fablico (edital n\u00ba 04\/2018).\u00a0 O ato\u2026","rel":"","context":"In &quot;Destaques&quot;","block_context":{"text":"Destaques","link":"https:\/\/correiodasemana.com\/site\/category\/destaques\/"},"img":{"alt_text":"","src":"https:\/\/i0.wp.com\/correiodasemana.com\/site\/wp-content\/uploads\/2019\/09\/Uniseg.jpg?resize=350%2C200&ssl=1","width":350,"height":200,"srcset":"https:\/\/i0.wp.com\/correiodasemana.com\/site\/wp-content\/uploads\/2019\/09\/Uniseg.jpg?resize=350%2C200&ssl=1 1x, https:\/\/i0.wp.com\/correiodasemana.com\/site\/wp-content\/uploads\/2019\/09\/Uniseg.jpg?resize=525%2C300&ssl=1 1.5x, https:\/\/i0.wp.com\/correiodasemana.com\/site\/wp-content\/uploads\/2019\/09\/Uniseg.jpg?resize=700%2C400&ssl=1 2x"},"classes":[]},{"id":17675,"url":"https:\/\/correiodasemana.com\/site\/em-tempo-102\/","url_meta":{"origin":9312,"position":2},"title":"Em Tempo","author":"","date":"Outubro 4, 2021","format":false,"excerpt":"Sele\u00e7\u00e3o para bolsistas na Embrapa Embrapa Caprinos e Ovinos selecionar\u00e1 bolsistas para projetos de pesquisa, com atua\u00e7\u00e3o na sua sede, em Sobral (CE) e em n\u00facleos regionais em Campina Grande (PB) e em Coronel Pacheco (MG). As inscri\u00e7\u00f5es v\u00e3o at\u00e9 8 de outubro pelo e-mail\u00a0cnpc.estagios@embrapa.br. O edital de sele\u00e7\u00e3o prev\u00ea\u2026","rel":"","context":"In &quot;Artigos&quot;","block_context":{"text":"Artigos","link":"https:\/\/correiodasemana.com\/site\/category\/artigos\/"},"img":{"alt_text":"","src":"https:\/\/i0.wp.com\/correiodasemana.com\/site\/wp-content\/uploads\/2019\/12\/FOTO-EDILSON-SILVA-2.jpg?resize=350%2C200&ssl=1","width":350,"height":200,"srcset":"https:\/\/i0.wp.com\/correiodasemana.com\/site\/wp-content\/uploads\/2019\/12\/FOTO-EDILSON-SILVA-2.jpg?resize=350%2C200&ssl=1 1x, https:\/\/i0.wp.com\/correiodasemana.com\/site\/wp-content\/uploads\/2019\/12\/FOTO-EDILSON-SILVA-2.jpg?resize=525%2C300&ssl=1 1.5x, https:\/\/i0.wp.com\/correiodasemana.com\/site\/wp-content\/uploads\/2019\/12\/FOTO-EDILSON-SILVA-2.jpg?resize=700%2C400&ssl=1 2x"},"classes":[]},{"id":37048,"url":"https:\/\/correiodasemana.com\/site\/em-tempo-310\/","url_meta":{"origin":9312,"position":3},"title":"EM TEMPO \u2022","author":"adminredacao","date":"Janeiro 17, 2026","format":false,"excerpt":"Editais da Pol\u00edtica Nacional Aldir Blanc Secretaria da Cultura do Estado tem oito editais do segundo ciclo da Pol\u00edtica Nacional Aldir Blanc de Fomento \u00e0 Cultura, com inscri\u00e7\u00f5es at\u00e9 23 de janeiro, exclusivamente pelo Mapa Cultural do Cear\u00e1, onde tamb\u00e9m est\u00e3o dispon\u00edveis os regulamentos e demais informa\u00e7\u00f5es. Editais: Pr\u00eamio Pedro\u2026","rel":"","context":"In &quot;Artigos&quot;","block_context":{"text":"Artigos","link":"https:\/\/correiodasemana.com\/site\/category\/artigos\/"},"img":{"alt_text":"","src":"https:\/\/i0.wp.com\/correiodasemana.com\/site\/wp-content\/uploads\/2026\/01\/Wagner-Moura-150x150.jpg?resize=350%2C200&ssl=1","width":350,"height":200,"srcset":"https:\/\/i0.wp.com\/correiodasemana.com\/site\/wp-content\/uploads\/2026\/01\/Wagner-Moura-150x150.jpg?resize=350%2C200&ssl=1 1x, https:\/\/i0.wp.com\/correiodasemana.com\/site\/wp-content\/uploads\/2026\/01\/Wagner-Moura-150x150.jpg?resize=525%2C300&ssl=1 1.5x, https:\/\/i0.wp.com\/correiodasemana.com\/site\/wp-content\/uploads\/2026\/01\/Wagner-Moura-150x150.jpg?resize=700%2C400&ssl=1 2x"},"classes":[]},{"id":9466,"url":"https:\/\/correiodasemana.com\/site\/em-tempo-15\/","url_meta":{"origin":9312,"position":4},"title":"Em Tempo","author":"","date":"Outubro 14, 2019","format":false,"excerpt":"Sele\u00e7\u00e3o para o VLT tem 22 vagas Come\u00e7am no dia 14 de outubro as inscri\u00e7\u00f5es para sele\u00e7\u00e3o p\u00fablica do VLT de Sobral, que contratar\u00e1 22 pessoas para vagas de condutores, agentes de esta\u00e7\u00e3o, manobradores de trem e assistentes controladores de movimento para o per\u00edodo de ano, prorrog\u00e1vel por mais um\u2026","rel":"","context":"In &quot;Artigos&quot;","block_context":{"text":"Artigos","link":"https:\/\/correiodasemana.com\/site\/category\/artigos\/"},"img":{"alt_text":"","src":"https:\/\/i0.wp.com\/correiodasemana.com\/site\/wp-content\/uploads\/2019\/10\/0440c8e8-33c6-47c3-afae-edde533b3c6e.jpg?resize=350%2C200&ssl=1","width":350,"height":200,"srcset":"https:\/\/i0.wp.com\/correiodasemana.com\/site\/wp-content\/uploads\/2019\/10\/0440c8e8-33c6-47c3-afae-edde533b3c6e.jpg?resize=350%2C200&ssl=1 1x, https:\/\/i0.wp.com\/correiodasemana.com\/site\/wp-content\/uploads\/2019\/10\/0440c8e8-33c6-47c3-afae-edde533b3c6e.jpg?resize=525%2C300&ssl=1 1.5x, https:\/\/i0.wp.com\/correiodasemana.com\/site\/wp-content\/uploads\/2019\/10\/0440c8e8-33c6-47c3-afae-edde533b3c6e.jpg?resize=700%2C400&ssl=1 2x"},"classes":[]},{"id":35946,"url":"https:\/\/correiodasemana.com\/site\/em-tempo-298\/","url_meta":{"origin":9312,"position":5},"title":"EM TEMPO \u2022","author":"adminredacao","date":"Outubro 29, 2025","format":false,"excerpt":"Programa de capacita\u00e7\u00e3o de jornalistas O Sindicato dos Jornalistas do Cear\u00e1 (Sindjorce) recebe inscri\u00e7\u00f5es, at\u00e9 24 de outubro, para Programa Jovem Jornalista. Aulas acorrer\u00e3o de 28 de outubro a 5 de fevereiro de 2026. S\u00e3o 80 vagas:30 presenciais em Fortaleza e 50 para participantes do interior, via plataforma Zoom. O\u2026","rel":"","context":"In &quot;Artigos&quot;","block_context":{"text":"Artigos","link":"https:\/\/correiodasemana.com\/site\/category\/artigos\/"},"img":{"alt_text":"","src":"https:\/\/i0.wp.com\/correiodasemana.com\/site\/wp-content\/uploads\/2025\/10\/Cearenses-finalistas-2025-150x150.jpg?resize=350%2C200&ssl=1","width":350,"height":200,"srcset":"https:\/\/i0.wp.com\/correiodasemana.com\/site\/wp-content\/uploads\/2025\/10\/Cearenses-finalistas-2025-150x150.jpg?resize=350%2C200&ssl=1 1x, https:\/\/i0.wp.com\/correiodasemana.com\/site\/wp-content\/uploads\/2025\/10\/Cearenses-finalistas-2025-150x150.jpg?resize=525%2C300&ssl=1 1.5x, https:\/\/i0.wp.com\/correiodasemana.com\/site\/wp-content\/uploads\/2025\/10\/Cearenses-finalistas-2025-150x150.jpg?resize=700%2C400&ssl=1 2x"},"classes":[]}],"jetpack_sharing_enabled":true,"_links":{"self":[{"href":"https:\/\/correiodasemana.com\/site\/wp-json\/wp\/v2\/posts\/9312","targetHints":{"allow":["GET"]}}],"collection":[{"href":"https:\/\/correiodasemana.com\/site\/wp-json\/wp\/v2\/posts"}],"about":[{"href":"https:\/\/correiodasemana.com\/site\/wp-json\/wp\/v2\/types\/post"}],"author":[{"embeddable":true,"href":"https:\/\/correiodasemana.com\/site\/wp-json\/wp\/v2\/users\/1"}],"replies":[{"embeddable":true,"href":"https:\/\/correiodasemana.com\/site\/wp-json\/wp\/v2\/comments?post=9312"}],"version-history":[{"count":1,"href":"https:\/\/correiodasemana.com\/site\/wp-json\/wp\/v2\/posts\/9312\/revisions"}],"predecessor-version":[{"id":9314,"href":"https:\/\/correiodasemana.com\/site\/wp-json\/wp\/v2\/posts\/9312\/revisions\/9314"}],"wp:featuredmedia":[{"embeddable":true,"href":"https:\/\/correiodasemana.com\/site\/wp-json\/wp\/v2\/media\/9313"}],"wp:attachment":[{"href":"https:\/\/correiodasemana.com\/site\/wp-json\/wp\/v2\/media?parent=9312"}],"wp:term":[{"taxonomy":"category","embeddable":true,"href":"https:\/\/correiodasemana.com\/site\/wp-json\/wp\/v2\/categories?post=9312"},{"taxonomy":"post_tag","embeddable":true,"href":"https:\/\/correiodasemana.com\/site\/wp-json\/wp\/v2\/tags?post=9312"}],"curies":[{"name":"wp","href":"https:\/\/api.w.org\/{rel}","templated":true}]}}