{"id":9317,"date":"2019-09-30T03:05:32","date_gmt":"2019-09-30T03:05:32","guid":{"rendered":"https:\/\/correiodasemana.com\/site\/?p=9317"},"modified":"2019-09-30T03:09:36","modified_gmt":"2019-09-30T03:09:36","slug":"agenda-da-semana","status":"publish","type":"post","link":"https:\/\/correiodasemana.com\/site\/agenda-da-semana\/","title":{"rendered":"Agenda da Semana"},"content":{"rendered":"<p>A\u00c7\u00c3O: Quarta do Conto<br \/>\nDATA: 02 de outubro<br \/>\nHOR\u00c1RIO: 09:00<br \/>\nLOCAL: Sala de Leitura Cordeiro de Andrade (CASA DA CULTURA)<br \/>\nPROGRAMA\u00c7\u00c3O: Conta\u00e7\u00e3o de Hist\u00f3rias com Beto Rodrigues<br \/>\nP\u00daBLICO: LIVRE<\/p>\n<p>A\u00c7\u00c3O: Cinema na casa &#8211; Festival N\u00f3ia Intinerante<br \/>\nDATAS: 02 de outubro<br \/>\nPROPOSTA: Filmes para p\u00fablico adulto, mostra de filmes universit\u00e1rios<br \/>\nHOR\u00c1RIO: 19h<br \/>\nLOCAL: CASA DA CULTURA<br \/>\nPROGRAMA\u00c7\u00c3O: O Festival re\u00fane curtas-metragens, grupos musicais e trabalhos fotogr\u00e1ficos realizados no ambiente acad\u00eamico, por estudantes. A programa\u00e7\u00e3o acontece gratuitamente de 22 a 27 de outubro de 2019, no Centro Drag\u00e3o do Mar de Arte e Cultura, em Fortaleza\/CE e dia 02\/10 em Sobral no Cine Falb Rangel apenas com a exibi\u00e7\u00e3o dos curtas-metragens.<br \/>\nACESSO: GRATUITO<\/p>\n<p>A\u00c7\u00c3O: Exposi\u00e7\u00e3o Meninas do Rio (Hall) Edital de Ocupa\u00e7\u00e3o da Casa da Cultura 2019.2<br \/>\nDATAS: 03 de Outubro<br \/>\nHOR\u00c1RIO: 19h<br \/>\nLOCAL: Hall da Casa da Cultura de Sobral<br \/>\nPROGRAMA\u00c7\u00c3O: Exposi\u00e7\u00e3o do artista pl\u00e1stico Ed Ferrera com uma tem\u00e1tica voltada para mulheres lavadeiras do Rio Acara\u00fa. Na abertura haver\u00e1 um momento de conversa com os representantes da cultura popular, dado foco a figura da lavadeira. Proposta acatada pelo artista.<\/p>\n<p>A\u00c7\u00c3O: Apresenta\u00e7\u00e3o da Banda Maestro Jos\u00e9 Pedro<br \/>\nDATA: 04 de outubro (Sexta-feira)<br \/>\nHOR\u00c1RIO: 17h<br \/>\nLOCAL: Santu\u00e1rio S\u00e3o Francisco<br \/>\nPROGRAMA\u00c7\u00c3O: Prociss\u00e3o Festa de S\u00e3o Francisco de Assis<\/p>\n<p>A\u00c7\u00c3O: Edital de Ocupa\u00e7\u00e3o Theatro S\u00e3o Jo\u00e3o<br \/>\nData: 04 de outubro(Sexta)<br \/>\nHOR\u00c1RIO: 18 h<br \/>\nLOCAL: Theatro S\u00e3o Jo\u00e3o<br \/>\nPROGRAMA\u00c7\u00c3O: Pe\u00e7a infantil \u201cOra bolas\u201dCIA. Itinerante de malabares<br \/>\nValor ingresso: R$ 5,00(meia) R$ 10,00(inteira)<\/p>\n<p>A\u00c7\u00c3O: Clubinho do Patrim\u00f4nio Especial M\u00eas das Crian\u00e7as<br \/>\nDATA: 09 e 25 de outubro<br \/>\nLOCAL: Casa do Capit\u00e3o- Mor<br \/>\nPROGRAMA\u00c7\u00c3O: Atividades semanais voltadas para o p\u00fablico infantil.<br \/>\n(oficinas de pintura e colagem, jogos educativos da CCM, caixa arqueol\u00f3gica, filme sobre patrim\u00f4nio cultural, jogos educativos da Casa do Capit\u00e3o-Mor).<\/p>\n<p>A\u00c7\u00c3O: Oficina Museus em fluxo &#8211; II Edital de Ocupa\u00e7\u00e3o da Casa da Cultura de Sobral<br \/>\nDATAS: 05 de outubro<br \/>\nHOR\u00c1RIO: 08h \u00e0s 12h e 13h \u00e0s 17h<br \/>\nPROGRAMA\u00c7\u00c3O: Forma\u00e7\u00e3o para mediadores dos espa\u00e7os culturais e p\u00fablico em geral.<\/p>\n<p>A\u00c7\u00c3O: Cineminha na casa<br \/>\nDATAS: 05 de outubro<br \/>\nHOR\u00c1RIO: 17h<br \/>\nLOCAL: Cinema da Casa da Cultura<br \/>\nPROGRAMA\u00c7\u00c3O: Filme &#8211; Procurando Dory<br \/>\nAcesso: Gratuito e Livre<\/p>\n<p>A\u00c7\u00c3O:Edital de Ocupa\u00e7\u00e3o Theatro S\u00e3o Jo\u00e3o<br \/>\nDATA: 06 de outubro<br \/>\nHOR\u00c1RIO: 20h<br \/>\nLOCAL: Theatro S\u00e3o Jo\u00e3o<br \/>\nPROGRAMA\u00c7\u00c3O: Pe\u00e7a Corpo d\u00f3cil<br \/>\nINGRESSOS: R$ 5,00 (Meia) e R$ 10,00 (Inteira)<\/p>\n","protected":false},"excerpt":{"rendered":"<p>A\u00c7\u00c3O: Quarta do Conto DATA: 02 de outubro HOR\u00c1RIO: 09:00 LOCAL: Sala de Leitura Cordeiro&#8230;<\/p>\n","protected":false},"author":1,"featured_media":9096,"comment_status":"open","ping_status":"open","sticky":false,"template":"","format":"standard","meta":{"_jetpack_memberships_contains_paid_content":false,"footnotes":"","jetpack_publicize_message":"","jetpack_publicize_feature_enabled":true,"jetpack_social_post_already_shared":true,"jetpack_social_options":{"image_generator_settings":{"template":"highway","default_image_id":0,"font":"","enabled":false},"version":2}},"categories":[69,32],"tags":[],"class_list":["post-9317","post","type-post","status-publish","format-standard","has-post-thumbnail","hentry","category-agenda-da-semana","category-destaques"],"jetpack_publicize_connections":[],"jetpack_featured_media_url":"https:\/\/correiodasemana.com\/site\/wp-content\/uploads\/2019\/09\/Museu-Dom-Jos\u00e9-de-Sobral.jpg","jetpack-related-posts":[],"jetpack_sharing_enabled":true,"_links":{"self":[{"href":"https:\/\/correiodasemana.com\/site\/wp-json\/wp\/v2\/posts\/9317","targetHints":{"allow":["GET"]}}],"collection":[{"href":"https:\/\/correiodasemana.com\/site\/wp-json\/wp\/v2\/posts"}],"about":[{"href":"https:\/\/correiodasemana.com\/site\/wp-json\/wp\/v2\/types\/post"}],"author":[{"embeddable":true,"href":"https:\/\/correiodasemana.com\/site\/wp-json\/wp\/v2\/users\/1"}],"replies":[{"embeddable":true,"href":"https:\/\/correiodasemana.com\/site\/wp-json\/wp\/v2\/comments?post=9317"}],"version-history":[{"count":1,"href":"https:\/\/correiodasemana.com\/site\/wp-json\/wp\/v2\/posts\/9317\/revisions"}],"predecessor-version":[{"id":9318,"href":"https:\/\/correiodasemana.com\/site\/wp-json\/wp\/v2\/posts\/9317\/revisions\/9318"}],"wp:featuredmedia":[{"embeddable":true,"href":"https:\/\/correiodasemana.com\/site\/wp-json\/wp\/v2\/media\/9096"}],"wp:attachment":[{"href":"https:\/\/correiodasemana.com\/site\/wp-json\/wp\/v2\/media?parent=9317"}],"wp:term":[{"taxonomy":"category","embeddable":true,"href":"https:\/\/correiodasemana.com\/site\/wp-json\/wp\/v2\/categories?post=9317"},{"taxonomy":"post_tag","embeddable":true,"href":"https:\/\/correiodasemana.com\/site\/wp-json\/wp\/v2\/tags?post=9317"}],"curies":[{"name":"wp","href":"https:\/\/api.w.org\/{rel}","templated":true}]}}