{"id":9319,"date":"2019-09-30T03:09:14","date_gmt":"2019-09-30T03:09:14","guid":{"rendered":"https:\/\/correiodasemana.com\/site\/?p=9319"},"modified":"2019-09-30T03:11:18","modified_gmt":"2019-09-30T03:11:18","slug":"boletim-da-semana","status":"publish","type":"post","link":"https:\/\/correiodasemana.com\/site\/boletim-da-semana\/","title":{"rendered":"Boletim da Semana"},"content":{"rendered":"<p><strong>Prefeito Ivo Gomes dar\u00e1 posse a 37 professores no dia 1\u00ba de outubro<\/strong><br \/>\nAbrindo as comemora\u00e7\u00f5es do M\u00eas do Professor, o prefeito Ivo Gomes e o secret\u00e1rio da Educa\u00e7\u00e3o, Herbert Lima, dar\u00e3o posse, no dia 1\u00ba de outubro, a 37 professores aprovados no concurso p\u00fablico (edital n\u00ba 04\/2018).\u00a0 O ato solene ser\u00e1 realizado \u00e0s 17 horas, no hall do quinto andar da Prefeitura de SobralOs professores das disciplinas de Portugu\u00eas, Matem\u00e1tica, Ci\u00eancias, Biologia, F\u00edsica, Qu\u00edmica, Hist\u00f3ria, Geografia, Educa\u00e7\u00e3o F\u00edsica, Ingl\u00eas e Artes passar\u00e3o a compor o quadro efetivo da rede municipal de ensino de Sobral, ser\u00e3o lotados e entrar\u00e3o em efetivo exerc\u00edcio nos dias subsequentes. Com informa\u00e7\u00f5es da Assessoria da Prefeitura Municipal de Sobral<\/p>\n<p><strong>Gilmar Silva j\u00e1 n\u00e3o \u00e9 mais treinador do Guarany de Sobral<\/strong><br \/>\nO Guarany informa que Gilmar Silva n\u00e3o \u00e9 mais treinador do time na disputa da Ta\u00e7a Fares Lopes.\u00a0A Diretoria do Cacique do Vale agradece os servi\u00e7os prestados do treinador e deseja sucesso na sequ\u00eancia da carreira. Com informa\u00e7\u00f5es do site SobralOnline<\/p>\n<p><strong>C\u00e2mara realiza Sess\u00e3o Solene na XI Semana da Pessoa com Defici\u00eancia<\/strong><br \/>\nO plen\u00e1rio da C\u00e2mara Municipal de Sobral ficou lotado na noite desta ter\u00e7a-feira (24), por ocasi\u00e3o da Sess\u00e3o Especial em comemora\u00e7\u00e3o a XI Semana da Pessoa com Defici\u00eancia no Munic\u00edpio de Sobral. A sess\u00e3o foi presidida pelo pr\u00f3prio autor da propositura, que contou com os seguintes homenageados:\u00a0Ana Lyzia Dias Mont\u2019Alverne, Cristina Maria Nunes de Sousa, Denise Lopes Lima, M\u00f4nica Sousa Lima, Iara Leite Sousa, Jos\u00e9 St\u00eanio Xavier, Maria da Concei\u00e7\u00e3o Sousa Ponte, Maria do Socorro Fernandes, Maur\u00edcio Romero Maceu e Prof. Vicente de Paulo Batista de Sousa. Com informa\u00e7\u00f5es da C\u00e2mara Municipal de Sobral<\/p>\n<p><strong>Dez chefes de fac\u00e7\u00e3o criminosa que ordenou ataques no Cear\u00e1 ser\u00e3o transferidos para pres\u00eddios federais<\/strong><br \/>\nA informa\u00e7\u00e3o foi confirmada pelo Governo do Estado do Cear\u00e1 na manh\u00e3 desta quarta-feira (25), mas a data das transfer\u00eancias e os locais para onde os detentos ser\u00e3o levados ainda n\u00e3o foram divulgados pelo governo. Com informa\u00e7\u00f5es de G1 CE<br \/>\nConcurso IBGE: edital \u00e9 lan\u00e7ado com 127 vagas no Cear\u00e1 e sal\u00e1rio de at\u00e9 R$ 3,1 mil<br \/>\nO\u00a0Instituto Brasileiro de Geografia e Estat\u00edstica\u00a0(IBGE) est\u00e1 com um edital aberto de processo seletivo para 2.658 vagas no Pa\u00eds. Tendo o n\u00edvel superior e m\u00e9dio\u00a0como exig\u00eancia, o concurso tem 1.343 vagas para condenador censit\u00e1rio sub\u00e1rea e 1.315 para agente censit\u00e1rio operacional. Do total,\u00a0127 vagas s\u00e3o locadas no Cear\u00e1. Sal\u00e1rios ser\u00e3o de R$ 3.100,00 para coordenador censit\u00e1rio e R$ 1.700,00 para agente censit\u00e1rio operacional. Com informa\u00e7\u00f5es de Di\u00e1rio do Nordeste<\/p>\n<p><strong>Messi e Rapinoe s\u00e3o os melhores do mundo da Fifa<\/strong><br \/>\nNesta\u00a0segunda-feira (23) o Teatro alla Scala, em Mil\u00e3o, na It\u00e1lia, recebeu os principais nomes do futebol mundial para a cerim\u00f4nia de entrega do Fifa The Best, pr\u00eamio de melhor jogador do mundo. O argentino Lionel Messi ficou com o t\u00edtulo masculino e a norte-americana Megan Rapinoe com o feminino. O Brasil tamb\u00e9m teve presen\u00e7a marcante no evento, com o goleiro Alisson e os torcedores Silvia e NickollasGrecco. Com informa\u00e7\u00f5es de Ag\u00eancia Brasil<\/p>\n","protected":false},"excerpt":{"rendered":"<p>Prefeito Ivo Gomes dar\u00e1 posse a 37 professores no dia 1\u00ba de outubro Abrindo as&#8230;<\/p>\n","protected":false},"author":1,"featured_media":9173,"comment_status":"open","ping_status":"open","sticky":false,"template":"","format":"standard","meta":{"_jetpack_memberships_contains_paid_content":false,"footnotes":"","jetpack_publicize_message":"","jetpack_publicize_feature_enabled":true,"jetpack_social_post_already_shared":true,"jetpack_social_options":{"image_generator_settings":{"template":"highway","default_image_id":0,"font":"","enabled":false},"version":2}},"categories":[32],"tags":[],"class_list":["post-9319","post","type-post","status-publish","format-standard","has-post-thumbnail","hentry","category-destaques"],"jetpack_publicize_connections":[],"jetpack_featured_media_url":"https:\/\/correiodasemana.com\/site\/wp-content\/uploads\/2019\/09\/Uniseg.jpg","jetpack-related-posts":[{"id":9301,"url":"https:\/\/correiodasemana.com\/site\/politica-em-evidencia-10\/","url_meta":{"origin":9319,"position":0},"title":"Pol\u00edtica em Evid\u00eancia","author":"","date":"Setembro 30, 2019","format":false,"excerpt":"Vereador de Sobral, J\u00fanior Balreira, que est\u00e1 presidindo a Sess\u00e3o Especial pela XI Semana da Pessoa com defici\u00eancia, est\u00e1 usando da palavra na tribuna da C\u00e2mara Municipal, para falar do Projeto de Lei, criando o Estatuto Municipal da Pessoa com Defici\u00eancia de Sobral. Deputado federal, Le\u00f4nidas Cristino, filho de Corea\u00fa,\u2026","rel":"","context":"In &quot;Artigos&quot;","block_context":{"text":"Artigos","link":"https:\/\/correiodasemana.com\/site\/category\/artigos\/"},"img":{"alt_text":"","src":"https:\/\/i0.wp.com\/correiodasemana.com\/site\/wp-content\/uploads\/2019\/07\/23600_2_EL.jpg?resize=350%2C200&ssl=1","width":350,"height":200,"srcset":"https:\/\/i0.wp.com\/correiodasemana.com\/site\/wp-content\/uploads\/2019\/07\/23600_2_EL.jpg?resize=350%2C200&ssl=1 1x, https:\/\/i0.wp.com\/correiodasemana.com\/site\/wp-content\/uploads\/2019\/07\/23600_2_EL.jpg?resize=525%2C300&ssl=1 1.5x, https:\/\/i0.wp.com\/correiodasemana.com\/site\/wp-content\/uploads\/2019\/07\/23600_2_EL.jpg?resize=700%2C400&ssl=1 2x"},"classes":[]},{"id":17542,"url":"https:\/\/correiodasemana.com\/site\/politica-em-evidencia-77\/","url_meta":{"origin":9319,"position":1},"title":"Pol\u00edtica em Evid\u00eancia","author":"","date":"Setembro 19, 2021","format":false,"excerpt":"A Prefeitura de Sobral e o Governo do Estado do Cear\u00e1 inauguraram, na quarta-feira (15\/09), a Avenida Dr. Guarani, Esta\u00e7\u00e3o do VLT do Arco, o Centro de Educa\u00e7\u00e3o Infantil (CEI) Dona Oneide Pessoa Dias, no bairro Padre Ibiapina, e o CEI Padre Jo\u00e3o Mendes Lira, no bairro Dom Expedito. Cada\u2026","rel":"","context":"In &quot;Artigos&quot;","block_context":{"text":"Artigos","link":"https:\/\/correiodasemana.com\/site\/category\/artigos\/"},"img":{"alt_text":"","src":"","width":0,"height":0},"classes":[]},{"id":18107,"url":"https:\/\/correiodasemana.com\/site\/politica-em-evidencia-86\/","url_meta":{"origin":9319,"position":2},"title":"Pol\u00edtica em Evid\u00eancia","author":"","date":"Novembro 22, 2021","format":false,"excerpt":"O prefeito de Sobral,\u00a0 Ivo Gomes,\u00a0 juntamente\u00a0 com os secret\u00e1rios municipais, viajaram ao Rio de Janeiro,\u00a0 para verem de perto Projetos Sociais que est\u00e3o sendo executados naquele Estado, voltado para as crian\u00e7as e adolescentes.\u00a0 Usando as redes sociais,\u00a0 Ivo Gomes, afirmou:\u00a0\u201cEstamos na Favela da Mar\u00e9, conhecendo a experi\u00eancia desenvolvida pela\u2026","rel":"","context":"In &quot;Artigos&quot;","block_context":{"text":"Artigos","link":"https:\/\/correiodasemana.com\/site\/category\/artigos\/"},"img":{"alt_text":"","src":"","width":0,"height":0},"classes":[]},{"id":9447,"url":"https:\/\/correiodasemana.com\/site\/panorama-politico-15\/","url_meta":{"origin":9319,"position":3},"title":"Panorama Pol\u00edtico","author":"","date":"Outubro 14, 2019","format":false,"excerpt":"Prefeito Ivo Gomes entrega nova pra\u00e7a em Ponta da Serra Atendendo a uma solicita\u00e7\u00e3o do vereador Itamar Ribeiro(PDT), o prefeito Ivo Gomes, inaugurou na noite de quarta-feira, dia 09, a Pra\u00e7a Benjamim Pessoa de Azevedo na localidade Ponta da Serra - distrito de Pedra de Fogo. A solenidade contou com\u2026","rel":"","context":"In &quot;Artigos&quot;","block_context":{"text":"Artigos","link":"https:\/\/correiodasemana.com\/site\/category\/artigos\/"},"img":{"alt_text":"","src":"https:\/\/i0.wp.com\/correiodasemana.com\/site\/wp-content\/uploads\/2019\/07\/dscf8825.jpg?resize=350%2C200&ssl=1","width":350,"height":200,"srcset":"https:\/\/i0.wp.com\/correiodasemana.com\/site\/wp-content\/uploads\/2019\/07\/dscf8825.jpg?resize=350%2C200&ssl=1 1x, https:\/\/i0.wp.com\/correiodasemana.com\/site\/wp-content\/uploads\/2019\/07\/dscf8825.jpg?resize=525%2C300&ssl=1 1.5x, https:\/\/i0.wp.com\/correiodasemana.com\/site\/wp-content\/uploads\/2019\/07\/dscf8825.jpg?resize=700%2C400&ssl=1 2x, https:\/\/i0.wp.com\/correiodasemana.com\/site\/wp-content\/uploads\/2019\/07\/dscf8825.jpg?resize=1050%2C600&ssl=1 3x, https:\/\/i0.wp.com\/correiodasemana.com\/site\/wp-content\/uploads\/2019\/07\/dscf8825.jpg?resize=1400%2C800&ssl=1 4x"},"classes":[]},{"id":17024,"url":"https:\/\/correiodasemana.com\/site\/politica-em-evidencia-70\/","url_meta":{"origin":9319,"position":4},"title":"Pol\u00edtica em Evid\u00eancia","author":"","date":"Julho 19, 2021","format":false,"excerpt":"O prefeito Ivo Gomes se reuniu na tarde da ter\u00e7a-feira (13), com a vice-governadora do Cear\u00e1, Izolda Cela, com o procurador-geral do munic\u00edpio de Fortaleza, Fernando Oliveira, e com o diretor-executivo do Instituto Cidade Segura, Alberto Kopittike, para iniciar a elabora\u00e7\u00e3o de um plano de preven\u00e7\u00e3o e combate \u00e0 viol\u00eancia\u2026","rel":"","context":"In &quot;Artigos&quot;","block_context":{"text":"Artigos","link":"https:\/\/correiodasemana.com\/site\/category\/artigos\/"},"img":{"alt_text":"","src":"","width":0,"height":0},"classes":[]},{"id":10791,"url":"https:\/\/correiodasemana.com\/site\/prefeito-participa-da-abertura-do-ano-legislativo-na-camara-municipal\/","url_meta":{"origin":9319,"position":5},"title":"Prefeito participa da abertura do ano legislativo na C\u00e2mara Municipal","author":"","date":"Fevereiro 10, 2020","format":false,"excerpt":"Na oportunidade, o prefeito fez um balan\u00e7o dos projetos de 2019, apresentando n\u00fameros, resultados e objetivos que ainda almeja at\u00e9 a finaliza\u00e7\u00e3o do seu mandato. Correio da Semana O prefeito Ivo Gomes participou na segunda-feira (3), da sess\u00e3o solene de abertura do ano legislativo na C\u00e2mara Municipal. Na oportunidade, o\u2026","rel":"","context":"In &quot;Atualidade&quot;","block_context":{"text":"Atualidade","link":"https:\/\/correiodasemana.com\/site\/category\/atualidade\/"},"img":{"alt_text":"","src":"https:\/\/i0.wp.com\/correiodasemana.com\/site\/wp-content\/uploads\/2020\/02\/Ivo-Gomes-em-tribuna.jpg?resize=350%2C200&ssl=1","width":350,"height":200,"srcset":"https:\/\/i0.wp.com\/correiodasemana.com\/site\/wp-content\/uploads\/2020\/02\/Ivo-Gomes-em-tribuna.jpg?resize=350%2C200&ssl=1 1x, https:\/\/i0.wp.com\/correiodasemana.com\/site\/wp-content\/uploads\/2020\/02\/Ivo-Gomes-em-tribuna.jpg?resize=525%2C300&ssl=1 1.5x, https:\/\/i0.wp.com\/correiodasemana.com\/site\/wp-content\/uploads\/2020\/02\/Ivo-Gomes-em-tribuna.jpg?resize=700%2C400&ssl=1 2x, https:\/\/i0.wp.com\/correiodasemana.com\/site\/wp-content\/uploads\/2020\/02\/Ivo-Gomes-em-tribuna.jpg?resize=1050%2C600&ssl=1 3x"},"classes":[]}],"jetpack_sharing_enabled":true,"_links":{"self":[{"href":"https:\/\/correiodasemana.com\/site\/wp-json\/wp\/v2\/posts\/9319","targetHints":{"allow":["GET"]}}],"collection":[{"href":"https:\/\/correiodasemana.com\/site\/wp-json\/wp\/v2\/posts"}],"about":[{"href":"https:\/\/correiodasemana.com\/site\/wp-json\/wp\/v2\/types\/post"}],"author":[{"embeddable":true,"href":"https:\/\/correiodasemana.com\/site\/wp-json\/wp\/v2\/users\/1"}],"replies":[{"embeddable":true,"href":"https:\/\/correiodasemana.com\/site\/wp-json\/wp\/v2\/comments?post=9319"}],"version-history":[{"count":1,"href":"https:\/\/correiodasemana.com\/site\/wp-json\/wp\/v2\/posts\/9319\/revisions"}],"predecessor-version":[{"id":9320,"href":"https:\/\/correiodasemana.com\/site\/wp-json\/wp\/v2\/posts\/9319\/revisions\/9320"}],"wp:featuredmedia":[{"embeddable":true,"href":"https:\/\/correiodasemana.com\/site\/wp-json\/wp\/v2\/media\/9173"}],"wp:attachment":[{"href":"https:\/\/correiodasemana.com\/site\/wp-json\/wp\/v2\/media?parent=9319"}],"wp:term":[{"taxonomy":"category","embeddable":true,"href":"https:\/\/correiodasemana.com\/site\/wp-json\/wp\/v2\/categories?post=9319"},{"taxonomy":"post_tag","embeddable":true,"href":"https:\/\/correiodasemana.com\/site\/wp-json\/wp\/v2\/tags?post=9319"}],"curies":[{"name":"wp","href":"https:\/\/api.w.org\/{rel}","templated":true}]}}