{"id":9426,"date":"2019-10-14T02:03:08","date_gmt":"2019-10-14T02:03:08","guid":{"rendered":"https:\/\/correiodasemana.com\/site\/?p=9426"},"modified":"2019-10-14T02:03:08","modified_gmt":"2019-10-14T02:03:08","slug":"eleitos-os-dez-conselheiros-tutelares-de-sobral-para-o-quadrienio-2020-2024","status":"publish","type":"post","link":"https:\/\/correiodasemana.com\/site\/eleitos-os-dez-conselheiros-tutelares-de-sobral-para-o-quadrienio-2020-2024\/","title":{"rendered":"Eleitos os dez conselheiros tutelares de Sobral para o quadri\u00eanio 2020-2024"},"content":{"rendered":"<p><img fetchpriority=\"high\" decoding=\"async\" class=\"alignleft size-medium wp-image-9428\" src=\"https:\/\/correiodasemana.com\/site\/wp-content\/uploads\/2019\/10\/Resultado-Conselho-267x300.jpg\" alt=\"\" width=\"267\" height=\"300\" srcset=\"https:\/\/correiodasemana.com\/site\/wp-content\/uploads\/2019\/10\/Resultado-Conselho-267x300.jpg 267w, https:\/\/correiodasemana.com\/site\/wp-content\/uploads\/2019\/10\/Resultado-Conselho.jpg 540w\" sizes=\"(max-width: 267px) 100vw, 267px\" \/><\/p>\n<p>A popula\u00e7\u00e3o de Sobral compareceu \u00e0s urnas, neste domingo (06\/10), para escolher os membros dos Conselhos Tutelares para o per\u00edodo de 2020 a 2024. Pela primeira vez, foram eleitos dez membros para o colegiado. O prefeito Ivo Gomes sancionou, em abril deste ano, a lei que criou o segundo conselho do munic\u00edpio.<br \/>\nO edital para o processo de escolha foi lan\u00e7ado pelo Conselho Municipal dos Direitos da Crian\u00e7a e do Adolescente (CMDCA) no in\u00edcio de abril. No primeiro momento, os candidatos apresentaram documenta\u00e7\u00f5es comprobat\u00f3rias de servi\u00e7os prestados na \u00e1rea de inf\u00e2ncia e adolesc\u00eancia, bem como de bons antecedentes. Depois, passaram por prova escrita. Do total de 48 inscritos inicialmente, 29 se qualificaram para concorrer.<br \/>\nOs dez mais votados compor\u00e3o a nova forma\u00e7\u00e3o dos Conselhos Tutelares de Sobral, em 2020. Os dez candidatos seguintes ficar\u00e3o na supl\u00eancia, podendo ser convocados em caso de aus\u00eancia dos titulares (f\u00e9rias, licen\u00e7as ou desist\u00eancias).<\/p>\n<p><img decoding=\"async\" class=\"alignleft size-medium wp-image-9427\" src=\"https:\/\/correiodasemana.com\/site\/wp-content\/uploads\/2019\/10\/eleiccca7occ83es-01-300x202.jpg\" alt=\"\" width=\"300\" height=\"202\" srcset=\"https:\/\/correiodasemana.com\/site\/wp-content\/uploads\/2019\/10\/eleiccca7occ83es-01-300x202.jpg 300w, https:\/\/correiodasemana.com\/site\/wp-content\/uploads\/2019\/10\/eleiccca7occ83es-01-768x516.jpg 768w, https:\/\/correiodasemana.com\/site\/wp-content\/uploads\/2019\/10\/eleiccca7occ83es-01.jpg 960w\" sizes=\"(max-width: 300px) 100vw, 300px\" \/><\/p>\n","protected":false},"excerpt":{"rendered":"<p>A popula\u00e7\u00e3o de Sobral compareceu \u00e0s urnas, neste domingo (06\/10), para escolher os membros dos&#8230;<\/p>\n","protected":false},"author":1,"featured_media":9427,"comment_status":"open","ping_status":"open","sticky":false,"template":"","format":"standard","meta":{"_jetpack_memberships_contains_paid_content":false,"footnotes":"","jetpack_publicize_message":"","jetpack_publicize_feature_enabled":true,"jetpack_social_post_already_shared":true,"jetpack_social_options":{"image_generator_settings":{"template":"highway","default_image_id":0,"font":"","enabled":false},"version":2}},"categories":[1],"tags":[],"class_list":["post-9426","post","type-post","status-publish","format-standard","has-post-thumbnail","hentry","category-atualidade"],"jetpack_publicize_connections":[],"jetpack_featured_media_url":"https:\/\/correiodasemana.com\/site\/wp-content\/uploads\/2019\/10\/eleiccca7occ83es-01.jpg","jetpack-related-posts":[{"id":9447,"url":"https:\/\/correiodasemana.com\/site\/panorama-politico-15\/","url_meta":{"origin":9426,"position":0},"title":"Panorama Pol\u00edtico","author":"","date":"Outubro 14, 2019","format":false,"excerpt":"Prefeito Ivo Gomes entrega nova pra\u00e7a em Ponta da Serra Atendendo a uma solicita\u00e7\u00e3o do vereador Itamar Ribeiro(PDT), o prefeito Ivo Gomes, inaugurou na noite de quarta-feira, dia 09, a Pra\u00e7a Benjamim Pessoa de Azevedo na localidade Ponta da Serra - distrito de Pedra de Fogo. A solenidade contou com\u2026","rel":"","context":"In &quot;Artigos&quot;","block_context":{"text":"Artigos","link":"https:\/\/correiodasemana.com\/site\/category\/artigos\/"},"img":{"alt_text":"","src":"https:\/\/i0.wp.com\/correiodasemana.com\/site\/wp-content\/uploads\/2019\/07\/dscf8825.jpg?resize=350%2C200&ssl=1","width":350,"height":200,"srcset":"https:\/\/i0.wp.com\/correiodasemana.com\/site\/wp-content\/uploads\/2019\/07\/dscf8825.jpg?resize=350%2C200&ssl=1 1x, https:\/\/i0.wp.com\/correiodasemana.com\/site\/wp-content\/uploads\/2019\/07\/dscf8825.jpg?resize=525%2C300&ssl=1 1.5x, https:\/\/i0.wp.com\/correiodasemana.com\/site\/wp-content\/uploads\/2019\/07\/dscf8825.jpg?resize=700%2C400&ssl=1 2x, https:\/\/i0.wp.com\/correiodasemana.com\/site\/wp-content\/uploads\/2019\/07\/dscf8825.jpg?resize=1050%2C600&ssl=1 3x, https:\/\/i0.wp.com\/correiodasemana.com\/site\/wp-content\/uploads\/2019\/07\/dscf8825.jpg?resize=1400%2C800&ssl=1 4x"},"classes":[]},{"id":23555,"url":"https:\/\/correiodasemana.com\/site\/conselhos-tutelares-de-sobral-recebem-dois-veiculos-novos\/","url_meta":{"origin":9426,"position":1},"title":"Conselhos Tutelares de Sobral recebem dois ve\u00edculos novos","author":"adminredacao","date":"Fevereiro 14, 2023","format":false,"excerpt":"Fonte: Setor Comunica\u00e7\u00e3o\/Prefeitura de Sobral A Prefeitura de Sobral, preocupada em garantir mais qualidade na presta\u00e7\u00e3o dos servi\u00e7os realizados pelos Conselhos Tutelares de Sobral, entregou, na sexta-feira (10\/02), dois ve\u00edculos novos para uso exclusivo em demandas dos Conselhos Tutelares do munic\u00edpio. A cerim\u00f4nia foi realizada no P\u00e1tio da Prefeitura e\u2026","rel":"","context":"In &quot;Atualidade&quot;","block_context":{"text":"Atualidade","link":"https:\/\/correiodasemana.com\/site\/category\/atualidade\/"},"img":{"alt_text":"","src":"https:\/\/i0.wp.com\/correiodasemana.com\/site\/wp-content\/uploads\/2023\/02\/lenidas.jpg?resize=350%2C200&ssl=1","width":350,"height":200,"srcset":"https:\/\/i0.wp.com\/correiodasemana.com\/site\/wp-content\/uploads\/2023\/02\/lenidas.jpg?resize=350%2C200&ssl=1 1x, https:\/\/i0.wp.com\/correiodasemana.com\/site\/wp-content\/uploads\/2023\/02\/lenidas.jpg?resize=525%2C300&ssl=1 1.5x, https:\/\/i0.wp.com\/correiodasemana.com\/site\/wp-content\/uploads\/2023\/02\/lenidas.jpg?resize=700%2C400&ssl=1 2x"},"classes":[]},{"id":13111,"url":"https:\/\/correiodasemana.com\/site\/conselhos-tutelares-recebem-remessa-de-novos-equipamentos\/","url_meta":{"origin":9426,"position":2},"title":"Conselhos tutelares recebem remessa de novos equipamentos","author":"","date":"Agosto 24, 2020","format":false,"excerpt":"Viaturas, computadores, televisores e impressoras fazem parte do kit Conselhos tutelares de todo pa\u00eds receberam kits de renova\u00e7\u00e3o de equipamentos do Minist\u00e9rio da Mulher, da Fam\u00edlia e dos Direitos Humanos (MMFDH). Segundo nota divulgada pela pasta, 672 conselhos tutelares das cinco regi\u00f5es brasileiras foram beneficiados. Os kits foram comprados com\u2026","rel":"","context":"In &quot;Atualidade&quot;","block_context":{"text":"Atualidade","link":"https:\/\/correiodasemana.com\/site\/category\/atualidade\/"},"img":{"alt_text":"","src":"https:\/\/i0.wp.com\/correiodasemana.com\/site\/wp-content\/uploads\/2020\/08\/426390d6-4d2a-465e-b3ee-76974991a572.jpeg?resize=350%2C200&ssl=1","width":350,"height":200,"srcset":"https:\/\/i0.wp.com\/correiodasemana.com\/site\/wp-content\/uploads\/2020\/08\/426390d6-4d2a-465e-b3ee-76974991a572.jpeg?resize=350%2C200&ssl=1 1x, https:\/\/i0.wp.com\/correiodasemana.com\/site\/wp-content\/uploads\/2020\/08\/426390d6-4d2a-465e-b3ee-76974991a572.jpeg?resize=525%2C300&ssl=1 1.5x, https:\/\/i0.wp.com\/correiodasemana.com\/site\/wp-content\/uploads\/2020\/08\/426390d6-4d2a-465e-b3ee-76974991a572.jpeg?resize=700%2C400&ssl=1 2x"},"classes":[]},{"id":18064,"url":"https:\/\/correiodasemana.com\/site\/consultor-juridico-da-cnbb-fala-sobre-a-atuacao-dos-advogados-na-protecao-aos-direitos-da-crianca-e-do-adolescente-na-igreja\/","url_meta":{"origin":9426,"position":3},"title":"CONSULTOR JUR\u00cdDICO DA CNBB FALA SOBRE A ATUA\u00c7\u00c3O DOS ADVOGADOS NA PROTE\u00c7\u00c3O AOS DIREITOS DA CRIAN\u00c7A E DO ADOLESCENTE NA IGREJA","author":"","date":"Novembro 22, 2021","format":false,"excerpt":"Fonte: CNBB O Brasil celebra nesta quinta-feira, 18 de novembro, o Dia do Conselheiro Tutelar \u2013 pessoas escolhidas e eleitas pela comunidade para defender os direitos da crian\u00e7a e do adolescente nos munic\u00edpios. A data foi institu\u00edda por lei em 2017 para homenagear a fun\u00e7\u00e3o de conselheiro tutelar, criada em\u2026","rel":"","context":"In &quot;Atualidade&quot;","block_context":{"text":"Atualidade","link":"https:\/\/correiodasemana.com\/site\/category\/atualidade\/"},"img":{"alt_text":"","src":"https:\/\/i0.wp.com\/correiodasemana.com\/site\/wp-content\/uploads\/2020\/09\/Fachada-CNBB-com-nova-logo-oult5j8vrbngv0j005g0aqdqr5ep55s0q8tdqcif7c.jpg?resize=350%2C200&ssl=1","width":350,"height":200,"srcset":"https:\/\/i0.wp.com\/correiodasemana.com\/site\/wp-content\/uploads\/2020\/09\/Fachada-CNBB-com-nova-logo-oult5j8vrbngv0j005g0aqdqr5ep55s0q8tdqcif7c.jpg?resize=350%2C200&ssl=1 1x, https:\/\/i0.wp.com\/correiodasemana.com\/site\/wp-content\/uploads\/2020\/09\/Fachada-CNBB-com-nova-logo-oult5j8vrbngv0j005g0aqdqr5ep55s0q8tdqcif7c.jpg?resize=525%2C300&ssl=1 1.5x, https:\/\/i0.wp.com\/correiodasemana.com\/site\/wp-content\/uploads\/2020\/09\/Fachada-CNBB-com-nova-logo-oult5j8vrbngv0j005g0aqdqr5ep55s0q8tdqcif7c.jpg?resize=700%2C400&ssl=1 2x"},"classes":[]},{"id":26801,"url":"https:\/\/correiodasemana.com\/site\/becco-ponto-com-141\/","url_meta":{"origin":9426,"position":4},"title":"Becco Ponto Com","author":"adminredacao","date":"Outubro 9, 2023","format":false,"excerpt":"LIVRAI-NOS, SENHOR! Das artimanhas pol\u00edticas modernas. Das ruas desertas de Sobral \u201c41 graus\u201d. Do esquecimento a dom jos\u00e9: \u201co povo\u201d. Da tomada do pdt do senador cid, ui! Do troca troca dos vereadores, ufa! Do abandono de pra\u00e7as velhas aqui. Da viol\u00eancia matando e ditando leis. Da invas\u00e3o do povo\u2026","rel":"","context":"In &quot;Artigos&quot;","block_context":{"text":"Artigos","link":"https:\/\/correiodasemana.com\/site\/category\/artigos\/"},"img":{"alt_text":"","src":"https:\/\/i0.wp.com\/correiodasemana.com\/site\/wp-content\/uploads\/2021\/09\/Dr-Chico-Prado-Trofeu-Dom-Jose-1.jpg?resize=350%2C200&ssl=1","width":350,"height":200,"srcset":"https:\/\/i0.wp.com\/correiodasemana.com\/site\/wp-content\/uploads\/2021\/09\/Dr-Chico-Prado-Trofeu-Dom-Jose-1.jpg?resize=350%2C200&ssl=1 1x, https:\/\/i0.wp.com\/correiodasemana.com\/site\/wp-content\/uploads\/2021\/09\/Dr-Chico-Prado-Trofeu-Dom-Jose-1.jpg?resize=525%2C300&ssl=1 1.5x, https:\/\/i0.wp.com\/correiodasemana.com\/site\/wp-content\/uploads\/2021\/09\/Dr-Chico-Prado-Trofeu-Dom-Jose-1.jpg?resize=700%2C400&ssl=1 2x, https:\/\/i0.wp.com\/correiodasemana.com\/site\/wp-content\/uploads\/2021\/09\/Dr-Chico-Prado-Trofeu-Dom-Jose-1.jpg?resize=1050%2C600&ssl=1 3x, https:\/\/i0.wp.com\/correiodasemana.com\/site\/wp-content\/uploads\/2021\/09\/Dr-Chico-Prado-Trofeu-Dom-Jose-1.jpg?resize=1400%2C800&ssl=1 4x"},"classes":[]},{"id":10524,"url":"https:\/\/correiodasemana.com\/site\/politica-em-evidencia-19\/","url_meta":{"origin":9426,"position":5},"title":"Pol\u00edtica em Evid\u00eancia","author":"","date":"Janeiro 22, 2020","format":false,"excerpt":"O prefeito Ivo Gomes esteve inaugurando na \u00faltima ter\u00e7a-feira (14), o saneamento e Areninha Esportivano Bairro da Areinha em Aracatia\u00e7u, depois de passar por grande reforma, e melhorando a vida dos moradores. Durante muito tempo aquela comunidade vivia no meio da lama, e sem a m\u00ednima condi\u00e7\u00e3o de higiene. Prefeito\u2026","rel":"","context":"In &quot;Artigos&quot;","block_context":{"text":"Artigos","link":"https:\/\/correiodasemana.com\/site\/category\/artigos\/"},"img":{"alt_text":"","src":"https:\/\/i0.wp.com\/correiodasemana.com\/site\/wp-content\/uploads\/2019\/08\/urna_lecr-e1447217261594.jpg?resize=350%2C200&ssl=1","width":350,"height":200,"srcset":"https:\/\/i0.wp.com\/correiodasemana.com\/site\/wp-content\/uploads\/2019\/08\/urna_lecr-e1447217261594.jpg?resize=350%2C200&ssl=1 1x, https:\/\/i0.wp.com\/correiodasemana.com\/site\/wp-content\/uploads\/2019\/08\/urna_lecr-e1447217261594.jpg?resize=525%2C300&ssl=1 1.5x, https:\/\/i0.wp.com\/correiodasemana.com\/site\/wp-content\/uploads\/2019\/08\/urna_lecr-e1447217261594.jpg?resize=700%2C400&ssl=1 2x, https:\/\/i0.wp.com\/correiodasemana.com\/site\/wp-content\/uploads\/2019\/08\/urna_lecr-e1447217261594.jpg?resize=1050%2C600&ssl=1 3x, https:\/\/i0.wp.com\/correiodasemana.com\/site\/wp-content\/uploads\/2019\/08\/urna_lecr-e1447217261594.jpg?resize=1400%2C800&ssl=1 4x"},"classes":[]}],"jetpack_sharing_enabled":true,"_links":{"self":[{"href":"https:\/\/correiodasemana.com\/site\/wp-json\/wp\/v2\/posts\/9426","targetHints":{"allow":["GET"]}}],"collection":[{"href":"https:\/\/correiodasemana.com\/site\/wp-json\/wp\/v2\/posts"}],"about":[{"href":"https:\/\/correiodasemana.com\/site\/wp-json\/wp\/v2\/types\/post"}],"author":[{"embeddable":true,"href":"https:\/\/correiodasemana.com\/site\/wp-json\/wp\/v2\/users\/1"}],"replies":[{"embeddable":true,"href":"https:\/\/correiodasemana.com\/site\/wp-json\/wp\/v2\/comments?post=9426"}],"version-history":[{"count":1,"href":"https:\/\/correiodasemana.com\/site\/wp-json\/wp\/v2\/posts\/9426\/revisions"}],"predecessor-version":[{"id":9429,"href":"https:\/\/correiodasemana.com\/site\/wp-json\/wp\/v2\/posts\/9426\/revisions\/9429"}],"wp:featuredmedia":[{"embeddable":true,"href":"https:\/\/correiodasemana.com\/site\/wp-json\/wp\/v2\/media\/9427"}],"wp:attachment":[{"href":"https:\/\/correiodasemana.com\/site\/wp-json\/wp\/v2\/media?parent=9426"}],"wp:term":[{"taxonomy":"category","embeddable":true,"href":"https:\/\/correiodasemana.com\/site\/wp-json\/wp\/v2\/categories?post=9426"},{"taxonomy":"post_tag","embeddable":true,"href":"https:\/\/correiodasemana.com\/site\/wp-json\/wp\/v2\/tags?post=9426"}],"curies":[{"name":"wp","href":"https:\/\/api.w.org\/{rel}","templated":true}]}}