{"id":9435,"date":"2019-10-14T02:06:27","date_gmt":"2019-10-14T02:06:27","guid":{"rendered":"https:\/\/correiodasemana.com\/site\/?p=9435"},"modified":"2019-10-14T02:06:27","modified_gmt":"2019-10-14T02:06:27","slug":"becco-ponto-com-15","status":"publish","type":"post","link":"https:\/\/correiodasemana.com\/site\/becco-ponto-com-15\/","title":{"rendered":"Becco ponto Com"},"content":{"rendered":"<p><strong>LIVRAI-NOS, SENHOR!<\/strong><br \/>\nDa IGREJA dando pito nos malas pol\u00edticos. Das CAMPANHAS antecipadas t\u00e3o fofocas. Da IMPRENSA global secando o Bolsonaro. Dos CAMARADAS do voto de ocasi\u00e3o aqui. Dos Puxa sacos de carteirinhas nas pistas. Da DESAPROPRIA\u00c7\u00c3O da UVA bem docinha. Das f\u00e1bricas de canudos para ANALFABETO. Da GANA do poder por multas no Cear\u00e1, ufa! Do grito dos EXCLUIDOS na fila do SUS.TOS. Das brigas pela AMAZONIA t\u00e3o devastada.<\/p>\n<p><strong>NOTICIANDO<\/strong><br \/>\nO l\u00edder comunit\u00e1rio Vicente Bandeira, distrito do Jaibaras, foi eleito por m\u00e9ritos para o Conselho Tutelar deste ano. \u00c9 sim, a nova lideran\u00e7a pelos direitos da Crian\u00e7a e do Adolescente do nosso munic\u00edpio. Valeu Vicente, a sua bandeira de luta pela nobre causa social do menor. Parab\u00e9ns, VICENTE!<br \/>\nO artista pl\u00e1stico sobralense, Ed Ferreira, em cartaz na cidade, com sua mostra na Casa da Cultura ser\u00e1 homenageado no fim do m\u00eas pelo Centro Cultural Dom Jos\u00e9, por m\u00e9ritos com Pr\u00eamio Ary Sherlock de Artes. O Pr\u00eamio ser\u00e1 entregue em grande estilo no encerramento da mostra na cidade.<br \/>\nEm novembro o Becco do Cotovelo ter\u00e1 atra\u00e7\u00f5es festivas na comemora\u00e7\u00e3o dos seus 177 anos de hist\u00f3ria na cidade. A sua m\u00fasica ser\u00e1 lan\u00e7ada no programa do Ivan Frota. Neste dia ser\u00e1 entregue a comenda \u201cCidad\u00e3o do BECCO\u201d a uma personalidade da cidade escolhida, por m\u00e9ritos, pelos caros amigos de l\u00e1.<br \/>\nFoi uma perda irrepar\u00e1vel a partida do cidad\u00e3o do Becco, Paulo Passos Dias, que deixou um legado de vida exemplar aos seus familiares e amigos na cidade. Para a fam\u00edlia enlutada as condol\u00eancias dos amigos do Becco do Cotovelo de Sobral.<br \/>\nO programa de maior audi\u00eancia da regi\u00e3o \u201cOs Bastidores da Pol\u00edtica\u201d apresentado com sucesso total na cidade por uma equipe de peso no r\u00e1dio sobralense e pela Tupinamb\u00e1 FM receber\u00e1, por m\u00e9ritos, dia 19, no Becco, no programa Ivan Frota, a comenda \u201cM\u00e9rito Cultural do R\u00e1dio do Ano\u201d do Centro Cultural Dom Jos\u00e9, em grande estilo na cidade em um s\u00e1bado alegre popular com sucesso.<\/p>\n<p><strong>PERFIL &#8211; VEREADOR Jos\u00e9 Johnson Vasconcelos de Lima<\/strong><\/p>\n<p><img decoding=\"async\" class=\"alignleft size-medium wp-image-9436\" src=\"https:\/\/correiodasemana.com\/site\/wp-content\/uploads\/2019\/10\/vereador-Jos\u00e9-Johnson-Vasconcelos-Lima-300x157.jpg\" alt=\"\" width=\"300\" height=\"157\" srcset=\"https:\/\/correiodasemana.com\/site\/wp-content\/uploads\/2019\/10\/vereador-Jos\u00e9-Johnson-Vasconcelos-Lima-300x157.jpg 300w, https:\/\/correiodasemana.com\/site\/wp-content\/uploads\/2019\/10\/vereador-Jos\u00e9-Johnson-Vasconcelos-Lima.jpg 511w\" sizes=\"(max-width: 300px) 100vw, 300px\" \/><br \/>\nUm cidad\u00e3o com todas as letras, caro l\u00edder comunit\u00e1rio do distrito do Jord\u00e3o, edil rec\u00e9m empossado na casa do povo e um cara do bem. Falo do vereador Johnson Lima, que hoje figura, por m\u00e9ritos, na galeria da fama desta coluna, como perfil da semana, o cara das comunidades de Sobral.<br \/>\nEm cima: A festa que a Associa\u00e7\u00e3o do Becco em parceria com o c.c.d.j. (Centro Cultural Dom Jos\u00e9) far\u00e3o em novembro para festejar os 177 anos de funda\u00e7\u00e3o deste espa\u00e7o no cora\u00e7\u00e3o da cidade. Aguarde a programa\u00e7\u00e3o.<br \/>\nEm baixo: A turma do quanto pior melhor para o pa\u00eds, um tal Lulismo Vermelho tingido de corrup\u00e7\u00e3o a toda prova matando a esperan\u00e7a de um povo sofredor em crise.<br \/>\nLivre pensar: \u201cViajar \u00e9 um sonhar sempre no banco da ilus\u00e3o de um futuro do presente de vida.\u201d (Poeta Chico Prado).<\/p>\n","protected":false},"excerpt":{"rendered":"<p>LIVRAI-NOS, SENHOR! Da IGREJA dando pito nos malas pol\u00edticos. Das CAMPANHAS antecipadas t\u00e3o fofocas. Da&#8230;<\/p>\n","protected":false},"author":1,"featured_media":9436,"comment_status":"open","ping_status":"open","sticky":false,"template":"","format":"standard","meta":{"_jetpack_memberships_contains_paid_content":false,"footnotes":"","jetpack_publicize_message":"","jetpack_publicize_feature_enabled":true,"jetpack_social_post_already_shared":true,"jetpack_social_options":{"image_generator_settings":{"template":"highway","default_image_id":0,"font":"","enabled":false},"version":2}},"categories":[11,27],"tags":[],"class_list":["post-9435","post","type-post","status-publish","format-standard","has-post-thumbnail","hentry","category-artigos","category-becco-ponto-com"],"jetpack_publicize_connections":[],"jetpack_featured_media_url":"https:\/\/correiodasemana.com\/site\/wp-content\/uploads\/2019\/10\/vereador-Jos\u00e9-Johnson-Vasconcelos-Lima.jpg","jetpack-related-posts":[{"id":26801,"url":"https:\/\/correiodasemana.com\/site\/becco-ponto-com-141\/","url_meta":{"origin":9435,"position":0},"title":"Becco Ponto Com","author":"adminredacao","date":"Outubro 9, 2023","format":false,"excerpt":"LIVRAI-NOS, SENHOR! Das artimanhas pol\u00edticas modernas. Das ruas desertas de Sobral \u201c41 graus\u201d. Do esquecimento a dom jos\u00e9: \u201co povo\u201d. Da tomada do pdt do senador cid, ui! Do troca troca dos vereadores, ufa! Do abandono de pra\u00e7as velhas aqui. Da viol\u00eancia matando e ditando leis. Da invas\u00e3o do povo\u2026","rel":"","context":"In &quot;Artigos&quot;","block_context":{"text":"Artigos","link":"https:\/\/correiodasemana.com\/site\/category\/artigos\/"},"img":{"alt_text":"","src":"https:\/\/i0.wp.com\/correiodasemana.com\/site\/wp-content\/uploads\/2021\/09\/Dr-Chico-Prado-Trofeu-Dom-Jose-1.jpg?resize=350%2C200&ssl=1","width":350,"height":200,"srcset":"https:\/\/i0.wp.com\/correiodasemana.com\/site\/wp-content\/uploads\/2021\/09\/Dr-Chico-Prado-Trofeu-Dom-Jose-1.jpg?resize=350%2C200&ssl=1 1x, https:\/\/i0.wp.com\/correiodasemana.com\/site\/wp-content\/uploads\/2021\/09\/Dr-Chico-Prado-Trofeu-Dom-Jose-1.jpg?resize=525%2C300&ssl=1 1.5x, https:\/\/i0.wp.com\/correiodasemana.com\/site\/wp-content\/uploads\/2021\/09\/Dr-Chico-Prado-Trofeu-Dom-Jose-1.jpg?resize=700%2C400&ssl=1 2x, https:\/\/i0.wp.com\/correiodasemana.com\/site\/wp-content\/uploads\/2021\/09\/Dr-Chico-Prado-Trofeu-Dom-Jose-1.jpg?resize=1050%2C600&ssl=1 3x, https:\/\/i0.wp.com\/correiodasemana.com\/site\/wp-content\/uploads\/2021\/09\/Dr-Chico-Prado-Trofeu-Dom-Jose-1.jpg?resize=1400%2C800&ssl=1 4x"},"classes":[]},{"id":24903,"url":"https:\/\/correiodasemana.com\/site\/becco-ponto-com-123\/","url_meta":{"origin":9435,"position":1},"title":"Becco Ponto Com","author":"adminredacao","date":"Maio 29, 2023","format":false,"excerpt":"LIVRAI-NOS, SENHOR! Das arma\u00e7\u00f5es pol\u00edticas t\u00e3o nossas. Das c\u00e2maras \u201ccalangando\u201d toda hora. Das ruas sitiadas por v\u00e2ndalos, ufa! Dos novos jovens ricos t\u00e3o f\u00fateis, ui! Dos bab\u00f5es, por amor at\u00e9 nas redes. Das faculdades \u201cse paga e n\u00e3o forma\u201d. Do abandono do Becco que virou albergue. Dos petistas chorando por\u2026","rel":"","context":"In &quot;Artigos&quot;","block_context":{"text":"Artigos","link":"https:\/\/correiodasemana.com\/site\/category\/artigos\/"},"img":{"alt_text":"","src":"https:\/\/i0.wp.com\/correiodasemana.com\/site\/wp-content\/uploads\/2021\/09\/Dr-Chico-Prado-Trofeu-Dom-Jose-1.jpg?resize=350%2C200&ssl=1","width":350,"height":200,"srcset":"https:\/\/i0.wp.com\/correiodasemana.com\/site\/wp-content\/uploads\/2021\/09\/Dr-Chico-Prado-Trofeu-Dom-Jose-1.jpg?resize=350%2C200&ssl=1 1x, https:\/\/i0.wp.com\/correiodasemana.com\/site\/wp-content\/uploads\/2021\/09\/Dr-Chico-Prado-Trofeu-Dom-Jose-1.jpg?resize=525%2C300&ssl=1 1.5x, https:\/\/i0.wp.com\/correiodasemana.com\/site\/wp-content\/uploads\/2021\/09\/Dr-Chico-Prado-Trofeu-Dom-Jose-1.jpg?resize=700%2C400&ssl=1 2x, https:\/\/i0.wp.com\/correiodasemana.com\/site\/wp-content\/uploads\/2021\/09\/Dr-Chico-Prado-Trofeu-Dom-Jose-1.jpg?resize=1050%2C600&ssl=1 3x, https:\/\/i0.wp.com\/correiodasemana.com\/site\/wp-content\/uploads\/2021\/09\/Dr-Chico-Prado-Trofeu-Dom-Jose-1.jpg?resize=1400%2C800&ssl=1 4x"},"classes":[]},{"id":17418,"url":"https:\/\/correiodasemana.com\/site\/becco-ponto-com-52\/","url_meta":{"origin":9435,"position":2},"title":"Becco ponto Com","author":"","date":"Setembro 6, 2021","format":false,"excerpt":"Livrai-nos, senhor! 01. Dos abusos sexuais t\u00e3o modernizados, 02. Da alegria barata dos pol\u00edticos daqui, 03. Das emissoras lorentinas desta Sobral. 04. Da matan\u00e7a desenfreada por drogas. 05. Da viol\u00eancia cantando no campo ai, ai. 06. Da vacina virando voto ao corrupto. 07. De um 7 de Setembro, j\u00e1 negro\u2026","rel":"","context":"In &quot;Artigos&quot;","block_context":{"text":"Artigos","link":"https:\/\/correiodasemana.com\/site\/category\/artigos\/"},"img":{"alt_text":"","src":"https:\/\/i0.wp.com\/correiodasemana.com\/site\/wp-content\/uploads\/2021\/04\/Chico-Prado-22.jpg?resize=350%2C200&ssl=1","width":350,"height":200,"srcset":"https:\/\/i0.wp.com\/correiodasemana.com\/site\/wp-content\/uploads\/2021\/04\/Chico-Prado-22.jpg?resize=350%2C200&ssl=1 1x, https:\/\/i0.wp.com\/correiodasemana.com\/site\/wp-content\/uploads\/2021\/04\/Chico-Prado-22.jpg?resize=525%2C300&ssl=1 1.5x, https:\/\/i0.wp.com\/correiodasemana.com\/site\/wp-content\/uploads\/2021\/04\/Chico-Prado-22.jpg?resize=700%2C400&ssl=1 2x"},"classes":[]},{"id":30546,"url":"https:\/\/correiodasemana.com\/site\/becco-ponto-com-181\/","url_meta":{"origin":9435,"position":3},"title":"BECCO PONTO.COM","author":"adminredacao","date":"Setembro 2, 2024","format":false,"excerpt":"LIVRAI-NOS, SENHOR! Do ass\u00e9dio nojento dos pol\u00edticos, agora. Da campanha \u201cn\u00e3o vote para vereador\u201d, ui! Dos candidatos buchas familiares, \u201cos tais\u201d. Do fim do imp\u00e9rio Ferreira Gomes, um dia! Dos planos de sa\u00fade caros e inoperantes. Da burguesia falida com medo do poder. Das promessas do tira e bota a\u2026","rel":"","context":"In &quot;Artigos&quot;","block_context":{"text":"Artigos","link":"https:\/\/correiodasemana.com\/site\/category\/artigos\/"},"img":{"alt_text":"","src":"https:\/\/i0.wp.com\/correiodasemana.com\/site\/wp-content\/uploads\/2021\/09\/Dr-Chico-Prado-Trofeu-Dom-Jose-1.jpg?resize=350%2C200&ssl=1","width":350,"height":200,"srcset":"https:\/\/i0.wp.com\/correiodasemana.com\/site\/wp-content\/uploads\/2021\/09\/Dr-Chico-Prado-Trofeu-Dom-Jose-1.jpg?resize=350%2C200&ssl=1 1x, https:\/\/i0.wp.com\/correiodasemana.com\/site\/wp-content\/uploads\/2021\/09\/Dr-Chico-Prado-Trofeu-Dom-Jose-1.jpg?resize=525%2C300&ssl=1 1.5x, https:\/\/i0.wp.com\/correiodasemana.com\/site\/wp-content\/uploads\/2021\/09\/Dr-Chico-Prado-Trofeu-Dom-Jose-1.jpg?resize=700%2C400&ssl=1 2x, https:\/\/i0.wp.com\/correiodasemana.com\/site\/wp-content\/uploads\/2021\/09\/Dr-Chico-Prado-Trofeu-Dom-Jose-1.jpg?resize=1050%2C600&ssl=1 3x, https:\/\/i0.wp.com\/correiodasemana.com\/site\/wp-content\/uploads\/2021\/09\/Dr-Chico-Prado-Trofeu-Dom-Jose-1.jpg?resize=1400%2C800&ssl=1 4x"},"classes":[]},{"id":32229,"url":"https:\/\/correiodasemana.com\/site\/becco-ponto-com-198\/","url_meta":{"origin":9435,"position":4},"title":"Becco ponto Com","author":"adminredacao","date":"Janeiro 16, 2025","format":false,"excerpt":"LIVRAI-NOS, SENHOR! Das paradas de mortes via drogas na regi\u00e3o. Da nova oposi\u00e7\u00e3o fazendo hist\u00f3ria pol\u00edtica, j\u00e1! Do Guarany, que n\u00e3o sobe mais nunca, s\u00f3 papo! Da ira dos perdedores secando o novo poder. Dos bequeanos, j\u00e1 alegres, com a volta do Ivan. Dos peitistas movidos \u00e0 grana na cueca\u2026","rel":"","context":"In &quot;Artigos&quot;","block_context":{"text":"Artigos","link":"https:\/\/correiodasemana.com\/site\/category\/artigos\/"},"img":{"alt_text":"","src":"https:\/\/i0.wp.com\/correiodasemana.com\/site\/wp-content\/uploads\/2020\/02\/artemisio-da-costa.jpg?resize=350%2C200&ssl=1","width":350,"height":200},"classes":[]},{"id":36099,"url":"https:\/\/correiodasemana.com\/site\/becco-ponto-com-236\/","url_meta":{"origin":9435,"position":5},"title":"BECCO PONTO.COM","author":"adminredacao","date":"Outubro 29, 2025","format":false,"excerpt":"LIVRAI-NOS, SENHOR! Dos puxa sacos da \u201ccor azul\u201d, Oscar, ufa! Ui! Dos togados encardidos pela corrup\u00e7\u00e3o. Dos Elmanos enganarem o povo daqui. Do fim tr\u00e1gico de um le\u00e3o ferido no cear\u00e1. Da \u201cfarra fest\u201d dos pol\u00edticos buscando voto. Do medinho do pt elmano de Ciro o \u201cTucano\u201d. De uma tal\u2026","rel":"","context":"In &quot;Artigos&quot;","block_context":{"text":"Artigos","link":"https:\/\/correiodasemana.com\/site\/category\/artigos\/"},"img":{"alt_text":"","src":"https:\/\/i0.wp.com\/correiodasemana.com\/site\/wp-content\/uploads\/2021\/09\/Dr-Chico-Prado-Trofeu-Dom-Jose-1.jpg?resize=350%2C200&ssl=1","width":350,"height":200,"srcset":"https:\/\/i0.wp.com\/correiodasemana.com\/site\/wp-content\/uploads\/2021\/09\/Dr-Chico-Prado-Trofeu-Dom-Jose-1.jpg?resize=350%2C200&ssl=1 1x, https:\/\/i0.wp.com\/correiodasemana.com\/site\/wp-content\/uploads\/2021\/09\/Dr-Chico-Prado-Trofeu-Dom-Jose-1.jpg?resize=525%2C300&ssl=1 1.5x, https:\/\/i0.wp.com\/correiodasemana.com\/site\/wp-content\/uploads\/2021\/09\/Dr-Chico-Prado-Trofeu-Dom-Jose-1.jpg?resize=700%2C400&ssl=1 2x, https:\/\/i0.wp.com\/correiodasemana.com\/site\/wp-content\/uploads\/2021\/09\/Dr-Chico-Prado-Trofeu-Dom-Jose-1.jpg?resize=1050%2C600&ssl=1 3x, https:\/\/i0.wp.com\/correiodasemana.com\/site\/wp-content\/uploads\/2021\/09\/Dr-Chico-Prado-Trofeu-Dom-Jose-1.jpg?resize=1400%2C800&ssl=1 4x"},"classes":[]}],"jetpack_sharing_enabled":true,"_links":{"self":[{"href":"https:\/\/correiodasemana.com\/site\/wp-json\/wp\/v2\/posts\/9435","targetHints":{"allow":["GET"]}}],"collection":[{"href":"https:\/\/correiodasemana.com\/site\/wp-json\/wp\/v2\/posts"}],"about":[{"href":"https:\/\/correiodasemana.com\/site\/wp-json\/wp\/v2\/types\/post"}],"author":[{"embeddable":true,"href":"https:\/\/correiodasemana.com\/site\/wp-json\/wp\/v2\/users\/1"}],"replies":[{"embeddable":true,"href":"https:\/\/correiodasemana.com\/site\/wp-json\/wp\/v2\/comments?post=9435"}],"version-history":[{"count":1,"href":"https:\/\/correiodasemana.com\/site\/wp-json\/wp\/v2\/posts\/9435\/revisions"}],"predecessor-version":[{"id":9437,"href":"https:\/\/correiodasemana.com\/site\/wp-json\/wp\/v2\/posts\/9435\/revisions\/9437"}],"wp:featuredmedia":[{"embeddable":true,"href":"https:\/\/correiodasemana.com\/site\/wp-json\/wp\/v2\/media\/9436"}],"wp:attachment":[{"href":"https:\/\/correiodasemana.com\/site\/wp-json\/wp\/v2\/media?parent=9435"}],"wp:term":[{"taxonomy":"category","embeddable":true,"href":"https:\/\/correiodasemana.com\/site\/wp-json\/wp\/v2\/categories?post=9435"},{"taxonomy":"post_tag","embeddable":true,"href":"https:\/\/correiodasemana.com\/site\/wp-json\/wp\/v2\/tags?post=9435"}],"curies":[{"name":"wp","href":"https:\/\/api.w.org\/{rel}","templated":true}]}}