{"id":9474,"date":"2019-10-14T02:38:40","date_gmt":"2019-10-14T02:38:40","guid":{"rendered":"https:\/\/correiodasemana.com\/site\/?p=9474"},"modified":"2019-10-14T02:38:40","modified_gmt":"2019-10-14T02:38:40","slug":"agenda-da-semana-3","status":"publish","type":"post","link":"https:\/\/correiodasemana.com\/site\/agenda-da-semana-3\/","title":{"rendered":"Agenda da Semana"},"content":{"rendered":"<p>Agenda Cultural de Sobral<br \/>\nA\u00c7\u00c3O: 2\u00aa CORRIDA DA MB SPORTS E ASSESSORIA<br \/>\nDATA: 13\/10<br \/>\nHOR\u00c1RIO: 6h<br \/>\nLOCAL: Arco do Triunfo<\/p>\n<p>A\u00c7\u00c3O: SHOW PINK FLOYD E OS INCONSCIENTES<br \/>\nDATA: 15\/10 :<br \/>\nHOR\u00c1RIO: 19h<br \/>\nLOCAL: Quintal da Casa da Cultura<\/p>\n<p>A\u00c7\u00c3O: CINEMA EM CASA: CINEMA CEARENSE<br \/>\nDATA: 16\/10<br \/>\nHOR\u00c1RIO: 19h<br \/>\nLOCAL:Casa da Cultura<\/p>\n<p>A\u00c7\u00c3O:SOM DO VINIL MANGUE BEAT<br \/>\nDATA:17\/10<br \/>\nHOR\u00c1RIO:19h<br \/>\nLOCAL: Casa da Cultura<\/p>\n<p>A\u00c7\u00c3O: CLUBINHO DA CRIAN\u00c7A<br \/>\nDATA: 18\/10<br \/>\nHOR\u00c1RIO: 17h<br \/>\nLOCAL: Margem Esquerda- Pr\u00f3x. Ao Museu Madi<\/p>\n<p>A\u00c7\u00c3O: PRA VER A BANDA PASSAR &#8211; APRESENTA\u00c7\u00c3O DA BANDA MAESTRO JOS\u00c9 PEDRO<br \/>\nDATA:18\/10<br \/>\nHOR\u00c1RIO: 17h<br \/>\nLOCAL: Margem Esquerda<\/p>\n<p>A\u00c7\u00c3O:SHOW MUSICAL CHOROS CEARENSES<br \/>\nDATA:19\/10<br \/>\nHOR\u00c1RIO: 19h \u00e0s 22h<br \/>\nLOCAL: Quintal da Casa da Cultura<\/p>\n","protected":false},"excerpt":{"rendered":"<p>Agenda Cultural de Sobral A\u00c7\u00c3O: 2\u00aa CORRIDA DA MB SPORTS E ASSESSORIA DATA: 13\/10 HOR\u00c1RIO:&#8230;<\/p>\n","protected":false},"author":1,"featured_media":8788,"comment_status":"open","ping_status":"open","sticky":false,"template":"","format":"standard","meta":{"_jetpack_memberships_contains_paid_content":false,"footnotes":"","jetpack_publicize_message":"","jetpack_publicize_feature_enabled":true,"jetpack_social_post_already_shared":true,"jetpack_social_options":{"image_generator_settings":{"template":"highway","default_image_id":0,"font":"","enabled":false},"version":2}},"categories":[69,11],"tags":[],"class_list":["post-9474","post","type-post","status-publish","format-standard","has-post-thumbnail","hentry","category-agenda-da-semana","category-artigos"],"jetpack_publicize_connections":[],"jetpack_featured_media_url":"https:\/\/correiodasemana.com\/site\/wp-content\/uploads\/2019\/08\/Novo-Alto-do-Cristo-pavimentado-4.jpg","jetpack-related-posts":[{"id":9641,"url":"https:\/\/correiodasemana.com\/site\/agenda-da-semana-4\/","url_meta":{"origin":9474,"position":0},"title":"Agenda da Semana","author":"","date":"Outubro 28, 2019","format":false,"excerpt":"A\u00c7\u00c3O: CURTA PATRIM\u00d4NIO Data: 28\/10 Hor\u00e1rio: 19h Local: casa do capit\u00e3o mor A\u00c7\u00c3O: OFICINA: \u201c ACESSIBILIDADE EM MUSEUS: A L\u00cdNGUA DAS M\u00c3OS\u201d Data: 29\/10 Hor\u00e1rio: 8h \u00e0s 12h e 14h \u00e0s 18h Local: casa da cultura A\u00c7\u00c3O: HIST\u00d3RIAS INTINERANTES (BA\u00da DE HIST\u00d3RIAS) Data: 30\/10 Hor\u00e1rio: 14h Local: esta\u00e7\u00e3o da juventude\u2026","rel":"","context":"In &quot;Artigos&quot;","block_context":{"text":"Artigos","link":"https:\/\/correiodasemana.com\/site\/category\/artigos\/"},"img":{"alt_text":"","src":"https:\/\/i0.wp.com\/correiodasemana.com\/site\/wp-content\/uploads\/2019\/10\/casa_c1.jpg?resize=350%2C200&ssl=1","width":350,"height":200,"srcset":"https:\/\/i0.wp.com\/correiodasemana.com\/site\/wp-content\/uploads\/2019\/10\/casa_c1.jpg?resize=350%2C200&ssl=1 1x, https:\/\/i0.wp.com\/correiodasemana.com\/site\/wp-content\/uploads\/2019\/10\/casa_c1.jpg?resize=525%2C300&ssl=1 1.5x, https:\/\/i0.wp.com\/correiodasemana.com\/site\/wp-content\/uploads\/2019\/10\/casa_c1.jpg?resize=700%2C400&ssl=1 2x, https:\/\/i0.wp.com\/correiodasemana.com\/site\/wp-content\/uploads\/2019\/10\/casa_c1.jpg?resize=1050%2C600&ssl=1 3x, https:\/\/i0.wp.com\/correiodasemana.com\/site\/wp-content\/uploads\/2019\/10\/casa_c1.jpg?resize=1400%2C800&ssl=1 4x"},"classes":[]},{"id":9317,"url":"https:\/\/correiodasemana.com\/site\/agenda-da-semana\/","url_meta":{"origin":9474,"position":1},"title":"Agenda da Semana","author":"","date":"Setembro 30, 2019","format":false,"excerpt":"A\u00c7\u00c3O: Quarta do Conto DATA: 02 de outubro HOR\u00c1RIO: 09:00 LOCAL: Sala de Leitura Cordeiro de Andrade (CASA DA CULTURA) PROGRAMA\u00c7\u00c3O: Conta\u00e7\u00e3o de Hist\u00f3rias com Beto Rodrigues P\u00daBLICO: LIVRE A\u00c7\u00c3O: Cinema na casa - Festival N\u00f3ia Intinerante DATAS: 02 de outubro PROPOSTA: Filmes para p\u00fablico adulto, mostra de filmes universit\u00e1rios\u2026","rel":"","context":"In &quot;Agenda da Semana&quot;","block_context":{"text":"Agenda da Semana","link":"https:\/\/correiodasemana.com\/site\/category\/agenda-da-semana\/"},"img":{"alt_text":"","src":"https:\/\/i0.wp.com\/correiodasemana.com\/site\/wp-content\/uploads\/2019\/09\/Museu-Dom-Jos%C3%A9-de-Sobral.jpg?resize=350%2C200&ssl=1","width":350,"height":200,"srcset":"https:\/\/i0.wp.com\/correiodasemana.com\/site\/wp-content\/uploads\/2019\/09\/Museu-Dom-Jos%C3%A9-de-Sobral.jpg?resize=350%2C200&ssl=1 1x, https:\/\/i0.wp.com\/correiodasemana.com\/site\/wp-content\/uploads\/2019\/09\/Museu-Dom-Jos%C3%A9-de-Sobral.jpg?resize=525%2C300&ssl=1 1.5x, https:\/\/i0.wp.com\/correiodasemana.com\/site\/wp-content\/uploads\/2019\/09\/Museu-Dom-Jos%C3%A9-de-Sobral.jpg?resize=700%2C400&ssl=1 2x, https:\/\/i0.wp.com\/correiodasemana.com\/site\/wp-content\/uploads\/2019\/09\/Museu-Dom-Jos%C3%A9-de-Sobral.jpg?resize=1050%2C600&ssl=1 3x, https:\/\/i0.wp.com\/correiodasemana.com\/site\/wp-content\/uploads\/2019\/09\/Museu-Dom-Jos%C3%A9-de-Sobral.jpg?resize=1400%2C800&ssl=1 4x"},"classes":[]},{"id":9095,"url":"https:\/\/correiodasemana.com\/site\/programacao-geral-13a-primavera-dos-museus-em-sobral\/","url_meta":{"origin":9474,"position":2},"title":"PROGRAMA\u00c7\u00c3O GERAL 13\u00aa PRIMAVERA DOS MUSEUS EM SOBRAL","author":"","date":"Setembro 15, 2019","format":false,"excerpt":"(23 a 28 de setembro de 2019) A Primavera \u00e9 uma temporada cultural coordenada pelo Ibram que acontece todo ano no in\u00edcio da esta\u00e7\u00e3o hom\u00f4nima.A cada ano, o Ibram lan\u00e7a um tema diferente para nortear as atividades dos museus. Os objetivos s\u00e3o: promover, divulgar e valorizar os museus brasileiros; aumentar\u2026","rel":"","context":"In &quot;Atualidade&quot;","block_context":{"text":"Atualidade","link":"https:\/\/correiodasemana.com\/site\/category\/atualidade\/"},"img":{"alt_text":"","src":"https:\/\/i0.wp.com\/correiodasemana.com\/site\/wp-content\/uploads\/2019\/09\/Museu-Dom-Jos%C3%A9-de-Sobral.jpg?resize=350%2C200&ssl=1","width":350,"height":200,"srcset":"https:\/\/i0.wp.com\/correiodasemana.com\/site\/wp-content\/uploads\/2019\/09\/Museu-Dom-Jos%C3%A9-de-Sobral.jpg?resize=350%2C200&ssl=1 1x, https:\/\/i0.wp.com\/correiodasemana.com\/site\/wp-content\/uploads\/2019\/09\/Museu-Dom-Jos%C3%A9-de-Sobral.jpg?resize=525%2C300&ssl=1 1.5x, https:\/\/i0.wp.com\/correiodasemana.com\/site\/wp-content\/uploads\/2019\/09\/Museu-Dom-Jos%C3%A9-de-Sobral.jpg?resize=700%2C400&ssl=1 2x, https:\/\/i0.wp.com\/correiodasemana.com\/site\/wp-content\/uploads\/2019\/09\/Museu-Dom-Jos%C3%A9-de-Sobral.jpg?resize=1050%2C600&ssl=1 3x, https:\/\/i0.wp.com\/correiodasemana.com\/site\/wp-content\/uploads\/2019\/09\/Museu-Dom-Jos%C3%A9-de-Sobral.jpg?resize=1400%2C800&ssl=1 4x"},"classes":[]},{"id":11880,"url":"https:\/\/correiodasemana.com\/site\/em-sobral-ama-distribui-mudas-atraves-de-drive-thru\/","url_meta":{"origin":9474,"position":3},"title":"Em Sobral: AMA distribui mudas atrav\u00e9s de drive thru","author":"","date":"Julho 15, 2020","format":false,"excerpt":"Para dar continuidade \u00e0s atividades referentes \u00e0 arboriza\u00e7\u00e3o urbana em Sobral, a Ag\u00eancia Municipal do Meio Ambiente (AMA) resolveu adotar o modelo \u201cdrive thru\u201d para a distribui\u00e7\u00e3o de mudas. Por meio do e-mail parquesejardins@sobral.ce.gov.br \u00e9 poss\u00edvel solicitar uma muda e, ap\u00f3s confirma\u00e7\u00e3o de disponibilidade da esp\u00e9cie solicitada, ser\u00e3o informados data\u2026","rel":"","context":"In &quot;Atualidade&quot;","block_context":{"text":"Atualidade","link":"https:\/\/correiodasemana.com\/site\/category\/atualidade\/"},"img":{"alt_text":"","src":"https:\/\/i0.wp.com\/correiodasemana.com\/site\/wp-content\/uploads\/2020\/07\/imprensa-mudas.jpg?resize=350%2C200&ssl=1","width":350,"height":200,"srcset":"https:\/\/i0.wp.com\/correiodasemana.com\/site\/wp-content\/uploads\/2020\/07\/imprensa-mudas.jpg?resize=350%2C200&ssl=1 1x, https:\/\/i0.wp.com\/correiodasemana.com\/site\/wp-content\/uploads\/2020\/07\/imprensa-mudas.jpg?resize=525%2C300&ssl=1 1.5x, https:\/\/i0.wp.com\/correiodasemana.com\/site\/wp-content\/uploads\/2020\/07\/imprensa-mudas.jpg?resize=700%2C400&ssl=1 2x, https:\/\/i0.wp.com\/correiodasemana.com\/site\/wp-content\/uploads\/2020\/07\/imprensa-mudas.jpg?resize=1050%2C600&ssl=1 3x"},"classes":[]},{"id":16480,"url":"https:\/\/correiodasemana.com\/site\/programa-onco-do-bem-da-santa-casa-de-sobral-arrecada-duas-toneladas-de-alimentos-e-realiza-doacao-a-pacientes-oncologicos\/","url_meta":{"origin":9474,"position":4},"title":"Programa Onco do Bem da Santa Casa de Sobral arrecada duas toneladas de alimentos e realiza doa\u00e7\u00e3o a pacientes oncol\u00f3gicos","author":"","date":"Maio 17, 2021","format":false,"excerpt":"O Programa\u00a0pretende desenvolver e fortalecer uma s\u00e9rie de a\u00e7\u00f5es de humaniza\u00e7\u00e3o dentro do ambiente hospitalar Com o objetivo de arrecadar cestas b\u00e1sicas e beneficiar pacientes oncol\u00f3gicos em situa\u00e7\u00e3o socioecon\u00f4mica desfavor\u00e1vel e que n\u00e3o est\u00e3o recebendo nenhum benef\u00edcio social, a Santa Casa de Miseric\u00f3rdia de Sobral por meio do Programa Onco\u2026","rel":"","context":"In &quot;Atualidade&quot;","block_context":{"text":"Atualidade","link":"https:\/\/correiodasemana.com\/site\/category\/atualidade\/"},"img":{"alt_text":"","src":"https:\/\/i0.wp.com\/correiodasemana.com\/site\/wp-content\/uploads\/2021\/05\/Foto-1.jpg?resize=350%2C200&ssl=1","width":350,"height":200,"srcset":"https:\/\/i0.wp.com\/correiodasemana.com\/site\/wp-content\/uploads\/2021\/05\/Foto-1.jpg?resize=350%2C200&ssl=1 1x, https:\/\/i0.wp.com\/correiodasemana.com\/site\/wp-content\/uploads\/2021\/05\/Foto-1.jpg?resize=525%2C300&ssl=1 1.5x, https:\/\/i0.wp.com\/correiodasemana.com\/site\/wp-content\/uploads\/2021\/05\/Foto-1.jpg?resize=700%2C400&ssl=1 2x"},"classes":[]},{"id":12625,"url":"https:\/\/correiodasemana.com\/site\/saae-inicia-retomada-de-atendimento-presencial-no-dia-10-de-agosto\/","url_meta":{"origin":9474,"position":5},"title":"SAAE inicia retomada de atendimento presencial no dia 10 de agosto","author":"","date":"Agosto 10, 2020","format":false,"excerpt":"Para evitar aglomera\u00e7\u00f5es e conter a prolifera\u00e7\u00e3o do coronav\u00edrus, os atendimentos acontecer\u00e3o com o agendamento pr\u00e9vio O Servi\u00e7o Aut\u00f4nomo de \u00c1gua e Esgoto de Sobral (SAAE) retoma, a partir de segunda-feira (10\/08), o atendimento presencial aos usu\u00e1rios, no hor\u00e1rio de 8h \u00e0s 12h e de 14h \u00e0s 18h, com o\u2026","rel":"","context":"In &quot;Atualidade&quot;","block_context":{"text":"Atualidade","link":"https:\/\/correiodasemana.com\/site\/category\/atualidade\/"},"img":{"alt_text":"","src":"https:\/\/i0.wp.com\/correiodasemana.com\/site\/wp-content\/uploads\/2020\/03\/okSAAE-fachada_n.jpg?resize=350%2C200&ssl=1","width":350,"height":200,"srcset":"https:\/\/i0.wp.com\/correiodasemana.com\/site\/wp-content\/uploads\/2020\/03\/okSAAE-fachada_n.jpg?resize=350%2C200&ssl=1 1x, https:\/\/i0.wp.com\/correiodasemana.com\/site\/wp-content\/uploads\/2020\/03\/okSAAE-fachada_n.jpg?resize=525%2C300&ssl=1 1.5x, https:\/\/i0.wp.com\/correiodasemana.com\/site\/wp-content\/uploads\/2020\/03\/okSAAE-fachada_n.jpg?resize=700%2C400&ssl=1 2x"},"classes":[]}],"jetpack_sharing_enabled":true,"_links":{"self":[{"href":"https:\/\/correiodasemana.com\/site\/wp-json\/wp\/v2\/posts\/9474","targetHints":{"allow":["GET"]}}],"collection":[{"href":"https:\/\/correiodasemana.com\/site\/wp-json\/wp\/v2\/posts"}],"about":[{"href":"https:\/\/correiodasemana.com\/site\/wp-json\/wp\/v2\/types\/post"}],"author":[{"embeddable":true,"href":"https:\/\/correiodasemana.com\/site\/wp-json\/wp\/v2\/users\/1"}],"replies":[{"embeddable":true,"href":"https:\/\/correiodasemana.com\/site\/wp-json\/wp\/v2\/comments?post=9474"}],"version-history":[{"count":1,"href":"https:\/\/correiodasemana.com\/site\/wp-json\/wp\/v2\/posts\/9474\/revisions"}],"predecessor-version":[{"id":9475,"href":"https:\/\/correiodasemana.com\/site\/wp-json\/wp\/v2\/posts\/9474\/revisions\/9475"}],"wp:featuredmedia":[{"embeddable":true,"href":"https:\/\/correiodasemana.com\/site\/wp-json\/wp\/v2\/media\/8788"}],"wp:attachment":[{"href":"https:\/\/correiodasemana.com\/site\/wp-json\/wp\/v2\/media?parent=9474"}],"wp:term":[{"taxonomy":"category","embeddable":true,"href":"https:\/\/correiodasemana.com\/site\/wp-json\/wp\/v2\/categories?post=9474"},{"taxonomy":"post_tag","embeddable":true,"href":"https:\/\/correiodasemana.com\/site\/wp-json\/wp\/v2\/tags?post=9474"}],"curies":[{"name":"wp","href":"https:\/\/api.w.org\/{rel}","templated":true}]}}