{"id":9507,"date":"2019-10-22T02:27:40","date_gmt":"2019-10-22T02:27:40","guid":{"rendered":"https:\/\/correiodasemana.com\/site\/?p=9507"},"modified":"2019-10-22T02:27:40","modified_gmt":"2019-10-22T02:27:40","slug":"sobralense-que-incentivava-jovens-a-criar-historias-em-quadrinhos-e-indicado-ao-premio-jabuti","status":"publish","type":"post","link":"https:\/\/correiodasemana.com\/site\/sobralense-que-incentivava-jovens-a-criar-historias-em-quadrinhos-e-indicado-ao-premio-jabuti\/","title":{"rendered":"Sobralense que incentivava jovens a criar hist\u00f3rias em quadrinhos \u00e9 indicado ao Pr\u00eamio Jabuti"},"content":{"rendered":"<p><strong><img fetchpriority=\"high\" decoding=\"async\" class=\"alignleft size-medium wp-image-9508\" src=\"https:\/\/correiodasemana.com\/site\/wp-content\/uploads\/2019\/10\/Foto1-300x240.jpg\" alt=\"\" width=\"300\" height=\"240\" srcset=\"https:\/\/correiodasemana.com\/site\/wp-content\/uploads\/2019\/10\/Foto1-300x240.jpg 300w, https:\/\/correiodasemana.com\/site\/wp-content\/uploads\/2019\/10\/Foto1-768x614.jpg 768w, https:\/\/correiodasemana.com\/site\/wp-content\/uploads\/2019\/10\/Foto1-1024x819.jpg 1024w, https:\/\/correiodasemana.com\/site\/wp-content\/uploads\/2019\/10\/Foto1.jpg 1402w\" sizes=\"(max-width: 300px) 100vw, 300px\" \/> <img decoding=\"async\" class=\"alignleft size-medium wp-image-9509\" src=\"https:\/\/correiodasemana.com\/site\/wp-content\/uploads\/2019\/10\/Foto2-215x300.jpg\" alt=\"\" width=\"215\" height=\"300\" srcset=\"https:\/\/correiodasemana.com\/site\/wp-content\/uploads\/2019\/10\/Foto2-215x300.jpg 215w, https:\/\/correiodasemana.com\/site\/wp-content\/uploads\/2019\/10\/Foto2.jpg 645w\" sizes=\"(max-width: 215px) 100vw, 215px\" \/>Formado em administra\u00e7\u00e3o, com especializa\u00e7\u00e3o em marketing, e um amante nato da literatura, Z\u00e9 Wellington j\u00e1 lan\u00e7ou tr\u00eas HQ\u2019s (Hist\u00f3rias em Quadrinho). At\u00e9 ent\u00e3o sua terceira obra publicada &#8211; Canga\u00e7o Overdrive \u2013foi indicada ao pr\u00eamio liter\u00e1rio mais importante do pa\u00eds<\/strong><\/p>\n<p>Os jovens na Pra\u00e7a S\u00e3o Francisco em Sobral, ao serem ensinados sobre quadrinhos e incentivados na produ\u00e7\u00e3o de obras pelo jovem Jos\u00e9 Wellington Alves Granjeiro Filho, com 20 anos na \u00e9poca, reconheciam o amor propagado pelo mentor, mas ser\u00e1 que imaginariam que aquela chama resultaria em uma indica\u00e7\u00e3o de uma obra de \u201cZ\u00e9 Wellington\u201d na 61\u00b0 edi\u00e7\u00e3o do Pr\u00eamio Jabuti? A obra do sobralense, Canga\u00e7o Overdrive, seu terceiro quadrinho publicado, est\u00e1 entre os dez indicados na categoria Hist\u00f3rias em Quadrinhos do pr\u00eamio concedido pela C\u00e2mara Brasileira do Livro (CBL) h\u00e1 60 anos.<br \/>\nZ\u00e9 Wellington sempre gostou de ler os mais variados g\u00eaneros e se diz \u201cum cara apaixonado por contar hist\u00f3rias. Apaixonado por arte e cultura. Um cara curioso. Um prestador de aten\u00e7\u00e3o. Um cara apaixonado pelas hist\u00f3rias e por contar hist\u00f3rias\u201d, ressalta. Ele come\u00e7ou a ter contato mais s\u00e9rio com quadrinhos por volta de seus 12 ou 13 anos de idade: \u201cJ\u00e1 lia antes, Turma da M\u00f4nica e outros, mas em um determinado momento conheci o universo dos super-her\u00f3is e eles me fisgaram, e comecei a ler muitos quadrinhos\u201d.<br \/>\nNa literatura nacional, Machado de Assis \u00e9 o primeiro autor que abriga seu cora\u00e7\u00e3o, e muitos outros tamb\u00e9m como Rubem Fonseca. Fora do pa\u00eds, Stephen King, Alan Moore e Neil Gaiman influenciam sua escrita. Z\u00e9 Wellington \u00e9 apaixonado por cinema: \u201cMinhas historias na minha cabe\u00e7a rodam como um filme, ent\u00e3o o cinema \u00e9 muito importante na minha conta\u00e7\u00e3o de hist\u00f3rias\u201d, enfatiza lembrando que come\u00e7ou a escrever roteiros para HQ\u2019S pelo fato de ter aprendido a construir roteiros em um curso de audiovisual.<\/p>\n<p>A indica\u00e7\u00e3o e a obra<br \/>\nA ideia de se inscrever partiu do pr\u00f3prio Z\u00e9 Wellington, sua editora \u2013 Draco &#8211; sempre apoiou, mas possui uma linha editorial voltada a trabalhos de entretenimento. O indicado sabia que n\u00e3o seria f\u00e1cil, foram mais de 2 mil inscritos, mas Canga\u00e7o Overdrive \u00e9 um trabalho que se prop\u00f5e ser diferente e quebrar paradigmas: \u201c\u00c9 um quadrinho que tem cunho pol\u00edtico e faz as pessoas pensarem, mas acima de tudo \u00e9 uma hist\u00f3ria de a\u00e7\u00e3o e aventura. \u00c9 uma fic\u00e7\u00e3o cient\u00edfica, que tem o p\u00e9 muito fincado nas minhas ra\u00edzes, e nas ra\u00edzes de Walter Geovani que fez esse trabalho comigo. \u00c9 uma hist\u00f3ria que se passa no futuro, em uma comunidade fict\u00edcia aqui do Cear\u00e1. Fala de um Nordeste que passa por um momento dif\u00edcil como as grandes secas j\u00e1 vividas na realidade. Mostra o poder da comunidade, com temas que podem ser reconhecidos atualmente, nos faz repensar o bem e o mal.\u201d, explica.<br \/>\nZ\u00e9 Wellington j\u00e1 foi premiado com um trof\u00e9u HQMIX, uma das altas honras na categoria no cen\u00e1rio nacional, mas sobre a indica\u00e7\u00e3o ao Jabuti ele lembra: \u201cEu fiquei muito feliz. Quase n\u00e3o acreditei. Minha fam\u00edlia mais pr\u00f3xima, minha esposa e minhas filhas tamb\u00e9m ficaram. Minha esposa talvez n\u00e3o ficou t\u00e3o surpreendida. \u00c9 uma luta de 15 anos que ela conhece\u201d, revela Z\u00e9 Wellington que j\u00e1 est\u00e1 finalizando seu pr\u00f3ximo trabalho que lan\u00e7ar\u00e1 no final do ano. Na primeira fase do Pr\u00eamio, Canga\u00e7o Overdrive concorre com mais nove Hist\u00f3rias em Quadrinhos, no final deste m\u00eas, na segunda fase, conheceremos os cinco finalistas, e apenas no dia 28 de novembro o vencedor.<\/p>\n<p>Outras obras e futuro<br \/>\nA primeira HQ de Z\u00e9 Wellington (Quem Matou Jo\u00e3o Ningu\u00e9m?) foi publicada em 2014 pela editora Draco. No ano seguinte, lan\u00e7ou pela mesma editora, sua segunda obra (Steampunk Ladies: Vingan\u00e7a a Vapor), que lhe rendeu a categoria de Novo Talento Roteirista no Trof\u00e9u HQMIX. Em 2018, foi lan\u00e7ada Canga\u00e7o Overdrive.<br \/>\nEm dezembro, o sobralense lan\u00e7ar\u00e1 Steampunk Ladies: Choque do futuro, continua\u00e7\u00e3o de seu segundo quadrinho que se passa na Inglaterra. Ele tamb\u00e9m est\u00e1 trabalhando na adapta\u00e7\u00e3o para quadrinhos de Luzia Homem de Domingos Ol\u00edmpio, com previs\u00e3o para o primeiro semestre do ano que vem.<br \/>\nSobre a expectativa para vencer o pr\u00eamio, Z\u00e9 Wellington confessa: \u201cEu tenho esperan\u00e7a de estar na lista dos cinco, mas estou muito feliz, para mim j\u00e1 \u00e9 um indicativo muito legal, se n\u00e3o ganhar agora, espero voltar e completar o caminho at\u00e9 o final. Estou nessa para contar as minhas hist\u00f3rias\u201d, conclui.<\/p>\n","protected":false},"excerpt":{"rendered":"<p>Formado em administra\u00e7\u00e3o, com especializa\u00e7\u00e3o em marketing, e um amante nato da literatura, Z\u00e9 Wellington&#8230;<\/p>\n","protected":false},"author":1,"featured_media":9508,"comment_status":"open","ping_status":"open","sticky":false,"template":"","format":"standard","meta":{"_jetpack_memberships_contains_paid_content":false,"footnotes":"","jetpack_publicize_message":"","jetpack_publicize_feature_enabled":true,"jetpack_social_post_already_shared":true,"jetpack_social_options":{"image_generator_settings":{"template":"highway","default_image_id":0,"font":"","enabled":false},"version":2}},"categories":[1],"tags":[],"class_list":["post-9507","post","type-post","status-publish","format-standard","has-post-thumbnail","hentry","category-atualidade"],"jetpack_publicize_connections":[],"jetpack_featured_media_url":"https:\/\/correiodasemana.com\/site\/wp-content\/uploads\/2019\/10\/Foto1.jpg","jetpack-related-posts":[{"id":27330,"url":"https:\/\/correiodasemana.com\/site\/em-tempo-202\/","url_meta":{"origin":9507,"position":0},"title":"EM TEMPO \u2022","author":"adminredacao","date":"Novembro 20, 2023","format":false,"excerpt":"IV Sal\u00e3o Universit\u00e1rio da UFC A Pr\u00f3-Reitoria de Cultura e o Museu de Arte da Universidade Federal do Cear\u00e1 (UFC) lan\u00e7aram, dia de 11 de novembro, o IV Sal\u00e3o Universit\u00e1rio, ap\u00f3s 40 anos desde a \u00faltima edi\u00e7\u00e3o. Evento acontece em parceria com a Funda\u00e7\u00e3o Nacional de Artes, com o projeto\u2026","rel":"","context":"In &quot;Artigos&quot;","block_context":{"text":"Artigos","link":"https:\/\/correiodasemana.com\/site\/category\/artigos\/"},"img":{"alt_text":"","src":"https:\/\/i0.wp.com\/correiodasemana.com\/site\/wp-content\/uploads\/2023\/11\/Ze-300x200.jpeg?resize=350%2C200&ssl=1","width":350,"height":200},"classes":[]},{"id":27249,"url":"https:\/\/correiodasemana.com\/site\/em-tempo-201\/","url_meta":{"origin":9507,"position":1},"title":"EM TEMPO \u2022","author":"adminredacao","date":"Novembro 13, 2023","format":false,"excerpt":"27\u00aa edi\u00e7\u00e3o do Cear\u00e1 Natal de Luz Fortaleza recebe 27\u00aa edi\u00e7\u00e3o Cear\u00e1 Natal de Luz a partir de 17 de novembro. Abertura, \u00e0s 17h, na Pra\u00e7a do Ferreira, contar\u00e1 com as apresenta\u00e7\u00f5es de Geraldo Azevedo, duo Leandro Cavalcante e Itauana Ciribelli, grupo teatral Blitz e a t\u00e3o esperada chegada do\u2026","rel":"","context":"In &quot;Artigos&quot;","block_context":{"text":"Artigos","link":"https:\/\/correiodasemana.com\/site\/category\/artigos\/"},"img":{"alt_text":"","src":"https:\/\/i0.wp.com\/correiodasemana.com\/site\/wp-content\/uploads\/2023\/11\/1_lira_neto_o_povo--150x150.jpg?resize=350%2C200&ssl=1","width":350,"height":200,"srcset":"https:\/\/i0.wp.com\/correiodasemana.com\/site\/wp-content\/uploads\/2023\/11\/1_lira_neto_o_povo--150x150.jpg?resize=350%2C200&ssl=1 1x, https:\/\/i0.wp.com\/correiodasemana.com\/site\/wp-content\/uploads\/2023\/11\/1_lira_neto_o_povo--150x150.jpg?resize=525%2C300&ssl=1 1.5x, https:\/\/i0.wp.com\/correiodasemana.com\/site\/wp-content\/uploads\/2023\/11\/1_lira_neto_o_povo--150x150.jpg?resize=700%2C400&ssl=1 2x"},"classes":[]},{"id":24819,"url":"https:\/\/correiodasemana.com\/site\/em-tempo-176\/","url_meta":{"origin":9507,"position":2},"title":"Em Tempo","author":"adminredacao","date":"Maio 21, 2023","format":false,"excerpt":"Memorial da Educa\u00e7\u00e3o Superior O Memorial da Educa\u00e7\u00e3o Superior de Sobral (MESS) realizou a exposi\u00e7\u00e3o\u00a0E se o Museu for a cura?, como parte da programa\u00e7\u00e3o da Semana Nacional de Museus, organizada pelo Instituto Brasileiro de Museus, de 15 a 19 de maio, com a tem\u00e1tica Museus, Sustentabilidade e Bem-Estar. Segundo\u2026","rel":"","context":"In &quot;Artigos&quot;","block_context":{"text":"Artigos","link":"https:\/\/correiodasemana.com\/site\/category\/artigos\/"},"img":{"alt_text":"","src":"https:\/\/i0.wp.com\/correiodasemana.com\/site\/wp-content\/uploads\/2023\/05\/debora_santos-300x168.jpg?resize=350%2C200&ssl=1","width":350,"height":200},"classes":[]},{"id":34088,"url":"https:\/\/correiodasemana.com\/site\/em-tempo-280\/","url_meta":{"origin":9507,"position":3},"title":"EM TEMPO \u2022","author":"adminredacao","date":"Junho 9, 2025","format":false,"excerpt":"2\u00aa edi\u00e7\u00e3o do Pr\u00eamio UFC de Jornalismo A Universidade Federal do Cear\u00e1 lan\u00e7ou o edital da segunda edi\u00e7\u00e3o do Pr\u00eamio UFC de Jornalismo. As inscri\u00e7\u00f5es ficam abertas at\u00e9 21 de setembro, por meio de formul\u00e1rio online. A divulga\u00e7\u00e3o dos trabalhos finalistas ser\u00e1 dia 30 de outubro; e a premia\u00e7\u00e3o em\u2026","rel":"","context":"In &quot;Artigos&quot;","block_context":{"text":"Artigos","link":"https:\/\/correiodasemana.com\/site\/category\/artigos\/"},"img":{"alt_text":"","src":"https:\/\/i0.wp.com\/correiodasemana.com\/site\/wp-content\/uploads\/2025\/06\/BACELAR-Foto-Iara-Pereira-02-150x150.jpg?resize=350%2C200&ssl=1","width":350,"height":200,"srcset":"https:\/\/i0.wp.com\/correiodasemana.com\/site\/wp-content\/uploads\/2025\/06\/BACELAR-Foto-Iara-Pereira-02-150x150.jpg?resize=350%2C200&ssl=1 1x, https:\/\/i0.wp.com\/correiodasemana.com\/site\/wp-content\/uploads\/2025\/06\/BACELAR-Foto-Iara-Pereira-02-150x150.jpg?resize=525%2C300&ssl=1 1.5x"},"classes":[]},{"id":19462,"url":"https:\/\/correiodasemana.com\/site\/em-tempo-128\/","url_meta":{"origin":9507,"position":4},"title":"Em Tempo","author":"","date":"Abril 10, 2022","format":false,"excerpt":"Pr\u00eamio Jabuti 2022 abre inscri\u00e7\u00f5es Respons\u00e1vel por reconhecer e divulgar a produ\u00e7\u00e3o nacional, o\u00a0Pr\u00eamio Jabuti recebe inscri\u00e7\u00f5es at\u00e9 26 de maio para a sua 64\u00aa edi\u00e7\u00e3o, com homenagem \u00e0 Semana de Arte Moderna. O Pr\u00eamio traz a escritora Sueli Carneiro como\u00a0\u201cPersonalidade Liter\u00e1ria\u201d desse ano. O vencedor da\u00a0categoria \u201cLivro no Ano\u201d\u2026","rel":"","context":"In &quot;Artigos&quot;","block_context":{"text":"Artigos","link":"https:\/\/correiodasemana.com\/site\/category\/artigos\/"},"img":{"alt_text":"","src":"https:\/\/i0.wp.com\/correiodasemana.com\/site\/wp-content\/uploads\/2022\/04\/Camilo-e-Izolda-Cela-300x200.jpeg?resize=350%2C200&ssl=1","width":350,"height":200},"classes":[]},{"id":34192,"url":"https:\/\/correiodasemana.com\/site\/em-tempo-281\/","url_meta":{"origin":9507,"position":5},"title":"EM TEMPO \u2022","author":"adminredacao","date":"Junho 16, 2025","format":false,"excerpt":"Inscri\u00e7\u00f5es do Pr\u00eamio UFC de Jornalismo A Universidade Federal do Cear\u00e1 lan\u00e7ou o edital da segunda edi\u00e7\u00e3o do Pr\u00eamio UFC de Jornalismo. As inscri\u00e7\u00f5es ficam abertas at\u00e9 21 de setembro, por meio de formul\u00e1rio online. A divulga\u00e7\u00e3o dos trabalhos finalistas ser\u00e1 dia 30 de outubro; e a premia\u00e7\u00e3o em 27\u2026","rel":"","context":"In &quot;Artigos&quot;","block_context":{"text":"Artigos","link":"https:\/\/correiodasemana.com\/site\/category\/artigos\/"},"img":{"alt_text":"","src":"https:\/\/i0.wp.com\/correiodasemana.com\/site\/wp-content\/uploads\/2025\/06\/WhatsApp-Image-2025-06-13-at-09.09.34-150x150.jpeg?resize=350%2C200&ssl=1","width":350,"height":200,"srcset":"https:\/\/i0.wp.com\/correiodasemana.com\/site\/wp-content\/uploads\/2025\/06\/WhatsApp-Image-2025-06-13-at-09.09.34-150x150.jpeg?resize=350%2C200&ssl=1 1x, https:\/\/i0.wp.com\/correiodasemana.com\/site\/wp-content\/uploads\/2025\/06\/WhatsApp-Image-2025-06-13-at-09.09.34-150x150.jpeg?resize=525%2C300&ssl=1 1.5x, https:\/\/i0.wp.com\/correiodasemana.com\/site\/wp-content\/uploads\/2025\/06\/WhatsApp-Image-2025-06-13-at-09.09.34-150x150.jpeg?resize=700%2C400&ssl=1 2x, https:\/\/i0.wp.com\/correiodasemana.com\/site\/wp-content\/uploads\/2025\/06\/WhatsApp-Image-2025-06-13-at-09.09.34-150x150.jpeg?resize=1050%2C600&ssl=1 3x, https:\/\/i0.wp.com\/correiodasemana.com\/site\/wp-content\/uploads\/2025\/06\/WhatsApp-Image-2025-06-13-at-09.09.34-150x150.jpeg?resize=1400%2C800&ssl=1 4x"},"classes":[]}],"jetpack_sharing_enabled":true,"_links":{"self":[{"href":"https:\/\/correiodasemana.com\/site\/wp-json\/wp\/v2\/posts\/9507","targetHints":{"allow":["GET"]}}],"collection":[{"href":"https:\/\/correiodasemana.com\/site\/wp-json\/wp\/v2\/posts"}],"about":[{"href":"https:\/\/correiodasemana.com\/site\/wp-json\/wp\/v2\/types\/post"}],"author":[{"embeddable":true,"href":"https:\/\/correiodasemana.com\/site\/wp-json\/wp\/v2\/users\/1"}],"replies":[{"embeddable":true,"href":"https:\/\/correiodasemana.com\/site\/wp-json\/wp\/v2\/comments?post=9507"}],"version-history":[{"count":1,"href":"https:\/\/correiodasemana.com\/site\/wp-json\/wp\/v2\/posts\/9507\/revisions"}],"predecessor-version":[{"id":9510,"href":"https:\/\/correiodasemana.com\/site\/wp-json\/wp\/v2\/posts\/9507\/revisions\/9510"}],"wp:featuredmedia":[{"embeddable":true,"href":"https:\/\/correiodasemana.com\/site\/wp-json\/wp\/v2\/media\/9508"}],"wp:attachment":[{"href":"https:\/\/correiodasemana.com\/site\/wp-json\/wp\/v2\/media?parent=9507"}],"wp:term":[{"taxonomy":"category","embeddable":true,"href":"https:\/\/correiodasemana.com\/site\/wp-json\/wp\/v2\/categories?post=9507"},{"taxonomy":"post_tag","embeddable":true,"href":"https:\/\/correiodasemana.com\/site\/wp-json\/wp\/v2\/tags?post=9507"}],"curies":[{"name":"wp","href":"https:\/\/api.w.org\/{rel}","templated":true}]}}