{"id":9511,"date":"2019-10-22T02:29:13","date_gmt":"2019-10-22T02:29:13","guid":{"rendered":"https:\/\/correiodasemana.com\/site\/?p=9511"},"modified":"2019-10-22T02:29:13","modified_gmt":"2019-10-22T02:29:13","slug":"becco-ponto-com-16","status":"publish","type":"post","link":"https:\/\/correiodasemana.com\/site\/becco-ponto-com-16\/","title":{"rendered":"Becco ponto Com"},"content":{"rendered":"<p><strong>Livrai-nos, Senhor!<\/strong><br \/>\nDos POLITICOS cara de pau nas pistas. Dos torcedores secadores do GUARANY. Da ruma de cursos formando s\u00f3 S\u00c1BIOS. Da RUMA de restaurantes nas cal\u00e7adas. Da tomada do pr\u00e9dio da UVA na marra. Da ruma de ANALFAS na fila da verean\u00e7a. Da maldade contra um tal BAR do GRILO. De uma OPOSI\u00c7\u00c3O feia, fraca e fedorenta. Dos gabinetes de beleza cheios de FEIOS. De um NATAL sem o Papai Noel e LUZES.<\/p>\n<p><strong>NOTICIANDO<\/strong><br \/>\nA Diocese de Sobral est\u00e1 com uma nova assessoria jur\u00eddica, rec\u00e9m empossada sob o comando do escrit\u00f3rio ANGELIM &amp; SILVA ADVOGADOS ASSOCIADOS que j\u00e1 atua na Santa Casa de Sobral. S\u00e3o membros os doutores: Kelson Albuquerque, Aline Angelim Moraes, S\u00e1via da Silva Angelim e Adriana Vieira do Vale. Parab\u00e9ns aos colegas pelo trabalho a vir nas lides jur\u00eddicas na cidade.<br \/>\nO senhor Ant\u00e3o recebeu por m\u00e9ritos na cidade a Medalha Dom Jos\u00e9, no s\u00e1bado passado, em fam\u00edlia, quando da festa do seu centen\u00e1rio de vida das m\u00e3os do seu vizinho Expedito Vasconcelos, secret\u00e1rio do Centro Cultural Dom Jos\u00e9 em grande estilo na cidade. O caro Assis Contador assistiu o ato solene ao amigo vizinho.<br \/>\nO programa \u201cNos Bastidores da Pol\u00edtica\u201d da r\u00e1dio Tupinamb\u00e1 FM,recebe hoje, \u00e0s10h, no programa do Ivan Frota o \u201cDiploma de M\u00e9rito Cultural\u201d do r\u00e1dio do ano de 2019, eleito o mais popular da regi\u00e3o norte por m\u00e9ritos. O Centro Cultural Dom Jos\u00e9, far\u00e1 a entrega solenemente no Becco a equipe campe\u00e3 do ano. Parab\u00e9ns Carlos Torres pelo trabalho na imprensa da regi\u00e3o!<br \/>\nEsteve visitando o famoso Caf\u00e9 Jaibaras, o cidad\u00e3o Dr. Olavo Nor\u00f5es, do 5\u00ba Cart\u00f3rio de notas de Sobral, que entre amigos bateu um papo legal nesta semana. Foi sim, um momento de descontra\u00e7\u00e3o na cidade.<\/p>\n<p>Dizem por a\u00cd: Que existe uma turma que vive a secar a nosso Guarany, por motivos pol\u00edticos na cidade. \u00c9 uma vergonha ter que suportar esta gente sem limites.<\/p>\n<p><strong>PERFIL: ADVOGADO DR. RODRIGO MESQUITA<\/strong><br \/>\nUm cidad\u00e3o com todas as letras e digno Procurador Geral do Munic\u00edpio. Falo do caro Dr. Rodrigo Mesquita, advogado de renome na regi\u00e3o, que hoje ilustra a nossa coluna por m\u00e9ritos. Um grande jurista.<\/p>\n<p>EM CIMA: A performance do trabalho da equipe dos que fazem o restaurante Tacos na cidade. Faz gosto o atendimento de sua equipe de sal\u00e3o e sua administra\u00e7\u00e3o.<br \/>\nEM BAIXO: A invas\u00e3o sem fim nas ruas da cidade de camel\u00f4s importados vendendo tudo e trocando tudo. Livrai-nos, Senhor!<br \/>\nLivre Pensar: \u201cA l\u00e1grima \u00e9 o sorriso da dor.\u201d (Poeta Chico Prado).<\/p>\n","protected":false},"excerpt":{"rendered":"<p>Livrai-nos, Senhor! Dos POLITICOS cara de pau nas pistas. Dos torcedores secadores do GUARANY. Da&#8230;<\/p>\n","protected":false},"author":1,"featured_media":9512,"comment_status":"open","ping_status":"open","sticky":false,"template":"","format":"standard","meta":{"_jetpack_memberships_contains_paid_content":false,"footnotes":"","jetpack_publicize_message":"","jetpack_publicize_feature_enabled":true,"jetpack_social_post_already_shared":true,"jetpack_social_options":{"image_generator_settings":{"template":"highway","default_image_id":0,"font":"","enabled":false},"version":2}},"categories":[11,27],"tags":[],"class_list":["post-9511","post","type-post","status-publish","format-standard","has-post-thumbnail","hentry","category-artigos","category-becco-ponto-com"],"jetpack_publicize_connections":[],"jetpack_featured_media_url":"https:\/\/correiodasemana.com\/site\/wp-content\/uploads\/2019\/10\/376890_2997804163591_1222596120_n.jpg","jetpack-related-posts":[{"id":11194,"url":"https:\/\/correiodasemana.com\/site\/becco-ponto-com-33\/","url_meta":{"origin":9511,"position":0},"title":"Becco ponto Com","author":"","date":"Mar\u00e7o 18, 2020","format":false,"excerpt":"Livrai-nos, Senhor! Do carnav\u00edrus t\u00e3o europeu via Am\u00e9rica. De uma campanha acirrada e provincial. Dos secadores do guarany via eleitores. Dos movimentos sem nexo no pais crises. Do abandono via \u201cCamel\u00f3dromos Centro\u201d. Do puxa-saquismo dominante na pol\u00edtica. das bodegas que viraram as faculdades. Da ruma de analfabetos nas faculdades. Da\u2026","rel":"","context":"In &quot;Artigos&quot;","block_context":{"text":"Artigos","link":"https:\/\/correiodasemana.com\/site\/category\/artigos\/"},"img":{"alt_text":"","src":"https:\/\/i0.wp.com\/correiodasemana.com\/site\/wp-content\/uploads\/2020\/03\/norone.jpg?resize=350%2C200&ssl=1","width":350,"height":200,"srcset":"https:\/\/i0.wp.com\/correiodasemana.com\/site\/wp-content\/uploads\/2020\/03\/norone.jpg?resize=350%2C200&ssl=1 1x, https:\/\/i0.wp.com\/correiodasemana.com\/site\/wp-content\/uploads\/2020\/03\/norone.jpg?resize=525%2C300&ssl=1 1.5x, https:\/\/i0.wp.com\/correiodasemana.com\/site\/wp-content\/uploads\/2020\/03\/norone.jpg?resize=700%2C400&ssl=1 2x, https:\/\/i0.wp.com\/correiodasemana.com\/site\/wp-content\/uploads\/2020\/03\/norone.jpg?resize=1050%2C600&ssl=1 3x"},"classes":[]},{"id":30879,"url":"https:\/\/correiodasemana.com\/site\/becco-ponto-com-185\/","url_meta":{"origin":9511,"position":1},"title":"BECCO PONTO.COM","author":"adminredacao","date":"Outubro 2, 2024","format":false,"excerpt":"LIVRAI-NOS, SENHOR! Dos candidatos buchas, desta elei\u00e7\u00e3o t\u00e3o conturbada. Do fim melanc\u00f3lico de uma oligarquia na zona norte. Dos bab\u00f5es de plant\u00e3o em tempo de elei\u00e7\u00f5es: \u201cos puxas\u201d. Da ruma de bandidos do voto na fila das elei\u00e7\u00f5es, ufa! Das brigas por pol\u00edticos de ocasi\u00e3o: \u201cos tais corruptos\u201d. Do grito\u2026","rel":"","context":"In &quot;Artigos&quot;","block_context":{"text":"Artigos","link":"https:\/\/correiodasemana.com\/site\/category\/artigos\/"},"img":{"alt_text":"","src":"https:\/\/i0.wp.com\/correiodasemana.com\/site\/wp-content\/uploads\/2021\/09\/Dr-Chico-Prado-Trofeu-Dom-Jose-1.jpg?resize=350%2C200&ssl=1","width":350,"height":200,"srcset":"https:\/\/i0.wp.com\/correiodasemana.com\/site\/wp-content\/uploads\/2021\/09\/Dr-Chico-Prado-Trofeu-Dom-Jose-1.jpg?resize=350%2C200&ssl=1 1x, https:\/\/i0.wp.com\/correiodasemana.com\/site\/wp-content\/uploads\/2021\/09\/Dr-Chico-Prado-Trofeu-Dom-Jose-1.jpg?resize=525%2C300&ssl=1 1.5x, https:\/\/i0.wp.com\/correiodasemana.com\/site\/wp-content\/uploads\/2021\/09\/Dr-Chico-Prado-Trofeu-Dom-Jose-1.jpg?resize=700%2C400&ssl=1 2x, https:\/\/i0.wp.com\/correiodasemana.com\/site\/wp-content\/uploads\/2021\/09\/Dr-Chico-Prado-Trofeu-Dom-Jose-1.jpg?resize=1050%2C600&ssl=1 3x, https:\/\/i0.wp.com\/correiodasemana.com\/site\/wp-content\/uploads\/2021\/09\/Dr-Chico-Prado-Trofeu-Dom-Jose-1.jpg?resize=1400%2C800&ssl=1 4x"},"classes":[]},{"id":27088,"url":"https:\/\/correiodasemana.com\/site\/becco-ponto-com-144\/","url_meta":{"origin":9511,"position":2},"title":"Becco Ponto Com","author":"adminredacao","date":"Outubro 30, 2023","format":false,"excerpt":"LIVRAI-NOS, SENHOR! Da ruma de cursos no brasil. Da fal\u00eancia do com\u00e9rcio, ufa! Dos eleitores pede-pede, j\u00e1 a\u00ed. Das c\u00e2maras semi-analfas, ufa! Do nosso r\u00e1dio t\u00e3o careta, ui! Do canto de carroceria no cid. Dos peitistas no peito por aqui. Da volta dos pol\u00edticos na pista. Da ruma de faculdade\u2026","rel":"","context":"In &quot;Artigos&quot;","block_context":{"text":"Artigos","link":"https:\/\/correiodasemana.com\/site\/category\/artigos\/"},"img":{"alt_text":"","src":"https:\/\/i0.wp.com\/correiodasemana.com\/site\/wp-content\/uploads\/2021\/09\/Dr-Chico-Prado-Trofeu-Dom-Jose-1.jpg?resize=350%2C200&ssl=1","width":350,"height":200,"srcset":"https:\/\/i0.wp.com\/correiodasemana.com\/site\/wp-content\/uploads\/2021\/09\/Dr-Chico-Prado-Trofeu-Dom-Jose-1.jpg?resize=350%2C200&ssl=1 1x, https:\/\/i0.wp.com\/correiodasemana.com\/site\/wp-content\/uploads\/2021\/09\/Dr-Chico-Prado-Trofeu-Dom-Jose-1.jpg?resize=525%2C300&ssl=1 1.5x, https:\/\/i0.wp.com\/correiodasemana.com\/site\/wp-content\/uploads\/2021\/09\/Dr-Chico-Prado-Trofeu-Dom-Jose-1.jpg?resize=700%2C400&ssl=1 2x, https:\/\/i0.wp.com\/correiodasemana.com\/site\/wp-content\/uploads\/2021\/09\/Dr-Chico-Prado-Trofeu-Dom-Jose-1.jpg?resize=1050%2C600&ssl=1 3x, https:\/\/i0.wp.com\/correiodasemana.com\/site\/wp-content\/uploads\/2021\/09\/Dr-Chico-Prado-Trofeu-Dom-Jose-1.jpg?resize=1400%2C800&ssl=1 4x"},"classes":[]},{"id":30745,"url":"https:\/\/correiodasemana.com\/site\/assessores-juridicos-das-dioceses-do-brasil-participam-de-encontro-em-brasilia\/","url_meta":{"origin":9511,"position":3},"title":"Assessores Jur\u00eddicos das Dioceses do Brasil participam de encontro em Bras\u00edlia","author":"adminredacao","date":"Setembro 23, 2024","format":false,"excerpt":"De 17 a 19 de setembro aconteceu o 2\u00ba Encontro Nacional de Assessores Jur\u00eddicos de Dioceses (ENAJD), na Casa Dom Luciano Mendes de Almeida, em Bras\u00edlia (DF). A iniciativa aconteceu de forma concomitante com o Semin\u00e1rio sobre a Laicidade do Estado. O ENAJD \u00e9 promovido pela Confer\u00eancia Nacional dos Bispos\u2026","rel":"","context":"In &quot;Atualidade&quot;","block_context":{"text":"Atualidade","link":"https:\/\/correiodasemana.com\/site\/category\/atualidade\/"},"img":{"alt_text":"","src":"https:\/\/i0.wp.com\/correiodasemana.com\/site\/wp-content\/uploads\/2024\/09\/WhatsApp-Image-2024-09-20-at-18.25.37.jpeg?resize=350%2C200&ssl=1","width":350,"height":200,"srcset":"https:\/\/i0.wp.com\/correiodasemana.com\/site\/wp-content\/uploads\/2024\/09\/WhatsApp-Image-2024-09-20-at-18.25.37.jpeg?resize=350%2C200&ssl=1 1x, https:\/\/i0.wp.com\/correiodasemana.com\/site\/wp-content\/uploads\/2024\/09\/WhatsApp-Image-2024-09-20-at-18.25.37.jpeg?resize=525%2C300&ssl=1 1.5x, https:\/\/i0.wp.com\/correiodasemana.com\/site\/wp-content\/uploads\/2024\/09\/WhatsApp-Image-2024-09-20-at-18.25.37.jpeg?resize=700%2C400&ssl=1 2x, https:\/\/i0.wp.com\/correiodasemana.com\/site\/wp-content\/uploads\/2024\/09\/WhatsApp-Image-2024-09-20-at-18.25.37.jpeg?resize=1050%2C600&ssl=1 3x, https:\/\/i0.wp.com\/correiodasemana.com\/site\/wp-content\/uploads\/2024\/09\/WhatsApp-Image-2024-09-20-at-18.25.37.jpeg?resize=1400%2C800&ssl=1 4x"},"classes":[]},{"id":16668,"url":"https:\/\/correiodasemana.com\/site\/em-assembleia-ordinaria-virtual-novo-conselho-fiscal-do-complexo-santa-casa-de-misericordia-de-sobral-e-eleito\/","url_meta":{"origin":9511,"position":4},"title":"Em Assembleia Ordin\u00e1ria virtual, novo conselho fiscal do Complexo Santa Casa de Miseric\u00f3rdia de Sobral \u00e9 eleito","author":"","date":"Junho 7, 2021","format":false,"excerpt":"Encontro virtual contou com a participa\u00e7\u00e3o do bispo da diocese de Sobral e provedor do Complexo SCMS, Dom Jos\u00e9 Luiz Gomes de Vasconcelos, al\u00e9m de toda dire\u00e7\u00e3o-geral da institui\u00e7\u00e3o, associados e convidados. Ascom Complexo SCMS Com o objetivo de continuar o desenvolvimento dos processos administrativos do Complexo Santa Casa de\u2026","rel":"","context":"In &quot;Atualidade&quot;","block_context":{"text":"Atualidade","link":"https:\/\/correiodasemana.com\/site\/category\/atualidade\/"},"img":{"alt_text":"","src":"https:\/\/i0.wp.com\/correiodasemana.com\/site\/wp-content\/uploads\/2021\/06\/Assembleia-Virtual.png?resize=350%2C200&ssl=1","width":350,"height":200,"srcset":"https:\/\/i0.wp.com\/correiodasemana.com\/site\/wp-content\/uploads\/2021\/06\/Assembleia-Virtual.png?resize=350%2C200&ssl=1 1x, https:\/\/i0.wp.com\/correiodasemana.com\/site\/wp-content\/uploads\/2021\/06\/Assembleia-Virtual.png?resize=525%2C300&ssl=1 1.5x, https:\/\/i0.wp.com\/correiodasemana.com\/site\/wp-content\/uploads\/2021\/06\/Assembleia-Virtual.png?resize=700%2C400&ssl=1 2x, https:\/\/i0.wp.com\/correiodasemana.com\/site\/wp-content\/uploads\/2021\/06\/Assembleia-Virtual.png?resize=1050%2C600&ssl=1 3x, https:\/\/i0.wp.com\/correiodasemana.com\/site\/wp-content\/uploads\/2021\/06\/Assembleia-Virtual.png?resize=1400%2C800&ssl=1 4x"},"classes":[]},{"id":9033,"url":"https:\/\/correiodasemana.com\/site\/becco-ponto-com-10\/","url_meta":{"origin":9511,"position":5},"title":"Becco ponto Com","author":"","date":"Setembro 8, 2019","format":false,"excerpt":"Livrai-nos, Senhor! Das dela\u00e7\u00f5es irrespons\u00e1veis dos pol\u00edticos. Dos pol\u00edticos cara de pau querendo voto. Da santa ignor\u00e2ncia dos Evang\u00e9licos, ufa! Do dizimo em igrejas fazendo vitimas real. Dos puxa-sacos de carreiras nas ruas hoje. Da imprensa internacional fazendo fakes. Da briga surda pela Amaz\u00f4nia dos mitos. Dos suj\u00f5es da cidade\u2026","rel":"","context":"In &quot;Artigos&quot;","block_context":{"text":"Artigos","link":"https:\/\/correiodasemana.com\/site\/category\/artigos\/"},"img":{"alt_text":"","src":"https:\/\/i0.wp.com\/correiodasemana.com\/site\/wp-content\/uploads\/2019\/09\/Priscila.jpg?resize=350%2C200&ssl=1","width":350,"height":200,"srcset":"https:\/\/i0.wp.com\/correiodasemana.com\/site\/wp-content\/uploads\/2019\/09\/Priscila.jpg?resize=350%2C200&ssl=1 1x, https:\/\/i0.wp.com\/correiodasemana.com\/site\/wp-content\/uploads\/2019\/09\/Priscila.jpg?resize=525%2C300&ssl=1 1.5x"},"classes":[]}],"jetpack_sharing_enabled":true,"_links":{"self":[{"href":"https:\/\/correiodasemana.com\/site\/wp-json\/wp\/v2\/posts\/9511","targetHints":{"allow":["GET"]}}],"collection":[{"href":"https:\/\/correiodasemana.com\/site\/wp-json\/wp\/v2\/posts"}],"about":[{"href":"https:\/\/correiodasemana.com\/site\/wp-json\/wp\/v2\/types\/post"}],"author":[{"embeddable":true,"href":"https:\/\/correiodasemana.com\/site\/wp-json\/wp\/v2\/users\/1"}],"replies":[{"embeddable":true,"href":"https:\/\/correiodasemana.com\/site\/wp-json\/wp\/v2\/comments?post=9511"}],"version-history":[{"count":1,"href":"https:\/\/correiodasemana.com\/site\/wp-json\/wp\/v2\/posts\/9511\/revisions"}],"predecessor-version":[{"id":9513,"href":"https:\/\/correiodasemana.com\/site\/wp-json\/wp\/v2\/posts\/9511\/revisions\/9513"}],"wp:featuredmedia":[{"embeddable":true,"href":"https:\/\/correiodasemana.com\/site\/wp-json\/wp\/v2\/media\/9512"}],"wp:attachment":[{"href":"https:\/\/correiodasemana.com\/site\/wp-json\/wp\/v2\/media?parent=9511"}],"wp:term":[{"taxonomy":"category","embeddable":true,"href":"https:\/\/correiodasemana.com\/site\/wp-json\/wp\/v2\/categories?post=9511"},{"taxonomy":"post_tag","embeddable":true,"href":"https:\/\/correiodasemana.com\/site\/wp-json\/wp\/v2\/tags?post=9511"}],"curies":[{"name":"wp","href":"https:\/\/api.w.org\/{rel}","templated":true}]}}