{"id":9535,"date":"2019-10-22T02:41:06","date_gmt":"2019-10-22T02:41:06","guid":{"rendered":"https:\/\/correiodasemana.com\/site\/?p=9535"},"modified":"2019-10-22T02:41:06","modified_gmt":"2019-10-22T02:41:06","slug":"politica-em-evidencia-11","status":"publish","type":"post","link":"https:\/\/correiodasemana.com\/site\/politica-em-evidencia-11\/","title":{"rendered":"Pol\u00edtica em Evid\u00eancia"},"content":{"rendered":"<p>Os vereadores do legislativo de Sobral, prestaram homenagens em Sess\u00e3o Especial na noite da ter\u00e7a-feira (15), para homenagear os Agentes Comunit\u00e1rios de Sa\u00fade, Agentes de Endemias e Odont\u00f3logos. Com a aus\u00eancia do presidente Carlos do Calisto, o vice-presidente da C\u00e2mara de Sobral, Rog\u00e9rio Arruda, abriu a Sess\u00e3o Especial, passando depois a presid\u00eancia a Alessandra Ponte, autora da propositura para as homenagens prestadas aos profissionais. Depois da entrega das Comendas, a Vereadora Socorrinha Brasileiro foi \u00e0 tribuna da C\u00e2mara de Sobral, falar em nome do legislativo sobralense.<\/p>\n<p>Neste s\u00e1bado, dia 19, ser\u00e1 realizado o\u00a0Dia D\u00a0com foco na imuniza\u00e7\u00e3o das crian\u00e7as entre 6 meses e menores de 5 anos que ainda n\u00e3o tomaram as doses da tr\u00edplice viral, que previne contra o sarampo, a caxumba e a rub\u00e9ola.\u00a0No Cear\u00e1, de acordo com o \u00faltimo boletim epidemiol\u00f3gico divulgado, foram notificados 166 casos de sarampo e cinco foram confirmados. Ao todo, 19 estados brasileiros est\u00e3o com surto da doen\u00e7a.<br \/>\nO legislativo de Meruoca recebeu os pareceres do Tribunal de Contas do Estado do Cear\u00e1, das Contas de Gest\u00e3o do ex-prefeito Carlos Jos\u00e9 do Pimenta e da ex-secret\u00e1ria de Assist\u00eancia Social, Ana C\u00e9lia\u00a0Severiano, que foram lidas no plen\u00e1rio Osvaldo Soares. As Contas de Gest\u00e3o de Ana C\u00e9lia, gestora do Fundo Municipal do Direito da Crian\u00e7a e Adolescente, exerc\u00edcio 2016, foram aprovadas como regulares. Em rela\u00e7\u00e3o \u00e0s Contas de Gest\u00e3o do ex-prefeito Carlos Jos\u00e9 Magalh\u00e3es, exerc\u00edcio 2013, que teve como relator o Conselheiro Manoel Bezerra Veras do TCE, que no Acordo, desaprovou e aplicou multas, porque considerou sua defesa insuficiente, para poder sanar as falhas apresentadas, nas informa\u00e7\u00f5es enviadas ao \u00f3rg\u00e3o estadual.<\/p>\n<p>O campeon\u00edssimo Choia Marques, treinador da Sele\u00e7\u00e3o de Camocim, que ao lado dos seus comandados, conquistou o t\u00edtulo in\u00e9dito do Intermunicipal de Futsal 2019 em Sobral, informando que est\u00e1 faltando muito pouco para Camocim sediar uma fase da Copa TV Di\u00e1rio, promovido pela Federa\u00e7\u00e3o Cearense de Futsal. Afirma Choia, que est\u00e1 faltando somente um ok da prefeita M\u00f4nica e do deputado estadual, S\u00e9rgio Aguiar, para que os camocinenses possam assistir no gin\u00e1sio Deputado Murilo Aguiar, a Sele\u00e7\u00e3o vencedora do Intermunicipal, t\u00edtulo in\u00e9dito para as cores de Camocim.<br \/>\nO deputado estadual, Le\u00f4nidas Cristino (PDT), prestou sua homenagem aos professores, pelo transcurso de Seu Dia, que est\u00e1 ocorreu no dia 15 de outubro.\u201cO professor \u00e9 o alicerce &#8211; tamb\u00e9m o arquiteto e o engenheiro &#8211; da infraestrutura humana que \u00e9 a educa\u00e7\u00e3o. Investir na qualidade do ensino \u00e9 investir no professor, que merece todo respeito. Dele depende a forma\u00e7\u00e3o dos nossos filhos\u201d.<\/p>\n<p>O secret\u00e1rio de Servi\u00e7os P\u00fablicos, Paulo Vasconcelos, participou da mobiliza\u00e7\u00e3o \u201cO lixo \u00e9 seu, a cidade \u00e9 nossa\u201d, em alus\u00e3o ao Dia do Consumo Consciente. A a\u00e7\u00e3o, realizada pelo grupo Flora By Roupa e Cia, aconteceu na Margem Esquerda do Rio Acara\u00fa. Al\u00e9m da coleta dos res\u00edduos, o grupo que formou o mutir\u00e3o conversou com pessoas que participaram do momento, a fim de conscientiz\u00e1-las sobre a tem\u00e1tica.\u201cEssa a\u00e7\u00e3o \u00e9 muito importante, vai poder abrir a mente das pessoas que frequentam a Margem Esquerda e assim por diante\u201d, disse Paulo Vasconcelos.<br \/>\nA prefeitura de Meruoca atrav\u00e9s da secretaria da Cultura, Turismo, Esporte e Juventude, convidando a todos para a Feira de Artesanato e Culin\u00e1ria no Beco da Cultura, neste s\u00e1bado (19\/10), a partir das 18:00h. De acordo com o prefeito Fonteles, todos os s\u00e1bados a feirinha de artesanato e culin\u00e1ria estar\u00e1 aberta \u00e0 visita\u00e7\u00e3o dos meruoquenses e turistas, e sempre haver\u00e1 movimenta\u00e7\u00e3o musical, para que a feirinha possa se concretizar, em uma parceria com a Associa\u00e7\u00e3o Meruoca de Fibra. Neste s\u00e1bado (19), a atra\u00e7\u00e3o musical ao vivo no Beco da Cultura, a voz e viol\u00e3o de Dameru.<\/p>\n<p>A coluna \u201cPol\u00edtica em Evid\u00eancia\u201d, recebendo a informa\u00e7\u00e3o de que O Prefeito de Massap\u00ea, Jacques Albuquerque, que estava no MDB, resolveu se desfiliar e assinar ficha no PSD do Conselheiro afastado do extinto Tribunal de Contas dos Munic\u00edpios (TCM), Domingos Filho. Com a decis\u00e3o do prefeito Jacques em se filiar no PSD, o gestor vai disputar a reelei\u00e7\u00e3o, levando consigo a possibilidade de filia\u00e7\u00e3o dos in\u00fameros amigos que lhe apoiam politicamente.<\/p>\n<p>Presidente Mardonio Cavalcante na tribuna, parabenizando a realiza\u00e7\u00e3o de eventos voltados para o Dia da Crian\u00e7a que aconteceu no munic\u00edpio de Meruoca.Mardonio citou os eventos em Camilos da Associa\u00e7\u00e3o Comunit\u00e1ria e Desportiva (ACD) e na cidade de Meruoca, com a Eliane, na Campanha Reri\u00fas. O presidente destaca tamb\u00e9m o evento do M\u00e1rcio que est\u00e1 sendo realizado na Pra\u00e7a Monsenhor Furtado. O vereador parabenizou os professores pelo Dia do Professor que vai ocorreu no dia 15 de Outubro, dedicado aos mestres.<br \/>\nTodos os benefici\u00e1rios do Programa Bolsa Fam\u00edlia contar\u00e3o com 13\u00ba este ano. O presidente da Rep\u00fablica, Jair Bolsonaro, assinou a Medida Provis\u00f3ria que garante o incremento na parcela de dezembro. O Minist\u00e9rio da Cidadania informou, que ser\u00e3o beneficiados 13 milh\u00f5es de fam\u00edlias e a disponibiliza\u00e7\u00e3o do montante ser\u00e1 de R$ 2,5 bilh\u00f5es.<br \/>\nA Prefeitura de Sobral est\u00e1 com inscri\u00e7\u00f5es abertas para o curso Mec\u00e2nico de Refrigera\u00e7\u00e3o e Climatiza\u00e7\u00e3o Residencial. As inscri\u00e7\u00f5es acontecem at\u00e9 o dia 22 de outubro, por meio do site www.ocupajuventude.sobral.ce.gov.br. Para se inscrever, \u00e9 necess\u00e1rio ter entre 16 e 29 anos de idade, ser residente e domiciliado em Sobral (sede ou distritos) e anexar ao formul\u00e1rio de inscri\u00e7\u00e3o c\u00f3pias do RG, CPF, comprovante de escolaridade, hist\u00f3rico escolar e comprovante de resid\u00eancia.<br \/>\nDica do colunista Marcelo Marques.<br \/>\nMais not\u00edcias no www.politicaemevidencia.com.br<\/p>\n","protected":false},"excerpt":{"rendered":"<p>Os vereadores do legislativo de Sobral, prestaram homenagens em Sess\u00e3o Especial na noite da ter\u00e7a-feira&#8230;<\/p>\n","protected":false},"author":1,"featured_media":8594,"comment_status":"open","ping_status":"open","sticky":false,"template":"","format":"standard","meta":{"_jetpack_memberships_contains_paid_content":false,"footnotes":"","jetpack_publicize_message":"","jetpack_publicize_feature_enabled":true,"jetpack_social_post_already_shared":true,"jetpack_social_options":{"image_generator_settings":{"template":"highway","default_image_id":0,"font":"","enabled":false},"version":2}},"categories":[11,48],"tags":[],"class_list":["post-9535","post","type-post","status-publish","format-standard","has-post-thumbnail","hentry","category-artigos","category-politica-em-evidencia"],"jetpack_publicize_connections":[],"jetpack_featured_media_url":"https:\/\/correiodasemana.com\/site\/wp-content\/uploads\/2019\/08\/urna_lecr-e1447217261594.jpg","jetpack-related-posts":[{"id":9628,"url":"https:\/\/correiodasemana.com\/site\/politica-em-evidencia-12\/","url_meta":{"origin":9535,"position":0},"title":"Pol\u00edtica em Evid\u00eancia","author":"","date":"Outubro 28, 2019","format":false,"excerpt":"O Presidente da C\u00e2mara de Sobral, Carlos do Calisto, comandou Sess\u00e3o Especial em que prestou homenagem aos Servidores P\u00fablicos, em comemora\u00e7\u00e3o ao Dia do Servidor P\u00fablico.A Sess\u00e3o especial foi solicitado pela vereadora, Alessandra Ponte, e durante esta sess\u00e3o, o presidente Carlos do Calisto, nomeou Aleandro Linhares, para falar em nome\u2026","rel":"","context":"In &quot;Artigos&quot;","block_context":{"text":"Artigos","link":"https:\/\/correiodasemana.com\/site\/category\/artigos\/"},"img":{"alt_text":"","src":"https:\/\/i0.wp.com\/correiodasemana.com\/site\/wp-content\/uploads\/2019\/08\/urna_lecr-e1447217261594.jpg?resize=350%2C200&ssl=1","width":350,"height":200,"srcset":"https:\/\/i0.wp.com\/correiodasemana.com\/site\/wp-content\/uploads\/2019\/08\/urna_lecr-e1447217261594.jpg?resize=350%2C200&ssl=1 1x, https:\/\/i0.wp.com\/correiodasemana.com\/site\/wp-content\/uploads\/2019\/08\/urna_lecr-e1447217261594.jpg?resize=525%2C300&ssl=1 1.5x, https:\/\/i0.wp.com\/correiodasemana.com\/site\/wp-content\/uploads\/2019\/08\/urna_lecr-e1447217261594.jpg?resize=700%2C400&ssl=1 2x, https:\/\/i0.wp.com\/correiodasemana.com\/site\/wp-content\/uploads\/2019\/08\/urna_lecr-e1447217261594.jpg?resize=1050%2C600&ssl=1 3x, https:\/\/i0.wp.com\/correiodasemana.com\/site\/wp-content\/uploads\/2019\/08\/urna_lecr-e1447217261594.jpg?resize=1400%2C800&ssl=1 4x"},"classes":[]},{"id":17885,"url":"https:\/\/correiodasemana.com\/site\/politica-em-evidencia-83\/","url_meta":{"origin":9535,"position":1},"title":"Pol\u00edtica em Evid\u00eancia","author":"","date":"Outubro 31, 2021","format":false,"excerpt":"O cantor Belchior, completaria no dia 26 de outubro, 75 anos de muita inspira\u00e7\u00e3o, levando ao p\u00fablico\u00a0muita poesia.\u00a0\u00a0Para celebrar a data, a Secretaria da Cultura e Turismo realizou no P\u00e1tio do Theatro S\u00e3o Jo\u00e3o, homenagens ao sobralense Belchior, quando houve muitas apresenta\u00e7\u00f5es musicais de artistas sobralenses realizando tributo ao cantor\u2026","rel":"","context":"In &quot;Artigos&quot;","block_context":{"text":"Artigos","link":"https:\/\/correiodasemana.com\/site\/category\/artigos\/"},"img":{"alt_text":"","src":"","width":0,"height":0},"classes":[]},{"id":17724,"url":"https:\/\/correiodasemana.com\/site\/politica-em-evidencia-80\/","url_meta":{"origin":9535,"position":2},"title":"Pol\u00edtica em Evid\u00eancia","author":"","date":"Outubro 11, 2021","format":false,"excerpt":"Prefeito de Sobral, Ivo Gomes, dever\u00e1 em breve inaugurar depois de anos a Vila Ol\u00edmpica, para receber os jovens sobralenses para a pr\u00e1tica esportiva das diversas modalidades. O gestor ainda n\u00e3o anunciou a data da inaugura\u00e7\u00e3o, mais como os trabalhos est\u00e3o n\u00e3o reta final, n\u00f3s pr\u00f3ximos dias anunciar\u00e1 a data\u2026","rel":"","context":"In &quot;Artigos&quot;","block_context":{"text":"Artigos","link":"https:\/\/correiodasemana.com\/site\/category\/artigos\/"},"img":{"alt_text":"","src":"","width":0,"height":0},"classes":[]},{"id":15596,"url":"https:\/\/correiodasemana.com\/site\/politica-em-evidencia-53\/","url_meta":{"origin":9535,"position":3},"title":"Pol\u00edtica em Evid\u00eancia","author":"","date":"Fevereiro 2, 2021","format":false,"excerpt":"O presidente do legislativo de Sobral, Vicente de Paulo (PDT), confirmando ao site \u201cPol\u00edtica em Evid\u00eancia\u201d, que o prefeito Ivo Gomes (PDT) vai est\u00e1 na abertura dos trabalhos da C\u00e2mara Municipal, na pr\u00f3xima ter\u00e7a-feira (2). Disse Paul\u00e3o, que o prefeito confirmou sua presen\u00e7a, nesta Sess\u00e3o Solene, quando falar\u00e1 de suas\u2026","rel":"","context":"In &quot;Artigos&quot;","block_context":{"text":"Artigos","link":"https:\/\/correiodasemana.com\/site\/category\/artigos\/"},"img":{"alt_text":"","src":"","width":0,"height":0},"classes":[]},{"id":10789,"url":"https:\/\/correiodasemana.com\/site\/politico-em-evidencia-2\/","url_meta":{"origin":9535,"position":4},"title":"Pol\u00edtico em Evid\u00eancia","author":"","date":"Fevereiro 10, 2020","format":false,"excerpt":"O Presidente da C\u00e2mara de Sobral, Carlos do Calisto, comandou a abertura dos trabalhos legislativos no plen\u00e1rio 5 de Julho, na segunda-feira (3\/2), com a presen\u00e7a do prefeito Ivo Gomes.Na oportunidade, o gestor municipal mostrou como est\u00e1 sua administra\u00e7\u00e3o, e quebrando o protocolo, ficou \u00e0 vontade no parlamento e se\u2026","rel":"","context":"In &quot;Artigos&quot;","block_context":{"text":"Artigos","link":"https:\/\/correiodasemana.com\/site\/category\/artigos\/"},"img":{"alt_text":"","src":"https:\/\/i0.wp.com\/correiodasemana.com\/site\/wp-content\/uploads\/2019\/08\/urna_lecr-e1447217261594.jpg?resize=350%2C200&ssl=1","width":350,"height":200,"srcset":"https:\/\/i0.wp.com\/correiodasemana.com\/site\/wp-content\/uploads\/2019\/08\/urna_lecr-e1447217261594.jpg?resize=350%2C200&ssl=1 1x, https:\/\/i0.wp.com\/correiodasemana.com\/site\/wp-content\/uploads\/2019\/08\/urna_lecr-e1447217261594.jpg?resize=525%2C300&ssl=1 1.5x, https:\/\/i0.wp.com\/correiodasemana.com\/site\/wp-content\/uploads\/2019\/08\/urna_lecr-e1447217261594.jpg?resize=700%2C400&ssl=1 2x, https:\/\/i0.wp.com\/correiodasemana.com\/site\/wp-content\/uploads\/2019\/08\/urna_lecr-e1447217261594.jpg?resize=1050%2C600&ssl=1 3x, https:\/\/i0.wp.com\/correiodasemana.com\/site\/wp-content\/uploads\/2019\/08\/urna_lecr-e1447217261594.jpg?resize=1400%2C800&ssl=1 4x"},"classes":[]},{"id":15656,"url":"https:\/\/correiodasemana.com\/site\/politica-em-evidencia-54\/","url_meta":{"origin":9535,"position":5},"title":"Pol\u00edtica em Evid\u00eancia","author":"","date":"Fevereiro 6, 2021","format":false,"excerpt":"Na contram\u00e3o da crise econ\u00f4mica agravada pela pandemia do novo coronav\u00edrus,\u00a0Sobral foi o munic\u00edpio que mais gerou empregos em 2020, fechando o ano com um saldo positivo de 2.834 novos postos de trabalho, superando a capital Fortaleza (2.419). Os dados s\u00e3o do Cadastro Geral de Empregados e Desempregados (Caged), do\u2026","rel":"","context":"In &quot;Artigos&quot;","block_context":{"text":"Artigos","link":"https:\/\/correiodasemana.com\/site\/category\/artigos\/"},"img":{"alt_text":"","src":"","width":0,"height":0},"classes":[]}],"jetpack_sharing_enabled":true,"_links":{"self":[{"href":"https:\/\/correiodasemana.com\/site\/wp-json\/wp\/v2\/posts\/9535","targetHints":{"allow":["GET"]}}],"collection":[{"href":"https:\/\/correiodasemana.com\/site\/wp-json\/wp\/v2\/posts"}],"about":[{"href":"https:\/\/correiodasemana.com\/site\/wp-json\/wp\/v2\/types\/post"}],"author":[{"embeddable":true,"href":"https:\/\/correiodasemana.com\/site\/wp-json\/wp\/v2\/users\/1"}],"replies":[{"embeddable":true,"href":"https:\/\/correiodasemana.com\/site\/wp-json\/wp\/v2\/comments?post=9535"}],"version-history":[{"count":1,"href":"https:\/\/correiodasemana.com\/site\/wp-json\/wp\/v2\/posts\/9535\/revisions"}],"predecessor-version":[{"id":9536,"href":"https:\/\/correiodasemana.com\/site\/wp-json\/wp\/v2\/posts\/9535\/revisions\/9536"}],"wp:featuredmedia":[{"embeddable":true,"href":"https:\/\/correiodasemana.com\/site\/wp-json\/wp\/v2\/media\/8594"}],"wp:attachment":[{"href":"https:\/\/correiodasemana.com\/site\/wp-json\/wp\/v2\/media?parent=9535"}],"wp:term":[{"taxonomy":"category","embeddable":true,"href":"https:\/\/correiodasemana.com\/site\/wp-json\/wp\/v2\/categories?post=9535"},{"taxonomy":"post_tag","embeddable":true,"href":"https:\/\/correiodasemana.com\/site\/wp-json\/wp\/v2\/tags?post=9535"}],"curies":[{"name":"wp","href":"https:\/\/api.w.org\/{rel}","templated":true}]}}