{"id":9821,"date":"2019-11-11T03:44:26","date_gmt":"2019-11-11T03:44:26","guid":{"rendered":"https:\/\/correiodasemana.com\/site\/?p=9821"},"modified":"2019-11-11T03:44:26","modified_gmt":"2019-11-11T03:44:26","slug":"em-tempo-19","status":"publish","type":"post","link":"https:\/\/correiodasemana.com\/site\/em-tempo-19\/","title":{"rendered":"Em Tempo"},"content":{"rendered":"<p><strong>Pr\u00eamio Gandhi de Comunica\u00e7\u00e3o 2019<\/strong><br \/>\nAs inscri\u00e7\u00f5es para o Pr\u00eamio Gandhi de Comunica\u00e7\u00e3o 2019 foram encerradas no dia 31 de outubro. Agora \u00e9 o momento de escolher dentre tantos trabalhos que abordam a cultura de paz. O \u201cGandhi\u201d rompeu fronteiras, com participa\u00e7\u00f5es da Bahia, Para\u00edba, S\u00e3o Paulo e Alagoas.<br \/>\nAo todo foram inscritos 152 trabalhos, sendo 77 de profissionais da comunica\u00e7\u00e3o, 19 de estudantes de Jornalismo e Publicidade, 4 voltados para a Comunica\u00e7\u00e3o Interna e 52 de produtores de conte\u00fado online, categoria que contempla blogs, portais, podcasts, videologs e youtubers.<\/p>\n<p><strong>Concurso do MPCE oferta 29 vagas<\/strong><br \/>\nO procurador-geral de Justi\u00e7a, Pl\u00e1cido Barroso Rios, anunciou concurso para\u00a0servidores do Minist\u00e9rio P\u00fablico do Cear\u00e1 (MPCE). A banca definida para organizar o concurso ser\u00e1 o\u00a0Centro Brasileiro de Pesquisa em Avalia\u00e7\u00e3o e Sele\u00e7\u00e3o e de Promo\u00e7\u00e3o de Eventos (Cebraspe).<br \/>\nCertame contar\u00e1 com\u00a029 vagas mais forma\u00e7\u00e3o de cadastro de reserva.\u00a0Para t\u00e9cnico ministerial (n\u00edvel m\u00e9dio),\u00a0a remunera\u00e7\u00e3o mensal \u00e9 de R$ 4.038,91. Para\u00a0analista ministerial (n\u00edvel superior), a remunera\u00e7\u00e3o \u00e9 de R$ 5.919,42. A jornada de trabalho \u00e9 de 30 horas semanais.<\/p>\n<p><strong>CNN contrata jornalista cearense<\/strong><br \/>\nJornalista tais Lopes apresentou o Jornal Nacional no dia 19 de outubro<br \/>\nA CNN anunciou contrata\u00e7\u00e3o da jornalista cearense Tais Lopes, rep\u00f3rter e apresentadora em filial da rede Globo em Fortaleza.\u00a0Na CNN Brasil, Tais ficar\u00e1 \u00e0 frente dos telejornais matutinos e participar\u00e1 da programa\u00e7\u00e3o multiplataforma. Informa\u00e7\u00f5es s\u00e3o do jornalista Mauricio Stycer.<br \/>\nA CNN Brasil tem previs\u00e3o de entrar em funcionamento em mar\u00e7o de 2020. Diversos profissionais j\u00e1 foram contratados desde que o projeto foi anunciado, em janeiro deste ano, entre eles Monalisa Perrone, William Waack, Evaristo Costa, Cris Dias, Mari Palma e Phelipe Siani<\/p>\n<p><strong>Parceria UFC-Prefeitura de Sobral<\/strong><br \/>\nO reitor da Universidade Federal do Cear\u00e1 (UFC), C\u00e2ndido Albuquerque, recebeu o prefeito de Sobral, Ivo Ferreira Gomes, acompanhado do secret\u00e1rio de Educa\u00e7\u00e3o, Herbert Lima, na tarde de 4 de novembro, para\u00a0discutir parcerias entre a Universidade e o munic\u00edpio.<br \/>\nA inten\u00e7\u00e3o \u00e9 implementar cursos da \u00e1rea art\u00edstica no Campus de Sobral, nas \u00e1reas de dan\u00e7a, bal\u00e9 e teatro. O prefeito Ivo Gomes garantiu que \u201ca Prefeitura entrar\u00e1 com toda a estrutura necess\u00e1ria e que estiver ao alcance para que a UFC possa ampliar sua oferta de cursos.\u201d<\/p>\n<p><strong>UNIFOR\u00a0incentiva a cria\u00e7\u00e3o liter\u00e1ria\u00a0<\/strong><br \/>\nPr\u00eamio de Literatura da Universidade de Fortaleza\u00a0objetiva incentivar a cria\u00e7\u00e3o liter\u00e1ria e sua divulga\u00e7\u00e3o como forma de promo\u00e7\u00e3o do h\u00e1bito de leitura, al\u00e9m de divulgar novos escritores por meio da publica\u00e7\u00e3o de suas obras. Nesta edi\u00e7\u00e3o, o g\u00eanero liter\u00e1rio escolhido \u00e9\u00a0Conto.<br \/>\nInscri\u00e7\u00f5es acontecem at\u00e9 16 de dezembro, na Vice-Reitoria de Extens\u00e3o e Comunidade Universit\u00e1ria. Os trabalhos ser\u00e3o avaliados por professores de literatura em l\u00edngua portuguesa. A divulga\u00e7\u00e3o do resultado e entrega dos pr\u00eamios ser\u00e3o realizados em 23 de mar\u00e7o de 2020.<\/p>\n<p>Dica da Coluna<br \/>\nLeia o Blog do Edilson (www.blogdoedilson.com.br). Cultura, educa\u00e7\u00e3o, pol\u00edtica e utilidade p\u00fablica.<\/p>\n","protected":false},"excerpt":{"rendered":"<p>Pr\u00eamio Gandhi de Comunica\u00e7\u00e3o 2019 As inscri\u00e7\u00f5es para o Pr\u00eamio Gandhi de Comunica\u00e7\u00e3o 2019 foram&#8230;<\/p>\n","protected":false},"author":1,"featured_media":9822,"comment_status":"open","ping_status":"open","sticky":false,"template":"","format":"standard","meta":{"_jetpack_memberships_contains_paid_content":false,"footnotes":"","jetpack_publicize_message":"","jetpack_publicize_feature_enabled":true,"jetpack_social_post_already_shared":true,"jetpack_social_options":{"image_generator_settings":{"template":"highway","default_image_id":0,"font":"","enabled":false},"version":2}},"categories":[11,36],"tags":[],"class_list":["post-9821","post","type-post","status-publish","format-standard","has-post-thumbnail","hentry","category-artigos","category-em-tempo"],"jetpack_publicize_connections":[],"jetpack_featured_media_url":"https:\/\/correiodasemana.com\/site\/wp-content\/uploads\/2019\/11\/1_tais_lopes-10392095.png","jetpack-related-posts":[{"id":9545,"url":"https:\/\/correiodasemana.com\/site\/em-tempo-16\/","url_meta":{"origin":9821,"position":0},"title":"Em Tempo","author":"","date":"Outubro 22, 2019","format":false,"excerpt":"Pr\u00eamio Gandhi de Comunica\u00e7\u00e3o Ag\u00eancia da Boa Not\u00edcia reitera o seu compromisso com a dissemina\u00e7\u00e3o da Cultura de Paz e lan\u00e7a a 12\u00aa edi\u00e7\u00e3o do Pr\u00eamio Gandhi de Comunica\u00e7\u00e3o. Os trabalhos concorrentes devem abordar a tem\u00e1tica da cultura de paz, adequada a cada m\u00eddia. As inscri\u00e7\u00f5es seguem at\u00e9 o dia\u2026","rel":"","context":"In &quot;Artigos&quot;","block_context":{"text":"Artigos","link":"https:\/\/correiodasemana.com\/site\/category\/artigos\/"},"img":{"alt_text":"","src":"https:\/\/i0.wp.com\/correiodasemana.com\/site\/wp-content\/uploads\/2019\/10\/IVO-GOMES.jpg?resize=350%2C200&ssl=1","width":350,"height":200,"srcset":"https:\/\/i0.wp.com\/correiodasemana.com\/site\/wp-content\/uploads\/2019\/10\/IVO-GOMES.jpg?resize=350%2C200&ssl=1 1x, https:\/\/i0.wp.com\/correiodasemana.com\/site\/wp-content\/uploads\/2019\/10\/IVO-GOMES.jpg?resize=525%2C300&ssl=1 1.5x, https:\/\/i0.wp.com\/correiodasemana.com\/site\/wp-content\/uploads\/2019\/10\/IVO-GOMES.jpg?resize=700%2C400&ssl=1 2x"},"classes":[]},{"id":17854,"url":"https:\/\/correiodasemana.com\/site\/em-tempo-105\/","url_meta":{"origin":9821,"position":1},"title":"Em Tempo","author":"","date":"Outubro 24, 2021","format":false,"excerpt":"Pr\u00eamio Gandhi de Comunica\u00e7\u00e3o 2021 Ag\u00eancia da Boa Not\u00edcia (ABN) lan\u00e7a Pr\u00eamio Gandhi de Comunica\u00e7\u00e3o 2021 com objetivo de destacar os trabalhos que mais contribuem para a Cultura de Paz e as a\u00e7\u00f5es do desenvolvimento humano como instrumento da harmonia social. A premia\u00e7\u00e3o \u00e9 de R$ 30 mil para nove\u2026","rel":"","context":"In &quot;Artigos&quot;","block_context":{"text":"Artigos","link":"https:\/\/correiodasemana.com\/site\/category\/artigos\/"},"img":{"alt_text":"","src":"https:\/\/i0.wp.com\/correiodasemana.com\/site\/wp-content\/uploads\/2019\/12\/FOTO-EDILSON-SILVA-2.jpg?resize=350%2C200&ssl=1","width":350,"height":200,"srcset":"https:\/\/i0.wp.com\/correiodasemana.com\/site\/wp-content\/uploads\/2019\/12\/FOTO-EDILSON-SILVA-2.jpg?resize=350%2C200&ssl=1 1x, https:\/\/i0.wp.com\/correiodasemana.com\/site\/wp-content\/uploads\/2019\/12\/FOTO-EDILSON-SILVA-2.jpg?resize=525%2C300&ssl=1 1.5x, https:\/\/i0.wp.com\/correiodasemana.com\/site\/wp-content\/uploads\/2019\/12\/FOTO-EDILSON-SILVA-2.jpg?resize=700%2C400&ssl=1 2x"},"classes":[]},{"id":35546,"url":"https:\/\/correiodasemana.com\/site\/em-tempo-294\/","url_meta":{"origin":9821,"position":2},"title":"EM TEMPO \u2022","author":"adminredacao","date":"Setembro 15, 2025","format":false,"excerpt":"7\u00aa edi\u00e7\u00e3o do Pr\u00eamio MPCE de Jornalismo A 7\u00aa edi\u00e7\u00e3o do Pr\u00eamio MPCE de Jornalismo recebe inscri\u00e7\u00f5es at\u00e9 2 de novembro. O concurso visa premiar trabalhos jornal\u00edsticos dentro do tema \u201cA Atua\u00e7\u00e3o do Minist\u00e9rio P\u00fablico do Cear\u00e1 na promo\u00e7\u00e3o dos direitos, na fiscaliza\u00e7\u00e3o da lei e na indu\u00e7\u00e3o de pol\u00edticas\u2026","rel":"","context":"In &quot;Artigos&quot;","block_context":{"text":"Artigos","link":"https:\/\/correiodasemana.com\/site\/category\/artigos\/"},"img":{"alt_text":"","src":"https:\/\/i0.wp.com\/correiodasemana.com\/site\/wp-content\/uploads\/2025\/09\/Fatima-Macedo-Credito-Jamille-Queiroz-150x150.jpg?resize=350%2C200&ssl=1","width":350,"height":200,"srcset":"https:\/\/i0.wp.com\/correiodasemana.com\/site\/wp-content\/uploads\/2025\/09\/Fatima-Macedo-Credito-Jamille-Queiroz-150x150.jpg?resize=350%2C200&ssl=1 1x, https:\/\/i0.wp.com\/correiodasemana.com\/site\/wp-content\/uploads\/2025\/09\/Fatima-Macedo-Credito-Jamille-Queiroz-150x150.jpg?resize=525%2C300&ssl=1 1.5x, https:\/\/i0.wp.com\/correiodasemana.com\/site\/wp-content\/uploads\/2025\/09\/Fatima-Macedo-Credito-Jamille-Queiroz-150x150.jpg?resize=700%2C400&ssl=1 2x"},"classes":[]},{"id":11301,"url":"https:\/\/correiodasemana.com\/site\/em-tempo-36\/","url_meta":{"origin":9821,"position":3},"title":"Em Tempo","author":"","date":"Mar\u00e7o 24, 2020","format":false,"excerpt":"DETRAN suspende exames no Cear\u00e1 Em preven\u00e7\u00e3o contra a transmiss\u00e3o do\u00a0Coronav\u00edrus, o Departamento de Tr\u00e2nsito do Cear\u00e1 adotou um conjunto de medidas e suspendeu, no per\u00edodo de 18 a 31 de mar\u00e7o, todos os exames pr\u00e1ticos e de legisla\u00e7\u00e3o.\u00a0A fiscaliza\u00e7\u00e3o tamb\u00e9m passar\u00e1 por altera\u00e7\u00f5es. A suspens\u00e3o abrange todos os cursos,\u2026","rel":"","context":"In &quot;Artigos&quot;","block_context":{"text":"Artigos","link":"https:\/\/correiodasemana.com\/site\/category\/artigos\/"},"img":{"alt_text":"","src":"https:\/\/i0.wp.com\/correiodasemana.com\/site\/wp-content\/uploads\/2020\/03\/Inaugura_Jaibaras_2.jpeg?resize=350%2C200&ssl=1","width":350,"height":200,"srcset":"https:\/\/i0.wp.com\/correiodasemana.com\/site\/wp-content\/uploads\/2020\/03\/Inaugura_Jaibaras_2.jpeg?resize=350%2C200&ssl=1 1x, https:\/\/i0.wp.com\/correiodasemana.com\/site\/wp-content\/uploads\/2020\/03\/Inaugura_Jaibaras_2.jpeg?resize=525%2C300&ssl=1 1.5x, https:\/\/i0.wp.com\/correiodasemana.com\/site\/wp-content\/uploads\/2020\/03\/Inaugura_Jaibaras_2.jpeg?resize=700%2C400&ssl=1 2x, https:\/\/i0.wp.com\/correiodasemana.com\/site\/wp-content\/uploads\/2020\/03\/Inaugura_Jaibaras_2.jpeg?resize=1050%2C600&ssl=1 3x"},"classes":[]},{"id":10301,"url":"https:\/\/correiodasemana.com\/site\/em-tempo-24\/","url_meta":{"origin":9821,"position":4},"title":"Em Tempo","author":"","date":"Dezembro 23, 2019","format":false,"excerpt":"Concurso do Minist\u00e9rio P\u00fablico Minist\u00e9rio P\u00fablico do Cear\u00e1 (MPCE) publicou no Di\u00e1rio Oficial, no dia 17 de dezembro, o edital de\u00a0concurso p\u00fablico para 30 vagas e forma\u00e7\u00e3o de cadastro de reserva para os cargos de analista e t\u00e9cnicos ministeriais. A\u00a0data prevista para realiza\u00e7\u00e3o da prova \u00e9 dia 8 de mar\u00e7o.\u2026","rel":"","context":"In &quot;Artigos&quot;","block_context":{"text":"Artigos","link":"https:\/\/correiodasemana.com\/site\/category\/artigos\/"},"img":{"alt_text":"","src":"https:\/\/i0.wp.com\/correiodasemana.com\/site\/wp-content\/uploads\/2019\/12\/Hemoce-no-gabinete.jpeg?resize=350%2C200&ssl=1","width":350,"height":200,"srcset":"https:\/\/i0.wp.com\/correiodasemana.com\/site\/wp-content\/uploads\/2019\/12\/Hemoce-no-gabinete.jpeg?resize=350%2C200&ssl=1 1x, https:\/\/i0.wp.com\/correiodasemana.com\/site\/wp-content\/uploads\/2019\/12\/Hemoce-no-gabinete.jpeg?resize=525%2C300&ssl=1 1.5x, https:\/\/i0.wp.com\/correiodasemana.com\/site\/wp-content\/uploads\/2019\/12\/Hemoce-no-gabinete.jpeg?resize=700%2C400&ssl=1 2x, https:\/\/i0.wp.com\/correiodasemana.com\/site\/wp-content\/uploads\/2019\/12\/Hemoce-no-gabinete.jpeg?resize=1050%2C600&ssl=1 3x"},"classes":[]},{"id":18135,"url":"https:\/\/correiodasemana.com\/site\/como-conviver-com-as-agressoes-verbais-ii\/","url_meta":{"origin":9821,"position":5},"title":"Como conviver com as agress\u00f5es verbais II","author":"","date":"Novembro 28, 2021","format":false,"excerpt":"Vamos falar outra vez sobre a raiva, sobre esse sentimento que todos n\u00f3s temos de vez em quando, sobre as agress\u00f5es verbais que muitas vezes s\u00e3o piores at\u00e9 que uma agress\u00e3o f\u00edsica. Elas incomodam o interior mental das pessoas que podem chegar a ter ang\u00fastia, tormento, agonia, depress\u00e3o. Nessa vida\u2026","rel":"","context":"In &quot;Artigos&quot;","block_context":{"text":"Artigos","link":"https:\/\/correiodasemana.com\/site\/category\/artigos\/"},"img":{"alt_text":"","src":"https:\/\/i0.wp.com\/correiodasemana.com\/site\/wp-content\/uploads\/2021\/08\/Salmito-Campos.jpg?resize=350%2C200&ssl=1","width":350,"height":200,"srcset":"https:\/\/i0.wp.com\/correiodasemana.com\/site\/wp-content\/uploads\/2021\/08\/Salmito-Campos.jpg?resize=350%2C200&ssl=1 1x, https:\/\/i0.wp.com\/correiodasemana.com\/site\/wp-content\/uploads\/2021\/08\/Salmito-Campos.jpg?resize=525%2C300&ssl=1 1.5x, https:\/\/i0.wp.com\/correiodasemana.com\/site\/wp-content\/uploads\/2021\/08\/Salmito-Campos.jpg?resize=700%2C400&ssl=1 2x, https:\/\/i0.wp.com\/correiodasemana.com\/site\/wp-content\/uploads\/2021\/08\/Salmito-Campos.jpg?resize=1050%2C600&ssl=1 3x, https:\/\/i0.wp.com\/correiodasemana.com\/site\/wp-content\/uploads\/2021\/08\/Salmito-Campos.jpg?resize=1400%2C800&ssl=1 4x"},"classes":[]}],"jetpack_sharing_enabled":true,"_links":{"self":[{"href":"https:\/\/correiodasemana.com\/site\/wp-json\/wp\/v2\/posts\/9821","targetHints":{"allow":["GET"]}}],"collection":[{"href":"https:\/\/correiodasemana.com\/site\/wp-json\/wp\/v2\/posts"}],"about":[{"href":"https:\/\/correiodasemana.com\/site\/wp-json\/wp\/v2\/types\/post"}],"author":[{"embeddable":true,"href":"https:\/\/correiodasemana.com\/site\/wp-json\/wp\/v2\/users\/1"}],"replies":[{"embeddable":true,"href":"https:\/\/correiodasemana.com\/site\/wp-json\/wp\/v2\/comments?post=9821"}],"version-history":[{"count":1,"href":"https:\/\/correiodasemana.com\/site\/wp-json\/wp\/v2\/posts\/9821\/revisions"}],"predecessor-version":[{"id":9823,"href":"https:\/\/correiodasemana.com\/site\/wp-json\/wp\/v2\/posts\/9821\/revisions\/9823"}],"wp:featuredmedia":[{"embeddable":true,"href":"https:\/\/correiodasemana.com\/site\/wp-json\/wp\/v2\/media\/9822"}],"wp:attachment":[{"href":"https:\/\/correiodasemana.com\/site\/wp-json\/wp\/v2\/media?parent=9821"}],"wp:term":[{"taxonomy":"category","embeddable":true,"href":"https:\/\/correiodasemana.com\/site\/wp-json\/wp\/v2\/categories?post=9821"},{"taxonomy":"post_tag","embeddable":true,"href":"https:\/\/correiodasemana.com\/site\/wp-json\/wp\/v2\/tags?post=9821"}],"curies":[{"name":"wp","href":"https:\/\/api.w.org\/{rel}","templated":true}]}}