{"id":9824,"date":"2019-11-11T03:46:02","date_gmt":"2019-11-11T03:46:02","guid":{"rendered":"https:\/\/correiodasemana.com\/site\/?p=9824"},"modified":"2019-11-11T03:46:02","modified_gmt":"2019-11-11T03:46:02","slug":"ela-esta-para-chegar","status":"publish","type":"post","link":"https:\/\/correiodasemana.com\/site\/ela-esta-para-chegar\/","title":{"rendered":"ELA EST\u00c1 PARA CHEGAR"},"content":{"rendered":"<p>Passaram-se alguns meses. De in\u00edcio, um pequeno sinal, mas, a alegria j\u00e1 era grande. E nossa Princesinha Isadora soube que no seu reino surgiria mais um Pr\u00edncipe ou Princesa. Ela dizia. Se for menina, eu e as mulheres vamos cuidar. Se for homem, os homens cuidar\u00e3o. E os dias foram passando e chegou o momento de saber se era menino ou menina e veio a confirma\u00e7\u00e3o. \u00c9 menina. Parab\u00e9ns, dizia o Dr. F\u00e1bio Machado!\u00a0\u00a0E vieram os preparativos. As novas consultas. E a cada dia a alegria aumenta. Ainda estamos neste clima.<br \/>\nVeio a escolha do nome e Anne era o final do nome da m\u00e3e, deriva\u00e7\u00e3o de Anna que quer dizer \u201cgraciosa\u201d; Elo\u00edsa, significando \u201csaud\u00e1vel\u201d e, em seu nome, homenagem\u00a0\u00a0\u00e0 av\u00f3. Os pais n\u00e3o escondem a felicidade. A cada ultrassonografia uma expectativa e, mesmo para quem tem pr\u00e1tica com o assunto, uma surpresa: ela est\u00e1 rindo. Vejam!<br \/>\nE o que dizer-te, minha sobrinha? Acho que posso chamar-te filha, como meus tios me chamam, \u201cmeu filho\u201d. E, em cada tio, temos um pouquinho dos pais, nos pais um pouco dos av\u00f3s e a hist\u00f3ria familiar ter\u00e1 continuidade em Voc\u00ea. Espero que o mundo seja bondoso com Voc\u00ea e no percurso da estrada tenho certeza de que encontrar\u00e1s muitas pessoas boas para acompanhar-te. E o tempo passar\u00e1. Quem sabe ganhar\u00e1s um irm\u00e3ozinho. Vir\u00e3o as festas, os quinze anos e o mundo se abrir\u00e1 para acolher a nova adolescente. Ser\u00e1 que antes disso haver\u00e1 rebeldia? Voc\u00ea ir\u00e1 querer um mundo do seu jeito? \u00c9 compreens\u00edvel se isto ocorrer. E um dia, o amor surgir\u00e1. Imagino Voc\u00ea pensando em tamb\u00e9m construir sua hist\u00f3ria, formando uma fam\u00edlia. Mas, ainda vai demorar. Antes, aproveitaremos teus momentos. Ficaremos \u201cbobos\u201d a cada perip\u00e9cia tua, do jeito que eu fiquei dos outros sobrinhos e seus av\u00f3s dos outros netos, mas, dos pais ser\u00e1s \u00fanica. \u00c9s a primeira que chega para perfumar e iluminar o lar, a vida deles.<br \/>\nFalta pouco para conhecermos Voc\u00ea. At\u00e9 seu chorinho de rec\u00e9m-nascida imaginamos. J\u00e1 tens roupas, j\u00e1 te vimos, gra\u00e7as \u00e0 tecnologia, e Voc\u00ea ganhou at\u00e9 uma obra de arte. O desenho de sua priminha Isadora, de 5 anos. Belo. Para n\u00f3s da fam\u00edlia, supera qualquer verdadeira obra de arte, pois se trata do amor (Isadora) imaginando o amor (Anne Elo\u00edsa). Mandei emoldurar a gravura. Penso que estar\u00e1 no teu quarto, mas, Voc\u00ea demorar\u00e1 a entend\u00ea-lo. Se bem que, de in\u00edcio, ser\u00e1 quase uma brincadeira.<br \/>\nAnne Elo\u00edsa, Voc\u00ea j\u00e1 nos conquistou. Seus pais n\u00e3o pensam em nada sem Voc\u00ea. Os vov\u00f4s e as vov\u00f3s est\u00e3o felizes e s\u00f3 te desejam o bem, os tios, as primas e os primos est\u00e3o ansiosos pelo teu nascimento. E a felicidade \u00e9 o que mais te desejam e desejamos todos n\u00f3s!<br \/>\nE nesta proximidade de teu nascimento, no m\u00eas do anivers\u00e1rio de teu pai, tua av\u00f3, tua tia-madrinha, tua prima que disse que ser\u00e1 tua irm\u00e3 mais velha, nossas aspira\u00e7\u00f5es s\u00e3o as melhores poss\u00edveis e este escrito, talvez at\u00e9 se fa\u00e7a enfadonho ao leitor, do que me desculpo, mas, se ele tem paci\u00eancia de ler o que escrevo h\u00e1 algum tempo, saber\u00e1 que sou assim mesmo: emo\u00e7\u00e3o que n\u00e3o guarda amor, nem ternura, por isso, te escrevo, sem que ainda n\u00e3o tenhas nascido, ainda que n\u00e3o saibas ler, mas, quem sabe um dia contar\u00e3o esta hist\u00f3ria a Voc\u00ea. Que Deus te aben\u00e7oe, pequenina! Trazes a felicidade de muitos de n\u00f3s, sendo os principais, teus pais!<br \/>\nSeja bem-vinda, Anne Elo\u00edsa!<\/p>\n","protected":false},"excerpt":{"rendered":"<p>Passaram-se alguns meses. De in\u00edcio, um pequeno sinal, mas, a alegria j\u00e1 era grande. E&#8230;<\/p>\n","protected":false},"author":1,"featured_media":8256,"comment_status":"open","ping_status":"open","sticky":false,"template":"","format":"standard","meta":{"_jetpack_memberships_contains_paid_content":false,"footnotes":"","jetpack_publicize_message":"","jetpack_publicize_feature_enabled":true,"jetpack_social_post_already_shared":true,"jetpack_social_options":{"image_generator_settings":{"template":"highway","default_image_id":0,"font":"","enabled":false},"version":2}},"categories":[11,41],"tags":[],"class_list":["post-9824","post","type-post","status-publish","format-standard","has-post-thumbnail","hentry","category-artigos","category-jose-luis-lira"],"jetpack_publicize_connections":[],"jetpack_featured_media_url":"https:\/\/correiodasemana.com\/site\/wp-content\/uploads\/2019\/07\/Jose\u0301-1.jpg","jetpack-related-posts":[{"id":11060,"url":"https:\/\/correiodasemana.com\/site\/consumidores-com-contas-em-atraso-podem-recorrer-ao-feirao-limpa-nome\/","url_meta":{"origin":9824,"position":0},"title":"Consumidores com contas em atraso podem recorrer ao Feir\u00e3o Limpa Nome","author":"","date":"Mar\u00e7o 2, 2020","format":false,"excerpt":"Come\u00e7ou na quinta-feira (27) o Feir\u00e3o Limpa Nome do Serasa. A iniciativa que termina no dia 31 de mar\u00e7o \u00e9 uma oportunidade para ajudar consumidores com contas atrasadas a negociar e quitar suas d\u00edvidas. De acordo com o Serasa, os descontos podem chegar a at\u00e9 98%. Participam do Feir\u00e3o mais\u2026","rel":"","context":"In &quot;Atualidade&quot;","block_context":{"text":"Atualidade","link":"https:\/\/correiodasemana.com\/site\/category\/atualidade\/"},"img":{"alt_text":"","src":"https:\/\/i0.wp.com\/correiodasemana.com\/site\/wp-content\/uploads\/2020\/03\/banner.jpg?resize=350%2C200&ssl=1","width":350,"height":200,"srcset":"https:\/\/i0.wp.com\/correiodasemana.com\/site\/wp-content\/uploads\/2020\/03\/banner.jpg?resize=350%2C200&ssl=1 1x, https:\/\/i0.wp.com\/correiodasemana.com\/site\/wp-content\/uploads\/2020\/03\/banner.jpg?resize=525%2C300&ssl=1 1.5x, https:\/\/i0.wp.com\/correiodasemana.com\/site\/wp-content\/uploads\/2020\/03\/banner.jpg?resize=700%2C400&ssl=1 2x, https:\/\/i0.wp.com\/correiodasemana.com\/site\/wp-content\/uploads\/2020\/03\/banner.jpg?resize=1050%2C600&ssl=1 3x"},"classes":[]},{"id":33726,"url":"https:\/\/correiodasemana.com\/site\/poucas-e-boas-56\/","url_meta":{"origin":9824,"position":1},"title":"POUCAS E BOAS","author":"adminredacao","date":"Maio 12, 2025","format":false,"excerpt":"Obrigado, Mam\u00e3ezinhas! Como ocorre anualmente no Brasil, mais um Dia das M\u00e3es ser\u00e1 comemorado neste domingo, 11 de maio. Trata-se de ocasi\u00e3o que tem tudo para refortalecer os sublimes la\u00e7os que unem m\u00e3e, pai, filhos, filhas, enfim, a fam\u00edlia. Mas, lamentavelmente, em milh\u00f5es de lares a sensibilidade aos sentimentos de\u2026","rel":"","context":"In &quot;Atualidade&quot;","block_context":{"text":"Atualidade","link":"https:\/\/correiodasemana.com\/site\/category\/atualidade\/"},"img":{"alt_text":"","src":"https:\/\/i0.wp.com\/correiodasemana.com\/site\/wp-content\/uploads\/2023\/05\/artemisio-da-costa-2.jpg?resize=350%2C200&ssl=1","width":350,"height":200},"classes":[]},{"id":18604,"url":"https:\/\/correiodasemana.com\/site\/o-passado-esteve-aqui\/","url_meta":{"origin":9824,"position":2},"title":"O PASSADO ESTEVE AQUI\u00a0","author":"","date":"Janeiro 16, 2022","format":false,"excerpt":"O t\u00edtulo desta conversa de hoje \u00e9 uma lembran\u00e7a. Um livro infanto-juvenil de 1988 que n\u00e3o li por completo, lembro-me bem, porque apareceu \u201cEm algum lugar do passado\u201d e optei por este. Mas, hoje revi sua capa. N\u00e3o tenho mais o livro f\u00edsico. Foi-se embora na voragem do tempo e,\u2026","rel":"","context":"In &quot;Artigos&quot;","block_context":{"text":"Artigos","link":"https:\/\/correiodasemana.com\/site\/category\/artigos\/"},"img":{"alt_text":"","src":"https:\/\/i0.wp.com\/correiodasemana.com\/site\/wp-content\/uploads\/2021\/11\/Prof.-Luis-Lira.jpg?resize=350%2C200&ssl=1","width":350,"height":200,"srcset":"https:\/\/i0.wp.com\/correiodasemana.com\/site\/wp-content\/uploads\/2021\/11\/Prof.-Luis-Lira.jpg?resize=350%2C200&ssl=1 1x, https:\/\/i0.wp.com\/correiodasemana.com\/site\/wp-content\/uploads\/2021\/11\/Prof.-Luis-Lira.jpg?resize=525%2C300&ssl=1 1.5x"},"classes":[]},{"id":16432,"url":"https:\/\/correiodasemana.com\/site\/para-celebrar-e-viver\/","url_meta":{"origin":9824,"position":3},"title":"PARA CELEBRAR E VIVER!","author":"","date":"Maio 10, 2021","format":false,"excerpt":"Neste dia 8 rememoramos o primeiro ano da partida de Matusahila para o c\u00e9u. Muitos a chamavam pelo seu nome liter\u00e1rio, abreviando os sobrenomes e chamando-a apenas Matusahila Santiago. Na intimidade a cham\u00e1vamos de Sahila \u2013 Zaila. Esses dias me dediquei a organizar um livro com os escritos dela. Talvez\u2026","rel":"","context":"In &quot;Artigos&quot;","block_context":{"text":"Artigos","link":"https:\/\/correiodasemana.com\/site\/category\/artigos\/"},"img":{"alt_text":"","src":"https:\/\/i0.wp.com\/correiodasemana.com\/site\/wp-content\/uploads\/2018\/02\/Jose%CC%81-1.jpg?resize=350%2C200&ssl=1","width":350,"height":200,"srcset":"https:\/\/i0.wp.com\/correiodasemana.com\/site\/wp-content\/uploads\/2018\/02\/Jose%CC%81-1.jpg?resize=350%2C200&ssl=1 1x, https:\/\/i0.wp.com\/correiodasemana.com\/site\/wp-content\/uploads\/2018\/02\/Jose%CC%81-1.jpg?resize=525%2C300&ssl=1 1.5x, https:\/\/i0.wp.com\/correiodasemana.com\/site\/wp-content\/uploads\/2018\/02\/Jose%CC%81-1.jpg?resize=700%2C400&ssl=1 2x"},"classes":[]},{"id":24367,"url":"https:\/\/correiodasemana.com\/site\/as-veredas-do-bom-pastor\/","url_meta":{"origin":9824,"position":4},"title":"AS VEREDAS DO BOM PASTOR","author":"adminredacao","date":"Maio 1, 2023","format":false,"excerpt":"O Bom Pastor vai \u00e0 frente das ovelhas, muitas vezes caminha ao lado delas e entre elas, assim como deve ir atr\u00e1s das ovelhas para estimul\u00e1-las a andar para frente. Desejamos seguir Jesus e descobrir seu modo de pastorear, deixar-nos conduzir e abra\u00e7ar seus m\u00e9todos e atitudes no trato com\u2026","rel":"","context":"In &quot;Atualidade&quot;","block_context":{"text":"Atualidade","link":"https:\/\/correiodasemana.com\/site\/category\/atualidade\/"},"img":{"alt_text":"","src":"https:\/\/i0.wp.com\/correiodasemana.com\/site\/wp-content\/uploads\/2019\/07\/Dom-Vasconcelos-posses.jpg?resize=350%2C200&ssl=1","width":350,"height":200,"srcset":"https:\/\/i0.wp.com\/correiodasemana.com\/site\/wp-content\/uploads\/2019\/07\/Dom-Vasconcelos-posses.jpg?resize=350%2C200&ssl=1 1x, https:\/\/i0.wp.com\/correiodasemana.com\/site\/wp-content\/uploads\/2019\/07\/Dom-Vasconcelos-posses.jpg?resize=525%2C300&ssl=1 1.5x, https:\/\/i0.wp.com\/correiodasemana.com\/site\/wp-content\/uploads\/2019\/07\/Dom-Vasconcelos-posses.jpg?resize=700%2C400&ssl=1 2x"},"classes":[]},{"id":21896,"url":"https:\/\/correiodasemana.com\/site\/menina-de-3-anos-do-amapa-e-mais-nova-superdotada-do-brasil\/","url_meta":{"origin":9824,"position":5},"title":"Menina de 3 anos do Amap\u00e1 \u00e9 a mais nova superdotada do Brasil","author":"","date":"Novembro 28, 2022","format":false,"excerpt":"Uma menina Brasileira acaba de entrar para o clube dos g\u00eanios. A pequena superdotada Athena Mac\u00e1rio Silveira n\u00e3o tinha nem tr\u00eas anos e j\u00e1 sabia escrever o pr\u00f3prio nome. Ela \u00e9 a primeira crian\u00e7a do Amap\u00e1 a fazer parte da sociedade Mensa no Brasil. Nos testes feitos este m\u00eas pela\u2026","rel":"","context":"In &quot;Atualidade&quot;","block_context":{"text":"Atualidade","link":"https:\/\/correiodasemana.com\/site\/category\/atualidade\/"},"img":{"alt_text":"","src":"https:\/\/i0.wp.com\/correiodasemana.com\/site\/wp-content\/uploads\/2022\/11\/athena-comecou-a-escreveu-seu-nome-e-as-palavras-mamae-e-papai-antes-de-completar-3-anos-1669312635883_v2_900x506.jpg.webp?resize=350%2C200&ssl=1","width":350,"height":200,"srcset":"https:\/\/i0.wp.com\/correiodasemana.com\/site\/wp-content\/uploads\/2022\/11\/athena-comecou-a-escreveu-seu-nome-e-as-palavras-mamae-e-papai-antes-de-completar-3-anos-1669312635883_v2_900x506.jpg.webp?resize=350%2C200&ssl=1 1x, https:\/\/i0.wp.com\/correiodasemana.com\/site\/wp-content\/uploads\/2022\/11\/athena-comecou-a-escreveu-seu-nome-e-as-palavras-mamae-e-papai-antes-de-completar-3-anos-1669312635883_v2_900x506.jpg.webp?resize=525%2C300&ssl=1 1.5x, https:\/\/i0.wp.com\/correiodasemana.com\/site\/wp-content\/uploads\/2022\/11\/athena-comecou-a-escreveu-seu-nome-e-as-palavras-mamae-e-papai-antes-de-completar-3-anos-1669312635883_v2_900x506.jpg.webp?resize=700%2C400&ssl=1 2x"},"classes":[]}],"jetpack_sharing_enabled":true,"_links":{"self":[{"href":"https:\/\/correiodasemana.com\/site\/wp-json\/wp\/v2\/posts\/9824","targetHints":{"allow":["GET"]}}],"collection":[{"href":"https:\/\/correiodasemana.com\/site\/wp-json\/wp\/v2\/posts"}],"about":[{"href":"https:\/\/correiodasemana.com\/site\/wp-json\/wp\/v2\/types\/post"}],"author":[{"embeddable":true,"href":"https:\/\/correiodasemana.com\/site\/wp-json\/wp\/v2\/users\/1"}],"replies":[{"embeddable":true,"href":"https:\/\/correiodasemana.com\/site\/wp-json\/wp\/v2\/comments?post=9824"}],"version-history":[{"count":1,"href":"https:\/\/correiodasemana.com\/site\/wp-json\/wp\/v2\/posts\/9824\/revisions"}],"predecessor-version":[{"id":9825,"href":"https:\/\/correiodasemana.com\/site\/wp-json\/wp\/v2\/posts\/9824\/revisions\/9825"}],"wp:featuredmedia":[{"embeddable":true,"href":"https:\/\/correiodasemana.com\/site\/wp-json\/wp\/v2\/media\/8256"}],"wp:attachment":[{"href":"https:\/\/correiodasemana.com\/site\/wp-json\/wp\/v2\/media?parent=9824"}],"wp:term":[{"taxonomy":"category","embeddable":true,"href":"https:\/\/correiodasemana.com\/site\/wp-json\/wp\/v2\/categories?post=9824"},{"taxonomy":"post_tag","embeddable":true,"href":"https:\/\/correiodasemana.com\/site\/wp-json\/wp\/v2\/tags?post=9824"}],"curies":[{"name":"wp","href":"https:\/\/api.w.org\/{rel}","templated":true}]}}