{"id":9829,"date":"2019-11-11T03:49:16","date_gmt":"2019-11-11T03:49:16","guid":{"rendered":"https:\/\/correiodasemana.com\/site\/?p=9829"},"modified":"2019-11-11T03:49:16","modified_gmt":"2019-11-11T03:49:16","slug":"um-pacto-federativo","status":"publish","type":"post","link":"https:\/\/correiodasemana.com\/site\/um-pacto-federativo\/","title":{"rendered":"Um pacto federativo"},"content":{"rendered":"<p>Temos hoje 26 estados, um distrito federal e 5.570 munic\u00edpios falidos, todos dependentes da Uni\u00e3o.<br \/>\nO ministro da Economia, Paulo Guedes, defendeu um pacto federativo para levar \u00e0 recupera\u00e7\u00e3o da economia. H\u00e1 mais de 20 anos fala-se em defini\u00e7\u00e3o de um pacto que nunca \u00e9 encaminhado, mas apenas lembrado nos momentos graves da economia do Brasil.<br \/>\nNa cerim\u00f4nia de posse do presidente do Instituto de Pesquisa Econ\u00f4mica Aplicada (Ipea), Carlos von Doellinger, Guedes afirmou que o redesenho da estrutura, o pacto federativo, ser\u00e1 o desafio a ser enfrentado. Todo mundo com a mesma cabe\u00e7a e diagn\u00f3stico sobre a recupera\u00e7\u00e3o econ\u00f4mica.<br \/>\nEstados e munic\u00edpios t\u00eam interesse em um pacto federativo que lhes garanta uma melhor participa\u00e7\u00e3o na redivis\u00e3o do bolo da arrecada\u00e7\u00e3o do pa\u00eds.<br \/>\nTemos hoje 26 estados, um distrito federal e 5.570 munic\u00edpios falidos, todos dependentes da Uni\u00e3o.<br \/>\nTem proposta de entidade municipalista defendendo 45% do bolo da arrecada\u00e7\u00e3o seja da Uni\u00e3o, 25% dos Estados e 30% dos munic\u00edpios, bem diferente dos atuais percentuais, 60%, 23% e 17%, respectivamente. Por isso, Estado e munic\u00edpios s\u00e3o dependentes demasiadamente da Uni\u00e3o.<br \/>\nOs governadores e prefeitos vivem em Bras\u00edlia, de pires nas m\u00e3os, mendigando ajudas do Governo Federal, que centraliza a maior parte da arrecada\u00e7\u00e3o do pa\u00eds. Aos Estados e Munic\u00edpios s\u00e3o impostas humilha\u00e7\u00f5es. Um pacto poderia diminuir a rela\u00e7\u00e3o injusta.<br \/>\nGuedes, que assumiu o discurso pr\u00f3-pacto, disse ainda que tem que haver a valoriza\u00e7\u00e3o dos partidos e a elimina\u00e7\u00e3o do toma l\u00e1 d\u00e1 c\u00e1, e isso tem que se traduzir no or\u00e7amento para avan\u00e7armos nas reformas.<\/p>\n","protected":false},"excerpt":{"rendered":"<p>Temos hoje 26 estados, um distrito federal e 5.570 munic\u00edpios falidos, todos dependentes da Uni\u00e3o&#8230;.<\/p>\n","protected":false},"author":1,"featured_media":75,"comment_status":"open","ping_status":"open","sticky":false,"template":"","format":"standard","meta":{"_jetpack_memberships_contains_paid_content":false,"footnotes":"","jetpack_publicize_message":"","jetpack_publicize_feature_enabled":true,"jetpack_social_post_already_shared":true,"jetpack_social_options":{"image_generator_settings":{"template":"highway","default_image_id":0,"font":"","enabled":false},"version":2}},"categories":[11,20],"tags":[],"class_list":["post-9829","post","type-post","status-publish","format-standard","has-post-thumbnail","hentry","category-artigos","category-editorial"],"jetpack_publicize_connections":[],"jetpack_featured_media_url":"https:\/\/correiodasemana.com\/site\/wp-content\/uploads\/2019\/07\/editorial-cs.jpg","jetpack-related-posts":[{"id":9777,"url":"https:\/\/correiodasemana.com\/site\/pec-do-pacto-federativo-pode-extinguir-41-municipios-do-ceara\/","url_meta":{"origin":9829,"position":0},"title":"PEC do Pacto Federativo pode extinguir 41 munic\u00edpios do Cear\u00e1","author":"","date":"Novembro 11, 2019","format":false,"excerpt":"Ag\u00eancia Brasil A nova reforma econ\u00f4mica e administrativa do Governo Federal, entregue na manh\u00e3 desta ter\u00e7a-feira (05\/11) para tramita\u00e7\u00e3o no Congresso Nacional, prev\u00ea fus\u00e3o de munic\u00edpios e deixou em polvorosa 41 prefeitos cearenses. A proposta consta na Proposta de Emenda \u00e0 Constitui\u00e7\u00e3o do Pacto Federativo. Segundo a PEC do Pacto\u2026","rel":"","context":"In &quot;Atualidade&quot;","block_context":{"text":"Atualidade","link":"https:\/\/correiodasemana.com\/site\/category\/atualidade\/"},"img":{"alt_text":"","src":"https:\/\/i0.wp.com\/correiodasemana.com\/site\/wp-content\/uploads\/2019\/11\/imagem_materia.jpg?resize=350%2C200&ssl=1","width":350,"height":200,"srcset":"https:\/\/i0.wp.com\/correiodasemana.com\/site\/wp-content\/uploads\/2019\/11\/imagem_materia.jpg?resize=350%2C200&ssl=1 1x, https:\/\/i0.wp.com\/correiodasemana.com\/site\/wp-content\/uploads\/2019\/11\/imagem_materia.jpg?resize=525%2C300&ssl=1 1.5x, https:\/\/i0.wp.com\/correiodasemana.com\/site\/wp-content\/uploads\/2019\/11\/imagem_materia.jpg?resize=700%2C400&ssl=1 2x"},"classes":[]},{"id":10794,"url":"https:\/\/correiodasemana.com\/site\/plebiscito-definira-extincao-de-pequenos-municipios-propoe-relator-de-pec\/","url_meta":{"origin":9829,"position":1},"title":"Plebiscito definir\u00e1 extin\u00e7\u00e3o de pequenos munic\u00edpios, prop\u00f5e relator de PEC","author":"","date":"Fevereiro 10, 2020","format":false,"excerpt":"O senador M\u00e1rcio Bittar (MDB-AC), relator da proposta de emenda \u00e0 Constitui\u00e7\u00e3o do Pacto Federativo, adiantou ao\u00a0Congresso em Foco\u00a0que vai alterar o texto enviado pelo governo para que a\u00a0extin\u00e7\u00e3o dos menores munic\u00edpios do pa\u00eds\u00a0seja decidida por seus pr\u00f3prios moradores. Se a PEC for aprovada este ano, o plebiscito acontecer\u00e1 junto\u2026","rel":"","context":"In &quot;Atualidade&quot;","block_context":{"text":"Atualidade","link":"https:\/\/correiodasemana.com\/site\/category\/atualidade\/"},"img":{"alt_text":"","src":"https:\/\/i0.wp.com\/correiodasemana.com\/site\/wp-content\/uploads\/2019\/08\/urna_lecr-e1447217261594.jpg?resize=350%2C200&ssl=1","width":350,"height":200,"srcset":"https:\/\/i0.wp.com\/correiodasemana.com\/site\/wp-content\/uploads\/2019\/08\/urna_lecr-e1447217261594.jpg?resize=350%2C200&ssl=1 1x, https:\/\/i0.wp.com\/correiodasemana.com\/site\/wp-content\/uploads\/2019\/08\/urna_lecr-e1447217261594.jpg?resize=525%2C300&ssl=1 1.5x, https:\/\/i0.wp.com\/correiodasemana.com\/site\/wp-content\/uploads\/2019\/08\/urna_lecr-e1447217261594.jpg?resize=700%2C400&ssl=1 2x, https:\/\/i0.wp.com\/correiodasemana.com\/site\/wp-content\/uploads\/2019\/08\/urna_lecr-e1447217261594.jpg?resize=1050%2C600&ssl=1 3x, https:\/\/i0.wp.com\/correiodasemana.com\/site\/wp-content\/uploads\/2019\/08\/urna_lecr-e1447217261594.jpg?resize=1400%2C800&ssl=1 4x"},"classes":[]},{"id":13755,"url":"https:\/\/correiodasemana.com\/site\/governo-anuncia-renda-cidada-com-recursos-de-precatorios-e-do-fundeb\/","url_meta":{"origin":9829,"position":2},"title":"Governo anuncia Renda Cidad\u00e3, com recursos de precat\u00f3rios e do Fundeb","author":"","date":"Setembro 28, 2020","format":false,"excerpt":"Novo programa substituir\u00e1 o aux\u00edlio emergencial e o Bolsa Fam\u00edlia O presidente Jair Bolsonaro anunciou\u00a0hoje\u00a0(28) o Renda Cidad\u00e3, novo programa de transfer\u00eancia de renda do governo, que substituir\u00e1 o aux\u00edlio emergencial e o Bolsa Fam\u00edlia. Para financiar o programa, a proposta \u00e9 usar os recursos de pagamento de precat\u00f3rios e\u2026","rel":"","context":"In &quot;Atualidade&quot;","block_context":{"text":"Atualidade","link":"https:\/\/correiodasemana.com\/site\/category\/atualidade\/"},"img":{"alt_text":"","src":"https:\/\/i0.wp.com\/correiodasemana.com\/site\/wp-content\/uploads\/2020\/09\/coletiva_de_imprensa_palacio_da_alvorada_pr_2809201330.jpg?resize=350%2C200&ssl=1","width":350,"height":200,"srcset":"https:\/\/i0.wp.com\/correiodasemana.com\/site\/wp-content\/uploads\/2020\/09\/coletiva_de_imprensa_palacio_da_alvorada_pr_2809201330.jpg?resize=350%2C200&ssl=1 1x, https:\/\/i0.wp.com\/correiodasemana.com\/site\/wp-content\/uploads\/2020\/09\/coletiva_de_imprensa_palacio_da_alvorada_pr_2809201330.jpg?resize=525%2C300&ssl=1 1.5x, https:\/\/i0.wp.com\/correiodasemana.com\/site\/wp-content\/uploads\/2020\/09\/coletiva_de_imprensa_palacio_da_alvorada_pr_2809201330.jpg?resize=700%2C400&ssl=1 2x, https:\/\/i0.wp.com\/correiodasemana.com\/site\/wp-content\/uploads\/2020\/09\/coletiva_de_imprensa_palacio_da_alvorada_pr_2809201330.jpg?resize=1050%2C600&ssl=1 3x"},"classes":[]},{"id":15940,"url":"https:\/\/correiodasemana.com\/site\/e-hora-de-estancar-a-escalada-da-morte-cobram-em-nota-as-entidades-signatarias-do-pacto-pela-vida-e-pelo-brasil-frente-o-agravamento-da-pandemia-no-brasil\/","url_meta":{"origin":9829,"position":3},"title":"\u201c\u00c9 HORA DE ESTANCAR A ESCALADA DA MORTE!\u201d COBRAM, EM NOTA, AS ENTIDADES SIGNAT\u00c1RIAS DO PACTO PELA VIDA E PELO BRASIL FRENTE O AGRAVAMENTO DA PANDEMIA NO BRASIL","author":"","date":"Mar\u00e7o 14, 2021","format":false,"excerpt":"Fonte: CNBB As institui\u00e7\u00f5es signat\u00e1rias do Pacto pela Vida e pelo Brasil (Confer\u00eancia Nacional dos Bispos do Brasil, Ordem dos Advogados do Brasil, Comiss\u00e3o de Defesa dos Direitos Humanos Dom Paulo Evaristo Arns, Academia Brasileira de Ci\u00eancias, Associa\u00e7\u00e3o Brasileira de Imprensa e Sociedade Brasileira para o Progresso da Ci\u00eancia) lan\u00e7aram\u2026","rel":"","context":"In &quot;Atualidade&quot;","block_context":{"text":"Atualidade","link":"https:\/\/correiodasemana.com\/site\/category\/atualidade\/"},"img":{"alt_text":"","src":"https:\/\/i0.wp.com\/correiodasemana.com\/site\/wp-content\/uploads\/2021\/03\/Nota-Pacto-pela-Vida.jpg?resize=350%2C200&ssl=1","width":350,"height":200,"srcset":"https:\/\/i0.wp.com\/correiodasemana.com\/site\/wp-content\/uploads\/2021\/03\/Nota-Pacto-pela-Vida.jpg?resize=350%2C200&ssl=1 1x, https:\/\/i0.wp.com\/correiodasemana.com\/site\/wp-content\/uploads\/2021\/03\/Nota-Pacto-pela-Vida.jpg?resize=525%2C300&ssl=1 1.5x, https:\/\/i0.wp.com\/correiodasemana.com\/site\/wp-content\/uploads\/2021\/03\/Nota-Pacto-pela-Vida.jpg?resize=700%2C400&ssl=1 2x, https:\/\/i0.wp.com\/correiodasemana.com\/site\/wp-content\/uploads\/2021\/03\/Nota-Pacto-pela-Vida.jpg?resize=1050%2C600&ssl=1 3x"},"classes":[]},{"id":14650,"url":"https:\/\/correiodasemana.com\/site\/senado-aprova-verba-de-r-62-bi-da-lei-kandir-a-estados-e-municipios\/","url_meta":{"origin":9829,"position":4},"title":"Senado aprova verba de R$ 62 bi da Lei Kandir a estados e munic\u00edpios","author":"","date":"Novembro 23, 2020","format":false,"excerpt":"Projeto segue para an\u00e1lise da C\u00e2mara dos Deputados O Senado aprovou, hoje (18), o Projeto de Lei Complementar (PLP) 133\/2020, que trata da reposi\u00e7\u00e3o de perdas de arrecada\u00e7\u00e3o dos estados em virtude da Lei Kandir, de 1996. Trata-se de um assunto antigo, que tem colocado estados e Uni\u00e3o em lados\u2026","rel":"","context":"In &quot;Atualidade&quot;","block_context":{"text":"Atualidade","link":"https:\/\/correiodasemana.com\/site\/category\/atualidade\/"},"img":{"alt_text":"","src":"https:\/\/i0.wp.com\/correiodasemana.com\/site\/wp-content\/uploads\/2020\/11\/Lei-kandir.jpg?resize=350%2C200&ssl=1","width":350,"height":200,"srcset":"https:\/\/i0.wp.com\/correiodasemana.com\/site\/wp-content\/uploads\/2020\/11\/Lei-kandir.jpg?resize=350%2C200&ssl=1 1x, https:\/\/i0.wp.com\/correiodasemana.com\/site\/wp-content\/uploads\/2020\/11\/Lei-kandir.jpg?resize=525%2C300&ssl=1 1.5x, https:\/\/i0.wp.com\/correiodasemana.com\/site\/wp-content\/uploads\/2020\/11\/Lei-kandir.jpg?resize=700%2C400&ssl=1 2x"},"classes":[]},{"id":13745,"url":"https:\/\/correiodasemana.com\/site\/renda-cidada-entrara-na-pec-emergencial-e-tera-pelo-menos-r-25-bilhoes-a-mais-que-o-bolsa-familia\/","url_meta":{"origin":9829,"position":5},"title":"Renda Cidad\u00e3 entrar\u00e1 na PEC emergencial e ter\u00e1 pelo menos R$ 25 bilh\u00f5es a mais que o Bolsa Fam\u00edlia","author":"","date":"Setembro 28, 2020","format":false,"excerpt":"Governo deve apresentar nesta segunda-feira (28) proposta de novo programa social e a segunda etapa da reforma tribut\u00e1ria O novo programa social do governo, rebatizado de Renda Cidad\u00e3, estar\u00e1 contido dentro da proposta de emenda \u00e0 Constitui\u00e7\u00e3o (PEC) emergencial e ter\u00e1 pelo menos R$ 25 bilh\u00f5es a mais que o\u2026","rel":"","context":"In &quot;Atualidade&quot;","block_context":{"text":"Atualidade","link":"https:\/\/correiodasemana.com\/site\/category\/atualidade\/"},"img":{"alt_text":"","src":"","width":0,"height":0},"classes":[]}],"jetpack_sharing_enabled":true,"_links":{"self":[{"href":"https:\/\/correiodasemana.com\/site\/wp-json\/wp\/v2\/posts\/9829","targetHints":{"allow":["GET"]}}],"collection":[{"href":"https:\/\/correiodasemana.com\/site\/wp-json\/wp\/v2\/posts"}],"about":[{"href":"https:\/\/correiodasemana.com\/site\/wp-json\/wp\/v2\/types\/post"}],"author":[{"embeddable":true,"href":"https:\/\/correiodasemana.com\/site\/wp-json\/wp\/v2\/users\/1"}],"replies":[{"embeddable":true,"href":"https:\/\/correiodasemana.com\/site\/wp-json\/wp\/v2\/comments?post=9829"}],"version-history":[{"count":1,"href":"https:\/\/correiodasemana.com\/site\/wp-json\/wp\/v2\/posts\/9829\/revisions"}],"predecessor-version":[{"id":9830,"href":"https:\/\/correiodasemana.com\/site\/wp-json\/wp\/v2\/posts\/9829\/revisions\/9830"}],"wp:featuredmedia":[{"embeddable":true,"href":"https:\/\/correiodasemana.com\/site\/wp-json\/wp\/v2\/media\/75"}],"wp:attachment":[{"href":"https:\/\/correiodasemana.com\/site\/wp-json\/wp\/v2\/media?parent=9829"}],"wp:term":[{"taxonomy":"category","embeddable":true,"href":"https:\/\/correiodasemana.com\/site\/wp-json\/wp\/v2\/categories?post=9829"},{"taxonomy":"post_tag","embeddable":true,"href":"https:\/\/correiodasemana.com\/site\/wp-json\/wp\/v2\/tags?post=9829"}],"curies":[{"name":"wp","href":"https:\/\/api.w.org\/{rel}","templated":true}]}}