{"id":9831,"date":"2019-11-11T03:49:50","date_gmt":"2019-11-11T03:49:50","guid":{"rendered":"https:\/\/correiodasemana.com\/site\/?p=9831"},"modified":"2019-11-11T03:49:50","modified_gmt":"2019-11-11T03:49:50","slug":"imagens-e-sons-de-cada-dia","status":"publish","type":"post","link":"https:\/\/correiodasemana.com\/site\/imagens-e-sons-de-cada-dia\/","title":{"rendered":"Imagens e sons de cada dia"},"content":{"rendered":"<p>Imagens e sons configuram a mem\u00f3ria &#8211; alicerce de experi\u00eancias, armaz\u00e9m de valores e princ\u00edpios que sustentam a vida; articulam as conex\u00f5es que configuram o tecido \u00e9tico-moral indispens\u00e1vel no exerc\u00edcio da cidadania. Com imagens e sons o mundo se faz e se refaz, recomp\u00f5e-se e, tamb\u00e9m, lamentavelmente, se deteriora. Particularmente, a contemporaneidade se estreita entre os bin\u00e1rios das imagens e dos sons de cada dia. As ci\u00eancias especializadas e seus pesquisadores alertam sobre as perdas e os riscos provocados pela forma de se relacionar com as imagens e os sons do dia a dia \u2013 que sustentam ou abalam experi\u00eancias. Uma singularidade interessante no complexo \u00e2mbito das imagens \u00e9 o af\u00e3 na produ\u00e7\u00e3o de fotos. Observa-se que a facilidade tecnol\u00f3gica faz de todo mundo um fot\u00f3grafo. Muitos se posicionam atr\u00e1s da c\u00e2mera para registrar determinados momentos. E ao se dedicarem \u00e0 capta\u00e7\u00e3o da foto, perdem a ess\u00eancia do importante registro a ser feito pela mem\u00f3ria, fundamental para subsidiar experi\u00eancias determinantes.<br \/>\n\u00c9 preciso analisar e calcular as perdas quando n\u00e3o se vive experi\u00eancias e, consequentemente, deixa-se de apreender imagens nas sinapses cerebrais, por priorizar a tarefa de fotografar. Com foco na c\u00e2mera, o olhar pode n\u00e3o fazer o giro experiencial que provoca novos entendimentos, com incid\u00eancias nas emo\u00e7\u00f5es, capazes de qualificar as rela\u00e7\u00f5es humanas. Quando busca somente fotografar, o ser humano faz registros, mas arrisca-se a perder a oportunidade de viver importantes experi\u00eancias. E os preju\u00edzos, naturalmente, s\u00e3o muitos, pois a priva\u00e7\u00e3o da compet\u00eancia contemplativa, indispens\u00e1vel a todo processo de constitui\u00e7\u00e3o da interioridade, leva \u00e0 perda da qualidade de vida.<br \/>\nA rica e complexa teia das imagens de cada dia requer contempla\u00e7\u00e3o. Do contr\u00e1rio, a vida passa a ser vivida \u201cdo lado de fora\u201d, sem alicerces interiores, o que constitui o risco suicida da desconex\u00e3o com a realidade &#8211; certamente, uma das raz\u00f5es do crescimento de \u00edndices sobre as desist\u00eancias de se viver. Outra consequ\u00eancia \u00e9 a primazia de certa superficialidade, quando se faz ainda mais necess\u00e1ria uma s\u00f3lida aptid\u00e3o humana para lidar com os muitos desafios contempor\u00e2neos. A contempla\u00e7\u00e3o \u00e9, pois, indispens\u00e1vel para se alcan\u00e7ar as riquezas conduzidas pelas imagens de cada dia.<br \/>\nFaz-se necess\u00e1rio aprender a contemplar para que as incalcul\u00e1veis imagens de cada dia, nos muitos cen\u00e1rios que comp\u00f5em a jornada da humanidade, se desdobrem em sabedoria de vida, na compet\u00eancia para discernimentos e na produ\u00e7\u00e3o do sentido que alimenta o viver. No educativo e amplo horizonte da ecologia integral, com indica\u00e7\u00f5es para o civilizado tratamento da Casa Comum, est\u00e1 inclu\u00edda a orienta\u00e7\u00e3o de reconhecer a Cria\u00e7\u00e3o na beleza singular da natureza &#8211; o desenvolvimento de um olhar contemplativo. Trata-se de oportunidade para se qualificar na arte que produz sentido para amar e viver. Inscreve-se tamb\u00e9m na din\u00e2mica dessa contempla\u00e7\u00e3o a aprendizagem para lidar com sons \u2013 ouvi-los e produzi-los. Preocupante \u00e9 a patol\u00f3gica produ\u00e7\u00e3o de barulhos que, certamente, escondem, ou ao menos disfar\u00e7am, ansiedades e ang\u00fastias. Geram certas ilus\u00f5es, a partir de sensa\u00e7\u00f5es, mas s\u00e3o incapazes de superar o vazio existencial.<br \/>\nO mundo contempor\u00e2neo \u00e9 palco de muitos sons que, na verdade, s\u00e3o barulhos, causam perturba\u00e7\u00e3o e s\u00e3o sinais de pouca civilidade. Esses ru\u00eddos muitas vezes atrapalham o encontro de verdades que s\u00f3 se revelam no indispens\u00e1vel sil\u00eancio para o exerc\u00edcio da escuta. A humildade na avalia\u00e7\u00e3o pessoal e familiar, tamb\u00e9m na vida em sociedade, permite calcular os comprometimentos resultantes dos equ\u00edvocos nas formas de lidar com imagens e sons. Ver muito e enxergar pouco, conviver com polui\u00e7\u00e3o sonora e ser incapaz de escutar s\u00e3o consequ\u00eancias.<br \/>\nEssa inadequada rela\u00e7\u00e3o com sons e imagens contribui para consolidar indiferen\u00e7as diante de graves situa\u00e7\u00f5es, a exemplo de cen\u00e1rios em que pessoas esbanjam os bens, t\u00eam demais, e at\u00e9 por isso adoecem, enquanto tantas outras, feridas em sua dignidade, vivem de migalhas. A incapacidade para lidar com imagens e sons ajuda a perpetuar, desse modo, injusti\u00e7as sociais e desigualdades. Por tudo isso, vale investir na aprendizagem da contempla\u00e7\u00e3o, importante caminho na qualifica\u00e7\u00e3o humana, espiritual e cidad\u00e3.<br \/>\nDom Walmor Oliveira de Azevedo &#8211; Arcebispo metropolitano de Belo Horizonte &#8211; Presidente da Confer\u00eancia Nacional dos Bispos do Brasil(CNBB)<\/p>\n","protected":false},"excerpt":{"rendered":"<p>Imagens e sons configuram a mem\u00f3ria &#8211; alicerce de experi\u00eancias, armaz\u00e9m de valores e princ\u00edpios&#8230;<\/p>\n","protected":false},"author":1,"featured_media":8461,"comment_status":"open","ping_status":"open","sticky":false,"template":"","format":"standard","meta":{"_jetpack_memberships_contains_paid_content":false,"footnotes":"","jetpack_publicize_message":"","jetpack_publicize_feature_enabled":true,"jetpack_social_post_already_shared":true,"jetpack_social_options":{"image_generator_settings":{"template":"highway","default_image_id":0,"font":"","enabled":false},"version":2}},"categories":[24,11],"tags":[],"class_list":["post-9831","post","type-post","status-publish","format-standard","has-post-thumbnail","hentry","category-a-voz-do-pastor","category-artigos"],"jetpack_publicize_connections":[],"jetpack_featured_media_url":"https:\/\/correiodasemana.com\/site\/wp-content\/uploads\/2019\/07\/Dom-Vasconcelos-Em-entrevista-concedida-\u00e0-Pascom-Diocesana-Foto-Jo\u00e3o-Pauloo.jpg","jetpack-related-posts":[{"id":30441,"url":"https:\/\/correiodasemana.com\/site\/campanhas-eleitorais-comecam-nesta-sexta-veja-o-que-e-permitido\/","url_meta":{"origin":9831,"position":0},"title":"Campanhas eleitorais come\u00e7am nesta sexta; veja o que \u00e9 permitido","author":"adminredacao","date":"Agosto 19, 2024","format":false,"excerpt":"Atividades ocorrem at\u00e9 a v\u00e9spera da elei\u00e7\u00e3o, em 6 de outubro Por Felipe Pontes - Rep\u00f3rter da Ag\u00eancia Brasil - Bras\u00edlia A partir desta sexta-feira (16) come\u00e7a\u00a0oficialmente a campanha paras as elei\u00e7\u00f5es municipais de outubro, sendo liberadas as propagandas e os pedidos de votos, na internet e nas ruas. A\u2026","rel":"","context":"In &quot;Atualidade&quot;","block_context":{"text":"Atualidade","link":"https:\/\/correiodasemana.com\/site\/category\/atualidade\/"},"img":{"alt_text":"","src":"https:\/\/i0.wp.com\/correiodasemana.com\/site\/wp-content\/uploads\/2024\/08\/predio-tse_mcamgo_abr_22062023-5.webp?resize=350%2C200&ssl=1","width":350,"height":200,"srcset":"https:\/\/i0.wp.com\/correiodasemana.com\/site\/wp-content\/uploads\/2024\/08\/predio-tse_mcamgo_abr_22062023-5.webp?resize=350%2C200&ssl=1 1x, https:\/\/i0.wp.com\/correiodasemana.com\/site\/wp-content\/uploads\/2024\/08\/predio-tse_mcamgo_abr_22062023-5.webp?resize=525%2C300&ssl=1 1.5x, https:\/\/i0.wp.com\/correiodasemana.com\/site\/wp-content\/uploads\/2024\/08\/predio-tse_mcamgo_abr_22062023-5.webp?resize=700%2C400&ssl=1 2x, https:\/\/i0.wp.com\/correiodasemana.com\/site\/wp-content\/uploads\/2024\/08\/predio-tse_mcamgo_abr_22062023-5.webp?resize=1050%2C600&ssl=1 3x"},"classes":[]},{"id":37007,"url":"https:\/\/correiodasemana.com\/site\/profissao-multimidia-prejudica-jornalista-e-radialista-diz-sindicato\/","url_meta":{"origin":9831,"position":1},"title":"Profiss\u00e3o multim\u00eddia prejudica jornalista e radialista, diz sindicato","author":"adminredacao","date":"Janeiro 10, 2026","format":false,"excerpt":"Associa\u00e7\u00e3o de emissoras de TV e r\u00e1dio v\u00ea medida como avan\u00e7o POR Rafael Cardoso - Rep\u00f3rter da Ag\u00eancia Brasil A profiss\u00e3o de multim\u00eddia foi reconhecida oficialmente na quarta-feira (7) com a publica\u00e7\u00e3o da\u00a0Lei n\u00ba 15.325\/2026\u00a0no\u00a0Di\u00e1rio Oficial da Uni\u00e3o.\u00a0Ela prev\u00ea que um mesmo profissional acumule atividades de produ\u00e7\u00e3o, edi\u00e7\u00e3o e distribui\u00e7\u00e3o\u2026","rel":"","context":"In &quot;Atualidade&quot;","block_context":{"text":"Atualidade","link":"https:\/\/correiodasemana.com\/site\/category\/atualidade\/"},"img":{"alt_text":"","src":"https:\/\/i0.wp.com\/correiodasemana.com\/site\/wp-content\/uploads\/2026\/01\/close-no-reporter-dando-uma-entrevista.webp?resize=350%2C200&ssl=1","width":350,"height":200,"srcset":"https:\/\/i0.wp.com\/correiodasemana.com\/site\/wp-content\/uploads\/2026\/01\/close-no-reporter-dando-uma-entrevista.webp?resize=350%2C200&ssl=1 1x, https:\/\/i0.wp.com\/correiodasemana.com\/site\/wp-content\/uploads\/2026\/01\/close-no-reporter-dando-uma-entrevista.webp?resize=525%2C300&ssl=1 1.5x, https:\/\/i0.wp.com\/correiodasemana.com\/site\/wp-content\/uploads\/2026\/01\/close-no-reporter-dando-uma-entrevista.webp?resize=700%2C400&ssl=1 2x, https:\/\/i0.wp.com\/correiodasemana.com\/site\/wp-content\/uploads\/2026\/01\/close-no-reporter-dando-uma-entrevista.webp?resize=1050%2C600&ssl=1 3x"},"classes":[]},{"id":23573,"url":"https:\/\/correiodasemana.com\/site\/enxergar-com-o-coracao\/","url_meta":{"origin":9831,"position":2},"title":"Enxergar com o cora\u00e7\u00e3o","author":"adminredacao","date":"Fevereiro 14, 2023","format":false,"excerpt":"Estamos na era das m\u00eddias sociais e uma das caracter\u00edsticas desse tempo \u00e9 a cultura da imagem. Nos \u00faltimos dias, uma s\u00e9rie de imagens chocantes tem impactado o mundo. As imagens da crise humanit\u00e1ria dos povos yanomami e, nessa semana, as imagens do terremoto que atingiu a Turquia e a\u2026","rel":"","context":"In &quot;Artigos&quot;","block_context":{"text":"Artigos","link":"https:\/\/correiodasemana.com\/site\/category\/artigos\/"},"img":{"alt_text":"","src":"https:\/\/i0.wp.com\/correiodasemana.com\/site\/wp-content\/uploads\/2018\/02\/editorial-cs.jpg?resize=350%2C200&ssl=1","width":350,"height":200,"srcset":"https:\/\/i0.wp.com\/correiodasemana.com\/site\/wp-content\/uploads\/2018\/02\/editorial-cs.jpg?resize=350%2C200&ssl=1 1x, https:\/\/i0.wp.com\/correiodasemana.com\/site\/wp-content\/uploads\/2018\/02\/editorial-cs.jpg?resize=525%2C300&ssl=1 1.5x"},"classes":[]},{"id":25153,"url":"https:\/\/correiodasemana.com\/site\/em-tempo-179\/","url_meta":{"origin":9831,"position":3},"title":"EM TEMPO \u2022","author":"adminredacao","date":"Junho 12, 2023","format":false,"excerpt":"Projetos para 15\u00ba Edital Mecenas Inscri\u00e7\u00f5es para 15\u00ba Edital Mecenas do Cear\u00e1 est\u00e3o abertas at\u00e9 30 de junho. O objetivo \u00e9 selecionar projetos art\u00edsticos e culturais de todo o Estado, aptos a serem incentivados via ren\u00fancia fiscal. As inscri\u00e7\u00f5es s\u00e3o gratuitas e realizadas online pelo site http:\/\/editais.cultura.ce.gov.br Cada proponente poder\u00e1\u2026","rel":"","context":"In &quot;Artigos&quot;","block_context":{"text":"Artigos","link":"https:\/\/correiodasemana.com\/site\/category\/artigos\/"},"img":{"alt_text":"","src":"https:\/\/i0.wp.com\/correiodasemana.com\/site\/wp-content\/uploads\/2023\/06\/Ana-Marcia-2023-06-01-300x169.jpeg?resize=350%2C200&ssl=1","width":350,"height":200},"classes":[]},{"id":26880,"url":"https:\/\/correiodasemana.com\/site\/brasil-tem-mais-de-30-mil-cameras-corporais-em-uso-por-policiais\/","url_meta":{"origin":9831,"position":4},"title":"Brasil tem mais de 30 mil c\u00e2meras corporais em uso por policiais","author":"adminredacao","date":"Outubro 17, 2023","format":false,"excerpt":"Dados s\u00e3o de levantamento feito pelo Minist\u00e9rio da Justi\u00e7a Por Vitor Abdala - Rep\u00f3rter da Ag\u00eancia Brasil - Rio de Janeiro Mais de 30 mil c\u00e2meras corporais est\u00e3o em uso por policiais e guardas municipais de todo o pa\u00eds, segundo levantamento feito pelo Minist\u00e9rio da Justi\u00e7a e Seguran\u00e7a P\u00fablica (MJSP).\u2026","rel":"","context":"In &quot;Atualidade&quot;","block_context":{"text":"Atualidade","link":"https:\/\/correiodasemana.com\/site\/category\/atualidade\/"},"img":{"alt_text":"","src":"https:\/\/i0.wp.com\/correiodasemana.com\/site\/wp-content\/uploads\/2023\/10\/mj-ministerio-da-justica-e-seguranca-publica.png?resize=350%2C200&ssl=1","width":350,"height":200,"srcset":"https:\/\/i0.wp.com\/correiodasemana.com\/site\/wp-content\/uploads\/2023\/10\/mj-ministerio-da-justica-e-seguranca-publica.png?resize=350%2C200&ssl=1 1x, https:\/\/i0.wp.com\/correiodasemana.com\/site\/wp-content\/uploads\/2023\/10\/mj-ministerio-da-justica-e-seguranca-publica.png?resize=525%2C300&ssl=1 1.5x, https:\/\/i0.wp.com\/correiodasemana.com\/site\/wp-content\/uploads\/2023\/10\/mj-ministerio-da-justica-e-seguranca-publica.png?resize=700%2C400&ssl=1 2x"},"classes":[]},{"id":14733,"url":"https:\/\/correiodasemana.com\/site\/policias-fazem-operacao-contra-exploracao-sexual-de-criancas\/","url_meta":{"origin":9831,"position":5},"title":"Pol\u00edcias fazem opera\u00e7\u00e3o contra explora\u00e7\u00e3o sexual de crian\u00e7as","author":"","date":"Novembro 25, 2020","format":false,"excerpt":"Est\u00e3o sendo cumpridos 219 mandados de busca e apreens\u00e3o em 4 estados As pol\u00edcias Civil de S\u00e3o Paulo e Federal fazem hoje (25) uma opera\u00e7\u00e3o contra suspeitos de compartilhar imagens de abuso sexual de crian\u00e7as e adolescentes. A opera\u00e7\u00e3o Black Dolphin est\u00e1 cumprindo 219 mandados de busca e apreens\u00e3o nos\u2026","rel":"","context":"In &quot;Atualidade&quot;","block_context":{"text":"Atualidade","link":"https:\/\/correiodasemana.com\/site\/category\/atualidade\/"},"img":{"alt_text":"","src":"https:\/\/i0.wp.com\/correiodasemana.com\/site\/wp-content\/uploads\/2020\/11\/policia_federal_1021859-rj_24052016-_dsc9701.jpg?resize=350%2C200&ssl=1","width":350,"height":200,"srcset":"https:\/\/i0.wp.com\/correiodasemana.com\/site\/wp-content\/uploads\/2020\/11\/policia_federal_1021859-rj_24052016-_dsc9701.jpg?resize=350%2C200&ssl=1 1x, https:\/\/i0.wp.com\/correiodasemana.com\/site\/wp-content\/uploads\/2020\/11\/policia_federal_1021859-rj_24052016-_dsc9701.jpg?resize=525%2C300&ssl=1 1.5x, https:\/\/i0.wp.com\/correiodasemana.com\/site\/wp-content\/uploads\/2020\/11\/policia_federal_1021859-rj_24052016-_dsc9701.jpg?resize=700%2C400&ssl=1 2x, https:\/\/i0.wp.com\/correiodasemana.com\/site\/wp-content\/uploads\/2020\/11\/policia_federal_1021859-rj_24052016-_dsc9701.jpg?resize=1050%2C600&ssl=1 3x"},"classes":[]}],"jetpack_sharing_enabled":true,"_links":{"self":[{"href":"https:\/\/correiodasemana.com\/site\/wp-json\/wp\/v2\/posts\/9831","targetHints":{"allow":["GET"]}}],"collection":[{"href":"https:\/\/correiodasemana.com\/site\/wp-json\/wp\/v2\/posts"}],"about":[{"href":"https:\/\/correiodasemana.com\/site\/wp-json\/wp\/v2\/types\/post"}],"author":[{"embeddable":true,"href":"https:\/\/correiodasemana.com\/site\/wp-json\/wp\/v2\/users\/1"}],"replies":[{"embeddable":true,"href":"https:\/\/correiodasemana.com\/site\/wp-json\/wp\/v2\/comments?post=9831"}],"version-history":[{"count":1,"href":"https:\/\/correiodasemana.com\/site\/wp-json\/wp\/v2\/posts\/9831\/revisions"}],"predecessor-version":[{"id":9832,"href":"https:\/\/correiodasemana.com\/site\/wp-json\/wp\/v2\/posts\/9831\/revisions\/9832"}],"wp:featuredmedia":[{"embeddable":true,"href":"https:\/\/correiodasemana.com\/site\/wp-json\/wp\/v2\/media\/8461"}],"wp:attachment":[{"href":"https:\/\/correiodasemana.com\/site\/wp-json\/wp\/v2\/media?parent=9831"}],"wp:term":[{"taxonomy":"category","embeddable":true,"href":"https:\/\/correiodasemana.com\/site\/wp-json\/wp\/v2\/categories?post=9831"},{"taxonomy":"post_tag","embeddable":true,"href":"https:\/\/correiodasemana.com\/site\/wp-json\/wp\/v2\/tags?post=9831"}],"curies":[{"name":"wp","href":"https:\/\/api.w.org\/{rel}","templated":true}]}}