{"id":9836,"date":"2019-11-18T03:13:30","date_gmt":"2019-11-18T03:13:30","guid":{"rendered":"https:\/\/correiodasemana.com\/site\/?p=9836"},"modified":"2019-11-18T03:13:30","modified_gmt":"2019-11-18T03:13:30","slug":"vendas-do-varejo-crescem-03-em-setembro","status":"publish","type":"post","link":"https:\/\/correiodasemana.com\/site\/vendas-do-varejo-crescem-03-em-setembro\/","title":{"rendered":"Vendas do varejo crescem 0,3% em setembro"},"content":{"rendered":"<p>As vendas no varejo cresceram 0,3% em setembro de 2019 na compara\u00e7\u00e3o com agosto do mesmo ano. \u00c9 o primeiro resultado positivo depois de tr\u00eas meses.<br \/>\nComparado a setembro de 2018, o varejo decresceu 2,8%, quarta taxa negativa seguida. O resultado tamb\u00e9m foi negativo no acumulado dos nove primeiros meses do ano (-1,6%), ambas as compara\u00e7\u00f5es contra iguais per\u00edodos do ano anterior. O indicador acumulado nos \u00faltimos 12 meses, ao passar de -0,8% em agosto para -1% em setembro, sinaliza estabilidade no ritmo de vendas.<br \/>\nJ\u00e1 no varejo ampliado, que inclui as atividades de Ve\u00edculos, motos, partes e pe\u00e7as e de Material de constru\u00e7\u00e3o, o volume de vendas teve retra\u00e7\u00e3o de -0,6% em rela\u00e7\u00e3o a agosto de 2019.<br \/>\nM\u00f3veis e eletrodom\u00e9sticos (30,8%) exerceram o maior impacto positivo na forma\u00e7\u00e3o da taxa de setembro de 2019, mantendo o ritmo positivo ap\u00f3s os 28,9% registrados no m\u00eas de agosto. Com isso o indicador acumulado nos \u00faltimos 12 meses passa de 15,3% em agosto para 17,6% em setembro. O crescimento foi impulsionado principalmente pelo segmento de eletrodom\u00e9sticos, que teve varia\u00e7\u00e3o de 65,5%.<br \/>\nO setor tecidos, vestu\u00e1rio e cal\u00e7ados registrou a taxa de 1,6 %, e o indicador acumulado nos \u00faltimos 12 meses manteve-se est\u00e1vel com 22%, entre agosto e setembro.<br \/>\nA atividade de Artigos farmac\u00eauticos, m\u00e9dicos, ortop\u00e9dicos e de perfumaria registrou -1,6%. Em termos de resultado acumulado nos \u00faltimos 12 meses, ao passar de 1,4% at\u00e9 agosto para 1,5% em setembro, demonstrou estabilidade.<br \/>\nAinda frente a setembro de 2018, o segmento de Outros artigos de uso pessoal e dom\u00e9stico (-3,1%), que engloba lojas de departamentos, \u00f3ticas, joalherias, artigos esportivos, brinquedos, etc., ganhou ritmo em rela\u00e7\u00e3o ao resultado de agosto (-4,8%) e exerceu a maior contribui\u00e7\u00e3o ao resultado geral do varejo. O indicador acumulado nos \u00faltimos 12 meses registrou taxa de -1,8%, perdendo ritmo em rela\u00e7\u00e3o ao resultado de agosto (-1,5%).<br \/>\nCombust\u00edveis e lubrificantes (-3,2%) exerceu contribui\u00e7\u00e3o negativa para o resultado total do varejo. Com isso, o indicador anualizado, acumulado nos \u00faltimos 12 meses sai de -3,4% em agosto para -3,6% em setembro.<br \/>\nA atividade de Livros, jornais, revistas e papelaria teve varia\u00e7\u00e3o negativa de -3,6%. O comportamento desta atividade vem sendo influenciado pelas mudan\u00e7as na forma de comercializa\u00e7\u00e3o dos principais itens da atividade. Com isso, o indicador anualizado, acumulado nos \u00faltimos 12 meses, sinaliza estabilidade de ritmo ao manter em setembro -15,2%, varia\u00e7\u00e3o similar a agosto, -15,7%.<br \/>\nO segmento de Equipamentos e material para escrit\u00f3rio, inform\u00e1tica e comunica\u00e7\u00e3o teve taxa de -8,3%. O indicador acumulado nos \u00faltimos 12 meses (-9,4%) mant\u00e9m o ritmo de queda nas vendas em rela\u00e7\u00e3o a agosto (-9,1%).<br \/>\nO setor de Hipermercados, supermercados, produtos aliment\u00edcios, bebidas e fumo (-11,9%) registrou a nona taxa negativa consecutiva nessa compara\u00e7\u00e3o. A an\u00e1lise pelo indicador acumulado nos \u00faltimos 12 meses assinalou queda no resultado de agosto (-4,7%) frente ao de setembro (-5,6%).<\/p>\n","protected":false},"excerpt":{"rendered":"<p>As vendas no varejo cresceram 0,3% em setembro de 2019 na compara\u00e7\u00e3o com agosto do&#8230;<\/p>\n","protected":false},"author":1,"featured_media":9837,"comment_status":"open","ping_status":"open","sticky":false,"template":"","format":"standard","meta":{"_jetpack_memberships_contains_paid_content":false,"footnotes":"","jetpack_publicize_message":"","jetpack_publicize_feature_enabled":true,"jetpack_social_post_already_shared":true,"jetpack_social_options":{"image_generator_settings":{"template":"highway","default_image_id":0,"font":"","enabled":false},"version":2}},"categories":[1],"tags":[],"class_list":["post-9836","post","type-post","status-publish","format-standard","has-post-thumbnail","hentry","category-atualidade"],"jetpack_publicize_connections":[],"jetpack_featured_media_url":"https:\/\/correiodasemana.com\/site\/wp-content\/uploads\/2019\/11\/Colaboracao-Efetiva-industria-varejo.jpg","jetpack-related-posts":[{"id":22549,"url":"https:\/\/correiodasemana.com\/site\/producao-de-veiculos-cresce-54-no-acumulado-de-2022-diz-anfavea\/","url_meta":{"origin":9836,"position":0},"title":"Produ\u00e7\u00e3o de ve\u00edculos cresce 5,4% no acumulado de 2022, diz Anfavea","author":"","date":"Janeiro 6, 2023","format":false,"excerpt":"As montadoras produziram 2,37 milh\u00f5es de ve\u00edculos no ano passado, um resultado que supera em 5,4% o total fabricado em 2021. O balan\u00e7o, que engloba carros de passeio, utilit\u00e1rios leves, caminh\u00f5es e \u00f4nibus, foi divulgado na manh\u00e3 desta sexta-feira, 6, pela Anfavea, a entidade que representa o setor. O desempenho\u2026","rel":"","context":"In &quot;Atualidade&quot;","block_context":{"text":"Atualidade","link":"https:\/\/correiodasemana.com\/site\/category\/atualidade\/"},"img":{"alt_text":"","src":"https:\/\/i0.wp.com\/correiodasemana.com\/site\/wp-content\/uploads\/2023\/01\/9110_71B17078BA8C48A1-5.webp?resize=350%2C200&ssl=1","width":350,"height":200,"srcset":"https:\/\/i0.wp.com\/correiodasemana.com\/site\/wp-content\/uploads\/2023\/01\/9110_71B17078BA8C48A1-5.webp?resize=350%2C200&ssl=1 1x, https:\/\/i0.wp.com\/correiodasemana.com\/site\/wp-content\/uploads\/2023\/01\/9110_71B17078BA8C48A1-5.webp?resize=525%2C300&ssl=1 1.5x, https:\/\/i0.wp.com\/correiodasemana.com\/site\/wp-content\/uploads\/2023\/01\/9110_71B17078BA8C48A1-5.webp?resize=700%2C400&ssl=1 2x"},"classes":[]},{"id":14448,"url":"https:\/\/correiodasemana.com\/site\/brasil-tem-saldo-de-mais-de-231-mil-empresas-abertas-em-outubro\/","url_meta":{"origin":9836,"position":1},"title":"Brasil tem saldo de mais de 231 mil empresas abertas em outubro","author":"","date":"Novembro 9, 2020","format":false,"excerpt":"Tempo m\u00e9dio para abrir novos neg\u00f3cios \u00e9 de dois dias e 17 horas O Brasil teve saldo positivo de 231.253 novos neg\u00f3cio no m\u00eas\u00a0de outubro, quando foram abertas 320.559 empresas e 89.306 foram fechadas. Os dados s\u00e3o do\u00a0Mapa de Empresas, ferramenta digital do Minist\u00e9rio da Economia para acompanhamento dos registro\u2026","rel":"","context":"In &quot;Atualidade&quot;","block_context":{"text":"Atualidade","link":"https:\/\/correiodasemana.com\/site\/category\/atualidade\/"},"img":{"alt_text":"","src":"https:\/\/i0.wp.com\/correiodasemana.com\/site\/wp-content\/uploads\/2020\/11\/mca_abr_numero_de_serie_de_4_digitos_090620_13.jpg?resize=350%2C200&ssl=1","width":350,"height":200,"srcset":"https:\/\/i0.wp.com\/correiodasemana.com\/site\/wp-content\/uploads\/2020\/11\/mca_abr_numero_de_serie_de_4_digitos_090620_13.jpg?resize=350%2C200&ssl=1 1x, https:\/\/i0.wp.com\/correiodasemana.com\/site\/wp-content\/uploads\/2020\/11\/mca_abr_numero_de_serie_de_4_digitos_090620_13.jpg?resize=525%2C300&ssl=1 1.5x, https:\/\/i0.wp.com\/correiodasemana.com\/site\/wp-content\/uploads\/2020\/11\/mca_abr_numero_de_serie_de_4_digitos_090620_13.jpg?resize=700%2C400&ssl=1 2x, https:\/\/i0.wp.com\/correiodasemana.com\/site\/wp-content\/uploads\/2020\/11\/mca_abr_numero_de_serie_de_4_digitos_090620_13.jpg?resize=1050%2C600&ssl=1 3x"},"classes":[]},{"id":13985,"url":"https:\/\/correiodasemana.com\/site\/numero-de-empresas-em-funcionamento-cresce-em-2528-mil-em-um-mes\/","url_meta":{"origin":9836,"position":2},"title":"N\u00famero de empresas em funcionamento cresce em 252,8 mil em um m\u00eas","author":"","date":"Outubro 7, 2020","format":false,"excerpt":"Sal\u00f5es de beleza e com\u00e9rcio de vestu\u00e1rio registram maiores retomadas A retomada da economia est\u00e1 se refletindo no aumento do n\u00famero de empresas em funcionamento. Segundo o\u00a0Mapa de Empresas\u00a0do Minist\u00e9rio da Economia, em setembro foram abertos 252.840 neg\u00f3cios a mais do que foram fechados. Em 31 de agosto, havia 19.289.824\u2026","rel":"","context":"In &quot;Atualidade&quot;","block_context":{"text":"Atualidade","link":"https:\/\/correiodasemana.com\/site\/category\/atualidade\/"},"img":{"alt_text":"","src":"https:\/\/i0.wp.com\/correiodasemana.com\/site\/wp-content\/uploads\/2020\/10\/comercio_de_rua_e_saloes_de_beleza_reabrem20200627_0337.jpg?resize=350%2C200&ssl=1","width":350,"height":200,"srcset":"https:\/\/i0.wp.com\/correiodasemana.com\/site\/wp-content\/uploads\/2020\/10\/comercio_de_rua_e_saloes_de_beleza_reabrem20200627_0337.jpg?resize=350%2C200&ssl=1 1x, https:\/\/i0.wp.com\/correiodasemana.com\/site\/wp-content\/uploads\/2020\/10\/comercio_de_rua_e_saloes_de_beleza_reabrem20200627_0337.jpg?resize=525%2C300&ssl=1 1.5x, https:\/\/i0.wp.com\/correiodasemana.com\/site\/wp-content\/uploads\/2020\/10\/comercio_de_rua_e_saloes_de_beleza_reabrem20200627_0337.jpg?resize=700%2C400&ssl=1 2x, https:\/\/i0.wp.com\/correiodasemana.com\/site\/wp-content\/uploads\/2020\/10\/comercio_de_rua_e_saloes_de_beleza_reabrem20200627_0337.jpg?resize=1050%2C600&ssl=1 3x"},"classes":[]},{"id":19669,"url":"https:\/\/correiodasemana.com\/site\/grendene-amplia-receita-de-exportacao-no-primeiro-trimestre-de-2022\/","url_meta":{"origin":9836,"position":3},"title":"Grendene amplia receita de exporta\u00e7\u00e3o no primeiro trimestre de 2022","author":"","date":"Maio 1, 2022","format":false,"excerpt":"Por Caio Biasi Resultado no mercado internacional foi 16,4% superior ao do mesmo per\u00edodo no ano passado; e-commerce da Melissa nos EUA, que passou a ser gerido pela Grendene Global Brands a partir da segunda quinzena de janeiro, apresentou crescimento de 100% nas vendas, ante o 1T21 Sobral, 28 de\u2026","rel":"","context":"In &quot;Atualidade&quot;","block_context":{"text":"Atualidade","link":"https:\/\/correiodasemana.com\/site\/category\/atualidade\/"},"img":{"alt_text":"","src":"https:\/\/i0.wp.com\/correiodasemana.com\/site\/wp-content\/uploads\/2020\/11\/Doacoes-Grendene-1.jpg?resize=350%2C200&ssl=1","width":350,"height":200,"srcset":"https:\/\/i0.wp.com\/correiodasemana.com\/site\/wp-content\/uploads\/2020\/11\/Doacoes-Grendene-1.jpg?resize=350%2C200&ssl=1 1x, https:\/\/i0.wp.com\/correiodasemana.com\/site\/wp-content\/uploads\/2020\/11\/Doacoes-Grendene-1.jpg?resize=525%2C300&ssl=1 1.5x, https:\/\/i0.wp.com\/correiodasemana.com\/site\/wp-content\/uploads\/2020\/11\/Doacoes-Grendene-1.jpg?resize=700%2C400&ssl=1 2x"},"classes":[]},{"id":12836,"url":"https:\/\/correiodasemana.com\/site\/apos-quatro-meses-de-queda-servicos-crescem-64-em-junho-no-estado\/","url_meta":{"origin":9836,"position":4},"title":"Ap\u00f3s quatro meses de queda, servi\u00e7os crescem 6,4% em junho, no estado","author":"","date":"Agosto 17, 2020","format":false,"excerpt":"O setor de servi\u00e7os avan\u00e7ou 6,4% na passagem de maio para junho e interrompeu uma sequ\u00eancia de taxas negativas dos quatro meses anteriores, quando havia acumulado perdas. Mesmo com o resultado positivo de junho, o volume de servi\u00e7os ficou 21,0% abaixo do patamar registrado em fevereiro, \u00faltimo m\u00eas antes da\u2026","rel":"","context":"In &quot;Atualidade&quot;","block_context":{"text":"Atualidade","link":"https:\/\/correiodasemana.com\/site\/category\/atualidade\/"},"img":{"alt_text":"","src":"https:\/\/i0.wp.com\/correiodasemana.com\/site\/wp-content\/uploads\/2020\/08\/bares-restaurantes-sp.jpg?resize=350%2C200&ssl=1","width":350,"height":200,"srcset":"https:\/\/i0.wp.com\/correiodasemana.com\/site\/wp-content\/uploads\/2020\/08\/bares-restaurantes-sp.jpg?resize=350%2C200&ssl=1 1x, https:\/\/i0.wp.com\/correiodasemana.com\/site\/wp-content\/uploads\/2020\/08\/bares-restaurantes-sp.jpg?resize=525%2C300&ssl=1 1.5x, https:\/\/i0.wp.com\/correiodasemana.com\/site\/wp-content\/uploads\/2020\/08\/bares-restaurantes-sp.jpg?resize=700%2C400&ssl=1 2x, https:\/\/i0.wp.com\/correiodasemana.com\/site\/wp-content\/uploads\/2020\/08\/bares-restaurantes-sp.jpg?resize=1050%2C600&ssl=1 3x"},"classes":[]},{"id":12707,"url":"https:\/\/correiodasemana.com\/site\/ricardo-eletro-demite-3-500-fecha-todas-as-lojas-e-pede-recuperacao-judicial\/","url_meta":{"origin":9836,"position":5},"title":"Ricardo Eletro demite 3.500, fecha todas as lojas e pede recupera\u00e7\u00e3o judicial","author":"","date":"Agosto 11, 2020","format":false,"excerpt":"A M\u00e1quina de Vendas, controladora das varejistas Ricardo Eletro, Insinuante, City Lar, Salfer e EletroShopping, entrou com pedido de recupera\u00e7\u00e3o judicial na \u00faltima sexta-feira (7), na 1\u00aa Vara de Fal\u00eancias e Recupera\u00e7\u00f5es Judiciais de S\u00e3o Paulo (SP). A empresa, que estava em recupera\u00e7\u00e3o extrajudicial desde 2019, tamb\u00e9m decidiu fechar todas\u2026","rel":"","context":"In &quot;Atualidade&quot;","block_context":{"text":"Atualidade","link":"https:\/\/correiodasemana.com\/site\/category\/atualidade\/"},"img":{"alt_text":"","src":"https:\/\/i0.wp.com\/correiodasemana.com\/site\/wp-content\/uploads\/2020\/08\/ricardo-eletro.jpg?resize=350%2C200&ssl=1","width":350,"height":200,"srcset":"https:\/\/i0.wp.com\/correiodasemana.com\/site\/wp-content\/uploads\/2020\/08\/ricardo-eletro.jpg?resize=350%2C200&ssl=1 1x, https:\/\/i0.wp.com\/correiodasemana.com\/site\/wp-content\/uploads\/2020\/08\/ricardo-eletro.jpg?resize=525%2C300&ssl=1 1.5x, https:\/\/i0.wp.com\/correiodasemana.com\/site\/wp-content\/uploads\/2020\/08\/ricardo-eletro.jpg?resize=700%2C400&ssl=1 2x, https:\/\/i0.wp.com\/correiodasemana.com\/site\/wp-content\/uploads\/2020\/08\/ricardo-eletro.jpg?resize=1050%2C600&ssl=1 3x"},"classes":[]}],"jetpack_sharing_enabled":true,"_links":{"self":[{"href":"https:\/\/correiodasemana.com\/site\/wp-json\/wp\/v2\/posts\/9836","targetHints":{"allow":["GET"]}}],"collection":[{"href":"https:\/\/correiodasemana.com\/site\/wp-json\/wp\/v2\/posts"}],"about":[{"href":"https:\/\/correiodasemana.com\/site\/wp-json\/wp\/v2\/types\/post"}],"author":[{"embeddable":true,"href":"https:\/\/correiodasemana.com\/site\/wp-json\/wp\/v2\/users\/1"}],"replies":[{"embeddable":true,"href":"https:\/\/correiodasemana.com\/site\/wp-json\/wp\/v2\/comments?post=9836"}],"version-history":[{"count":1,"href":"https:\/\/correiodasemana.com\/site\/wp-json\/wp\/v2\/posts\/9836\/revisions"}],"predecessor-version":[{"id":9838,"href":"https:\/\/correiodasemana.com\/site\/wp-json\/wp\/v2\/posts\/9836\/revisions\/9838"}],"wp:featuredmedia":[{"embeddable":true,"href":"https:\/\/correiodasemana.com\/site\/wp-json\/wp\/v2\/media\/9837"}],"wp:attachment":[{"href":"https:\/\/correiodasemana.com\/site\/wp-json\/wp\/v2\/media?parent=9836"}],"wp:term":[{"taxonomy":"category","embeddable":true,"href":"https:\/\/correiodasemana.com\/site\/wp-json\/wp\/v2\/categories?post=9836"},{"taxonomy":"post_tag","embeddable":true,"href":"https:\/\/correiodasemana.com\/site\/wp-json\/wp\/v2\/tags?post=9836"}],"curies":[{"name":"wp","href":"https:\/\/api.w.org\/{rel}","templated":true}]}}