{"id":9839,"date":"2019-11-18T03:14:39","date_gmt":"2019-11-18T03:14:39","guid":{"rendered":"https:\/\/correiodasemana.com\/site\/?p=9839"},"modified":"2019-11-18T03:14:39","modified_gmt":"2019-11-18T03:14:39","slug":"regiao-episcopal-3","status":"publish","type":"post","link":"https:\/\/correiodasemana.com\/site\/regiao-episcopal-3\/","title":{"rendered":"Regi\u00e3o Episcopal"},"content":{"rendered":"<p>FESTEJOS DE CRISTO REI<br \/>\nDE 14 A 23 DE NOVEMBRO 2019<br \/>\nTEMA: \u201cTODO AQUELE QUE \u00c9 DA VERDADE ESCUTA A MINHA VOZ\u201d<br \/>\nQuinta- feira 14\/11\/19<br \/>\nCaminhada as 18:30 da pra\u00e7a<br \/>\nNovena as 18:45<br \/>\nSubtema: Cristo nos convida a sermos perseverantes em seu amor.<br \/>\nNoit\u00e1rio: Ministro da Palavra e Eucaristia<br \/>\nRespons\u00e1veis: ministros<br \/>\nPresidente da Celebra\u00e7\u00e3o: Padre F\u00e1bio Soares Duarte<\/p>\n<p>Sexta-feira 15\/11\/19<br \/>\nNoit\u00e1rio: Idosos, Aposentados e Agricultores<br \/>\nSubtema: Cristo nos chama a convers\u00e3o.<br \/>\nComunidade convidada: S\u00e3o Vicente<br \/>\nRespons\u00e1veis: Dona Ivanilda, Jos\u00e9 costa e Sebasti\u00e3o<br \/>\nPresidente da Celebra\u00e7\u00e3o: Pedro Ripardo<br \/>\nCoral: s\u00e3o Vicente<\/p>\n<p>S\u00e1bado 16\/11\/19<br \/>\nNoit\u00e1rio: Fam\u00edlias<br \/>\nSubtema: Cristo nos convida a ora\u00e7\u00e3o e jamais desistir.<br \/>\nComunidade convidada: s\u00e3o bento<br \/>\nRespons\u00e1veis: Arimateia, Paulinha e Ancelmo<br \/>\nPresidente da Celebra\u00e7\u00e3o: Pedro Ripardo<br \/>\nCoral: Cristo Rei<\/p>\n<p>Domingo 17\/11\/19<br \/>\nNoit\u00e1rio: Juventude<br \/>\nSubtema: Jesus nos convida estarmos unidos a Ele nas tribula\u00e7\u00f5es.<br \/>\nComunidade convidada: Rainha da paz e Palestina<br \/>\nRespons\u00e1veis: Arimateia, Jocilda, Jord\u00e2nia e Rute<br \/>\nPresidente da Celebra\u00e7\u00e3o: Marcilei<br \/>\nCoral: cristo Rei<\/p>\n<p>Segunda-feira 18\/11\/19<br \/>\nNoit\u00e1rio: Catequese<br \/>\nSubtema: Jesus nos convida a sermos misericordiosos com os irm\u00e3os.<br \/>\nComunidade convidada: Cajueiro<br \/>\nRespons\u00e1veis: Catequistas<br \/>\nPresidente da Celebra\u00e7\u00e3o: Padre Magalh\u00e3es<br \/>\nCoral: Cajueiro<\/p>\n<p>Ter\u00e7a-feira 19\/11\/19<br \/>\nNoit\u00e1rio: Ter\u00e7o dos homens<br \/>\nSubtema: Cristo nos convida a ouvir a Palavra de Deus e a p\u00f4r em pratica.<br \/>\nComunidade convidada: P\u00e9 da Serra<br \/>\nRespons\u00e1vel: Agesandro, Jo\u00e3o Carlos, Arimateia e Ant\u00f4nio Fernandes<br \/>\nPresidente da Celebra\u00e7\u00e3o: Arimateia<br \/>\nCoral: Cristo Rei<\/p>\n<p>Quarta-feira 20\/11\/19<br \/>\nNoit\u00e1rio: Educa\u00e7\u00e3o e Sa\u00fade<br \/>\nSubtema: Jesus nos convida a sermos fieis aos talentos que recebemos.<br \/>\nComunidade convidada: Santo Ant\u00f4nio dos Melos<br \/>\nRespons\u00e1veis: Imaculada, Janilson, Andreia, Nonato, Paulo e Veronica<br \/>\nPresidente da Celebra\u00e7\u00e3o: Frei<br \/>\nCoral: Cristo Rei<\/p>\n<p>Qiuinta-feira21\/11\/19<br \/>\nNoit\u00e1rio: grupo de casais de sobral (equipe de nossa senhora) irm\u00e3s reparadoras, apostolado da ora\u00e7\u00e3o<br \/>\nSubtema: Jesus nos ensina a tratarmos a todos como irm\u00e3os.<br \/>\nRespons\u00e1veis: grupo de casais de Sobral<br \/>\nPresidente da celebra\u00e7\u00e3o: os casais v\u00e3o trazer um padre<br \/>\nCoral: Cristo Rei<\/p>\n<p>Sexta-feira 22\/11\/19<br \/>\nNoit\u00e1rio: ECC e Dizimistas<br \/>\nSubtema: Jesus nos convida a sermos zelosos e perseverantes em nossas ora\u00e7\u00f5es.<br \/>\nComunidade convidada: Meruoca e Camilos.<br \/>\nRespons\u00e1vel: ECC S\u00e3o Francisco e Santo Elias<br \/>\nPresidente da Celebra\u00e7\u00e3o: padre F\u00e1bio<br \/>\nCoral: Cristo Rei<br \/>\nPrimeira Eucaristia e leil\u00e3o ap\u00f3s a Missa<br \/>\nAp\u00f3s a missa leil\u00e3o<\/p>\n<p>S\u00e1bado 23\/11\/19<br \/>\nNoit\u00e1rio: Visitantes e Equipe Lit\u00fargica<br \/>\nTema: Jesus nos convida a buscarmos Nele a Ressurei\u00e7\u00e3o.<br \/>\nComunidade convidada: Meruoquinha, Frecheiras e Terra Nova<br \/>\nRespons\u00e1vel: Pastorais e Equipe lit\u00fargica<br \/>\nPresidente da celebra\u00e7\u00e3o: Padre F\u00e1bio Soares Duarte<br \/>\nCoral: Cristo Rei<br \/>\nbatizados<\/p>\n","protected":false},"excerpt":{"rendered":"<p>FESTEJOS DE CRISTO REI DE 14 A 23 DE NOVEMBRO 2019 TEMA: \u201cTODO AQUELE QUE&#8230;<\/p>\n","protected":false},"author":1,"featured_media":8497,"comment_status":"open","ping_status":"open","sticky":false,"template":"","format":"standard","meta":{"_jetpack_memberships_contains_paid_content":false,"footnotes":"","jetpack_publicize_message":"","jetpack_publicize_feature_enabled":true,"jetpack_social_post_already_shared":true,"jetpack_social_options":{"image_generator_settings":{"template":"highway","default_image_id":0,"font":"","enabled":false},"version":2}},"categories":[11,50],"tags":[],"class_list":["post-9839","post","type-post","status-publish","format-standard","has-post-thumbnail","hentry","category-artigos","category-regiao-episcopal"],"jetpack_publicize_connections":[],"jetpack_featured_media_url":"https:\/\/correiodasemana.com\/site\/wp-content\/uploads\/2019\/07\/igreja-do-ros\u00e1rio.jpg","jetpack-related-posts":[{"id":9502,"url":"https:\/\/correiodasemana.com\/site\/regioes-episcopais-14\/","url_meta":{"origin":9839,"position":0},"title":"Regi\u00f5es Episcopais","author":"","date":"Outubro 22, 2019","format":false,"excerpt":"Par\u00f3quia Nossa Senhora do Perp\u00e9tuo Socorro - Alc\u00e2ntaras-CE Programa\u00e7\u00e3o da festa 2019 DIA 19\/10 (S\u00e1bado) - 2\u00aa NOITE: NOIT\u00c1RIO: Juventude, Pastoral da Juventude, Grupo de Jovens NEFESH, Crismandos, Grupo de Jovens Medjugorje e Capelas de Carmol\u00e2ndia e Lanchinha. SUBTEMA: Senhor, ensinai os nossos jovens a anunciar o Evangelho da Alegria.\u2026","rel":"","context":"In &quot;Diocese&quot;","block_context":{"text":"Diocese","link":"https:\/\/correiodasemana.com\/site\/category\/diocese\/"},"img":{"alt_text":"","src":"https:\/\/i0.wp.com\/correiodasemana.com\/site\/wp-content\/uploads\/2019\/07\/igreja-do-ros%C3%A1rio.jpg?resize=350%2C200&ssl=1","width":350,"height":200,"srcset":"https:\/\/i0.wp.com\/correiodasemana.com\/site\/wp-content\/uploads\/2019\/07\/igreja-do-ros%C3%A1rio.jpg?resize=350%2C200&ssl=1 1x, https:\/\/i0.wp.com\/correiodasemana.com\/site\/wp-content\/uploads\/2019\/07\/igreja-do-ros%C3%A1rio.jpg?resize=525%2C300&ssl=1 1.5x, https:\/\/i0.wp.com\/correiodasemana.com\/site\/wp-content\/uploads\/2019\/07\/igreja-do-ros%C3%A1rio.jpg?resize=700%2C400&ssl=1 2x"},"classes":[]},{"id":8457,"url":"https:\/\/correiodasemana.com\/site\/regioes-episcopais-5\/","url_meta":{"origin":9839,"position":1},"title":"Regi\u00f5es Episcopais","author":"","date":"Julho 30, 2019","format":false,"excerpt":"Regi\u00f5es Episcopais Par\u00f3quia do Cristo Ressuscitado \u2013 Sobral \u2013 CE A Par\u00f3quia do Cristo Ressuscitado realiza seu primeiro Congresso de Cura e Liberta\u00e7\u00e3o que ser\u00e1 realizado no dia 26 \u00e0 28 de julho com uma programa\u00e7\u00e3o rica em prega\u00e7\u00f5es, momentos de louvor e adora\u00e7\u00e3o. Com a presen\u00e7a de Jorj\u00e3o (Pregador,\u2026","rel":"","context":"In &quot;Diocese&quot;","block_context":{"text":"Diocese","link":"https:\/\/correiodasemana.com\/site\/category\/diocese\/"},"img":{"alt_text":"","src":"https:\/\/i0.wp.com\/correiodasemana.com\/site\/wp-content\/uploads\/2019\/07\/Igreja_S%C3%A9.jpg?resize=350%2C200&ssl=1","width":350,"height":200,"srcset":"https:\/\/i0.wp.com\/correiodasemana.com\/site\/wp-content\/uploads\/2019\/07\/Igreja_S%C3%A9.jpg?resize=350%2C200&ssl=1 1x, https:\/\/i0.wp.com\/correiodasemana.com\/site\/wp-content\/uploads\/2019\/07\/Igreja_S%C3%A9.jpg?resize=525%2C300&ssl=1 1.5x, https:\/\/i0.wp.com\/correiodasemana.com\/site\/wp-content\/uploads\/2019\/07\/Igreja_S%C3%A9.jpg?resize=700%2C400&ssl=1 2x, https:\/\/i0.wp.com\/correiodasemana.com\/site\/wp-content\/uploads\/2019\/07\/Igreja_S%C3%A9.jpg?resize=1050%2C600&ssl=1 3x, https:\/\/i0.wp.com\/correiodasemana.com\/site\/wp-content\/uploads\/2019\/07\/Igreja_S%C3%A9.jpg?resize=1400%2C800&ssl=1 4x"},"classes":[]},{"id":8368,"url":"https:\/\/correiodasemana.com\/site\/regioes-episcopais-4\/","url_meta":{"origin":9839,"position":2},"title":"Regi\u00f5es Episcopais","author":"","date":"Julho 22, 2019","format":false,"excerpt":"Par\u00f3quia de Sant\u2019Ana \u2013 EM Santana do Acara\u00fa \u2013 CE FESTA DE SANT\u2019ANA 2019 Queridos amigos e amigas santanenses e visitantes devotos de Sant\u2019Ana, louvado seja Nosso Senhor Jesus Cristo! \u00c9 com imensa alegria que os convido a participarem conosco da Festa de nossa muito amada padroeira Senhora Sant\u2019Ana, momento\u2026","rel":"","context":"In &quot;Igreja&quot;","block_context":{"text":"Igreja","link":"https:\/\/correiodasemana.com\/site\/category\/igreja\/"},"img":{"alt_text":"","src":"https:\/\/i0.wp.com\/correiodasemana.com\/site\/wp-content\/uploads\/2018\/02\/Igreja-da-Se%CC%81-Sobral.jpg?resize=350%2C200&ssl=1","width":350,"height":200,"srcset":"https:\/\/i0.wp.com\/correiodasemana.com\/site\/wp-content\/uploads\/2018\/02\/Igreja-da-Se%CC%81-Sobral.jpg?resize=350%2C200&ssl=1 1x, https:\/\/i0.wp.com\/correiodasemana.com\/site\/wp-content\/uploads\/2018\/02\/Igreja-da-Se%CC%81-Sobral.jpg?resize=525%2C300&ssl=1 1.5x, https:\/\/i0.wp.com\/correiodasemana.com\/site\/wp-content\/uploads\/2018\/02\/Igreja-da-Se%CC%81-Sobral.jpg?resize=700%2C400&ssl=1 2x, https:\/\/i0.wp.com\/correiodasemana.com\/site\/wp-content\/uploads\/2018\/02\/Igreja-da-Se%CC%81-Sobral.jpg?resize=1050%2C600&ssl=1 3x, https:\/\/i0.wp.com\/correiodasemana.com\/site\/wp-content\/uploads\/2018\/02\/Igreja-da-Se%CC%81-Sobral.jpg?resize=1400%2C800&ssl=1 4x"},"classes":[]},{"id":8911,"url":"https:\/\/correiodasemana.com\/site\/regioes-episcopais-10\/","url_meta":{"origin":9839,"position":3},"title":"Regi\u00f5es Episcopais","author":"","date":"Setembro 8, 2019","format":false,"excerpt":"Par\u00f3quia de Santa Luzia \u2013 Jijoca de Jericoacoara A par\u00f3quia de Santa Luzia realiza no dia 3 de setembro a 18\u00ba Missa do Agricultor. Padre Dom\u00edcio p\u00e1roco de Santa Luzia convida todo o povo de Deus para participar desta celebra\u00e7\u00e3o em honra a todos os agricultores. Programa\u00e7\u00e3o: 17h \u2013 acolhida\u2026","rel":"","context":"In &quot;Diocese&quot;","block_context":{"text":"Diocese","link":"https:\/\/correiodasemana.com\/site\/category\/diocese\/"},"img":{"alt_text":"","src":"https:\/\/i0.wp.com\/correiodasemana.com\/site\/wp-content\/uploads\/2019\/07\/igreja-do-ros%C3%A1rio.jpg?resize=350%2C200&ssl=1","width":350,"height":200,"srcset":"https:\/\/i0.wp.com\/correiodasemana.com\/site\/wp-content\/uploads\/2019\/07\/igreja-do-ros%C3%A1rio.jpg?resize=350%2C200&ssl=1 1x, https:\/\/i0.wp.com\/correiodasemana.com\/site\/wp-content\/uploads\/2019\/07\/igreja-do-ros%C3%A1rio.jpg?resize=525%2C300&ssl=1 1.5x, https:\/\/i0.wp.com\/correiodasemana.com\/site\/wp-content\/uploads\/2019\/07\/igreja-do-ros%C3%A1rio.jpg?resize=700%2C400&ssl=1 2x"},"classes":[]},{"id":8274,"url":"https:\/\/correiodasemana.com\/site\/regioes-episcopais-3\/","url_meta":{"origin":9839,"position":4},"title":"Regi\u00f5es Episcopais","author":"","date":"Julho 16, 2019","format":false,"excerpt":"Par\u00f3quia S\u00e3o Jos\u00e9 \u2013 Sobral - CE Com alegria e a Gra\u00e7a de Deus convidamos voc\u00ea e sua fam\u00edlia para a Festa de Nossa Senhora do Carmo, co-madrueira de nossa Par\u00f3quia, que acontecer\u00e1 do dia 07 a 16 de julho deste ano, grande encontro de irm\u00e3os e irm\u00e3s com o\u2026","rel":"","context":"In &quot;Igreja&quot;","block_context":{"text":"Igreja","link":"https:\/\/correiodasemana.com\/site\/category\/igreja\/"},"img":{"alt_text":"","src":"https:\/\/i0.wp.com\/correiodasemana.com\/site\/wp-content\/uploads\/2019\/07\/Igreja_S%C3%A9.jpg?resize=350%2C200&ssl=1","width":350,"height":200,"srcset":"https:\/\/i0.wp.com\/correiodasemana.com\/site\/wp-content\/uploads\/2019\/07\/Igreja_S%C3%A9.jpg?resize=350%2C200&ssl=1 1x, https:\/\/i0.wp.com\/correiodasemana.com\/site\/wp-content\/uploads\/2019\/07\/Igreja_S%C3%A9.jpg?resize=525%2C300&ssl=1 1.5x, https:\/\/i0.wp.com\/correiodasemana.com\/site\/wp-content\/uploads\/2019\/07\/Igreja_S%C3%A9.jpg?resize=700%2C400&ssl=1 2x, https:\/\/i0.wp.com\/correiodasemana.com\/site\/wp-content\/uploads\/2019\/07\/Igreja_S%C3%A9.jpg?resize=1050%2C600&ssl=1 3x, https:\/\/i0.wp.com\/correiodasemana.com\/site\/wp-content\/uploads\/2019\/07\/Igreja_S%C3%A9.jpg?resize=1400%2C800&ssl=1 4x"},"classes":[]},{"id":8625,"url":"https:\/\/correiodasemana.com\/site\/regioes-episcopais-7\/","url_meta":{"origin":9839,"position":5},"title":"Regi\u00f5es Episcopais","author":"","date":"Agosto 17, 2019","format":false,"excerpt":"Par\u00f3quia Nossa Senhora da Concei\u00e7\u00e3o \u2013 Acara\u00fa-CE IX Festa de Santo Agostinho de 21 a 28 de Agosto, na comunidade de Correguinho dos Agostinhos. Que refletir\u00e1 o tema: \u201cO Evangelho da Fam\u00edlia, alegria que enche o cora\u00e7\u00e3o\u201d. E o lema: \u201cSer\u00e1s libertado pelo direito e pela justi\u00e7a\u201d. Padre Edmilson p\u00e1roco\u2026","rel":"","context":"In &quot;Igreja&quot;","block_context":{"text":"Igreja","link":"https:\/\/correiodasemana.com\/site\/category\/igreja\/"},"img":{"alt_text":"","src":"https:\/\/i0.wp.com\/correiodasemana.com\/site\/wp-content\/uploads\/2019\/07\/Igreja_S%C3%A9.jpg?resize=350%2C200&ssl=1","width":350,"height":200,"srcset":"https:\/\/i0.wp.com\/correiodasemana.com\/site\/wp-content\/uploads\/2019\/07\/Igreja_S%C3%A9.jpg?resize=350%2C200&ssl=1 1x, https:\/\/i0.wp.com\/correiodasemana.com\/site\/wp-content\/uploads\/2019\/07\/Igreja_S%C3%A9.jpg?resize=525%2C300&ssl=1 1.5x, https:\/\/i0.wp.com\/correiodasemana.com\/site\/wp-content\/uploads\/2019\/07\/Igreja_S%C3%A9.jpg?resize=700%2C400&ssl=1 2x, https:\/\/i0.wp.com\/correiodasemana.com\/site\/wp-content\/uploads\/2019\/07\/Igreja_S%C3%A9.jpg?resize=1050%2C600&ssl=1 3x, https:\/\/i0.wp.com\/correiodasemana.com\/site\/wp-content\/uploads\/2019\/07\/Igreja_S%C3%A9.jpg?resize=1400%2C800&ssl=1 4x"},"classes":[]}],"jetpack_sharing_enabled":true,"_links":{"self":[{"href":"https:\/\/correiodasemana.com\/site\/wp-json\/wp\/v2\/posts\/9839","targetHints":{"allow":["GET"]}}],"collection":[{"href":"https:\/\/correiodasemana.com\/site\/wp-json\/wp\/v2\/posts"}],"about":[{"href":"https:\/\/correiodasemana.com\/site\/wp-json\/wp\/v2\/types\/post"}],"author":[{"embeddable":true,"href":"https:\/\/correiodasemana.com\/site\/wp-json\/wp\/v2\/users\/1"}],"replies":[{"embeddable":true,"href":"https:\/\/correiodasemana.com\/site\/wp-json\/wp\/v2\/comments?post=9839"}],"version-history":[{"count":1,"href":"https:\/\/correiodasemana.com\/site\/wp-json\/wp\/v2\/posts\/9839\/revisions"}],"predecessor-version":[{"id":9840,"href":"https:\/\/correiodasemana.com\/site\/wp-json\/wp\/v2\/posts\/9839\/revisions\/9840"}],"wp:featuredmedia":[{"embeddable":true,"href":"https:\/\/correiodasemana.com\/site\/wp-json\/wp\/v2\/media\/8497"}],"wp:attachment":[{"href":"https:\/\/correiodasemana.com\/site\/wp-json\/wp\/v2\/media?parent=9839"}],"wp:term":[{"taxonomy":"category","embeddable":true,"href":"https:\/\/correiodasemana.com\/site\/wp-json\/wp\/v2\/categories?post=9839"},{"taxonomy":"post_tag","embeddable":true,"href":"https:\/\/correiodasemana.com\/site\/wp-json\/wp\/v2\/tags?post=9839"}],"curies":[{"name":"wp","href":"https:\/\/api.w.org\/{rel}","templated":true}]}}