{"id":9841,"date":"2019-11-18T03:15:59","date_gmt":"2019-11-18T03:15:59","guid":{"rendered":"https:\/\/correiodasemana.com\/site\/?p=9841"},"modified":"2019-11-18T03:19:06","modified_gmt":"2019-11-18T03:19:06","slug":"unimed-sobral-realiza-acao-social-na-casa-de-apoio-madre-anna-rosa-gattorno","status":"publish","type":"post","link":"https:\/\/correiodasemana.com\/site\/unimed-sobral-realiza-acao-social-na-casa-de-apoio-madre-anna-rosa-gattorno\/","title":{"rendered":"Unimed Sobral realiza a\u00e7\u00e3o social na Casa de Apoio Madre Anna Rosa Gattorno"},"content":{"rendered":"<p>Na \u00faltima segunda (11) a Unimed Sobral por meio da Aten\u00e7\u00e3o Integral \u00e0 Sa\u00fade (AIS) realizou a doa\u00e7\u00e3o de cestas b\u00e1sicas e brinquedos para a casa de apoio Madre Anna Rosa Gattorno, uma organiza\u00e7\u00e3o civil sem fins lucrativos voltada para pessoas soropositivas com a miss\u00e3o de promover assist\u00eancia e qualidade de vida aos mesmos. Para a presidente da Sociedade da Mulher Unimediana da Regi\u00e3o Norte, Alita Arcanjo, \u201cestas a\u00e7\u00f5es tem em vista ajudar causas sociais e fortalecer ainda mais o papel da Unimed Sobral na sociedade.\u201d<br \/>\nA institui\u00e7\u00e3o atualmente administrada pela Valdeisa Sampaio, promove a\u00e7\u00f5es como capacita\u00e7\u00e3o profissional, arte terapia, projetos de preven\u00e7\u00e3o, distribui\u00e7\u00e3o de cestas b\u00e1sicas, palestras, entre outros.<br \/>\nAjude voc\u00ea tamb\u00e9m a Casa de Apoio atrav\u00e9s de doa\u00e7\u00f5es, localizada na Rua Mariinha Paiva, 65 &#8211; Sinh\u00e1 Sab\u00f3ia.<\/p>\n","protected":false},"excerpt":{"rendered":"<p>Na \u00faltima segunda (11) a Unimed Sobral por meio da Aten\u00e7\u00e3o Integral \u00e0 Sa\u00fade (AIS)&#8230;<\/p>\n","protected":false},"author":1,"featured_media":9842,"comment_status":"open","ping_status":"open","sticky":false,"template":"","format":"standard","meta":{"_jetpack_memberships_contains_paid_content":false,"footnotes":"","jetpack_publicize_message":"","jetpack_publicize_feature_enabled":true,"jetpack_social_post_already_shared":true,"jetpack_social_options":{"image_generator_settings":{"template":"highway","default_image_id":0,"font":"","enabled":false},"version":2}},"categories":[1],"tags":[],"class_list":["post-9841","post","type-post","status-publish","format-standard","has-post-thumbnail","hentry","category-atualidade"],"jetpack_publicize_connections":[],"jetpack_featured_media_url":"https:\/\/correiodasemana.com\/site\/wp-content\/uploads\/2019\/11\/Entrega-de-cestas-b\u00e1sicas-e-brinquedos-para-a-Casa-de-Apoio-Madre-Anna-Rosa-Gattorno-scaled.jpg","jetpack-related-posts":[{"id":9130,"url":"https:\/\/correiodasemana.com\/site\/unimed-sobral-apoia-projeto-saude-bombeiros-e-sociedade\/","url_meta":{"origin":9841,"position":0},"title":"UNIMED SOBRAL APOIA PROJETO SA\u00daDE\u00a0BOMBEIROS E SOCIEDADE","author":"","date":"Setembro 15, 2019","format":false,"excerpt":"O Gerente-Executivo da Unimed Sobral, Wescley Sousa, recebeu na\u00a0\u00faltima semana, a visita do Major Roberto de Morais comandante da 1\u00aa Cia de Bombeiros\/3\u00ba Batalh\u00e3o de Bombeiro Militar e do Cabo Gustavo Carneiro. O objetivo da visita foi apresentar o \u201cProjeto Sa\u00fade Bombeiro e Sociedade\u201d desenvolvido pela corpora\u00e7\u00e3o e a sociedade\u2026","rel":"","context":"In &quot;Atualidade&quot;","block_context":{"text":"Atualidade","link":"https:\/\/correiodasemana.com\/site\/category\/atualidade\/"},"img":{"alt_text":"","src":"https:\/\/i0.wp.com\/correiodasemana.com\/site\/wp-content\/uploads\/2019\/09\/DSC_0001.jpg?resize=350%2C200&ssl=1","width":350,"height":200,"srcset":"https:\/\/i0.wp.com\/correiodasemana.com\/site\/wp-content\/uploads\/2019\/09\/DSC_0001.jpg?resize=350%2C200&ssl=1 1x, https:\/\/i0.wp.com\/correiodasemana.com\/site\/wp-content\/uploads\/2019\/09\/DSC_0001.jpg?resize=525%2C300&ssl=1 1.5x, https:\/\/i0.wp.com\/correiodasemana.com\/site\/wp-content\/uploads\/2019\/09\/DSC_0001.jpg?resize=700%2C400&ssl=1 2x, https:\/\/i0.wp.com\/correiodasemana.com\/site\/wp-content\/uploads\/2019\/09\/DSC_0001.jpg?resize=1050%2C600&ssl=1 3x, https:\/\/i0.wp.com\/correiodasemana.com\/site\/wp-content\/uploads\/2019\/09\/DSC_0001.jpg?resize=1400%2C800&ssl=1 4x"},"classes":[]},{"id":33259,"url":"https:\/\/correiodasemana.com\/site\/em-sobral-dom-vasconcelos-realiza-visita-ao-anexo-da-creche-tia-selma-e-ao-projeto-madre-teresa\/","url_meta":{"origin":9841,"position":1},"title":"Em Sobral, Dom Vasconcelos realiza visita ao Anexo da Creche Tia Selma e ao Projeto Madre Teresa","author":"adminredacao","date":"Abril 7, 2025","format":false,"excerpt":"Na noite desta quinta-feira, 3 de abril, Dom Jos\u00e9 Luiz Gomes de Vasconcelos, bispo da Diocese de Sobral, realizou uma visita ao Anexo da Creche Tia Selma e ao Projeto Madre Teresa, da Comunidade Rainha da Paz, localizados no bairro Padre Palhano. O encontro teve grande import\u00e2ncia, pois permitiu que\u2026","rel":"","context":"In &quot;Atualidade&quot;","block_context":{"text":"Atualidade","link":"https:\/\/correiodasemana.com\/site\/category\/atualidade\/"},"img":{"alt_text":"","src":"https:\/\/i0.wp.com\/correiodasemana.com\/site\/wp-content\/uploads\/2025\/04\/Foto-grande.jpg?resize=350%2C200&ssl=1","width":350,"height":200,"srcset":"https:\/\/i0.wp.com\/correiodasemana.com\/site\/wp-content\/uploads\/2025\/04\/Foto-grande.jpg?resize=350%2C200&ssl=1 1x, https:\/\/i0.wp.com\/correiodasemana.com\/site\/wp-content\/uploads\/2025\/04\/Foto-grande.jpg?resize=525%2C300&ssl=1 1.5x, https:\/\/i0.wp.com\/correiodasemana.com\/site\/wp-content\/uploads\/2025\/04\/Foto-grande.jpg?resize=700%2C400&ssl=1 2x, https:\/\/i0.wp.com\/correiodasemana.com\/site\/wp-content\/uploads\/2025\/04\/Foto-grande.jpg?resize=1050%2C600&ssl=1 3x"},"classes":[]},{"id":9574,"url":"https:\/\/correiodasemana.com\/site\/hospital-unimed-sobral-inaugura-novo-observatorio-pediatrico-e-nova-ala-cardiologica\/","url_meta":{"origin":9841,"position":2},"title":"HOSPITAL UNIMED SOBRAL INAUGURA NOVO OBSERVAT\u00d3RIO PEDI\u00c1TRICO E NOVA ALA CARDIOL\u00d3GICA","author":"","date":"Outubro 28, 2019","format":false,"excerpt":"Em solenidade realizada na noite desta ter\u00e7a-feira (15\/10), a Unimed Sobral inaugurou no Hospital Unimed Sobral a nova ala pedi\u00e1trica, que agora passa a contar com uma estrutura mais ampla e avan\u00e7ada, contando com 6 leitos ambulatoriais, entre eles 1 leito preparado para casos de emerg\u00eancia; al\u00e9m da nova ala\u2026","rel":"","context":"In &quot;Atualidade&quot;","block_context":{"text":"Atualidade","link":"https:\/\/correiodasemana.com\/site\/category\/atualidade\/"},"img":{"alt_text":"","src":"https:\/\/i0.wp.com\/correiodasemana.com\/site\/wp-content\/uploads\/2019\/10\/12.jpeg?resize=350%2C200&ssl=1","width":350,"height":200,"srcset":"https:\/\/i0.wp.com\/correiodasemana.com\/site\/wp-content\/uploads\/2019\/10\/12.jpeg?resize=350%2C200&ssl=1 1x, https:\/\/i0.wp.com\/correiodasemana.com\/site\/wp-content\/uploads\/2019\/10\/12.jpeg?resize=525%2C300&ssl=1 1.5x, https:\/\/i0.wp.com\/correiodasemana.com\/site\/wp-content\/uploads\/2019\/10\/12.jpeg?resize=700%2C400&ssl=1 2x, https:\/\/i0.wp.com\/correiodasemana.com\/site\/wp-content\/uploads\/2019\/10\/12.jpeg?resize=1050%2C600&ssl=1 3x"},"classes":[]},{"id":8469,"url":"https:\/\/correiodasemana.com\/site\/unimed-sobral-marca-presenca-na-18a-maratona-pao-de-acucar\/","url_meta":{"origin":9841,"position":3},"title":"Unimed Sobral marca presen\u00e7a na 18\u00aa maratona P\u00e3o de A\u00e7\u00facar","author":"","date":"Julho 30, 2019","format":false,"excerpt":"A Unimed Sobral esteve presente na 18\u00aa maratona P\u00e3o de A\u00e7\u00facar. A maratona j\u00e1 bastante conhecida e concorrida pelos amantes da vida saud\u00e1vel, teve sua largada \u00e0s 6h30 na pra\u00e7a 31 de mar\u00e7o na Praia do futuro e esse ano reuniu quase 5 mil inscritos que aceitaram o desafio de\u2026","rel":"","context":"In &quot;Atualidade&quot;","block_context":{"text":"Atualidade","link":"https:\/\/correiodasemana.com\/site\/category\/atualidade\/"},"img":{"alt_text":"","src":"https:\/\/i0.wp.com\/correiodasemana.com\/site\/wp-content\/uploads\/2019\/07\/2.jpg?resize=350%2C200&ssl=1","width":350,"height":200,"srcset":"https:\/\/i0.wp.com\/correiodasemana.com\/site\/wp-content\/uploads\/2019\/07\/2.jpg?resize=350%2C200&ssl=1 1x, https:\/\/i0.wp.com\/correiodasemana.com\/site\/wp-content\/uploads\/2019\/07\/2.jpg?resize=525%2C300&ssl=1 1.5x, https:\/\/i0.wp.com\/correiodasemana.com\/site\/wp-content\/uploads\/2019\/07\/2.jpg?resize=700%2C400&ssl=1 2x, https:\/\/i0.wp.com\/correiodasemana.com\/site\/wp-content\/uploads\/2019\/07\/2.jpg?resize=1050%2C600&ssl=1 3x, https:\/\/i0.wp.com\/correiodasemana.com\/site\/wp-content\/uploads\/2019\/07\/2.jpg?resize=1400%2C800&ssl=1 4x"},"classes":[]},{"id":11336,"url":"https:\/\/correiodasemana.com\/site\/projeta-e-salve-vidas-leva-cestas-basicas-para-bairros-e-distritos-de-sobral\/","url_meta":{"origin":9841,"position":4},"title":"&#8220;Projeta e Salve Vidas&#8221; leva cestas b\u00e1sicas para bairros e distritos de Sobral","author":"","date":"Maio 7, 2020","format":false,"excerpt":"O projeto nomeado de Projeta e Salve Vidas \u00e9 uma parceria entre a BB Seguridade, Banco BV e Banco do Brasil. Na ter\u00e7a-feira (28) aconteceu a segunda etapa de entrega das cestas b\u00e1sicas, kits de limpeza e higiene pessoal para atendimento das fam\u00edlias em situa\u00e7\u00e3o de vulnerabilidade social afetadas pelos\u2026","rel":"","context":"In &quot;Atualidade&quot;","block_context":{"text":"Atualidade","link":"https:\/\/correiodasemana.com\/site\/category\/atualidade\/"},"img":{"alt_text":"","src":"https:\/\/i0.wp.com\/correiodasemana.com\/site\/wp-content\/uploads\/2020\/05\/WhatsApp-Image-2020-04-30-at-11.22.54.jpeg?resize=350%2C200&ssl=1","width":350,"height":200,"srcset":"https:\/\/i0.wp.com\/correiodasemana.com\/site\/wp-content\/uploads\/2020\/05\/WhatsApp-Image-2020-04-30-at-11.22.54.jpeg?resize=350%2C200&ssl=1 1x, https:\/\/i0.wp.com\/correiodasemana.com\/site\/wp-content\/uploads\/2020\/05\/WhatsApp-Image-2020-04-30-at-11.22.54.jpeg?resize=525%2C300&ssl=1 1.5x, https:\/\/i0.wp.com\/correiodasemana.com\/site\/wp-content\/uploads\/2020\/05\/WhatsApp-Image-2020-04-30-at-11.22.54.jpeg?resize=700%2C400&ssl=1 2x"},"classes":[]},{"id":9844,"url":"https:\/\/correiodasemana.com\/site\/entrega-da-1a-etapa-dos-processos-financeiros-do-hospital-unimed-sobral\/","url_meta":{"origin":9841,"position":5},"title":"Entrega da 1\u00aa Etapa dos Processos Financeiros do Hospital Unimed Sobral","author":"","date":"Novembro 18, 2019","format":false,"excerpt":"Foi realizado nesta segunda-feira (11), a entrega dos POPs (Procedimento Operacional Padr\u00e3o) do setor financeiro do HUS, sendo composto na entrega do fluxograma, desenho dos processos e manual de utiliza\u00e7\u00e3o de ferramentas. O setor Administrativo, representado pela gerente Margarida Melo, e os setores da Qualidade e Financeiro foram contemplados com\u2026","rel":"","context":"In &quot;Atualidade&quot;","block_context":{"text":"Atualidade","link":"https:\/\/correiodasemana.com\/site\/category\/atualidade\/"},"img":{"alt_text":"","src":"https:\/\/i0.wp.com\/correiodasemana.com\/site\/wp-content\/uploads\/2019\/11\/Colaborados-do-HUS-recebendo-em-m%C3%A3os-c%C3%B3pias-dos-novos-Processos-Operacionais.jpeg?resize=350%2C200&ssl=1","width":350,"height":200,"srcset":"https:\/\/i0.wp.com\/correiodasemana.com\/site\/wp-content\/uploads\/2019\/11\/Colaborados-do-HUS-recebendo-em-m%C3%A3os-c%C3%B3pias-dos-novos-Processos-Operacionais.jpeg?resize=350%2C200&ssl=1 1x, https:\/\/i0.wp.com\/correiodasemana.com\/site\/wp-content\/uploads\/2019\/11\/Colaborados-do-HUS-recebendo-em-m%C3%A3os-c%C3%B3pias-dos-novos-Processos-Operacionais.jpeg?resize=525%2C300&ssl=1 1.5x, https:\/\/i0.wp.com\/correiodasemana.com\/site\/wp-content\/uploads\/2019\/11\/Colaborados-do-HUS-recebendo-em-m%C3%A3os-c%C3%B3pias-dos-novos-Processos-Operacionais.jpeg?resize=700%2C400&ssl=1 2x"},"classes":[]}],"jetpack_sharing_enabled":true,"_links":{"self":[{"href":"https:\/\/correiodasemana.com\/site\/wp-json\/wp\/v2\/posts\/9841","targetHints":{"allow":["GET"]}}],"collection":[{"href":"https:\/\/correiodasemana.com\/site\/wp-json\/wp\/v2\/posts"}],"about":[{"href":"https:\/\/correiodasemana.com\/site\/wp-json\/wp\/v2\/types\/post"}],"author":[{"embeddable":true,"href":"https:\/\/correiodasemana.com\/site\/wp-json\/wp\/v2\/users\/1"}],"replies":[{"embeddable":true,"href":"https:\/\/correiodasemana.com\/site\/wp-json\/wp\/v2\/comments?post=9841"}],"version-history":[{"count":1,"href":"https:\/\/correiodasemana.com\/site\/wp-json\/wp\/v2\/posts\/9841\/revisions"}],"predecessor-version":[{"id":9843,"href":"https:\/\/correiodasemana.com\/site\/wp-json\/wp\/v2\/posts\/9841\/revisions\/9843"}],"wp:featuredmedia":[{"embeddable":true,"href":"https:\/\/correiodasemana.com\/site\/wp-json\/wp\/v2\/media\/9842"}],"wp:attachment":[{"href":"https:\/\/correiodasemana.com\/site\/wp-json\/wp\/v2\/media?parent=9841"}],"wp:term":[{"taxonomy":"category","embeddable":true,"href":"https:\/\/correiodasemana.com\/site\/wp-json\/wp\/v2\/categories?post=9841"},{"taxonomy":"post_tag","embeddable":true,"href":"https:\/\/correiodasemana.com\/site\/wp-json\/wp\/v2\/tags?post=9841"}],"curies":[{"name":"wp","href":"https:\/\/api.w.org\/{rel}","templated":true}]}}