{"id":9844,"date":"2019-11-18T03:20:08","date_gmt":"2019-11-18T03:20:08","guid":{"rendered":"https:\/\/correiodasemana.com\/site\/?p=9844"},"modified":"2019-11-18T03:20:08","modified_gmt":"2019-11-18T03:20:08","slug":"entrega-da-1a-etapa-dos-processos-financeiros-do-hospital-unimed-sobral","status":"publish","type":"post","link":"https:\/\/correiodasemana.com\/site\/entrega-da-1a-etapa-dos-processos-financeiros-do-hospital-unimed-sobral\/","title":{"rendered":"Entrega da 1\u00aa Etapa dos Processos Financeiros do Hospital Unimed Sobral"},"content":{"rendered":"<p>Foi realizado nesta segunda-feira (11), a entrega dos POPs (Procedimento Operacional Padr\u00e3o) do setor financeiro do HUS, sendo composto na entrega do fluxograma, desenho dos processos e manual de utiliza\u00e7\u00e3o de ferramentas.<br \/>\nO setor Administrativo, representado pela gerente Margarida Melo, e os setores da Qualidade e Financeiro foram contemplados com c\u00f3pias impressas contendo todas as informa\u00e7\u00f5es. Novos processos est\u00e3o em fase de levantamento e valida\u00e7\u00e3o, e ser\u00e3o disponibilizados em breve.<br \/>\nA Unimed Sobral est\u00e1 sendo apoiadora e parceira do Hospital Unimed neste projeto. Para o diretor-presidente da Operadora Unimed Sobral, o m\u00e9dico Dr. Carlos Arcanjo, \u201cos POPs buscam assegurar a padroniza\u00e7\u00e3o das atividades e assim garantir ainda mais a qualidade dos servi\u00e7os prestados.\u201d<br \/>\nPara o diretor do Hospital Unimed Sobral, Dr. Artur Guimar\u00e3es, \u201cA padroniza\u00e7\u00e3o est\u00e1 cada vez mais difundida na \u00e1rea da sa\u00fade, por exercer maior controle sobre os recursos materiais e humanos. A rotina de um hospital \u00e9 din\u00e2mica, logo, sua gest\u00e3o tamb\u00e9m deve ser.\u201d<\/p>\n","protected":false},"excerpt":{"rendered":"<p>Foi realizado nesta segunda-feira (11), a entrega dos POPs (Procedimento Operacional Padr\u00e3o) do setor financeiro&#8230;<\/p>\n","protected":false},"author":1,"featured_media":9845,"comment_status":"open","ping_status":"open","sticky":false,"template":"","format":"standard","meta":{"_jetpack_memberships_contains_paid_content":false,"footnotes":"","jetpack_publicize_message":"","jetpack_publicize_feature_enabled":true,"jetpack_social_post_already_shared":true,"jetpack_social_options":{"image_generator_settings":{"template":"highway","default_image_id":0,"font":"","enabled":false},"version":2}},"categories":[1],"tags":[],"class_list":["post-9844","post","type-post","status-publish","format-standard","has-post-thumbnail","hentry","category-atualidade"],"jetpack_publicize_connections":[],"jetpack_featured_media_url":"https:\/\/correiodasemana.com\/site\/wp-content\/uploads\/2019\/11\/Colaborados-do-HUS-recebendo-em-m\u00e3os-c\u00f3pias-dos-novos-Processos-Operacionais.jpeg","jetpack-related-posts":[{"id":9574,"url":"https:\/\/correiodasemana.com\/site\/hospital-unimed-sobral-inaugura-novo-observatorio-pediatrico-e-nova-ala-cardiologica\/","url_meta":{"origin":9844,"position":0},"title":"HOSPITAL UNIMED SOBRAL INAUGURA NOVO OBSERVAT\u00d3RIO PEDI\u00c1TRICO E NOVA ALA CARDIOL\u00d3GICA","author":"","date":"Outubro 28, 2019","format":false,"excerpt":"Em solenidade realizada na noite desta ter\u00e7a-feira (15\/10), a Unimed Sobral inaugurou no Hospital Unimed Sobral a nova ala pedi\u00e1trica, que agora passa a contar com uma estrutura mais ampla e avan\u00e7ada, contando com 6 leitos ambulatoriais, entre eles 1 leito preparado para casos de emerg\u00eancia; al\u00e9m da nova ala\u2026","rel":"","context":"In &quot;Atualidade&quot;","block_context":{"text":"Atualidade","link":"https:\/\/correiodasemana.com\/site\/category\/atualidade\/"},"img":{"alt_text":"","src":"https:\/\/i0.wp.com\/correiodasemana.com\/site\/wp-content\/uploads\/2019\/10\/12.jpeg?resize=350%2C200&ssl=1","width":350,"height":200,"srcset":"https:\/\/i0.wp.com\/correiodasemana.com\/site\/wp-content\/uploads\/2019\/10\/12.jpeg?resize=350%2C200&ssl=1 1x, https:\/\/i0.wp.com\/correiodasemana.com\/site\/wp-content\/uploads\/2019\/10\/12.jpeg?resize=525%2C300&ssl=1 1.5x, https:\/\/i0.wp.com\/correiodasemana.com\/site\/wp-content\/uploads\/2019\/10\/12.jpeg?resize=700%2C400&ssl=1 2x, https:\/\/i0.wp.com\/correiodasemana.com\/site\/wp-content\/uploads\/2019\/10\/12.jpeg?resize=1050%2C600&ssl=1 3x"},"classes":[]},{"id":10093,"url":"https:\/\/correiodasemana.com\/site\/unimed-sobral-entrega-certificados-do-programa-de-qualificacao\/","url_meta":{"origin":9844,"position":1},"title":"Unimed Sobral entrega certificados do Programa de Qualifica\u00e7\u00e3o","author":"","date":"Dezembro 9, 2019","format":false,"excerpt":"A Unimed Sobral representada pelas \u00e1reas de Rede prestadora, Auditoria de Enfermagem e Qualidade, estiveram na tarde desta segunda-feira (02\/12) entregando o Certificado aos primeiros Prestadores que aderiram ao Programa de Qualifica\u00e7\u00e3o (ProQuali). O Laborat\u00f3rio Cl\u00ednico de Sobral obteve a certifica\u00e7\u00e3o com o selo Prata e o Hospital do Cora\u00e7\u00e3o\u2026","rel":"","context":"In &quot;Atualidade&quot;","block_context":{"text":"Atualidade","link":"https:\/\/correiodasemana.com\/site\/category\/atualidade\/"},"img":{"alt_text":"","src":"https:\/\/i0.wp.com\/correiodasemana.com\/site\/wp-content\/uploads\/2019\/12\/Laborat%C3%B3rio-Cl%C3%ADnico-de-Sobral-conquista-Selo-Prata-no-ProQuali.jpeg?resize=350%2C200&ssl=1","width":350,"height":200,"srcset":"https:\/\/i0.wp.com\/correiodasemana.com\/site\/wp-content\/uploads\/2019\/12\/Laborat%C3%B3rio-Cl%C3%ADnico-de-Sobral-conquista-Selo-Prata-no-ProQuali.jpeg?resize=350%2C200&ssl=1 1x, https:\/\/i0.wp.com\/correiodasemana.com\/site\/wp-content\/uploads\/2019\/12\/Laborat%C3%B3rio-Cl%C3%ADnico-de-Sobral-conquista-Selo-Prata-no-ProQuali.jpeg?resize=525%2C300&ssl=1 1.5x, https:\/\/i0.wp.com\/correiodasemana.com\/site\/wp-content\/uploads\/2019\/12\/Laborat%C3%B3rio-Cl%C3%ADnico-de-Sobral-conquista-Selo-Prata-no-ProQuali.jpeg?resize=700%2C400&ssl=1 2x"},"classes":[]},{"id":17669,"url":"https:\/\/correiodasemana.com\/site\/unimed-sobral-ira-investir-cerca-de-r-25-milhoes-em-novo-hospital\/","url_meta":{"origin":9844,"position":2},"title":"Unimed Sobral ir\u00e1 investir cerca de R$ 25 milh\u00f5es em novo hospital","author":"","date":"Outubro 4, 2021","format":false,"excerpt":"O presidente da Unimed Sobral, Dr. Carlos Arcanjo, acompanhado da diretora de Mercado, Dra. Gertrudes Teles, e do gerente executivo, Wescley Sousa, estiveram reunidos com o prefeito de Sobral, Ivo Gomes, para apresentar o projeto do novo e grande hospital que a Unimed vai construir em Sobral. O empreendimento receber\u00e1\u2026","rel":"","context":"In &quot;Atualidade&quot;","block_context":{"text":"Atualidade","link":"https:\/\/correiodasemana.com\/site\/category\/atualidade\/"},"img":{"alt_text":"","src":"https:\/\/i0.wp.com\/correiodasemana.com\/site\/wp-content\/uploads\/2021\/10\/243831773_644933373156590_1002082403874800951_n.webp.jpg?resize=350%2C200&ssl=1","width":350,"height":200,"srcset":"https:\/\/i0.wp.com\/correiodasemana.com\/site\/wp-content\/uploads\/2021\/10\/243831773_644933373156590_1002082403874800951_n.webp.jpg?resize=350%2C200&ssl=1 1x, https:\/\/i0.wp.com\/correiodasemana.com\/site\/wp-content\/uploads\/2021\/10\/243831773_644933373156590_1002082403874800951_n.webp.jpg?resize=525%2C300&ssl=1 1.5x"},"classes":[]},{"id":8552,"url":"https:\/\/correiodasemana.com\/site\/unimed-sobral-comemora-35-anos\/","url_meta":{"origin":9844,"position":3},"title":"Unimed Sobral comemora 35 anos","author":"","date":"Agosto 6, 2019","format":false,"excerpt":"A diretoria da Unimed Sobral parabeniza os ex-diretores, m\u00e9dicos fundadores, cooperados, colaboradores e clientes pelos 35 anos da nossa cooperativa. A Unimed Sobral nasceu do sonho de cuidar de voc\u00ea e o nosso maior presente \u00e9 t\u00ea-lo conosco.\u00a035 anos se passaram, hoje somos 198 m\u00e9dicos cooperados com mais de 17\u2026","rel":"","context":"In &quot;Atualidade&quot;","block_context":{"text":"Atualidade","link":"https:\/\/correiodasemana.com\/site\/category\/atualidade\/"},"img":{"alt_text":"","src":"https:\/\/i0.wp.com\/correiodasemana.com\/site\/wp-content\/uploads\/2019\/08\/DIRETORIA_EXECUTIVA.jpg?resize=350%2C200&ssl=1","width":350,"height":200},"classes":[]},{"id":9936,"url":"https:\/\/correiodasemana.com\/site\/unimed-sobral-e-eleita-pelo-segundo-ano-consecutivo-como-a-melhor-empresa-para-trabalhar\/","url_meta":{"origin":9844,"position":4},"title":"Unimed Sobral \u00e9 eleita pelo segundo ano consecutivo como a melhor empresa para trabalhar","author":"","date":"Novembro 27, 2019","format":false,"excerpt":"Unimed Sobral \u00e9 eleita pelo segundo ano consecutivo como a melhor empresa para trabalhar escolhida no Pr\u00eamio Great Place to Work (GPTW) na categoria pequena empresa (at\u00e9 99 colaboradores). A divulga\u00e7\u00e3o do resultado aconteceu em Fortaleza na tarde desta quarta-feira, 20, em evento no Palatium Buffet, no Parque Manibura, com\u2026","rel":"","context":"In &quot;Atualidade&quot;","block_context":{"text":"Atualidade","link":"https:\/\/correiodasemana.com\/site\/category\/atualidade\/"},"img":{"alt_text":"","src":"https:\/\/i0.wp.com\/correiodasemana.com\/site\/wp-content\/uploads\/2019\/11\/Colaboradores-da-Unimed-Sobral-recebendo-o-1%C2%BA-lugar-na-premia%C3%A7%C3%A3o-do-GPTW-Cear%C3%A1.jpeg?resize=350%2C200&ssl=1","width":350,"height":200,"srcset":"https:\/\/i0.wp.com\/correiodasemana.com\/site\/wp-content\/uploads\/2019\/11\/Colaboradores-da-Unimed-Sobral-recebendo-o-1%C2%BA-lugar-na-premia%C3%A7%C3%A3o-do-GPTW-Cear%C3%A1.jpeg?resize=350%2C200&ssl=1 1x, https:\/\/i0.wp.com\/correiodasemana.com\/site\/wp-content\/uploads\/2019\/11\/Colaboradores-da-Unimed-Sobral-recebendo-o-1%C2%BA-lugar-na-premia%C3%A7%C3%A3o-do-GPTW-Cear%C3%A1.jpeg?resize=525%2C300&ssl=1 1.5x, https:\/\/i0.wp.com\/correiodasemana.com\/site\/wp-content\/uploads\/2019\/11\/Colaboradores-da-Unimed-Sobral-recebendo-o-1%C2%BA-lugar-na-premia%C3%A7%C3%A3o-do-GPTW-Cear%C3%A1.jpeg?resize=700%2C400&ssl=1 2x, https:\/\/i0.wp.com\/correiodasemana.com\/site\/wp-content\/uploads\/2019\/11\/Colaboradores-da-Unimed-Sobral-recebendo-o-1%C2%BA-lugar-na-premia%C3%A7%C3%A3o-do-GPTW-Cear%C3%A1.jpeg?resize=1050%2C600&ssl=1 3x"},"classes":[]},{"id":9130,"url":"https:\/\/correiodasemana.com\/site\/unimed-sobral-apoia-projeto-saude-bombeiros-e-sociedade\/","url_meta":{"origin":9844,"position":5},"title":"UNIMED SOBRAL APOIA PROJETO SA\u00daDE\u00a0BOMBEIROS E SOCIEDADE","author":"","date":"Setembro 15, 2019","format":false,"excerpt":"O Gerente-Executivo da Unimed Sobral, Wescley Sousa, recebeu na\u00a0\u00faltima semana, a visita do Major Roberto de Morais comandante da 1\u00aa Cia de Bombeiros\/3\u00ba Batalh\u00e3o de Bombeiro Militar e do Cabo Gustavo Carneiro. O objetivo da visita foi apresentar o \u201cProjeto Sa\u00fade Bombeiro e Sociedade\u201d desenvolvido pela corpora\u00e7\u00e3o e a sociedade\u2026","rel":"","context":"In &quot;Atualidade&quot;","block_context":{"text":"Atualidade","link":"https:\/\/correiodasemana.com\/site\/category\/atualidade\/"},"img":{"alt_text":"","src":"https:\/\/i0.wp.com\/correiodasemana.com\/site\/wp-content\/uploads\/2019\/09\/DSC_0001.jpg?resize=350%2C200&ssl=1","width":350,"height":200,"srcset":"https:\/\/i0.wp.com\/correiodasemana.com\/site\/wp-content\/uploads\/2019\/09\/DSC_0001.jpg?resize=350%2C200&ssl=1 1x, https:\/\/i0.wp.com\/correiodasemana.com\/site\/wp-content\/uploads\/2019\/09\/DSC_0001.jpg?resize=525%2C300&ssl=1 1.5x, https:\/\/i0.wp.com\/correiodasemana.com\/site\/wp-content\/uploads\/2019\/09\/DSC_0001.jpg?resize=700%2C400&ssl=1 2x, https:\/\/i0.wp.com\/correiodasemana.com\/site\/wp-content\/uploads\/2019\/09\/DSC_0001.jpg?resize=1050%2C600&ssl=1 3x, https:\/\/i0.wp.com\/correiodasemana.com\/site\/wp-content\/uploads\/2019\/09\/DSC_0001.jpg?resize=1400%2C800&ssl=1 4x"},"classes":[]}],"jetpack_sharing_enabled":true,"_links":{"self":[{"href":"https:\/\/correiodasemana.com\/site\/wp-json\/wp\/v2\/posts\/9844","targetHints":{"allow":["GET"]}}],"collection":[{"href":"https:\/\/correiodasemana.com\/site\/wp-json\/wp\/v2\/posts"}],"about":[{"href":"https:\/\/correiodasemana.com\/site\/wp-json\/wp\/v2\/types\/post"}],"author":[{"embeddable":true,"href":"https:\/\/correiodasemana.com\/site\/wp-json\/wp\/v2\/users\/1"}],"replies":[{"embeddable":true,"href":"https:\/\/correiodasemana.com\/site\/wp-json\/wp\/v2\/comments?post=9844"}],"version-history":[{"count":1,"href":"https:\/\/correiodasemana.com\/site\/wp-json\/wp\/v2\/posts\/9844\/revisions"}],"predecessor-version":[{"id":9846,"href":"https:\/\/correiodasemana.com\/site\/wp-json\/wp\/v2\/posts\/9844\/revisions\/9846"}],"wp:featuredmedia":[{"embeddable":true,"href":"https:\/\/correiodasemana.com\/site\/wp-json\/wp\/v2\/media\/9845"}],"wp:attachment":[{"href":"https:\/\/correiodasemana.com\/site\/wp-json\/wp\/v2\/media?parent=9844"}],"wp:term":[{"taxonomy":"category","embeddable":true,"href":"https:\/\/correiodasemana.com\/site\/wp-json\/wp\/v2\/categories?post=9844"},{"taxonomy":"post_tag","embeddable":true,"href":"https:\/\/correiodasemana.com\/site\/wp-json\/wp\/v2\/tags?post=9844"}],"curies":[{"name":"wp","href":"https:\/\/api.w.org\/{rel}","templated":true}]}}