{"id":9929,"date":"2019-11-27T03:44:08","date_gmt":"2019-11-27T03:44:08","guid":{"rendered":"https:\/\/correiodasemana.com\/site\/?p=9929"},"modified":"2019-11-27T03:44:08","modified_gmt":"2019-11-27T03:44:08","slug":"regiao-episcopal-4","status":"publish","type":"post","link":"https:\/\/correiodasemana.com\/site\/regiao-episcopal-4\/","title":{"rendered":"Regi\u00e3o Episcopal"},"content":{"rendered":"<p><strong>Par\u00f3quia de Nossa Senhora da Concei\u00e7\u00e3o \u2013 Meruoca &#8211; CE<\/strong><br \/>\n\u00c9 com muita alegria e satisfa\u00e7\u00e3o que a Par\u00f3quia de Meruoca, na pessoa do padre F\u00e1bio Soares, convida voc\u00ea e sua fam\u00edlia para participar de mais uma festa dedicada a padroeira do munic\u00edpio, Nossa Senhora da Concei\u00e7\u00e3o. Ser\u00e3o 11 dias de muita ora\u00e7\u00e3o, agradecimento e louvor a Deus, onde iremos refletir o tema \u201cA exemplo de Maria: a partilha gera comunh\u00e3o, miss\u00e3o e solidariedade\u201d e o lema \u201cDai-lhes v\u00f3s mesmo de comer\u201d. Venha celebrar conosco a festa de nossa padroeira, de 28 de novembro a 08 de dezembro.<\/p>\n<p><strong>Par\u00f3quia de Nossa Senhora da Concei\u00e7\u00e3o \u2013 Hidrol\u00e2ndia &#8211; CE<\/strong><br \/>\n\u00c9 com muita alegria e satisfa\u00e7\u00e3o que a Par\u00f3quia de Hidrol\u00e2ndia convida voc\u00ea e sua fam\u00edlia para participar de mais uma festa dedicada a nossa excelsa padroeira, Nossa Senhora da Imaculada Concei\u00e7\u00e3o. Ser\u00e1 de 28 de novembro a 08 de dezembro, e neste ano refletindo no tema: \u201cCom Nossa Senhora da Concei\u00e7\u00e3o, queremos viver a comunh\u00e3o na Miss\u00e3o\u201d. Junte-se a n\u00f3s, neste momento forte de nossa f\u00e9 e devo\u00e7\u00e3o a Virgem Imaculada.<\/p>\n<p><strong>A Par\u00f3quia de Nossa Senhora da Concei\u00e7\u00e3o &#8211; Sobral &#8211; CE<\/strong><br \/>\nA Par\u00f3quia de Nossa Senhora da Concei\u00e7\u00e3o de Sobral (Catedral), em nome dos padres Lucione Holanda e Herlandino Paiva, convida a todos os fi\u00e9is devotos de Nossa Senhora para celebrar a festa da padroeira de Sobral. Ser\u00e1 de 29 de novembro \u00e0 08 de dezembro. Este ano refletindo no tema \u201cP\u00e3o em todas as mesas\u201d e no lema \u201crepartiram o p\u00e3o com alegria e n\u00e3o havia necessitados entre eles\u201d CEN 2020. Participe!<\/p>\n<p><strong>Par\u00f3quia de Nossa Senhora da Concei\u00e7\u00e3o &#8211; Acara\u00fa &#8211; CE<\/strong><br \/>\nA festa da padroeira de Acara\u00fa \u2013 CE este ano reflete o tema: \u201cBatizados e Enviados\u201d e o lema: \u201cO desafio de evangelizar num mundo em mudan\u00e7a\u201d.A festa de Nossa Senhora da Concei\u00e7\u00e3o ser\u00e1 de 27 de novembro \u00e0 08 de dezembro. Voc\u00ea \u00e9 nosso convidado especial a viver este tempo de gra\u00e7a conosco.<\/p>\n<p><strong>Capela de Nossa Senhora das Gra\u00e7as \u2013 Sobral &#8211; CE<\/strong><br \/>\nA Capela de Nossa Senhora das Gra\u00e7as (Capela do Abrigo) est\u00e1 em festa, celebrando sua padroeira. A festividade iniciou-se no dia 17 e ir\u00e1 at\u00e9 dia 27 de novembro. Este ano refletindo no tema: Com Maria, Batizados e Enviados, assumindo a Miss\u00e3o. Venha celebrar conosco!<\/p>\n","protected":false},"excerpt":{"rendered":"<p>Par\u00f3quia de Nossa Senhora da Concei\u00e7\u00e3o \u2013 Meruoca &#8211; CE \u00c9 com muita alegria e&#8230;<\/p>\n","protected":false},"author":1,"featured_media":58,"comment_status":"open","ping_status":"open","sticky":false,"template":"","format":"standard","meta":{"_jetpack_memberships_contains_paid_content":false,"footnotes":"","jetpack_publicize_message":"","jetpack_publicize_feature_enabled":true,"jetpack_social_post_already_shared":true,"jetpack_social_options":{"image_generator_settings":{"template":"highway","default_image_id":0,"font":"","enabled":false},"version":2}},"categories":[4,39,50],"tags":[],"class_list":["post-9929","post","type-post","status-publish","format-standard","has-post-thumbnail","hentry","category-diocese","category-igreja","category-regiao-episcopal"],"jetpack_publicize_connections":[],"jetpack_featured_media_url":"https:\/\/correiodasemana.com\/site\/wp-content\/uploads\/2019\/07\/Igreja_S\u00e9.jpg","jetpack-related-posts":[{"id":11165,"url":"https:\/\/correiodasemana.com\/site\/regiao-episcopal-7\/","url_meta":{"origin":9929,"position":0},"title":"Regi\u00e3o Episcopal","author":"","date":"Mar\u00e7o 18, 2020","format":false,"excerpt":"PAR\u00d3QUIA S\u00c3O JOS\u00c9 \u2013 SUMAR\u00c9 O padre Lucas Moreira e o padre Samoel Pereira, juntamente com toda a comunidade paroquial do bairro do Sumar\u00e9, t\u00eam a alegria de convidar a voc\u00ea e sua fam\u00edlia para celebrar a festa do padroeiro, S\u00e3o Jos\u00e9. Iniciou-se dia 08 e segue at\u00e9 dia 19\u2026","rel":"","context":"In &quot;Diocese&quot;","block_context":{"text":"Diocese","link":"https:\/\/correiodasemana.com\/site\/category\/diocese\/"},"img":{"alt_text":"","src":"https:\/\/i0.wp.com\/correiodasemana.com\/site\/wp-content\/uploads\/2019\/07\/Igreja_S%C3%A9.jpg?resize=350%2C200&ssl=1","width":350,"height":200,"srcset":"https:\/\/i0.wp.com\/correiodasemana.com\/site\/wp-content\/uploads\/2019\/07\/Igreja_S%C3%A9.jpg?resize=350%2C200&ssl=1 1x, https:\/\/i0.wp.com\/correiodasemana.com\/site\/wp-content\/uploads\/2019\/07\/Igreja_S%C3%A9.jpg?resize=525%2C300&ssl=1 1.5x, https:\/\/i0.wp.com\/correiodasemana.com\/site\/wp-content\/uploads\/2019\/07\/Igreja_S%C3%A9.jpg?resize=700%2C400&ssl=1 2x, https:\/\/i0.wp.com\/correiodasemana.com\/site\/wp-content\/uploads\/2019\/07\/Igreja_S%C3%A9.jpg?resize=1050%2C600&ssl=1 3x, https:\/\/i0.wp.com\/correiodasemana.com\/site\/wp-content\/uploads\/2019\/07\/Igreja_S%C3%A9.jpg?resize=1400%2C800&ssl=1 4x"},"classes":[]},{"id":9001,"url":"https:\/\/correiodasemana.com\/site\/regioes-episcopais-11\/","url_meta":{"origin":9929,"position":1},"title":"Regi\u00f5es Episcopais","author":"","date":"Setembro 8, 2019","format":false,"excerpt":"\u00c1rea Pastoral S\u00e3o Francisco \u2013 Distrito de Rafael Arruda, Sobral \u2013 CE Festa de S\u00e3o Francisco 2019 em Rafael Arruda, convite do Padre Eufr\u00e1sio Ribeiro: Car\u00edssimos irm\u00e3os e irm\u00e3s, paz e bem! Neste ano de 2019, que a Igreja no Brasil celebra de forma extraordin\u00e1ria as santas miss\u00f5es, somos convidados\u2026","rel":"","context":"In &quot;Diocese&quot;","block_context":{"text":"Diocese","link":"https:\/\/correiodasemana.com\/site\/category\/diocese\/"},"img":{"alt_text":"","src":"https:\/\/i0.wp.com\/correiodasemana.com\/site\/wp-content\/uploads\/2019\/07\/igreja-do-ros%C3%A1rio.jpg?resize=350%2C200&ssl=1","width":350,"height":200,"srcset":"https:\/\/i0.wp.com\/correiodasemana.com\/site\/wp-content\/uploads\/2019\/07\/igreja-do-ros%C3%A1rio.jpg?resize=350%2C200&ssl=1 1x, https:\/\/i0.wp.com\/correiodasemana.com\/site\/wp-content\/uploads\/2019\/07\/igreja-do-ros%C3%A1rio.jpg?resize=525%2C300&ssl=1 1.5x, https:\/\/i0.wp.com\/correiodasemana.com\/site\/wp-content\/uploads\/2019\/07\/igreja-do-ros%C3%A1rio.jpg?resize=700%2C400&ssl=1 2x"},"classes":[]},{"id":10476,"url":"https:\/\/correiodasemana.com\/site\/regiao-episcopal-5\/","url_meta":{"origin":9929,"position":2},"title":"Regi\u00e3o Episcopal","author":"","date":"Janeiro 22, 2020","format":false,"excerpt":"Semin\u00e1rio de Vida no Esp\u00edrito Santo Dos dias 30 de janeiro a 02 de fevereiro, a Par\u00f3quia do Cristo Ressuscitado, em Sobral, estar\u00e1 promovendo o Semin\u00e1rio de Vida no Esp\u00edrito Santo para adultos. Ser\u00e3o dias de muita ora\u00e7\u00e3o para a renova\u00e7\u00e3o de nossa f\u00e9! Para mais informa\u00e7\u00f5es ligue (88) 31113348.\u2026","rel":"","context":"In &quot;Regi\u00e3o Episcopal&quot;","block_context":{"text":"Regi\u00e3o Episcopal","link":"https:\/\/correiodasemana.com\/site\/category\/regiao-episcopal\/"},"img":{"alt_text":"","src":"https:\/\/i0.wp.com\/correiodasemana.com\/site\/wp-content\/uploads\/2019\/07\/Igreja_S%C3%A9.jpg?resize=350%2C200&ssl=1","width":350,"height":200,"srcset":"https:\/\/i0.wp.com\/correiodasemana.com\/site\/wp-content\/uploads\/2019\/07\/Igreja_S%C3%A9.jpg?resize=350%2C200&ssl=1 1x, https:\/\/i0.wp.com\/correiodasemana.com\/site\/wp-content\/uploads\/2019\/07\/Igreja_S%C3%A9.jpg?resize=525%2C300&ssl=1 1.5x, https:\/\/i0.wp.com\/correiodasemana.com\/site\/wp-content\/uploads\/2019\/07\/Igreja_S%C3%A9.jpg?resize=700%2C400&ssl=1 2x, https:\/\/i0.wp.com\/correiodasemana.com\/site\/wp-content\/uploads\/2019\/07\/Igreja_S%C3%A9.jpg?resize=1050%2C600&ssl=1 3x, https:\/\/i0.wp.com\/correiodasemana.com\/site\/wp-content\/uploads\/2019\/07\/Igreja_S%C3%A9.jpg?resize=1400%2C800&ssl=1 4x"},"classes":[]},{"id":8176,"url":"https:\/\/correiodasemana.com\/site\/regioes-episcopais-2\/","url_meta":{"origin":9929,"position":3},"title":"Regi\u00f5es Episcopais","author":"","date":"Julho 8, 2019","format":false,"excerpt":"Par\u00f3quia Senhora de Sant\u2019Ana, Varjota \u2013 CE O P\u00e1roco de da Par\u00f3quia de Senhora de Sant\u2019Ana convida todo o povo de Deus para se fazerem presentes durante os festejos de sua padroeira. Os festejos iniciam no dia 16 de julho. Desde j\u00e1 o p\u00e1roco agradece o comparecimento de todos. Par\u00f3quia\u2026","rel":"","context":"In &quot;Igreja&quot;","block_context":{"text":"Igreja","link":"https:\/\/correiodasemana.com\/site\/category\/igreja\/"},"img":{"alt_text":"","src":"https:\/\/i0.wp.com\/correiodasemana.com\/site\/wp-content\/uploads\/2019\/07\/Igreja_S%C3%A9.jpg?resize=350%2C200&ssl=1","width":350,"height":200,"srcset":"https:\/\/i0.wp.com\/correiodasemana.com\/site\/wp-content\/uploads\/2019\/07\/Igreja_S%C3%A9.jpg?resize=350%2C200&ssl=1 1x, https:\/\/i0.wp.com\/correiodasemana.com\/site\/wp-content\/uploads\/2019\/07\/Igreja_S%C3%A9.jpg?resize=525%2C300&ssl=1 1.5x, https:\/\/i0.wp.com\/correiodasemana.com\/site\/wp-content\/uploads\/2019\/07\/Igreja_S%C3%A9.jpg?resize=700%2C400&ssl=1 2x, https:\/\/i0.wp.com\/correiodasemana.com\/site\/wp-content\/uploads\/2019\/07\/Igreja_S%C3%A9.jpg?resize=1050%2C600&ssl=1 3x, https:\/\/i0.wp.com\/correiodasemana.com\/site\/wp-content\/uploads\/2019\/07\/Igreja_S%C3%A9.jpg?resize=1400%2C800&ssl=1 4x"},"classes":[]},{"id":18532,"url":"https:\/\/correiodasemana.com\/site\/diocese-de-sobral-alegra-se-com-os-aniversarios-de-ordenacao-de-tres-sacerdotes\/","url_meta":{"origin":9929,"position":4},"title":"Diocese de Sobral alegra-se com os anivers\u00e1rios de ordena\u00e7\u00e3o de tr\u00eas sacerdotes","author":"","date":"Janeiro 10, 2022","format":false,"excerpt":"Por Thais Helena (Reda\u00e7\u00e3o Jornal Correio da Semana) Monsenhor Gon\u00e7alo de Pinho Gomes O segundo bispo da Diocese de Sobral, Dom Jo\u00e3o Jos\u00e9 da Mota, na festa da Epifania, em 06 de janeiro de 1963, conferiu a ordena\u00e7\u00e3o sacerdotal ao esperan\u00e7oso Revmo. Monsenhor Gon\u00e7alo de Pinho Gomes, em Poranga, sua\u2026","rel":"","context":"In &quot;Atualidade&quot;","block_context":{"text":"Atualidade","link":"https:\/\/correiodasemana.com\/site\/category\/atualidade\/"},"img":{"alt_text":"","src":"https:\/\/i0.wp.com\/correiodasemana.com\/site\/wp-content\/uploads\/2022\/01\/capa.jpg?resize=350%2C200&ssl=1","width":350,"height":200,"srcset":"https:\/\/i0.wp.com\/correiodasemana.com\/site\/wp-content\/uploads\/2022\/01\/capa.jpg?resize=350%2C200&ssl=1 1x, https:\/\/i0.wp.com\/correiodasemana.com\/site\/wp-content\/uploads\/2022\/01\/capa.jpg?resize=525%2C300&ssl=1 1.5x, https:\/\/i0.wp.com\/correiodasemana.com\/site\/wp-content\/uploads\/2022\/01\/capa.jpg?resize=700%2C400&ssl=1 2x, https:\/\/i0.wp.com\/correiodasemana.com\/site\/wp-content\/uploads\/2022\/01\/capa.jpg?resize=1050%2C600&ssl=1 3x, https:\/\/i0.wp.com\/correiodasemana.com\/site\/wp-content\/uploads\/2022\/01\/capa.jpg?resize=1400%2C800&ssl=1 4x"},"classes":[]},{"id":24909,"url":"https:\/\/correiodasemana.com\/site\/paroquia-de-bela-cruz-pastoral-da-comunicacao-acolhe-novos-membros\/","url_meta":{"origin":9929,"position":5},"title":"Par\u00f3quia de Bela Cruz: Pastoral da Comunica\u00e7\u00e3o acolhe novos membros","author":"adminredacao","date":"Maio 29, 2023","format":false,"excerpt":"A Pastoral da Comunica\u00e7\u00e3o da Par\u00f3quia de Nossa Senhora da Concei\u00e7\u00e3o em Bela Cruz, acolheu no \u00faltimo domingo, dia 21\/05, novos membros durante a Solenidade da Ascens\u00e3o do Senhor, dia em que a igreja no mundo todo tamb\u00e9m celebrou o Dia Mundial das Comunica\u00e7\u00f5es Sociais. A Pastoral iniciou em novembro\u2026","rel":"","context":"In &quot;Atualidade&quot;","block_context":{"text":"Atualidade","link":"https:\/\/correiodasemana.com\/site\/category\/atualidade\/"},"img":{"alt_text":"","src":"https:\/\/i0.wp.com\/correiodasemana.com\/site\/wp-content\/uploads\/2023\/05\/WhatsApp-Image-2023-05-26-at-13.36.27.jpeg?resize=350%2C200&ssl=1","width":350,"height":200,"srcset":"https:\/\/i0.wp.com\/correiodasemana.com\/site\/wp-content\/uploads\/2023\/05\/WhatsApp-Image-2023-05-26-at-13.36.27.jpeg?resize=350%2C200&ssl=1 1x, https:\/\/i0.wp.com\/correiodasemana.com\/site\/wp-content\/uploads\/2023\/05\/WhatsApp-Image-2023-05-26-at-13.36.27.jpeg?resize=525%2C300&ssl=1 1.5x, https:\/\/i0.wp.com\/correiodasemana.com\/site\/wp-content\/uploads\/2023\/05\/WhatsApp-Image-2023-05-26-at-13.36.27.jpeg?resize=700%2C400&ssl=1 2x, https:\/\/i0.wp.com\/correiodasemana.com\/site\/wp-content\/uploads\/2023\/05\/WhatsApp-Image-2023-05-26-at-13.36.27.jpeg?resize=1050%2C600&ssl=1 3x, https:\/\/i0.wp.com\/correiodasemana.com\/site\/wp-content\/uploads\/2023\/05\/WhatsApp-Image-2023-05-26-at-13.36.27.jpeg?resize=1400%2C800&ssl=1 4x"},"classes":[]}],"jetpack_sharing_enabled":true,"_links":{"self":[{"href":"https:\/\/correiodasemana.com\/site\/wp-json\/wp\/v2\/posts\/9929","targetHints":{"allow":["GET"]}}],"collection":[{"href":"https:\/\/correiodasemana.com\/site\/wp-json\/wp\/v2\/posts"}],"about":[{"href":"https:\/\/correiodasemana.com\/site\/wp-json\/wp\/v2\/types\/post"}],"author":[{"embeddable":true,"href":"https:\/\/correiodasemana.com\/site\/wp-json\/wp\/v2\/users\/1"}],"replies":[{"embeddable":true,"href":"https:\/\/correiodasemana.com\/site\/wp-json\/wp\/v2\/comments?post=9929"}],"version-history":[{"count":1,"href":"https:\/\/correiodasemana.com\/site\/wp-json\/wp\/v2\/posts\/9929\/revisions"}],"predecessor-version":[{"id":9930,"href":"https:\/\/correiodasemana.com\/site\/wp-json\/wp\/v2\/posts\/9929\/revisions\/9930"}],"wp:featuredmedia":[{"embeddable":true,"href":"https:\/\/correiodasemana.com\/site\/wp-json\/wp\/v2\/media\/58"}],"wp:attachment":[{"href":"https:\/\/correiodasemana.com\/site\/wp-json\/wp\/v2\/media?parent=9929"}],"wp:term":[{"taxonomy":"category","embeddable":true,"href":"https:\/\/correiodasemana.com\/site\/wp-json\/wp\/v2\/categories?post=9929"},{"taxonomy":"post_tag","embeddable":true,"href":"https:\/\/correiodasemana.com\/site\/wp-json\/wp\/v2\/tags?post=9929"}],"curies":[{"name":"wp","href":"https:\/\/api.w.org\/{rel}","templated":true}]}}