{"id":9959,"date":"2019-11-27T04:05:23","date_gmt":"2019-11-27T04:05:23","guid":{"rendered":"https:\/\/correiodasemana.com\/site\/?p=9959"},"modified":"2019-11-27T04:05:23","modified_gmt":"2019-11-27T04:05:23","slug":"comeca-a-segunda-etapa-de-vacinacao-contra-o-sarampo","status":"publish","type":"post","link":"https:\/\/correiodasemana.com\/site\/comeca-a-segunda-etapa-de-vacinacao-contra-o-sarampo\/","title":{"rendered":"Come\u00e7a a segunda etapa de vacina\u00e7\u00e3o contra o sarampo"},"content":{"rendered":"<p>Deu in\u00edcio na segunda-feira (18), a segunda etapa da campanha de vacina\u00e7\u00e3o contra o sarampo. No m\u00eas de outubro, aconteceu a primeira fase voltada para as crian\u00e7as com idade entre seis meses e cinco anos. Agora, a segunda etapa da campanha tem como objetivo imunizar os jovens de 20 a 29 anos, n\u00e3o vacinados ou com esquema incompleto para o sarampo, ou seja, apenas com uma dose no cart\u00e3o de vacina\u00e7\u00e3o. A segunda etapa ser\u00e1 realizada at\u00e9 o dia 30 de novembro,<br \/>\nSegundo o boletim epidemiol\u00f3gico do Minist\u00e9rio da Sa\u00fade, a estimativa de pessoas n\u00e3o vacinadas com a primeira dose, no estado do Cear\u00e1 \u00e9 de 49.605 jovens com idade de 20 a 24 anos e de 108.678 jovens de 25 a 29 anos. Ainda n\u00e3o foi registrado nenhum caso de sarampo na cidade de Sobral, mas a Coordenadora do Centro de Controle de Zoonoses, Francisca Esc\u00f3cio, ressalta que \u201cO mais importante, do ponto de vista dessa campanha, \u00e9 que a gente consiga ter uma boa ades\u00e3o das pessoas\u201d, para continuar mantendo esse resultado.<br \/>\nA Coordenadora do Centro de Controle de Zoonoses de Sobral, explica que para quem n\u00e3o possui o cart\u00e3o de vacina e n\u00e3o lembra se j\u00e1 tomou a primeira ou a segunda dose, o indicado \u00e9 tomar as duas.<br \/>\nEla ainda aponta os motivos para que a juventude seja o grupo focal dessa fase da campanha. \u201cEssa popula\u00e7\u00e3o, \u00e9 uma popula\u00e7\u00e3o ativa que est\u00e1 bastante em circula\u00e7\u00e3o, pelo registro, tamb\u00e9m, mais acometida nessa faixa et\u00e1ria. Ent\u00e3o o Minist\u00e9rio da Sa\u00fade escolheu como p\u00fablico alvo, visto que, grande n\u00famero dessa popula\u00e7\u00e3o nunca tomou a vacina n\u00e3o \u00e9?\u201d, indaga.<br \/>\nNesse ano de 2019, o Brasil perdeu o certificado de erradica\u00e7\u00e3o do sarampo ap\u00f3s um surto de casos registrados no ano de 2018. O sarampo \u00e9 uma doen\u00e7a infecciosa grave, causada por um v\u00edrus que, segundo o Minist\u00e9rio da Sa\u00fade, pode ser fatal. \u00c9 transmitida por got\u00edculas do nariz, boca ou da garganta e a \u00fanica maneira de evitar \u00e9 atrav\u00e9s da vacina. Vale lembrar que essa vacina \u00e9 contraindicada para gestantes.<br \/>\nRESULTADOS DA PRIMEIRA ETAPA<br \/>\nA primeira etapa da vacina\u00e7\u00e3o contra o sarampo ocorreu entre os dias 7 e 25 de outubro. De acordo com a Coordenadora do Centro de Zoonoses de Sobral, a meta de crian\u00e7as imunizadas, foi atingida. \u201cEm rela\u00e7\u00e3o \u00e0s crian\u00e7as n\u00f3s tivemos uma boa ades\u00e3o, n\u00f3s sabemos que lidar com crian\u00e7a \u00e9 bem mais f\u00e1cil para voc\u00ea conseguir meta de vacina\u201d explica.<br \/>\nCom base nos dados do Sistema de Informa\u00e7\u00f5es do Programa Nacional de Imuniza\u00e7\u00f5es, a cidade teve um total de 2.693 doses aplicadas em crian\u00e7as com idade entre 1 a menores de 2 anos e 49 doses aplicadas em crian\u00e7as entre 2 a 4 anos.<\/p>\n","protected":false},"excerpt":{"rendered":"<p>Deu in\u00edcio na segunda-feira (18), a segunda etapa da campanha de vacina\u00e7\u00e3o contra o sarampo&#8230;.<\/p>\n","protected":false},"author":1,"featured_media":9960,"comment_status":"open","ping_status":"open","sticky":false,"template":"","format":"standard","meta":{"_jetpack_memberships_contains_paid_content":false,"footnotes":"","jetpack_publicize_message":"","jetpack_publicize_feature_enabled":true,"jetpack_social_post_already_shared":true,"jetpack_social_options":{"image_generator_settings":{"template":"highway","default_image_id":0,"font":"","enabled":false},"version":2}},"categories":[1],"tags":[],"class_list":["post-9959","post","type-post","status-publish","format-standard","has-post-thumbnail","hentry","category-atualidade"],"jetpack_publicize_connections":[],"jetpack_featured_media_url":"https:\/\/correiodasemana.com\/site\/wp-content\/uploads\/2019\/11\/DSC_5748.jpg","jetpack-related-posts":[{"id":10884,"url":"https:\/\/correiodasemana.com\/site\/a-primeira-etapa-da-vacinacao-contra-o-sarampo-foca-em-criancas-e-jovens\/","url_meta":{"origin":9959,"position":0},"title":"A primeira etapa da vacina\u00e7\u00e3o contra o sarampo foca em crian\u00e7as e jovens","author":"","date":"Fevereiro 17, 2020","format":false,"excerpt":"Nesta faixa et\u00e1ria, estima-se que no estado do Cear\u00e1 haja em torno de 131.472 mil pessoas n\u00e3o vacinadas. Reda\u00e7\u00e3o Correio da Semana Deu in\u00edcio na segunda-feira (10) a Campanha Nacional Contra o Sarampo, com o objetivo de imunizar, at\u00e9 o dia 13 de mar\u00e7o, pessoas de cinco a 19 anos\u2026","rel":"","context":"In &quot;Atualidade&quot;","block_context":{"text":"Atualidade","link":"https:\/\/correiodasemana.com\/site\/category\/atualidade\/"},"img":{"alt_text":"","src":"https:\/\/i0.wp.com\/correiodasemana.com\/site\/wp-content\/uploads\/2020\/02\/image.jpg?resize=350%2C200&ssl=1","width":350,"height":200,"srcset":"https:\/\/i0.wp.com\/correiodasemana.com\/site\/wp-content\/uploads\/2020\/02\/image.jpg?resize=350%2C200&ssl=1 1x, https:\/\/i0.wp.com\/correiodasemana.com\/site\/wp-content\/uploads\/2020\/02\/image.jpg?resize=525%2C300&ssl=1 1.5x"},"classes":[]},{"id":19587,"url":"https:\/\/correiodasemana.com\/site\/vacinacao-contra-gripe-e-sarampo-e-antecipada-para-a-proxima-semana\/","url_meta":{"origin":9959,"position":1},"title":"Vacina\u00e7\u00e3o contra gripe e sarampo \u00e9 antecipada para a pr\u00f3xima semana","author":"","date":"Abril 24, 2022","format":false,"excerpt":"Fonte: Secretaria da Sa\u00fade Faixa de seis meses a quatro anos iria come\u00e7ar a receber doses em maio, mas o in\u00edcio foi adiantado para segunda (25) por causa da demanda em atendimentos de urg\u00eancia pedi\u00e1trica A Secretaria da Sa\u00fade do Rio Grande do Sul vai antecipar a vacina\u00e7\u00e3o contra a\u2026","rel":"","context":"In &quot;Atualidade&quot;","block_context":{"text":"Atualidade","link":"https:\/\/correiodasemana.com\/site\/category\/atualidade\/"},"img":{"alt_text":"","src":"https:\/\/i0.wp.com\/correiodasemana.com\/site\/wp-content\/uploads\/2022\/04\/vacinacao-infantil.jpg?resize=350%2C200&ssl=1","width":350,"height":200,"srcset":"https:\/\/i0.wp.com\/correiodasemana.com\/site\/wp-content\/uploads\/2022\/04\/vacinacao-infantil.jpg?resize=350%2C200&ssl=1 1x, https:\/\/i0.wp.com\/correiodasemana.com\/site\/wp-content\/uploads\/2022\/04\/vacinacao-infantil.jpg?resize=525%2C300&ssl=1 1.5x, https:\/\/i0.wp.com\/correiodasemana.com\/site\/wp-content\/uploads\/2022\/04\/vacinacao-infantil.jpg?resize=700%2C400&ssl=1 2x, https:\/\/i0.wp.com\/correiodasemana.com\/site\/wp-content\/uploads\/2022\/04\/vacinacao-infantil.jpg?resize=1050%2C600&ssl=1 3x"},"classes":[]},{"id":8793,"url":"https:\/\/correiodasemana.com\/site\/ministerio-distribui-mais-de-16-milhoes-de-doses-da-triplice-viral\/","url_meta":{"origin":9959,"position":2},"title":"Minist\u00e9rio distribui mais de 16 milh\u00f5es de doses da tr\u00edplice viral","author":"","date":"Agosto 18, 2019","format":false,"excerpt":"Por\u00a0Camila Maciel \u2013 Rep\u00f3rter da Ag\u00eancia Brasil Mais de 16 milh\u00f5es de doses da vacina tr\u00edplice viral, que protege contra sarampo, caxumba e rub\u00e9ola, foram enviadas pelo Minist\u00e9rio da Sa\u00fade para todo o pa\u00eds. Desse total, 6,5 milh\u00f5es foram destinadas aos munic\u00edpios paulistas, pois o estado concentra quase 100% dos\u2026","rel":"","context":"In &quot;Atualidade&quot;","block_context":{"text":"Atualidade","link":"https:\/\/correiodasemana.com\/site\/category\/atualidade\/"},"img":{"alt_text":"","src":"https:\/\/i0.wp.com\/correiodasemana.com\/site\/wp-content\/uploads\/2019\/08\/edit_mcmgo_abr20180818_1359.jpg?resize=350%2C200&ssl=1","width":350,"height":200,"srcset":"https:\/\/i0.wp.com\/correiodasemana.com\/site\/wp-content\/uploads\/2019\/08\/edit_mcmgo_abr20180818_1359.jpg?resize=350%2C200&ssl=1 1x, https:\/\/i0.wp.com\/correiodasemana.com\/site\/wp-content\/uploads\/2019\/08\/edit_mcmgo_abr20180818_1359.jpg?resize=525%2C300&ssl=1 1.5x, https:\/\/i0.wp.com\/correiodasemana.com\/site\/wp-content\/uploads\/2019\/08\/edit_mcmgo_abr20180818_1359.jpg?resize=700%2C400&ssl=1 2x, https:\/\/i0.wp.com\/correiodasemana.com\/site\/wp-content\/uploads\/2019\/08\/edit_mcmgo_abr20180818_1359.jpg?resize=1050%2C600&ssl=1 3x"},"classes":[]},{"id":8883,"url":"https:\/\/correiodasemana.com\/site\/sarampo-vacinacao-preventiva-comecou-na-quinta-feira-22\/","url_meta":{"origin":9959,"position":3},"title":"Sarampo: vacina\u00e7\u00e3o preventiva come\u00e7ou na quinta-feira (22)","author":"","date":"Agosto 27, 2019","format":false,"excerpt":"Por\u00a0Ag\u00eancia Brasil Come\u00e7ou na quinta-feira (22): as crian\u00e7as de seis meses a menores de 1 ano devem ser vacinadas contra o sarampo em todo o pa\u00eds. Segundo o Minist\u00e9rio da Sa\u00fade, a vacina\u00e7\u00e3o \u00e9 preventiva e deve alcan\u00e7ar 1,4 milh\u00e3o de crian\u00e7as, que n\u00e3o receberam a dose extra, chamada de\u2026","rel":"","context":"In &quot;Atualidade&quot;","block_context":{"text":"Atualidade","link":"https:\/\/correiodasemana.com\/site\/category\/atualidade\/"},"img":{"alt_text":"","src":"https:\/\/i0.wp.com\/correiodasemana.com\/site\/wp-content\/uploads\/2019\/08\/105839715_sarampion1.jpg?resize=350%2C200&ssl=1","width":350,"height":200,"srcset":"https:\/\/i0.wp.com\/correiodasemana.com\/site\/wp-content\/uploads\/2019\/08\/105839715_sarampion1.jpg?resize=350%2C200&ssl=1 1x, https:\/\/i0.wp.com\/correiodasemana.com\/site\/wp-content\/uploads\/2019\/08\/105839715_sarampion1.jpg?resize=525%2C300&ssl=1 1.5x"},"classes":[]},{"id":23170,"url":"https:\/\/correiodasemana.com\/site\/vacina-bivalente-da-covid-deve-comecar-a-ser-aplicada-em-27-de-fevereiro\/","url_meta":{"origin":9959,"position":4},"title":"Vacina bivalente da Covid deve come\u00e7ar a ser aplicada em 27 de fevereiro","author":"","date":"Janeiro 27, 2023","format":false,"excerpt":"O Minist\u00e9rio da Sa\u00fade pretende come\u00e7ar a aplicar as doses de refor\u00e7o com a vacina bivalente para imuniza\u00e7\u00e3o contra a covid-19 a partir do dia 27 de fevereiro. Essas vacinas aumentam a imunidade contra o v\u00edrus da cepa original, bem como da variante \u00d4micron. O an\u00fancio foi feito hoje (26)\u2026","rel":"","context":"In &quot;Atualidade&quot;","block_context":{"text":"Atualidade","link":"https:\/\/correiodasemana.com\/site\/category\/atualidade\/"},"img":{"alt_text":"","src":"https:\/\/i0.wp.com\/correiodasemana.com\/site\/wp-content\/uploads\/2023\/01\/e24d50c0-3a29-11eb-9db7-a3bdcdad266f-minified.jpg?resize=350%2C200&ssl=1","width":350,"height":200,"srcset":"https:\/\/i0.wp.com\/correiodasemana.com\/site\/wp-content\/uploads\/2023\/01\/e24d50c0-3a29-11eb-9db7-a3bdcdad266f-minified.jpg?resize=350%2C200&ssl=1 1x, https:\/\/i0.wp.com\/correiodasemana.com\/site\/wp-content\/uploads\/2023\/01\/e24d50c0-3a29-11eb-9db7-a3bdcdad266f-minified.jpg?resize=525%2C300&ssl=1 1.5x, https:\/\/i0.wp.com\/correiodasemana.com\/site\/wp-content\/uploads\/2023\/01\/e24d50c0-3a29-11eb-9db7-a3bdcdad266f-minified.jpg?resize=700%2C400&ssl=1 2x"},"classes":[]},{"id":21021,"url":"https:\/\/correiodasemana.com\/site\/prorrogada-a-vacinacao-contra-a-paralisia-infantil-e-multivacinacao\/","url_meta":{"origin":9959,"position":5},"title":"Prorrogada a Vacina\u00e7\u00e3o Contra a Paralisia Infantil e Multivacina\u00e7\u00e3o","author":"","date":"Setembro 18, 2022","format":false,"excerpt":"Foi prorrogada a campanha nacional de vacina\u00e7\u00e3o contra a poliomielite ou paralisia infantil e multivacina\u00e7\u00e3o de 2022 at\u00e9 o dia 30 de setembro. A amplia\u00e7\u00e3o do prazo, divulgada na ter\u00e7a-feira (06\/09), tem o objetivo de aumentar as coberturas vacinais e a ades\u00e3o da popula\u00e7\u00e3o \u00e0 vacina\u00e7\u00e3o. At\u00e9 o momento, 35%\u2026","rel":"","context":"In &quot;Artigos&quot;","block_context":{"text":"Artigos","link":"https:\/\/correiodasemana.com\/site\/category\/artigos\/"},"img":{"alt_text":"","src":"https:\/\/i0.wp.com\/correiodasemana.com\/site\/wp-content\/uploads\/2021\/08\/Salmito-Campos.jpg?resize=350%2C200&ssl=1","width":350,"height":200,"srcset":"https:\/\/i0.wp.com\/correiodasemana.com\/site\/wp-content\/uploads\/2021\/08\/Salmito-Campos.jpg?resize=350%2C200&ssl=1 1x, https:\/\/i0.wp.com\/correiodasemana.com\/site\/wp-content\/uploads\/2021\/08\/Salmito-Campos.jpg?resize=525%2C300&ssl=1 1.5x, https:\/\/i0.wp.com\/correiodasemana.com\/site\/wp-content\/uploads\/2021\/08\/Salmito-Campos.jpg?resize=700%2C400&ssl=1 2x, https:\/\/i0.wp.com\/correiodasemana.com\/site\/wp-content\/uploads\/2021\/08\/Salmito-Campos.jpg?resize=1050%2C600&ssl=1 3x, https:\/\/i0.wp.com\/correiodasemana.com\/site\/wp-content\/uploads\/2021\/08\/Salmito-Campos.jpg?resize=1400%2C800&ssl=1 4x"},"classes":[]}],"jetpack_sharing_enabled":true,"_links":{"self":[{"href":"https:\/\/correiodasemana.com\/site\/wp-json\/wp\/v2\/posts\/9959","targetHints":{"allow":["GET"]}}],"collection":[{"href":"https:\/\/correiodasemana.com\/site\/wp-json\/wp\/v2\/posts"}],"about":[{"href":"https:\/\/correiodasemana.com\/site\/wp-json\/wp\/v2\/types\/post"}],"author":[{"embeddable":true,"href":"https:\/\/correiodasemana.com\/site\/wp-json\/wp\/v2\/users\/1"}],"replies":[{"embeddable":true,"href":"https:\/\/correiodasemana.com\/site\/wp-json\/wp\/v2\/comments?post=9959"}],"version-history":[{"count":1,"href":"https:\/\/correiodasemana.com\/site\/wp-json\/wp\/v2\/posts\/9959\/revisions"}],"predecessor-version":[{"id":9961,"href":"https:\/\/correiodasemana.com\/site\/wp-json\/wp\/v2\/posts\/9959\/revisions\/9961"}],"wp:featuredmedia":[{"embeddable":true,"href":"https:\/\/correiodasemana.com\/site\/wp-json\/wp\/v2\/media\/9960"}],"wp:attachment":[{"href":"https:\/\/correiodasemana.com\/site\/wp-json\/wp\/v2\/media?parent=9959"}],"wp:term":[{"taxonomy":"category","embeddable":true,"href":"https:\/\/correiodasemana.com\/site\/wp-json\/wp\/v2\/categories?post=9959"},{"taxonomy":"post_tag","embeddable":true,"href":"https:\/\/correiodasemana.com\/site\/wp-json\/wp\/v2\/tags?post=9959"}],"curies":[{"name":"wp","href":"https:\/\/api.w.org\/{rel}","templated":true}]}}