{"id":9962,"date":"2019-11-27T04:06:31","date_gmt":"2019-11-27T04:06:31","guid":{"rendered":"https:\/\/correiodasemana.com\/site\/?p=9962"},"modified":"2019-11-27T04:06:31","modified_gmt":"2019-11-27T04:06:31","slug":"beco-ponto-com","status":"publish","type":"post","link":"https:\/\/correiodasemana.com\/site\/beco-ponto-com\/","title":{"rendered":"Beco ponto Com"},"content":{"rendered":"<p><strong>LIVRAI-NOS, SENHOR!<\/strong><br \/>\nDas INVESTIDAS pol\u00edticas contra o MITO. Dos CABRAS eleitorais bab\u00f5es da cidade. Da ENCHURRADA de barracas nas pra\u00e7as. Do pleito para PERFEITOS chegando logo. Da RUMA de doutores buscando trabalho. Do sensacionalismo BLOGUEIROS Policiais. Do ABANDONO ao Becco virou mercad\u00e3o. Das FACULDADES vendendo sonhos vidas. Dos POL\u00cdTICOS caras de pau \u00d3LEO NELES. Da invas\u00e3o dos BARES nas cal\u00e7adas. Ufa! Da SA\u00daDE morrendo nos hospitais.<\/p>\n<p><strong>NOTICIANDO<\/strong><br \/>\nO Centro Cultural em parceria com a CDL vai fazer a entrega do Trof\u00e9u Dom Jos\u00e9 vers\u00e3o 2018, ao Juiz do Trabalho do Estado do Maranh\u00e3o, Dr. Paulo Mont\u2019Alverne, por m\u00e9ritos, no dia 29, \u00e0s 14 horas, no audit\u00f3rio desta institui\u00e7\u00e3o comercial. O digno jurista receber\u00e1 tal homenagem em nome de sua fam\u00edlia ilustre os \u201cFrotas\u201d de Dom Jos\u00e9.<br \/>\nSobral est\u00e1 de parab\u00e9ns! J\u00e1 chegou a nova loja de vendas de motos, a \u201cPrado Motos\u201d sito rua Viriato de Medeiros, 1274, ao lado do pr\u00e9dio da prefeitura, centro de Sobral. V\u00e1 l\u00e1 e converse com Thiago Prado e fa\u00e7a um bom neg\u00f3cio neste final de ano. V\u00e1 de motocicleta com a Prado Motos em 2020.<br \/>\nAconteceu sexta-feira passada, dia 16, a festa de anivers\u00e1rio da Sra. Maria Isabel Aguiar Vasconcelos, em grande estilo na cidade de Massap\u00ea. Encontro com amigos foi o tema dos parab\u00e9ns da noite. Quero agradecer o gentil convite a fam\u00edlia e ter participado do evento show foi a d\u00e1diva de Deus 80 anos de uma grande amiga.<br \/>\nEsteve visitando o nosso Becco do Cotovelo, s\u00e1bado passado, caro conterr\u00e2neo Doutor Olimar Filho, o idealizador da placa posta em ingl\u00eas ELBOW STREET. Esteve no Caf\u00e9 Jaibaras, entre amigos, participou do show do Ivan Frota, com amor e afeto a cidade que tanto ama, Sobral de cenas fortes.<br \/>\nO ilustre escritor Jos\u00e9 Joab Arag\u00e3o, ocupou festivamente dia 22 deste, a cadeira 05 da Academia Sobralense de Estudos Letras no audit\u00f3rio da ASEL, entre caros acad\u00eamicos convidados especiais e autoridades tomou posse solenemente na nossa academia de letras por m\u00e9ritos. O acad\u00eamico Raimundo Arag\u00e3o foi o recepiend\u00e1rio na festa e fez a sauda\u00e7\u00e3o do neo- acad\u00eamico, em grande estilo nesta festa cultural da cidade.<\/p>\n<p><strong>PERFIL: JOAQUIM EUCLIDES FEIJ\u00c3O<\/strong><br \/>\nUm cidad\u00e3o com todas as letras, digno vereador, fiel representante do povo de Sobral, homem afeito as lutas populares falo do caro edil novo, Joaquim Feij\u00e3o, que hoje por m\u00e9ritos, figura como o perfil da semana neste jornal centen\u00e1rio fundado por Dom Jos\u00e9 Tupinamb\u00e1 da Frota.<\/p>\n<p>EM CIMA: As noitadas sobralense com a inclus\u00e3o dos seus artistas da m\u00fasica popular brasileira. \u00c9 o show nas cal\u00e7adas da vida hoje na cidade.<\/p>\n<p>EM BAIXO: As brigas surdas pol\u00edticas sem nexo por aqui visando o pleito do ano vindouro para prefeito que vergonha.<\/p>\n<p>Livre Pensar: O poeta tem a alma de Deus e o esp\u00edrito do c\u00e3o. (Poeta Chico Prado &#8211; Centro Cultural Dom Jos\u00e9).<\/p>\n","protected":false},"excerpt":{"rendered":"<p>LIVRAI-NOS, SENHOR! Das INVESTIDAS pol\u00edticas contra o MITO. Dos CABRAS eleitorais bab\u00f5es da cidade. Da&#8230;<\/p>\n","protected":false},"author":1,"featured_media":9963,"comment_status":"open","ping_status":"open","sticky":false,"template":"","format":"standard","meta":{"_jetpack_memberships_contains_paid_content":false,"footnotes":"","jetpack_publicize_message":"","jetpack_publicize_feature_enabled":true,"jetpack_social_post_already_shared":true,"jetpack_social_options":{"image_generator_settings":{"template":"highway","default_image_id":0,"font":"","enabled":false},"version":2}},"categories":[11,27],"tags":[],"class_list":["post-9962","post","type-post","status-publish","format-standard","has-post-thumbnail","hentry","category-artigos","category-becco-ponto-com"],"jetpack_publicize_connections":[],"jetpack_featured_media_url":"https:\/\/correiodasemana.com\/site\/wp-content\/uploads\/2019\/11\/Joaquim-Feij\u00e3o-vereador.jpg","jetpack-related-posts":[{"id":33962,"url":"https:\/\/correiodasemana.com\/site\/becco-ponto-com-215\/","url_meta":{"origin":9962,"position":0},"title":"Becco ponto Com","author":"adminredacao","date":"Junho 3, 2025","format":false,"excerpt":"LIVRAI-NOS, SENHOR! Da galera do r\u00e1dio se digladiando, ufa, Sobral! Do Elmano cano no povo voltar no governo, ui! Das patadas do Ciro no \u201cCamilinho\u201d do Cid, ufa! Das faculdades modernas vendendo t\u00edtulos. Do modismo crian\u00e7as os bonecos de silicone. Dos nossos dois times em brigas de torcidas Da pol\u00edtica\u2026","rel":"","context":"In &quot;Artigos&quot;","block_context":{"text":"Artigos","link":"https:\/\/correiodasemana.com\/site\/category\/artigos\/"},"img":{"alt_text":"","src":"https:\/\/i0.wp.com\/correiodasemana.com\/site\/wp-content\/uploads\/2021\/09\/Dr-Chico-Prado-Trofeu-Dom-Jose-1-1.jpg?resize=350%2C200&ssl=1","width":350,"height":200,"srcset":"https:\/\/i0.wp.com\/correiodasemana.com\/site\/wp-content\/uploads\/2021\/09\/Dr-Chico-Prado-Trofeu-Dom-Jose-1-1.jpg?resize=350%2C200&ssl=1 1x, https:\/\/i0.wp.com\/correiodasemana.com\/site\/wp-content\/uploads\/2021\/09\/Dr-Chico-Prado-Trofeu-Dom-Jose-1-1.jpg?resize=525%2C300&ssl=1 1.5x, https:\/\/i0.wp.com\/correiodasemana.com\/site\/wp-content\/uploads\/2021\/09\/Dr-Chico-Prado-Trofeu-Dom-Jose-1-1.jpg?resize=700%2C400&ssl=1 2x"},"classes":[]},{"id":35481,"url":"https:\/\/correiodasemana.com\/site\/becco-ponto-com-230\/","url_meta":{"origin":9962,"position":1},"title":"BECCO PONTO.COM","author":"adminredacao","date":"Setembro 8, 2025","format":false,"excerpt":"LIVRAI-NOS SENHOR! Da corrup\u00e7\u00e3o correndo solta na pol\u00edtica, ufa! Da criminalidade varrendo o Estado na droga. Das faculdades pagas formando o sem futuro. Dos acordos pol\u00edticos esp\u00farios via elei\u00e7\u00f5es 2026. Do cai e n\u00e3o cai das contas de Ivo Gomes, j\u00e1, j\u00e1. Da pris\u00e3o do Bolsonaro, em um pa\u00eds amarelo.\u2026","rel":"","context":"In &quot;Artigos&quot;","block_context":{"text":"Artigos","link":"https:\/\/correiodasemana.com\/site\/category\/artigos\/"},"img":{"alt_text":"","src":"https:\/\/i0.wp.com\/correiodasemana.com\/site\/wp-content\/uploads\/2021\/09\/Dr-Chico-Prado-Trofeu-Dom-Jose-1.jpg?resize=350%2C200&ssl=1","width":350,"height":200,"srcset":"https:\/\/i0.wp.com\/correiodasemana.com\/site\/wp-content\/uploads\/2021\/09\/Dr-Chico-Prado-Trofeu-Dom-Jose-1.jpg?resize=350%2C200&ssl=1 1x, https:\/\/i0.wp.com\/correiodasemana.com\/site\/wp-content\/uploads\/2021\/09\/Dr-Chico-Prado-Trofeu-Dom-Jose-1.jpg?resize=525%2C300&ssl=1 1.5x, https:\/\/i0.wp.com\/correiodasemana.com\/site\/wp-content\/uploads\/2021\/09\/Dr-Chico-Prado-Trofeu-Dom-Jose-1.jpg?resize=700%2C400&ssl=1 2x, https:\/\/i0.wp.com\/correiodasemana.com\/site\/wp-content\/uploads\/2021\/09\/Dr-Chico-Prado-Trofeu-Dom-Jose-1.jpg?resize=1050%2C600&ssl=1 3x, https:\/\/i0.wp.com\/correiodasemana.com\/site\/wp-content\/uploads\/2021\/09\/Dr-Chico-Prado-Trofeu-Dom-Jose-1.jpg?resize=1400%2C800&ssl=1 4x"},"classes":[]},{"id":16406,"url":"https:\/\/correiodasemana.com\/site\/becco-ponto-com-38\/","url_meta":{"origin":9962,"position":2},"title":"Becco ponto Com","author":"","date":"Maio 10, 2021","format":false,"excerpt":"LIVRAI-NOS, SENHOR! 01. Dos acordos pol\u00edticos que sempre viram pizza. 02. Do chororo do iptu dos novos ricos por aqui. 03. Da volta do capit\u00e3o mito ao planalto um dia, ui! 04. Da briga surda dos edis da situa\u00e7\u00e3o calados. 05. Da ruma de candidatos \u00e0 presidente no Cear\u00e1. 06.\u2026","rel":"","context":"In &quot;Artigos&quot;","block_context":{"text":"Artigos","link":"https:\/\/correiodasemana.com\/site\/category\/artigos\/"},"img":{"alt_text":"","src":"https:\/\/i0.wp.com\/correiodasemana.com\/site\/wp-content\/uploads\/2021\/04\/Chico-Prado-22.jpg?resize=350%2C200&ssl=1","width":350,"height":200,"srcset":"https:\/\/i0.wp.com\/correiodasemana.com\/site\/wp-content\/uploads\/2021\/04\/Chico-Prado-22.jpg?resize=350%2C200&ssl=1 1x, https:\/\/i0.wp.com\/correiodasemana.com\/site\/wp-content\/uploads\/2021\/04\/Chico-Prado-22.jpg?resize=525%2C300&ssl=1 1.5x, https:\/\/i0.wp.com\/correiodasemana.com\/site\/wp-content\/uploads\/2021\/04\/Chico-Prado-22.jpg?resize=700%2C400&ssl=1 2x"},"classes":[]},{"id":36688,"url":"https:\/\/correiodasemana.com\/site\/becco-ponto-com-242\/","url_meta":{"origin":9962,"position":3},"title":"BECCO PONTO.COM","author":"adminredacao","date":"Dezembro 11, 2025","format":false,"excerpt":"LIVRAI-NOS, SENHOR! Das imobili\u00e1rias alugando um casamento civil. Dos pastores, comendo as ovelhas desgarradas. Do chega pra l\u00e1 no Ciro da Michele Bolsonaro, ui! Das novas \u201cC\u00e2maras calangos\u201d na zona norte, ufa! Das lojas populares vendendo tudo nas cal\u00e7adas. Dos bab\u00f5es de plant\u00e3o via Cid Gomes, j\u00e1 no Becco. Das\u2026","rel":"","context":"In &quot;Artigos&quot;","block_context":{"text":"Artigos","link":"https:\/\/correiodasemana.com\/site\/category\/artigos\/"},"img":{"alt_text":"","src":"https:\/\/i0.wp.com\/correiodasemana.com\/site\/wp-content\/uploads\/2021\/09\/Dr-Chico-Prado-Trofeu-Dom-Jose-1.jpg?resize=350%2C200&ssl=1","width":350,"height":200,"srcset":"https:\/\/i0.wp.com\/correiodasemana.com\/site\/wp-content\/uploads\/2021\/09\/Dr-Chico-Prado-Trofeu-Dom-Jose-1.jpg?resize=350%2C200&ssl=1 1x, https:\/\/i0.wp.com\/correiodasemana.com\/site\/wp-content\/uploads\/2021\/09\/Dr-Chico-Prado-Trofeu-Dom-Jose-1.jpg?resize=525%2C300&ssl=1 1.5x, https:\/\/i0.wp.com\/correiodasemana.com\/site\/wp-content\/uploads\/2021\/09\/Dr-Chico-Prado-Trofeu-Dom-Jose-1.jpg?resize=700%2C400&ssl=1 2x, https:\/\/i0.wp.com\/correiodasemana.com\/site\/wp-content\/uploads\/2021\/09\/Dr-Chico-Prado-Trofeu-Dom-Jose-1.jpg?resize=1050%2C600&ssl=1 3x, https:\/\/i0.wp.com\/correiodasemana.com\/site\/wp-content\/uploads\/2021\/09\/Dr-Chico-Prado-Trofeu-Dom-Jose-1.jpg?resize=1400%2C800&ssl=1 4x"},"classes":[]},{"id":24269,"url":"https:\/\/correiodasemana.com\/site\/becco-ponto-com-118\/","url_meta":{"origin":9962,"position":4},"title":"Becco Ponto Com","author":"adminredacao","date":"Abril 24, 2023","format":false,"excerpt":"Do nosso guarany virando um tal \u201cybis\u201d. Do terrorismo nas escolas via internet. Da guarda aterrorizando com multas, ui! Do famoso becco, virando Cracol\u00e2ndia. Do centro morrendo \u00e0 mingua (s. o. s. cdl). Dos 100 dias, sem nada do lula, \u2018pt Trupe\u2019. Da vergonha solta e prende pol\u00edticos, ui! Das\u2026","rel":"","context":"In &quot;Artigos&quot;","block_context":{"text":"Artigos","link":"https:\/\/correiodasemana.com\/site\/category\/artigos\/"},"img":{"alt_text":"","src":"https:\/\/i0.wp.com\/correiodasemana.com\/site\/wp-content\/uploads\/2021\/09\/Dr-Chico-Prado-Trofeu-Dom-Jose-1.jpg?resize=350%2C200&ssl=1","width":350,"height":200,"srcset":"https:\/\/i0.wp.com\/correiodasemana.com\/site\/wp-content\/uploads\/2021\/09\/Dr-Chico-Prado-Trofeu-Dom-Jose-1.jpg?resize=350%2C200&ssl=1 1x, https:\/\/i0.wp.com\/correiodasemana.com\/site\/wp-content\/uploads\/2021\/09\/Dr-Chico-Prado-Trofeu-Dom-Jose-1.jpg?resize=525%2C300&ssl=1 1.5x, https:\/\/i0.wp.com\/correiodasemana.com\/site\/wp-content\/uploads\/2021\/09\/Dr-Chico-Prado-Trofeu-Dom-Jose-1.jpg?resize=700%2C400&ssl=1 2x, https:\/\/i0.wp.com\/correiodasemana.com\/site\/wp-content\/uploads\/2021\/09\/Dr-Chico-Prado-Trofeu-Dom-Jose-1.jpg?resize=1050%2C600&ssl=1 3x, https:\/\/i0.wp.com\/correiodasemana.com\/site\/wp-content\/uploads\/2021\/09\/Dr-Chico-Prado-Trofeu-Dom-Jose-1.jpg?resize=1400%2C800&ssl=1 4x"},"classes":[]},{"id":23528,"url":"https:\/\/correiodasemana.com\/site\/becco-ponto-com-115\/","url_meta":{"origin":9962,"position":5},"title":"Becco ponto Com","author":"adminredacao","date":"Fevereiro 14, 2023","format":false,"excerpt":"LIVRAI-NOS, SENHOR! Das fofocas pol\u00edticas t\u00e3o acentuada. Do disse me disse do golpe de janeiro. Do Lula fazendo \u201cUm L de Liseira\u201d pov\u00e3o. Das escolas vendendo gato por lebre. Dos pol\u00edticos ratos com cara de gato. Da chacina moderna matando mulher. Dos blocos carnavalescos \u201csai corrup\u00e7\u00e3o\u201d. Das investidas pol\u00edticas: Quero\u2026","rel":"","context":"In &quot;Artigos&quot;","block_context":{"text":"Artigos","link":"https:\/\/correiodasemana.com\/site\/category\/artigos\/"},"img":{"alt_text":"","src":"https:\/\/i0.wp.com\/correiodasemana.com\/site\/wp-content\/uploads\/2021\/09\/Dr-Chico-Prado-Trofeu-Dom-Jose-1.jpg?resize=350%2C200&ssl=1","width":350,"height":200,"srcset":"https:\/\/i0.wp.com\/correiodasemana.com\/site\/wp-content\/uploads\/2021\/09\/Dr-Chico-Prado-Trofeu-Dom-Jose-1.jpg?resize=350%2C200&ssl=1 1x, https:\/\/i0.wp.com\/correiodasemana.com\/site\/wp-content\/uploads\/2021\/09\/Dr-Chico-Prado-Trofeu-Dom-Jose-1.jpg?resize=525%2C300&ssl=1 1.5x, https:\/\/i0.wp.com\/correiodasemana.com\/site\/wp-content\/uploads\/2021\/09\/Dr-Chico-Prado-Trofeu-Dom-Jose-1.jpg?resize=700%2C400&ssl=1 2x, https:\/\/i0.wp.com\/correiodasemana.com\/site\/wp-content\/uploads\/2021\/09\/Dr-Chico-Prado-Trofeu-Dom-Jose-1.jpg?resize=1050%2C600&ssl=1 3x, https:\/\/i0.wp.com\/correiodasemana.com\/site\/wp-content\/uploads\/2021\/09\/Dr-Chico-Prado-Trofeu-Dom-Jose-1.jpg?resize=1400%2C800&ssl=1 4x"},"classes":[]}],"jetpack_sharing_enabled":true,"_links":{"self":[{"href":"https:\/\/correiodasemana.com\/site\/wp-json\/wp\/v2\/posts\/9962","targetHints":{"allow":["GET"]}}],"collection":[{"href":"https:\/\/correiodasemana.com\/site\/wp-json\/wp\/v2\/posts"}],"about":[{"href":"https:\/\/correiodasemana.com\/site\/wp-json\/wp\/v2\/types\/post"}],"author":[{"embeddable":true,"href":"https:\/\/correiodasemana.com\/site\/wp-json\/wp\/v2\/users\/1"}],"replies":[{"embeddable":true,"href":"https:\/\/correiodasemana.com\/site\/wp-json\/wp\/v2\/comments?post=9962"}],"version-history":[{"count":1,"href":"https:\/\/correiodasemana.com\/site\/wp-json\/wp\/v2\/posts\/9962\/revisions"}],"predecessor-version":[{"id":9964,"href":"https:\/\/correiodasemana.com\/site\/wp-json\/wp\/v2\/posts\/9962\/revisions\/9964"}],"wp:featuredmedia":[{"embeddable":true,"href":"https:\/\/correiodasemana.com\/site\/wp-json\/wp\/v2\/media\/9963"}],"wp:attachment":[{"href":"https:\/\/correiodasemana.com\/site\/wp-json\/wp\/v2\/media?parent=9962"}],"wp:term":[{"taxonomy":"category","embeddable":true,"href":"https:\/\/correiodasemana.com\/site\/wp-json\/wp\/v2\/categories?post=9962"},{"taxonomy":"post_tag","embeddable":true,"href":"https:\/\/correiodasemana.com\/site\/wp-json\/wp\/v2\/tags?post=9962"}],"curies":[{"name":"wp","href":"https:\/\/api.w.org\/{rel}","templated":true}]}}